{"id":5039,"date":"2024-03-15T10:55:05","date_gmt":"2024-03-15T09:55:05","guid":{"rendered":"https:\/\/www.vacalia.com\/blog\/?p=5039"},"modified":"2025-07-08T12:09:04","modified_gmt":"2025-07-08T10:09:04","slug":"cerezos-en-flor-cultura-japonesa-en-alfarnate","status":"publish","type":"post","link":"https:\/\/www.vacalia.com\/blog\/es\/cerezos-en-flor-cultura-japonesa-en-alfarnate\/","title":{"rendered":"Cerezos en flor, la cultura japonesa llega a Alfarnate"},"content":{"rendered":"\n<p>Sum\u00e9rgete en la maravilla de la naturaleza en Alfarnate, pueblo de la comarca de la Axarqu\u00eda en <a href=\"https:\/\/www.vacalia.com\/es\/malaga-p1439\" target=\"_blank\" rel=\"noreferrer noopener\">M\u00e1laga<\/a>, donde durante los meses de marzo y abril, los cerezos despliegan su esplendorosa floraci\u00f3n, transformando la localidad en un cautivador reclamo tur\u00edstico.&nbsp;<\/p>\n\n\n\n<p>Este peque\u00f1o rinc\u00f3n de Andaluc\u00eda ha ido ganando reconocimiento a lo largo de los a\u00f1os, convirti\u00e9ndose en un referente nacional gracias a la creciente producci\u00f3n de cerezas, una actividad econ\u00f3mica que ha florecido como una de las m\u00e1s importantes de la regi\u00f3n.<\/p>\n\n\n\n<h2 class=\"wp-block-heading\"><strong>Un lugar con mucha historia<\/strong><\/h2>\n\n\n\n<p>Alfarnate, cuyo nombre proviene del t\u00e9rmino \u00e1rabe \u00abAl-farnat\u00bb que significa \u00abmolino de harina\u00bb, tiene sus ra\u00edces en la Prehistoria. La primera menci\u00f3n escrita de Los Alfarnates (Alfarnate y Alfarnatejo) data del siglo X.<\/p>\n\n\n\n<p>La econom\u00eda de Alfarnate se centra en el sector agropecuario, se cultivan olivares, almendros, trigo y garbanzos, estos \u00faltimos famosos por su calidad, ya eran mencionados por Cervantes.<\/p>\n\n\n<div class=\"wp-block-image\">\n<figure class=\"aligncenter size-full\"><img fetchpriority=\"high\" decoding=\"async\" width=\"670\" height=\"300\" src=\"https:\/\/www.vacalia.com\/blog\/wp-content\/uploads\/2024\/03\/calles-alfarnate.jpg\" alt=\"Calles de Alfarnate\" class=\"wp-image-5040\" srcset=\"https:\/\/www.vacalia.com\/blog\/wp-content\/uploads\/2024\/03\/calles-alfarnate.jpg 670w, https:\/\/www.vacalia.com\/blog\/wp-content\/uploads\/2024\/03\/calles-alfarnate-300x134.jpg 300w\" sizes=\"(max-width: 767px) 100vw, 670px\" \/><figcaption class=\"wp-element-caption\"><em>Calles de Alfarnate<\/em><\/figcaption><\/figure><\/div>\n\n\n<h2 class=\"wp-block-heading\"><strong>Cerezos en Alfarnate<\/strong><\/h2>\n\n\n\n<p>Si el garbanzo era el producto estrella de la localidad, se empieza a remplazar por la cereza hac\u00eda 1980 encontrando en el clima y la situaci\u00f3n geogr\u00e1fica un lugar id\u00f3neo para esta plantaci\u00f3n.&nbsp;<\/p>\n\n\n\n<p>Unos 4 millares de cerezos hacen posible que cada a\u00f1o se produzcan en Alfarnate entre 70.000 y 80.000 kilos de cerezas aproximadamente.&nbsp;<\/p>\n\n\n\n<p>Durante la \u00e9poca de floraci\u00f3n, el Ayuntamiento organiza emocionantes rutas de senderismo que te conducir\u00e1n a trav\u00e9s de los exuberantes campos de cerezos, ofreciendo un espect\u00e1culo visual inolvidable. Los d\u00edas de ruta var\u00edan seg\u00fan el proceso de floraci\u00f3n de los \u00e1rboles, por lo que es esencial ponerse en contacto con el ayuntamiento para obtener informaci\u00f3n actualizada sobre <strong>la mejor fecha para ver los cerezos en flor<\/strong>.<\/p>\n\n\n<div class=\"wp-block-image\">\n<figure class=\"aligncenter size-full\"><img decoding=\"async\" width=\"670\" height=\"300\" src=\"https:\/\/www.vacalia.com\/blog\/wp-content\/uploads\/2024\/03\/cerezos-en-flor-alfarnate.jpg\" alt=\"Cerezos en flor en Alfarnate\" class=\"wp-image-5041\" srcset=\"https:\/\/www.vacalia.com\/blog\/wp-content\/uploads\/2024\/03\/cerezos-en-flor-alfarnate.jpg 670w, https:\/\/www.vacalia.com\/blog\/wp-content\/uploads\/2024\/03\/cerezos-en-flor-alfarnate-300x134.jpg 300w\" sizes=\"(max-width: 767px) 100vw, 670px\" \/><figcaption class=\"wp-element-caption\"><em>Cerezos en flor en Alfarnate<\/em><\/figcaption><\/figure><\/div>\n\n\n<h2 class=\"wp-block-heading\"><strong>Vive la experiencia de un Shogun en Jap\u00f3n<\/strong><\/h2>\n\n\n\n<p>Alfarnate desde 2022, homenajea a Jap\u00f3n con el <strong>festival Sakura<\/strong>, t\u00e9rmino con el que en el pa\u00eds del sol naciente se refieren a la flor del cerezo, uno de los s\u00edmbolos m\u00e1s conocidos de su cultura y que alcanza su m\u00e1ximo esplendor durante la primavera.<\/p>\n\n\n\n<p>Se trata de una celebraci\u00f3n de reciente implantaci\u00f3n, pero de gran acogida en la localidad y sus alrededores.<\/p>\n\n\n<div class=\"wp-block-image\">\n<figure class=\"aligncenter size-full\"><img decoding=\"async\" width=\"670\" height=\"300\" src=\"https:\/\/www.vacalia.com\/blog\/wp-content\/uploads\/2024\/03\/festival-sakura-alfarnate-1.jpg\" alt=\"Festival de Sakura\" class=\"wp-image-5042\" srcset=\"https:\/\/www.vacalia.com\/blog\/wp-content\/uploads\/2024\/03\/festival-sakura-alfarnate-1.jpg 670w, https:\/\/www.vacalia.com\/blog\/wp-content\/uploads\/2024\/03\/festival-sakura-alfarnate-1-300x134.jpg 300w\" sizes=\"(max-width: 767px) 100vw, 670px\" \/><figcaption class=\"wp-element-caption\"><em>Festival de Sakura<\/em><\/figcaption><\/figure><\/div>\n\n\n<p>La relaci\u00f3n de Alfarnate con Jap\u00f3n viene desde hace a\u00f1os, la localidad cuenta con un Centro de Interpretaci\u00f3n Abierto dedicado a las ocho regiones japonesas y un jard\u00edn sakuri con 47 cerezos, en recuerdo de las 47 prefecturas que tiene Jap\u00f3n.<\/p>\n\n\n\n<p>El festival Sakura gira alrededor de la floraci\u00f3n del cerezo que <strong>se celebra en<\/strong> <strong>un fin de semana a determinar de mediados de abril<\/strong>, dependiendo de las condiciones atmosf\u00e9ricas durante el a\u00f1o que hagan que se retrase o adelante este fen\u00f3meno.<\/p>\n\n\n<div class=\"wp-block-image\">\n<figure class=\"aligncenter size-full\"><img loading=\"lazy\" decoding=\"async\" width=\"670\" height=\"300\" src=\"https:\/\/www.vacalia.com\/blog\/wp-content\/uploads\/2024\/03\/festival-sakura-alfarnate-2.jpg\" alt=\"Festival de Sakura en Alfarnate\" class=\"wp-image-5043\" srcset=\"https:\/\/www.vacalia.com\/blog\/wp-content\/uploads\/2024\/03\/festival-sakura-alfarnate-2.jpg 670w, https:\/\/www.vacalia.com\/blog\/wp-content\/uploads\/2024\/03\/festival-sakura-alfarnate-2-300x134.jpg 300w\" sizes=\"(max-width: 767px) 100vw, 670px\" \/><figcaption class=\"wp-element-caption\"><em>Festival de Sakura en Alfarnate<\/em><\/figcaption><\/figure><\/div>\n\n\n<p>Los vecinos de Alfarnate trabajan para que est\u00e9 todo listo y el pueblo acoja talleres, desfiles, puestos de artesan\u00eda y gastronom\u00eda dedicados exclusivamente a Jap\u00f3n y a su fiesta del cerezo.&nbsp;<\/p>\n\n\n\n<p>El pueblo con sus poco m\u00e1s de 1.000 habitantes, se convierte en un mini Jap\u00f3n, engalanado para la ocasi\u00f3n con 60.000 flores de papel realizadas por sus vecinos.<\/p>\n\n\n\n<p>Un colorido especial lo dan personas ataviadas con kimonos, muchos de ellos realizados por la dise\u00f1adora de moda local,&nbsp;Inmaculada Toledo Betancor y la vecinas del pueblo.<\/p>\n\n\n\n<p>Se realizan muchas actividades como exhibiciones de aikido, iaido (katana japonesa), kyudo (arco) o shodo (caligraf\u00eda japonesa) as\u00ed como muchas otras, para conmemorar un hermanamiento simb\u00f3lico con el pa\u00eds nip\u00f3n y acercarnos a la <strong>cultura nipona<\/strong>, dada la similitud de ambos lugares en dicho evento natural.<\/p>\n\n\n\n<p>Adem\u00e1s, Alfarnate ofrece la posibilidad de seguir un itinerario de azulejos en que se detallan numerosas localizaciones de Jap\u00f3n en calle Puente, plaza de la Iglesia, Sacrist\u00eda, plaza de la Constituci\u00f3n y P\u00f3sito, recorriendo de esta manera 8 regiones de norte a sur acompa\u00f1ados por Sakuri, ni\u00f1a de vestimenta japonesa y tocada por un catite, prenda tradicional usada en Alfarnate en la fiesta de la Embajada de Moros y Cristianos.<\/p>\n\n\n<div class=\"wp-block-image\">\n<figure class=\"aligncenter size-full\"><img loading=\"lazy\" decoding=\"async\" width=\"670\" height=\"300\" src=\"https:\/\/www.vacalia.com\/blog\/wp-content\/uploads\/2024\/03\/sakuri-alfarnate.jpg\" alt=\"Sakuri en Alfarnate\" class=\"wp-image-5044\" srcset=\"https:\/\/www.vacalia.com\/blog\/wp-content\/uploads\/2024\/03\/sakuri-alfarnate.jpg 670w, https:\/\/www.vacalia.com\/blog\/wp-content\/uploads\/2024\/03\/sakuri-alfarnate-300x134.jpg 300w\" sizes=\"(max-width: 767px) 100vw, 670px\" \/><figcaption class=\"wp-element-caption\"><em>Sakuri en Alfarnate<\/em><\/figcaption><\/figure><\/div>\n\n\n<h2 class=\"wp-block-heading\"><strong>El d\u00eda de la cereza&nbsp;<\/strong><\/h2>\n\n\n\n<p>Tambi\u00e9n se celebra la explosi\u00f3n de la naturaleza en el \u00abD\u00eda de la Cereza\u00bb, una festividad que ha tomado fuerza desde 2006. Este evento, que tiene lugar en el pen\u00faltimo s\u00e1bado del mes de junio, te brinda la oportunidad de adquirir y degustar las deliciosas cerezas locales. M\u00e1s de 20 stands componen la Feria de Muestras, donde no solo podr\u00e1s disfrutar de cerezas frescas, sino tambi\u00e9n adquirir otros productos locales, como pan, dulces, hortalizas y aceite. El Ayuntamiento, como parte de la celebraci\u00f3n, ofrece a los visitantes casi 600 kg de cerezas y delicias t\u00edpicas de la regi\u00f3n. El d\u00eda se llena de alegr\u00eda con bailes y fandangos, creando una atm\u00f3sfera festiva que deja una impresi\u00f3n duradera.<\/p>\n\n\n\n<h2 class=\"wp-block-heading\"><strong>Qu\u00e9 ver en Alfarnate<\/strong><\/h2>\n\n\n\n<p>Adem\u00e1s de la experiencia japonesa, Alfarnate ofrece m\u00e1s encantos por descubrir:<\/p>\n\n\n\n<h3 class=\"wp-block-heading has-medium-font-size\"><strong>Realiza el Sendero de las Pilas<\/strong><\/h3>\n\n\n\n<p>Las sierras de Enmedio, Palomera y Jobo componen el cintur\u00f3n natural que rodea Alfarnate, en La Axarqu\u00eda malague\u00f1a. Para los amantes del senderismo, <strong>el Sendero de las Pilas<\/strong> ofrece una ruta f\u00e1cil y amena, con un recorrido de aproximadamente 4 horas, perfecta para disfrutar con toda la familia. Inicia tu aventura tomando el camino frente a la cooperativa agr\u00edcola Virgen de Monsalud, atravesando llanuras de cereales y hortalizas, y descubriendo pozos artesanos en el camino.<\/p>\n\n\n\n<h3 class=\"wp-block-heading has-medium-font-size\"><strong>Visita la Venta de Alfarnate<\/strong><\/h3>\n\n\n\n<p>Alfarnate tiene un laberinto de callejuelas, en las que poder observar su arquitectura de origen \u00e1rabe que conserva detalles pintorescos. Un ejemplo lo encontramos en la antigua <strong>Venta de Alfarnate<\/strong>, construida en 1690 hoy convertida en restaurante-museo, que fue visitada por personajes como el rey Alfonso XIII o los bandoleros Jos\u00e9 Mar\u00eda el Tempranillo o Luis Candelas que te transportar\u00e1 en el tiempo.<\/p>\n\n\n<div class=\"wp-block-image\">\n<figure class=\"aligncenter size-full\"><img loading=\"lazy\" decoding=\"async\" width=\"670\" height=\"300\" src=\"https:\/\/www.vacalia.com\/blog\/wp-content\/uploads\/2024\/03\/venta-de-alfarnate.jpg\" alt=\"Venta de Alfarnate\" class=\"wp-image-5045\" srcset=\"https:\/\/www.vacalia.com\/blog\/wp-content\/uploads\/2024\/03\/venta-de-alfarnate.jpg 670w, https:\/\/www.vacalia.com\/blog\/wp-content\/uploads\/2024\/03\/venta-de-alfarnate-300x134.jpg 300w\" sizes=\"(max-width: 767px) 100vw, 670px\" \/><figcaption class=\"wp-element-caption\"><em>Venta de Alfarnate<\/em><\/figcaption><\/figure><\/div>\n\n\n<h3 class=\"wp-block-heading has-medium-font-size\"><strong>Disfruta de sus noches estrelladas<\/strong><\/h3>\n\n\n\n<p>La zona de la Axarqu\u00eda cuenta con unos preciosos cielos&nbsp;libres de contaminaci\u00f3n lum\u00ednica&nbsp;y propicia para ver preciosas noches estrelladas, transport\u00e1ndonos a un entorno&nbsp;completamente natural alejados de la muchedumbre. Es ideal para la realizar observaci\u00f3n del cielo con telescopio o astrofotograf\u00eda.<\/p>\n\n\n\n<h3 class=\"wp-block-heading has-medium-font-size\"><strong>Degusta el vino Moscatel<\/strong><\/h3>\n\n\n\n<p>Descubre los secretos vin\u00edcolas de la comarca de la Axarqu\u00eda. Esta comarca es conocida por sus vinos dulces, hechos a partir de uva moscatel. Va a encontrar f\u00e1cilmente vino de este tipo en restaurantes y tiendas.<br>Una vez m\u00e1s esperamos desde <a href=\"https:\/\/www.vacalia.com\/es\" target=\"_blank\" rel=\"noreferrer noopener\">Vacalia<\/a> que te haya gustado este art\u00edculo y como siempre cuenta con nosotros para buscar <strong><a href=\"https:\/\/www.vacalia.com\/es\/alquiler-vacacional-malaga\" target=\"_blank\" rel=\"noreferrer noopener\">alquiler vacacional en M\u00e1laga<\/a><\/strong>.<\/p>\n\n\n<div class=\"bannerBlog\"><div class=\"new-card-houses\">\n    <div class=\"likeOut likeDivOut\" style=\"display:none\">\n        <a data-id=\"3946\" class=\"likeOut_button_red likeBtnFav\"\n            aria-label=\"Megusta Vacalia\"><\/a>\n    <\/div>\n    <figure>\n        <img loading=\"lazy\" decoding=\"async\" \n            loading=\"lazy\" width=\"301\" height=\"200\"\n            src=\"\/\/media.vacalia.com\/photo\/reformatwebpfolder\/350\/200\/3946\/thumb-middle\/3946_bd1ae11f7436ac766a175fc26cb6c02d.webp?v=21092023\"\n            alt=\"El morche - Alquiler vacacional en El Morche\"\/>\n                                                                        <div class=\"circleDiscount\">-6%<\/div>\n                        <\/figure>\n    <p itemprop=\"address\"><i class=\"ico-marker\"><\/i>El Morche, M\u00e1laga<\/p>\n    <h3 itemprop=\"name\">El morche<\/h3>\n    <ul class=\"icon_list inline_list\">\n                              <li class=\"ico-pool\" title=\"Piscina\">\n              <span itemprop=\"amenityFeature\">Piscina<\/span>\n            <\/li>\n                      <li class=\"ico-airConditioning\" title=\"Aire Acondicionado\">\n              <span itemprop=\"amenityFeature\">Aire Acondicionado<\/span>\n            <\/li>\n                      <li class=\"ico-wifi\" title=\"Wifi\">\n              <span itemprop=\"amenityFeature\">Wifi<\/span>\n            <\/li>\n                      <li class=\"ico-views\" title=\"Vistas\">\n              <span itemprop=\"amenityFeature\">Vistas<\/span>\n            <\/li>\n                          <li class=\"ico-guests\" title=\"Para 2+2   hu\u00e9spedes en El Morche.\">\n          <span itemprop=\"occupancy\">2+2  <\/span>\n        <\/li>\n    <\/ul>\n            <span class=\"price\">Desde 77\u20ac \/ noche<\/span>\n                <a itemprop=\"url\" class=\"anchor\" href=\"https:\/\/www.vacalia.com\/es\/apartamento-el-morche-torrox-h25339\" aria-label=\"El morche\"><\/a>\n<\/div><div class=\"new-card-houses\">\n    <div class=\"likeOut likeDivOut\" style=\"display:none\">\n        <a data-id=\"4517\" class=\"likeOut_button_red likeBtnFav\"\n            aria-label=\"Megusta Vacalia\"><\/a>\n    <\/div>\n    <figure>\n        <img loading=\"lazy\" decoding=\"async\" \n            loading=\"lazy\" width=\"301\" height=\"200\"\n            src=\"\/\/media.vacalia.com\/photo\/reformatwebpfolder\/350\/200\/4517\/thumb-middle\/4517_6843403961268b138bde72436826aab0.webp?v=21092023\"\n            alt=\"Calanova - Alquiler vacacional en Mijas\"\/>\n                                                                        <div class=\"circleDiscount\">-46%<\/div>\n                        <\/figure>\n    <p itemprop=\"address\"><i class=\"ico-marker\"><\/i>Mijas, M\u00e1laga<\/p>\n    <h3 itemprop=\"name\">Calanova<\/h3>\n    <ul class=\"icon_list inline_list\">\n                              <li class=\"ico-pool\" title=\"Piscina\">\n              <span itemprop=\"amenityFeature\">Piscina<\/span>\n            <\/li>\n                      <li class=\"ico-airConditioning\" title=\"Aire Acondicionado\">\n              <span itemprop=\"amenityFeature\">Aire Acondicionado<\/span>\n            <\/li>\n                      <li class=\"ico-wifi\" title=\"Wifi\">\n              <span itemprop=\"amenityFeature\">Wifi<\/span>\n            <\/li>\n                          <li class=\"ico-guests\" title=\"Para 4 hu\u00e9spedes en Mijas.\">\n          <span itemprop=\"occupancy\">4<\/span>\n        <\/li>\n    <\/ul>\n            <span class=\"price\">Desde 38\u20ac \/ noche<\/span>\n                <a itemprop=\"url\" class=\"anchor\" href=\"https:\/\/www.vacalia.com\/es\/apartamento-calanova-mijas-h26291\" aria-label=\"Calanova\"><\/a>\n<\/div><\/div>\n","protected":false},"excerpt":{"rendered":"<p>Sum\u00e9rgete en la maravilla de la naturaleza en Alfarnate, pueblo de la comarca de la Axarqu\u00eda en M\u00e1laga, donde durante los meses de marzo y abril, los cerezos despliegan su&hellip;<\/p>\n","protected":false},"author":1,"featured_media":5041,"comment_status":"closed","ping_status":"open","sticky":false,"template":"","format":"standard","meta":{"_monsterinsights_skip_tracking":false,"_monsterinsights_sitenote_active":false,"_monsterinsights_sitenote_note":"","_monsterinsights_sitenote_category":0,"footnotes":""},"categories":[537,595,565,1],"tags":[],"class_list":["post-5039","post","type-post","status-publish","format-standard","has-post-thumbnail","hentry","category-malaga-es","category-que-hacer-en-malaga","category-fiestas-y-tradiciones-de-malaga","category-general-es"],"_links":{"self":[{"href":"https:\/\/www.vacalia.com\/blog\/wp-json\/wp\/v2\/posts\/5039"}],"collection":[{"href":"https:\/\/www.vacalia.com\/blog\/wp-json\/wp\/v2\/posts"}],"about":[{"href":"https:\/\/www.vacalia.com\/blog\/wp-json\/wp\/v2\/types\/post"}],"author":[{"embeddable":true,"href":"https:\/\/www.vacalia.com\/blog\/wp-json\/wp\/v2\/users\/1"}],"replies":[{"embeddable":true,"href":"https:\/\/www.vacalia.com\/blog\/wp-json\/wp\/v2\/comments?post=5039"}],"version-history":[{"count":6,"href":"https:\/\/www.vacalia.com\/blog\/wp-json\/wp\/v2\/posts\/5039\/revisions"}],"predecessor-version":[{"id":7674,"href":"https:\/\/www.vacalia.com\/blog\/wp-json\/wp\/v2\/posts\/5039\/revisions\/7674"}],"wp:featuredmedia":[{"embeddable":true,"href":"https:\/\/www.vacalia.com\/blog\/wp-json\/wp\/v2\/media\/5041"}],"wp:attachment":[{"href":"https:\/\/www.vacalia.com\/blog\/wp-json\/wp\/v2\/media?parent=5039"}],"wp:term":[{"taxonomy":"category","embeddable":true,"href":"https:\/\/www.vacalia.com\/blog\/wp-json\/wp\/v2\/categories?post=5039"},{"taxonomy":"post_tag","embeddable":true,"href":"https:\/\/www.vacalia.com\/blog\/wp-json\/wp\/v2\/tags?post=5039"}],"curies":[{"name":"wp","href":"https:\/\/api.w.org\/{rel}","templated":true}]}}