{"id":5051,"date":"2024-03-15T10:56:28","date_gmt":"2024-03-15T09:56:28","guid":{"rendered":"https:\/\/www.vacalia.com\/blog\/?p=5051"},"modified":"2025-07-08T12:16:49","modified_gmt":"2025-07-08T10:16:49","slug":"kirschblute-japanische-kultur-in-alfarnate","status":"publish","type":"post","link":"https:\/\/www.vacalia.com\/blog\/kirschblute-japanische-kultur-in-alfarnate\/","title":{"rendered":"Kirschbl\u00fcte, japanische Kultur kommt nach Alfarnate"},"content":{"rendered":"\n<p>Tauchen Sie ein in das Wunder der Natur in Alfarnate, einem Dorf in der Axarquia-Region von <a href=\"https:\/\/www.vacalia.com\/de\/malaga-p1439\" target=\"_blank\" rel=\"noreferrer noopener\">M\u00e1laga<\/a>, wo in den Monaten M\u00e4rz und April die Kirschb\u00e4ume ihre pr\u00e4chtige Bl\u00fcte zeigen und den Ort in eine faszinierende Touristenattraktion verwandeln.&nbsp;<\/p>\n\n\n\n<p>Diese kleine Ecke Andalusiens hat im Laufe der Jahre an Anerkennung gewonnen und ist zu einer nationalen Referenz geworden, dank der wachsenden Produktion von Kirschen, einer Wirtschaftst\u00e4tigkeit, die sich zu einer der wichtigsten der Region entwickelt hat.<\/p>\n\n\n\n<h2 class=\"wp-block-heading has-medium-font-size\"><strong>Ein Ort mit viel Geschichte<\/strong><\/h2>\n\n\n\n<p>Alfarnate, dessen Name vom arabischen Wort \u00abAl-farnat\u00bb abgeleitet ist, was so viel wie \u00abMehlm\u00fchle\u00bb bedeutet, hat seine Wurzeln in pr\u00e4historischen Zeiten. Die erste schriftliche Erw\u00e4hnung von Los Alfarnates (Alfarnate und Alfarnatejo) stammt aus dem 10. Jahrhundert.<\/p>\n\n\n\n<p>Die Wirtschaft von Alfarnate konzentriert sich auf den Agrarsektor. Es werden Olivenhaine, Mandelb\u00e4ume, Weizen und Kichererbsen angebaut, wobei letztere f\u00fcr ihre Qualit\u00e4t ber\u00fchmt sind und bereits von Cervantes erw\u00e4hnt wurden.<\/p>\n\n\n<div class=\"wp-block-image\">\n<figure class=\"aligncenter size-full\"><img fetchpriority=\"high\" decoding=\"async\" width=\"670\" height=\"300\" src=\"https:\/\/www.vacalia.com\/blog\/wp-content\/uploads\/2024\/03\/calles-alfarnate.jpg\" alt=\"Die Stra\u00dfen von Alfarnate\" class=\"wp-image-5040\" srcset=\"https:\/\/www.vacalia.com\/blog\/wp-content\/uploads\/2024\/03\/calles-alfarnate.jpg 670w, https:\/\/www.vacalia.com\/blog\/wp-content\/uploads\/2024\/03\/calles-alfarnate-300x134.jpg 300w\" sizes=\"(max-width: 767px) 100vw, 670px\" \/><figcaption class=\"wp-element-caption\"><em>Die Stra\u00dfen von Alfarnate<\/em><\/figcaption><\/figure><\/div>\n\n\n<h2 class=\"wp-block-heading has-medium-font-size\"><strong>Kirschb\u00e4ume in Alfarnate<\/strong><\/h2>\n\n\n\n<p>W\u00e4hrend die Kichererbsen das Hauptprodukt des Ortes waren, wurden sie um 1980 durch Kirschen ersetzt, da das Klima und die geografische Lage ideal f\u00fcr diese Plantage waren.&nbsp;<\/p>\n\n\n\n<p>Rund 4.000 Kirschb\u00e4ume erm\u00f6glichen es Alfarnate, jedes Jahr zwischen 70.000 und 80.000 Kilo Kirschen zu produzieren.&nbsp;<\/p>\n\n\n\n<p>W\u00e4hrend der Bl\u00fctezeit organisiert die Stadtverwaltung spannende Wanderwege, die durch die \u00fcppigen Kirschbl\u00fctenfelder f\u00fchren und ein unvergessliches visuelles Spektakel bieten. Die Wandertage variieren je nach Bl\u00fctezeit der B\u00e4ume, daher sollten Sie sich unbedingt bei der Stadtverwaltung \u00fcber die <strong>beste Zeit f\u00fcr die Kirschbl\u00fcte informieren<\/strong>.<\/p>\n\n\n<div class=\"wp-block-image\">\n<figure class=\"aligncenter size-full\"><img decoding=\"async\" width=\"670\" height=\"300\" src=\"https:\/\/www.vacalia.com\/blog\/wp-content\/uploads\/2024\/03\/cerezos-en-flor-alfarnate.jpg\" alt=\"Kirschbl\u00fcte in Alfarnate\" class=\"wp-image-5041\" srcset=\"https:\/\/www.vacalia.com\/blog\/wp-content\/uploads\/2024\/03\/cerezos-en-flor-alfarnate.jpg 670w, https:\/\/www.vacalia.com\/blog\/wp-content\/uploads\/2024\/03\/cerezos-en-flor-alfarnate-300x134.jpg 300w\" sizes=\"(max-width: 767px) 100vw, 670px\" \/><figcaption class=\"wp-element-caption\"><em>Kirschbl\u00fcte in Alfarnate<\/em><\/figcaption><\/figure><\/div>\n\n\n<h2 class=\"wp-block-heading has-medium-font-size\"><strong>Erleben Sie einen Shogun in Japan<\/strong><\/h2>\n\n\n\n<p>Seit 2022 ehrt Alfarnate Japan mit dem <strong>Sakura-Festival<\/strong>. Mit Sakura bezeichnet man im Land der aufgehenden Sonne die Kirschbl\u00fcte, eines der bekanntesten Symbole der japanischen Kultur, die im Fr\u00fchling ihre gr\u00f6\u00dfte Pracht entfaltet.<\/p>\n\n\n\n<p>Dieses Fest wurde erst vor kurzem ins Leben gerufen, ist aber in der Stadt und ihrer Umgebung sehr beliebt.<\/p>\n\n\n<div class=\"wp-block-image\">\n<figure class=\"aligncenter size-full\"><img decoding=\"async\" width=\"670\" height=\"300\" src=\"https:\/\/www.vacalia.com\/blog\/wp-content\/uploads\/2024\/03\/festival-sakura-alfarnate-1.jpg\" alt=\"Sakura-Festival\" class=\"wp-image-5042\" srcset=\"https:\/\/www.vacalia.com\/blog\/wp-content\/uploads\/2024\/03\/festival-sakura-alfarnate-1.jpg 670w, https:\/\/www.vacalia.com\/blog\/wp-content\/uploads\/2024\/03\/festival-sakura-alfarnate-1-300x134.jpg 300w\" sizes=\"(max-width: 767px) 100vw, 670px\" \/><figcaption class=\"wp-element-caption\"><em>Sakura-Festival<\/em><\/figcaption><\/figure><\/div>\n\n\n<p>Die Beziehung von Alfarnate zu Japan reicht weit zur\u00fcck: Die Stadt verf\u00fcgt \u00fcber ein offenes Interpretationszentrum, das den acht japanischen Regionen gewidmet ist, und einen Sakuri-Garten mit 47 Kirschb\u00e4umen, die an die 47 Pr\u00e4fekturen Japans erinnern.<\/p>\n\n\n\n<p>Im Mittelpunkt des Sakura-Festes steht die Kirschbl\u00fcte, die <strong>an einem noch festzulegenden Wochenende Mitte April gefeiert wird<\/strong>, je nachdem, ob die Witterungsbedingungen im Laufe des Jahres dieses Ph\u00e4nomen verz\u00f6gern oder beschleunigen.<\/p>\n\n\n<div class=\"wp-block-image\">\n<figure class=\"aligncenter size-full\"><img loading=\"lazy\" decoding=\"async\" width=\"670\" height=\"300\" src=\"https:\/\/www.vacalia.com\/blog\/wp-content\/uploads\/2024\/03\/festival-sakura-alfarnate-2.jpg\" alt=\"Sakura-Festival in Alfarnate\" class=\"wp-image-5043\" srcset=\"https:\/\/www.vacalia.com\/blog\/wp-content\/uploads\/2024\/03\/festival-sakura-alfarnate-2.jpg 670w, https:\/\/www.vacalia.com\/blog\/wp-content\/uploads\/2024\/03\/festival-sakura-alfarnate-2-300x134.jpg 300w\" sizes=\"(max-width: 767px) 100vw, 670px\" \/><figcaption class=\"wp-element-caption\"><em>Sakura-Festival in Alfarnate<\/em><\/figcaption><\/figure><\/div>\n\n\n<p>Die Einwohner von Alfarnate bereiten alles vor, und im Dorf werden Workshops, Umz\u00fcge, Handwerks- und Essensst\u00e4nde stattfinden, die ausschlie\u00dflich Japan und seinem Kirschbl\u00fctenfest gewidmet sind.&nbsp;<\/p>\n\n\n\n<p>Das Dorf mit seinen etwas mehr als 1.000 Einwohnern verwandelt sich in ein Mini-Japan, das zu diesem Anlass mit 60.000 von den Dorfbewohnern hergestellten Papierblumen geschm\u00fcckt wird.<\/p>\n\n\n\n<p>Eine besondere Farbe geben die Menschen in Kimonos, von denen viele von der \u00f6rtlichen Modedesignerin Inmaculada Toledo Betancor und den Dorfbewohnern angefertigt wurden.<\/p>\n\n\n\n<p>Zahlreiche Aktivit\u00e4ten wie Ausstellungen von Aikido, Iaido (japanisches Katana), Kyudo (Bogenschie\u00dfen) oder Shodo (japanische Kalligraphie) sowie viele andere werden veranstaltet, um einer symbolischen Partnerschaft mit Japan zu gedenken und uns die <strong>japanische Kultur <\/strong>angesichts der \u00c4hnlichkeit beider Orte bei diesem Naturereignis n\u00e4her zu bringen.<\/p>\n\n\n\n<p>Dar\u00fcber hinaus bietet Alfarnate die M\u00f6glichkeit, einem Kachelpfad zu folgen, der zahlreiche Orte in Japan in der Calle Puente, der Plaza de la Iglesia, der Sacrist\u00eda, der Plaza de la Constituci\u00f3n und dem P\u00f3sito beschreibt, und dabei 8 Regionen von Norden nach S\u00fcden zu durchqueren, begleitet von Sakuri, einem M\u00e4dchen in japanischer Kleidung und mit einem Catite, einem traditionellen Gewand, das in Alfarnate w\u00e4hrend des Festes der Botschaft der Mauren und Christen getragen wird.<\/p>\n\n\n<div class=\"wp-block-image\">\n<figure class=\"aligncenter size-full\"><img loading=\"lazy\" decoding=\"async\" width=\"670\" height=\"300\" src=\"https:\/\/www.vacalia.com\/blog\/wp-content\/uploads\/2024\/03\/sakuri-alfarnate.jpg\" alt=\"Sakuri in Alfarnate\" class=\"wp-image-5044\" srcset=\"https:\/\/www.vacalia.com\/blog\/wp-content\/uploads\/2024\/03\/sakuri-alfarnate.jpg 670w, https:\/\/www.vacalia.com\/blog\/wp-content\/uploads\/2024\/03\/sakuri-alfarnate-300x134.jpg 300w\" sizes=\"(max-width: 767px) 100vw, 670px\" \/><figcaption class=\"wp-element-caption\"><em>Sakuri in Alfarnate<\/em><\/figcaption><\/figure><\/div>\n\n\n<h2 class=\"wp-block-heading has-medium-font-size\"><strong>Kirschtag&nbsp;<\/strong><\/h2>\n\n\n\n<p>Die Explosion der Natur wird auch am \u00abTag der Kirsche\u00bb gefeiert, einem Fest, das es seit 2006 gibt. Bei dieser Veranstaltung, die am vorletzten Samstag im Juni stattfindet, haben Sie die M\u00f6glichkeit, die k\u00f6stlichen Kirschen der Region zu kaufen und zu probieren. Die Feria de Muestras besteht aus mehr als 20 St\u00e4nden, an denen man nicht nur frische Kirschen genie\u00dfen, sondern auch andere lokale Produkte wie Brot, S\u00fc\u00dfigkeiten, Gem\u00fcse und \u00d6l kaufen kann. Das Rathaus bietet den Besuchern im Rahmen des Festes fast 600 kg Kirschen und typische regionale K\u00f6stlichkeiten an. Der Tag ist erf\u00fcllt von fr\u00f6hlichen T\u00e4nzen und Fandangos, die eine festliche Atmosph\u00e4re schaffen, die einen bleibenden Eindruck hinterl\u00e4sst.<\/p>\n\n\n\n<h2 class=\"wp-block-heading has-medium-font-size\"><strong>Was gibt es in Alfarnate zu sehen?<\/strong><\/h2>\n\n\n\n<p>Neben der japanischen Erfahrung gibt es in Alfarnate noch weitere Reize zu entdecken:<\/p>\n\n\n\n<h3 class=\"wp-block-heading has-medium-font-size\"><strong>Folgen Sie dem Sendero de las Pilas<\/strong><\/h3>\n\n\n\n<p>Die Gebirgsz\u00fcge von Enmedio, Palomera und Jobo bilden den Naturg\u00fcrtel, der Alfarnate in der Axarquia-Region von M\u00e1laga umgibt. F\u00fcr Wanderfreunde bietet <strong>der Sendero de las Pilas <\/strong>eine einfache und angenehme Route mit einer Gehzeit von etwa 4 Stunden, die sich perfekt f\u00fcr die ganze Familie eignet. Beginnen Sie Ihr Abenteuer auf dem Weg vor der landwirtschaftlichen Genossenschaft Virgen de Monsalud, durchqueren Sie Getreide- und Gem\u00fcseregionen und entdecken Sie auf dem Weg artesische Brunnen.<\/p>\n\n\n\n<h2 class=\"wp-block-heading has-medium-font-size\"><strong>Besuchen Sie die Venta de Alfarnate<\/strong><\/h2>\n\n\n\n<p>Alfarnate hat ein Labyrinth aus engen Gassen, in denen man die Architektur arabischen Ursprungs bewundern kann, die malerische Details bewahrt hat. Ein Beispiel ist die alte <strong>Venta de Alfarnate <\/strong>aus dem Jahr 1690, die heute in ein Restaurant-Museum umgewandelt wurde und von Pers\u00f6nlichkeiten wie K\u00f6nig Alfonso XIII. oder den Banditen Jos\u00e9 Mar\u00eda el Tempranillo oder Luis Candelas besucht wurde, was Sie in eine andere Zeit versetzt.<\/p>\n\n\n<div class=\"wp-block-image\">\n<figure class=\"aligncenter size-full\"><img loading=\"lazy\" decoding=\"async\" width=\"670\" height=\"300\" src=\"https:\/\/www.vacalia.com\/blog\/wp-content\/uploads\/2024\/03\/venta-de-alfarnate.jpg\" alt=\"Venta de Alfarnate\" class=\"wp-image-5045\" srcset=\"https:\/\/www.vacalia.com\/blog\/wp-content\/uploads\/2024\/03\/venta-de-alfarnate.jpg 670w, https:\/\/www.vacalia.com\/blog\/wp-content\/uploads\/2024\/03\/venta-de-alfarnate-300x134.jpg 300w\" sizes=\"(max-width: 767px) 100vw, 670px\" \/><figcaption class=\"wp-element-caption\"><em>Venta de Alfarnate<\/em><\/figcaption><\/figure><\/div>\n\n\n<h2 class=\"wp-block-heading has-medium-font-size\"><strong>Genie\u00dfen Sie die sternenklaren N\u00e4chte<\/strong><\/h2>\n\n\n\n<p>Das Gebiet der Axarquia bietet einen wundersch\u00f6nen Himmel ohne Lichtverschmutzung, der zu wundersch\u00f6nen Sternenn\u00e4chten einl\u00e4dt und uns in eine v\u00f6llig nat\u00fcrliche Umgebung abseits der Menschenmassen versetzt. Es ist ideal f\u00fcr die Beobachtung des Himmels mit einem Teleskop oder Astrofotografie.<\/p>\n\n\n\n<h2 class=\"wp-block-heading has-medium-font-size\"><strong>Verkostung des Moscatelweins<\/strong><\/h2>\n\n\n\n<p>Entdecken Sie die Weingeheimnisse der Region Axarquia. Diese Region ist bekannt f\u00fcr ihre S\u00fc\u00dfweine, die aus Muskatellertrauben hergestellt werden. Sie finden diese Art von Wein leicht in Restaurants und Gesch\u00e4ften.<br>Wir von <a href=\"https:\/\/www.vacalia.com\/de\" target=\"_blank\" rel=\"noreferrer noopener\">Vacalia<\/a> hoffen, dass Ihnen dieser Artikel gefallen hat und dass Sie wie immer auf uns z\u00e4hlen k\u00f6nnen, wenn es um die Suche nach <a href=\"https:\/\/www.vacalia.com\/de\/ferienhaus-malaga\" target=\"_blank\" rel=\"noreferrer noopener\"><strong>Ferienunterk\u00fcnften in<\/strong> <strong>M\u00e1laga geht<\/strong><\/a><strong>.<\/strong><\/p>\n\n\n<div class=\"bannerBlog\"><div class=\"new-card-houses\">\n    <div class=\"likeOut likeDivOut\" style=\"display:none\">\n        <a data-id=\"3763\" class=\"likeOut_button_red likeBtnFav\"\n            aria-label=\"Megusta Vacalia\"><\/a>\n    <\/div>\n    <figure>\n        <img loading=\"lazy\" decoding=\"async\" \n            loading=\"lazy\" width=\"301\" height=\"200\"\n            src=\"\/\/media.vacalia.com\/photo\/reformatwebpfolder\/350\/200\/3763\/thumb-middle\/3763_af04cefafa60ef9d8449b74d5ff76cb9.webp?v=21092023\"\n            alt=\"Villa la tuna - Ferienhaus auf Benalm\u00e1dena\"\/>\n                                                                        <div class=\"circleDiscount\">-24%<\/div>\n                        <\/figure>\n    <p itemprop=\"address\"><i class=\"ico-marker\"><\/i>Benalm\u00e1dena, M\u00e1laga<\/p>\n    <h3 itemprop=\"name\">Villa la tuna<\/h3>\n    <ul class=\"icon_list inline_list\">\n                              <li class=\"ico-pool\" title=\"Pool\">\n              <span itemprop=\"amenityFeature\">Pool<\/span>\n            <\/li>\n                      <li class=\"ico-airConditioning\" title=\"Klimaanlage\">\n              <span itemprop=\"amenityFeature\">Klimaanlage<\/span>\n            <\/li>\n                      <li class=\"ico-wifi\" title=\"Wifi\">\n              <span itemprop=\"amenityFeature\">Wifi<\/span>\n            <\/li>\n                      <li class=\"ico-views\" title=\"Ausblick\">\n              <span itemprop=\"amenityFeature\">Ausblick<\/span>\n            <\/li>\n                          <li class=\"ico-guests\" title=\"F\u00fcr 8 G\u00e4ste in Benalm\u00e1dena.\">\n          <span itemprop=\"occupancy\">8<\/span>\n        <\/li>\n    <\/ul>\n            <span class=\"price\">Ab 209\u20ac \/ Nacht<\/span>\n                <a itemprop=\"url\" class=\"anchor\" href=\"https:\/\/www.vacalia.com\/de\/villa-villa-la-tuna-benalmadena-h24950\" aria-label=\"Villa la tuna\"><\/a>\n<\/div><div class=\"new-card-houses\">\n    <div class=\"likeOut likeDivOut\" style=\"display:none\">\n        <a data-id=\"3946\" class=\"likeOut_button_red likeBtnFav\"\n            aria-label=\"Megusta Vacalia\"><\/a>\n    <\/div>\n    <figure>\n        <img loading=\"lazy\" decoding=\"async\" \n            loading=\"lazy\" width=\"301\" height=\"200\"\n            src=\"\/\/media.vacalia.com\/photo\/reformatwebpfolder\/350\/200\/3946\/thumb-middle\/3946_bd1ae11f7436ac766a175fc26cb6c02d.webp?v=21092023\"\n            alt=\"El morche - Ferienhaus auf El Morche\"\/>\n                                                                        <div class=\"circleDiscount\">-6%<\/div>\n                        <\/figure>\n    <p itemprop=\"address\"><i class=\"ico-marker\"><\/i>El Morche, M\u00e1laga<\/p>\n    <h3 itemprop=\"name\">El morche<\/h3>\n    <ul class=\"icon_list inline_list\">\n                              <li class=\"ico-pool\" title=\"Pool\">\n              <span itemprop=\"amenityFeature\">Pool<\/span>\n            <\/li>\n                      <li class=\"ico-airConditioning\" title=\"Klimaanlage\">\n              <span itemprop=\"amenityFeature\">Klimaanlage<\/span>\n            <\/li>\n                      <li class=\"ico-wifi\" title=\"Wifi\">\n              <span itemprop=\"amenityFeature\">Wifi<\/span>\n            <\/li>\n                      <li class=\"ico-views\" title=\"Ausblick\">\n              <span itemprop=\"amenityFeature\">Ausblick<\/span>\n            <\/li>\n                          <li class=\"ico-guests\" title=\"F\u00fcr 2+2   G\u00e4ste in El Morche.\">\n          <span itemprop=\"occupancy\">2+2  <\/span>\n        <\/li>\n    <\/ul>\n            <span class=\"price\">Ab 77\u20ac \/ Nacht<\/span>\n                <a itemprop=\"url\" class=\"anchor\" href=\"https:\/\/www.vacalia.com\/de\/apartment-el-morche-torrox-h25342\" aria-label=\"El morche\"><\/a>\n<\/div><\/div>\n","protected":false},"excerpt":{"rendered":"<p>Tauchen Sie ein in das Wunder der Natur in Alfarnate, einem Dorf in der Axarquia-Region von M\u00e1laga, wo in den Monaten M\u00e4rz und April die Kirschb\u00e4ume ihre pr\u00e4chtige Bl\u00fcte zeigen&hellip;<\/p>\n","protected":false},"author":1,"featured_media":5041,"comment_status":"closed","ping_status":"open","sticky":false,"template":"","format":"standard","meta":{"_monsterinsights_skip_tracking":false,"_monsterinsights_sitenote_active":false,"_monsterinsights_sitenote_note":"","_monsterinsights_sitenote_category":0,"footnotes":""},"categories":[40,569,547,599],"tags":[],"class_list":["post-5051","post","type-post","status-publish","format-standard","has-post-thumbnail","hentry","category-allgemein","category-feste-und-traditionen-von-malaga","category-malaga-de","category-was-kann-man-in-malaga-tun-de"],"_links":{"self":[{"href":"https:\/\/www.vacalia.com\/blog\/wp-json\/wp\/v2\/posts\/5051"}],"collection":[{"href":"https:\/\/www.vacalia.com\/blog\/wp-json\/wp\/v2\/posts"}],"about":[{"href":"https:\/\/www.vacalia.com\/blog\/wp-json\/wp\/v2\/types\/post"}],"author":[{"embeddable":true,"href":"https:\/\/www.vacalia.com\/blog\/wp-json\/wp\/v2\/users\/1"}],"replies":[{"embeddable":true,"href":"https:\/\/www.vacalia.com\/blog\/wp-json\/wp\/v2\/comments?post=5051"}],"version-history":[{"count":6,"href":"https:\/\/www.vacalia.com\/blog\/wp-json\/wp\/v2\/posts\/5051\/revisions"}],"predecessor-version":[{"id":7685,"href":"https:\/\/www.vacalia.com\/blog\/wp-json\/wp\/v2\/posts\/5051\/revisions\/7685"}],"wp:featuredmedia":[{"embeddable":true,"href":"https:\/\/www.vacalia.com\/blog\/wp-json\/wp\/v2\/media\/5041"}],"wp:attachment":[{"href":"https:\/\/www.vacalia.com\/blog\/wp-json\/wp\/v2\/media?parent=5051"}],"wp:term":[{"taxonomy":"category","embeddable":true,"href":"https:\/\/www.vacalia.com\/blog\/wp-json\/wp\/v2\/categories?post=5051"},{"taxonomy":"post_tag","embeddable":true,"href":"https:\/\/www.vacalia.com\/blog\/wp-json\/wp\/v2\/tags?post=5051"}],"curies":[{"name":"wp","href":"https:\/\/api.w.org\/{rel}","templated":true}]}}