{"id":5066,"date":"2024-03-22T13:11:30","date_gmt":"2024-03-22T12:11:30","guid":{"rendered":"https:\/\/www.vacalia.com\/blog\/?p=5066"},"modified":"2025-07-08T11:43:01","modified_gmt":"2025-07-08T09:43:01","slug":"die-entdeckung-des-verborgenen-juwels-von-chelva","status":"publish","type":"post","link":"https:\/\/www.vacalia.com\/blog\/die-entdeckung-des-verborgenen-juwels-von-chelva\/","title":{"rendered":"Die Entdeckung des verborgenen Juwels von Chelva: Eine Reise durch seine Geschichte und seinen Charme."},"content":{"rendered":"\n<p>Willkommen in Chelva, einem malerischen Dorf in der Region Los Serranos, dem ersten von der UNESCO zum Biosph\u00e4renreservat erkl\u00e4rten Gebiet der Comunidad Valenciana, das auch als Alto Turia bekannt ist.&nbsp;<\/p>\n\n\n\n<p>Wenn Sie einen Urlaub in der <a href=\"https:\/\/www.vacalia.com\/de\/valencia-urlaub\" target=\"_blank\" rel=\"noreferrer noopener\">Comunidad Valenciana<\/a> planen, suchen Sie wahrscheinlich nach einem Strandort wie <a href=\"https:\/\/www.vacalia.com\/de\/denia-p1256\" target=\"_blank\" rel=\"noreferrer noopener\">Denia<\/a> oder Cullera. Wir empfehlen jedoch einen mehrt\u00e4gigen Aufenthalt, um kleine versteckte Juwelen im Landesinneren zu entdecken, wie die, die wir Ihnen heute zeigen werden.<\/p>\n\n\n\n<p>Auf den ersten Blick mag Chelva wie ein weiteres l\u00e4ndliches Ziel erscheinen, doch hinter den bescheidenen Kopfsteinpflasterstra\u00dfen und dem architektonischen Erbe verbirgt sich eine reiche Geschichte und eine Vielzahl von Reizen, die es zu entdecken gilt. Es empfiehlt sich, den Ort ab dem Fr\u00fchjahr zu besuchen, da der Winter in dieser Region in vollem Gange ist. Das enge Gassenlabyrinth der Altstadt von Chelva erwacht zu dieser Jahreszeit zum Leben, wie in vergangenen Zeiten, als Christen, Juden und Araber in dieser Stadt in Frieden und Harmonie zusammenlebten.<\/p>\n\n\n<div class=\"wp-block-image\">\n<figure class=\"aligncenter size-full\"><img fetchpriority=\"high\" decoding=\"async\" width=\"670\" height=\"300\" src=\"https:\/\/www.vacalia.com\/blog\/wp-content\/uploads\/2024\/03\/visitar-Chelva-Valencia.jpg\" alt=\"Chelva besuchen\" class=\"wp-image-5061\" srcset=\"https:\/\/www.vacalia.com\/blog\/wp-content\/uploads\/2024\/03\/visitar-Chelva-Valencia.jpg 670w, https:\/\/www.vacalia.com\/blog\/wp-content\/uploads\/2024\/03\/visitar-Chelva-Valencia-300x134.jpg 300w\" sizes=\"(max-width: 767px) 100vw, 670px\" \/><figcaption class=\"wp-element-caption\"><em>Chelva besuchen<\/em><\/figcaption><\/figure><\/div>\n\n\n<h2 class=\"wp-block-heading has-medium-font-size\"><strong>Erkundung der mittelalterlichen Architektur von Chelva<\/strong><\/h2>\n\n\n\n<p>Die Geschichte von Chelva reicht bis in die iberische Zeit zur\u00fcck, aber erst w\u00e4hrend der muslimischen Herrschaft erreichte die Stadt ihre volle Pracht. Zeuge dieses goldenen Zeitalters ist das imposante Castillo de Chelva, eine steinerne Festung, die sich als W\u00e4chterin der Geschichte \u00fcber die Skyline erhebt. Von ihren Zinnen aus kann der Besucher den Panoramablick auf die umliegende Landschaft genie\u00dfen und sich von der Gro\u00dfartigkeit der Vergangenheit mitrei\u00dfen lassen.<\/p>\n\n\n\n<p>In der Altstadt von Chelva verbergen sich in den labyrinthischen, gepflasterten Gassen bedeutende architektonische Sch\u00e4tze. Sie k\u00f6nnen der Route \u00abLas Tres culturas de Chelva\u00bb (Die drei Kulturen von Chelva) mit einer L\u00e4nge von ca. 2 Kilometern folgen, die es Ihnen erm\u00f6glicht, die wichtigsten historischen Viertel der Stadt zu entdecken:<\/p>\n\n\n\n<ul class=\"wp-block-list\">\n<li><strong>Andalusisches Viertel von Benacacira: <\/strong>Die alte arabische Medina von Chelva, die zwischen dem 11. und 12. Jahrhundert erbaut wurde, zeichnet sich durch ihre malerischen Arkaden, wei\u00df get\u00fcnchten H\u00e4user und engen Sackgassen aus.<\/li>\n\n\n\n<li><strong>Das j\u00fcdische Viertel von Azoque: <\/strong>Die Gassen des j\u00fcdischen Viertels von Chelva bewahren das Geheimnis und den Charme der alten mittelalterlichen Aljamas. Ein Spaziergang durch sie ist eine authentische Reise in die Vergangenheit der Stadt.<\/li>\n\n\n\n<li><strong>Mauren-Mud\u00e9jar-Viertel von Arrabal: In <\/strong>diesem Viertel, das seinen Namen von seiner Lage am Rande der ummauerten Anlage von Chelva im 14. Jahrhundert hat, befinden sich herausragende Bauwerke wie die Ermita de los Desamparados und die Ermita de la Santa Cruz, die einst die Moschee von Banae\u00e7a war.<\/li>\n\n\n\n<li><strong>Christliches Viertel von La Oller\u00eda: <\/strong>Dieses ebenfalls aus dem 14. Jahrhundert stammende Viertel verdankt seinen Namen den zahlreichen T\u00f6pfer\u00f6fen, die in fr\u00fcheren Zeiten die Stra\u00dfen bev\u00f6lkerten.<\/li>\n<\/ul>\n\n\n\n<p><\/p>\n\n\n\n<p>Bei einem Spaziergang durch die Altstadt von Chelva k\u00f6nnen wir die <strong>Erzpriesterliche Kirche Nuestra Se\u00f1ora de los \u00c1ngeles <\/strong>entdecken.&nbsp;<\/p>\n\n\n<div class=\"wp-block-image\">\n<figure class=\"aligncenter size-full\"><img decoding=\"async\" width=\"670\" height=\"300\" src=\"https:\/\/www.vacalia.com\/blog\/wp-content\/uploads\/2024\/03\/Iglesia-Ntra-Sra-de-los-Angeles-Chelva.jpg\" alt=\"Erzpriesterliche Kirche Nuestra Se\u00f1ora de los \u00c1ngeles\" class=\"wp-image-5058\" srcset=\"https:\/\/www.vacalia.com\/blog\/wp-content\/uploads\/2024\/03\/Iglesia-Ntra-Sra-de-los-Angeles-Chelva.jpg 670w, https:\/\/www.vacalia.com\/blog\/wp-content\/uploads\/2024\/03\/Iglesia-Ntra-Sra-de-los-Angeles-Chelva-300x134.jpg 300w\" sizes=\"(max-width: 767px) 100vw, 670px\" \/><figcaption class=\"wp-element-caption\"><em>Erzpriesterliche Kirche Nuestra Se\u00f1ora de los \u00c1ngeles<\/em><\/figcaption><\/figure><\/div>\n\n\n<p>Dieses beeindruckende Meisterwerk der valencianischen Gotik aus dem 15. Jahrhundert, das auf den \u00dcberresten einer ehemaligen Moschee errichtet wurde, ist ein Zeugnis des reichen kulturellen Erbes der Region.<\/p>\n\n\n\n<p>Ein weiteres herausragendes Bauwerk ist der <strong>Palacio Vizcondal<\/strong>, ein architektonisches Juwel aus dem Ende des 14. Jahrhunderts, das als Residenz des Vicomte de Chelva diente. Dieser Palast beherbergt den Almohaden-Alcazar aus dem 12. Jahrhundert, der den Ausgangspunkt f\u00fcr die architektonische Entwicklung des Geb\u00e4udes zu dem imposanten Bauwerk bildete, das heute die Plaza Mayor beherrscht. K\u00fcrzlich wurde eine faszinierende Entdeckung gemacht: Es wurden Beweise f\u00fcr eine iberische Besiedlung aus dem 4. Jahrhundert v. Chr. gefunden, und es wurde best\u00e4tigt, dass im 13. Jahrhundert die erste christliche Kirche von Chelva innerhalb der Burgmauern errichtet wurde.<\/p>\n\n\n\n<h2 class=\"wp-block-heading has-medium-font-size\"><strong>Die Chelva-Wasserstra\u00dfe<\/strong><\/h2>\n\n\n\n<p>Die Chelva Water Route ist mehr als nur ein einfacher Weg, sie ist eine Reise durch die Zeit und eine Begegnung mit der Essenz des Lebens, wo Wasser, Natur und Geschichte sich zu einem unvergesslichen Erlebnis verbinden, ideal f\u00fcr Familien mit Kindern.<\/p>\n\n\n<div class=\"wp-block-image\">\n<figure class=\"aligncenter size-full\"><img decoding=\"async\" width=\"670\" height=\"300\" src=\"https:\/\/www.vacalia.com\/blog\/wp-content\/uploads\/2024\/03\/ruta-del-agua-Chelva.jpg\" alt=\"Chelva-Wasserstra\u00dfe\" class=\"wp-image-5059\" srcset=\"https:\/\/www.vacalia.com\/blog\/wp-content\/uploads\/2024\/03\/ruta-del-agua-Chelva.jpg 670w, https:\/\/www.vacalia.com\/blog\/wp-content\/uploads\/2024\/03\/ruta-del-agua-Chelva-300x134.jpg 300w\" sizes=\"(max-width: 767px) 100vw, 670px\" \/><figcaption class=\"wp-element-caption\"><em>Chelva-Wasserstra\u00dfe<\/em><\/figcaption><\/figure><\/div>\n\n\n<p>Dieser touristische Rundweg verbindet Natur und Kultur harmonisch in einem angenehmen Spaziergang. Er beginnt an der Plaza Mayor und f\u00fchrt hinunter zum Fluss. Von dort aus k\u00f6nnen Sie sich von den Schildern leiten lassen, die die zu begehenden Wege anzeigen.<\/p>\n\n\n\n<p>In der gesamten Gemeinde k\u00f6nnen die Besucher das kristallklare Wasser des Flusses Chelva genie\u00dfen, w\u00e4hrend sie einen ruhigen Spaziergang unternehmen und Quellen, Brunnen und alte Waschpl\u00e4tze betrachten.<\/p>\n\n\n<div class=\"wp-block-image\">\n<figure class=\"aligncenter size-full\"><img loading=\"lazy\" decoding=\"async\" width=\"670\" height=\"300\" src=\"https:\/\/www.vacalia.com\/blog\/wp-content\/uploads\/2024\/03\/senderismo-ruta-del-agua-Chelva.jpg\" alt=\"Wandern auf der Wasserstra\u00dfe\" class=\"wp-image-5060\" srcset=\"https:\/\/www.vacalia.com\/blog\/wp-content\/uploads\/2024\/03\/senderismo-ruta-del-agua-Chelva.jpg 670w, https:\/\/www.vacalia.com\/blog\/wp-content\/uploads\/2024\/03\/senderismo-ruta-del-agua-Chelva-300x134.jpg 300w\" sizes=\"(max-width: 767px) 100vw, 670px\" \/><figcaption class=\"wp-element-caption\"><em>Wandern auf der Wasserstra\u00dfe<\/em><\/figcaption><\/figure><\/div>\n\n\n<p>Diese Route bietet auch die M\u00f6glichkeit, das <strong>r\u00f6mische Aqu\u00e4dukt von Pe\u00f1a Cortada <\/strong>zu besichtigen<strong>, das zum Kulturgut erkl\u00e4rt wurde<\/strong>. Dieses kolossale Werk der Wasserbaukunst wurde von den R\u00f6mern im 1. Jh. n. Chr. erbaut. Das Aqu\u00e4dukt ist eines der bedeutendsten des Landes und weist eine L\u00e4nge von 28 km auf. Die spektakul\u00e4rsten Elemente sind: die Rambla de Alcotas-Br\u00fccke, die Barranco del Gato-Br\u00fccke und die Pe\u00f1a Cortada, ein beeindruckender vertikaler Einschnitt, gefolgt von einer in den Fels gehauenen Galerie, die begehbar ist.<\/p>\n\n\n<div class=\"wp-block-image\">\n<figure class=\"aligncenter size-full\"><img loading=\"lazy\" decoding=\"async\" width=\"670\" height=\"300\" src=\"https:\/\/www.vacalia.com\/blog\/wp-content\/uploads\/2024\/03\/acueducto-pena-cortada-chelva.jpg\" alt=\"R\u00f6mischer Aqu\u00e4dukt von Pe\u00f1a Cortada\" class=\"wp-image-5057\" srcset=\"https:\/\/www.vacalia.com\/blog\/wp-content\/uploads\/2024\/03\/acueducto-pena-cortada-chelva.jpg 670w, https:\/\/www.vacalia.com\/blog\/wp-content\/uploads\/2024\/03\/acueducto-pena-cortada-chelva-300x134.jpg 300w\" sizes=\"(max-width: 767px) 100vw, 670px\" \/><figcaption class=\"wp-element-caption\"><em>R\u00f6mischer Aqu\u00e4dukt von Pe\u00f1a Cortada<\/em><\/figcaption><\/figure><\/div>\n\n\n<h2 class=\"wp-block-heading has-medium-font-size\"><strong>Eintauchen in die lokale Kultur von Chelva<\/strong><\/h2>\n\n\n\n<p>Aber Chelva ist nicht nur ein Ort der Geschichte und Architektur, sondern auch ein Ort, an dem die lokale Kultur und Traditionen sehr lebendig sind. Wenn Sie Chelva in der Karwoche besuchen, k\u00f6nnen Sie beeindruckende religi\u00f6se Prozessionen durch die Stra\u00dfen der Stadt erleben, begleitet von Musik und religi\u00f6ser Inbrunst.&nbsp;<\/p>\n\n\n\n<p>Am 30. April wird das Fest der \u00abLos Mayos\u00bb gefeiert. W\u00e4hrend dieses Festes tritt die \u00ab<strong>Rondalla de Benacatacera<\/strong>\u00ab, ein Musikensemble mit Saiteninstrumenten, in den Stra\u00dfen der Gemeinde auf; die tiefe Verwurzelung dieses Festes f\u00fchrt dazu, dass sich viele Nachbarn an den Feierlichkeiten beteiligen.<\/p>\n\n\n\n<p>Die Urspr\u00fcnge dieses Festes liegen darin, dass die Jugendlichen der Gemeinde nachts durch die Hauptstra\u00dfen von Chelva zogen und den Frauen \u00abLos Mayos\u00bb-Lieder vorsangen.<\/p>\n\n\n\n<p>Dar\u00fcber hinaus k\u00f6nnen Sie Chelva nicht verlassen, ohne die k\u00f6stliche lokale Gastronomie zu probieren. Von traditionellen Gerichten wie der <strong>valencianischen Paella <\/strong>bis hin zu typischen S\u00fc\u00dfspeisen wie <strong>Krapfen <\/strong>&#8211; die K\u00fcche von Chelva ist ein wahrer Genuss f\u00fcr die Sinne.<\/p>\n\n\n\n<p>Chelva ist ein Ort voller Geschichte, Kultur und nat\u00fcrlicher Sch\u00f6nheit, der niemanden gleichg\u00fcltig l\u00e4sst. Warten Sie also nicht l\u00e4nger und wagen Sie es, dieses versteckte Juwel in der Provinz <a href=\"https:\/\/www.vacalia.com\/de\/ferienhaus-valencia\" target=\"_blank\" rel=\"noreferrer noopener\">Valencia<\/a> zu entdecken.<\/p>\n\n\n<div class=\"bannerBlog\"><div class=\"new-card-houses\">\n    <div class=\"likeOut likeDivOut\" style=\"display:none\">\n        <a data-id=\"1453\" class=\"likeOut_button_red likeBtnFav\"\n            aria-label=\"Megusta Vacalia\"><\/a>\n    <\/div>\n    <figure>\n        <img loading=\"lazy\" decoding=\"async\" \n            loading=\"lazy\" width=\"301\" height=\"200\"\n            src=\"\/\/media.vacalia.com\/photo\/reformatwebpfolder\/350\/200\/1453\/thumb-middle\/1453_e951fa1d265705bbd930032f25057277.webp?v=21092023\"\n            alt=\"Portilet - Ferienhaus auf Barx\"\/>\n                                                                        <div class=\"circleDiscount\">-4%<\/div>\n                        <\/figure>\n    <p itemprop=\"address\"><i class=\"ico-marker\"><\/i>Barx, Valencia<\/p>\n    <h3 itemprop=\"name\">Portilet<\/h3>\n    <ul class=\"icon_list inline_list\">\n                              <li class=\"ico-pool\" title=\"Pool\">\n              <span itemprop=\"amenityFeature\">Pool<\/span>\n            <\/li>\n                      <li class=\"ico-airConditioning\" title=\"Klimaanlage\">\n              <span itemprop=\"amenityFeature\">Klimaanlage<\/span>\n            <\/li>\n                          <li class=\"ico-guests\" title=\"F\u00fcr 6 G\u00e4ste in Barx.\">\n          <span itemprop=\"occupancy\">6<\/span>\n        <\/li>\n    <\/ul>\n            <span class=\"price\">Ab 120\u20ac \/ Nacht<\/span>\n                <a itemprop=\"url\" class=\"anchor\" href=\"https:\/\/www.vacalia.com\/de\/villa-portilet-barx-h16296\" aria-label=\"Portilet\"><\/a>\n<\/div><div class=\"new-card-houses\">\n    <div class=\"likeOut likeDivOut\" style=\"display:none\">\n        <a data-id=\"2219\" class=\"likeOut_button_red likeBtnFav\"\n            aria-label=\"Megusta Vacalia\"><\/a>\n    <\/div>\n    <figure>\n        <img loading=\"lazy\" decoding=\"async\" \n            loading=\"lazy\" width=\"301\" height=\"200\"\n            src=\"\/\/media.vacalia.com\/photo\/reformatwebpfolder\/350\/200\/2219\/thumb-middle\/2219_83ab1aa5af2f25ce9ff8d9eed3848b0c.webp?v=21092023\"\n            alt=\"Odisea - Ferienhaus auf Urbanitzaci\u00f3 Platja de Miramar\"\/>\n                                                                        <div class=\"circleDiscount\">-6%<\/div>\n                        <\/figure>\n    <p itemprop=\"address\"><i class=\"ico-marker\"><\/i>Urbanitzaci\u00f3 Platja de Miramar, Valencia<\/p>\n    <h3 itemprop=\"name\">Odisea<\/h3>\n    <ul class=\"icon_list inline_list\">\n                              <li class=\"ico-views\" title=\"Ausblick\">\n              <span itemprop=\"amenityFeature\">Ausblick<\/span>\n            <\/li>\n                      <li class=\"ico-pets\" title=\"Haustiere\">\n              <span itemprop=\"amenityFeature\">Haustiere<\/span>\n            <\/li>\n                          <li class=\"ico-guests\" title=\"F\u00fcr 6 G\u00e4ste in Urbanitzaci\u00f3 Platja De Miramar.\">\n          <span itemprop=\"occupancy\">6<\/span>\n        <\/li>\n    <\/ul>\n            <span class=\"price\">Ab 59\u20ac \/ Nacht<\/span>\n                <a itemprop=\"url\" class=\"anchor\" href=\"https:\/\/www.vacalia.com\/de\/apartment-odisea-miramar-h19494\" aria-label=\"Odisea\"><\/a>\n<\/div><\/div>\n","protected":false},"excerpt":{"rendered":"<p>Willkommen in Chelva, einem malerischen Dorf in der Region Los Serranos, dem ersten von der UNESCO zum Biosph\u00e4renreservat erkl\u00e4rten Gebiet der Comunidad Valenciana, das auch als Alto Turia bekannt ist.&nbsp;&hellip;<\/p>\n","protected":false},"author":1,"featured_media":5061,"comment_status":"closed","ping_status":"open","sticky":false,"template":"","format":"standard","meta":{"_monsterinsights_skip_tracking":false,"_monsterinsights_sitenote_active":false,"_monsterinsights_sitenote_note":"","_monsterinsights_sitenote_category":0,"footnotes":""},"categories":[543,40,473,529],"tags":[],"class_list":["post-5066","post","type-post","status-publish","format-standard","has-post-thumbnail","hentry","category-valencia-de","category-allgemein","category-fremdenfuhrer-von-valencia","category-was-kann-man-in-valencia-sehen"],"_links":{"self":[{"href":"https:\/\/www.vacalia.com\/blog\/wp-json\/wp\/v2\/posts\/5066"}],"collection":[{"href":"https:\/\/www.vacalia.com\/blog\/wp-json\/wp\/v2\/posts"}],"about":[{"href":"https:\/\/www.vacalia.com\/blog\/wp-json\/wp\/v2\/types\/post"}],"author":[{"embeddable":true,"href":"https:\/\/www.vacalia.com\/blog\/wp-json\/wp\/v2\/users\/1"}],"replies":[{"embeddable":true,"href":"https:\/\/www.vacalia.com\/blog\/wp-json\/wp\/v2\/comments?post=5066"}],"version-history":[{"count":7,"href":"https:\/\/www.vacalia.com\/blog\/wp-json\/wp\/v2\/posts\/5066\/revisions"}],"predecessor-version":[{"id":7620,"href":"https:\/\/www.vacalia.com\/blog\/wp-json\/wp\/v2\/posts\/5066\/revisions\/7620"}],"wp:featuredmedia":[{"embeddable":true,"href":"https:\/\/www.vacalia.com\/blog\/wp-json\/wp\/v2\/media\/5061"}],"wp:attachment":[{"href":"https:\/\/www.vacalia.com\/blog\/wp-json\/wp\/v2\/media?parent=5066"}],"wp:term":[{"taxonomy":"category","embeddable":true,"href":"https:\/\/www.vacalia.com\/blog\/wp-json\/wp\/v2\/categories?post=5066"},{"taxonomy":"post_tag","embeddable":true,"href":"https:\/\/www.vacalia.com\/blog\/wp-json\/wp\/v2\/tags?post=5066"}],"curies":[{"name":"wp","href":"https:\/\/api.w.org\/{rel}","templated":true}]}}