{"id":5070,"date":"2024-03-26T12:48:31","date_gmt":"2024-03-26T11:48:31","guid":{"rendered":"https:\/\/www.vacalia.com\/blog\/?p=5070"},"modified":"2024-08-28T08:19:44","modified_gmt":"2024-08-28T06:19:44","slug":"ferias-de-primavera-en-cadiz","status":"publish","type":"post","link":"https:\/\/www.vacalia.com\/blog\/es\/ferias-de-primavera-en-cadiz\/","title":{"rendered":"Explorando las ferias de primavera en C\u00e1diz"},"content":{"rendered":"\n<p>Cuando llega la primavera, la provincia de <a href=\"https:\/\/www.vacalia.com\/es\/alquiler-vacacional-cadiz\">C\u00e1diz <\/a>se prepara para recibir con los brazos abiertos una de las festividades m\u00e1s vibrantes del a\u00f1o: las ferias de primavera. Es como si la naturaleza misma se uniera a la celebraci\u00f3n, anunciando el inicio de una temporada llena de alegr\u00eda y tradici\u00f3n.<br>Estos eventos, llenos de color y m\u00fasica, se convierten en un verdadero s\u00edmbolo de la alegr\u00eda y la hospitalidad andaluza.<\/p>\n\n\n\n<p>Entre las numerosas ferias que engalanan la regi\u00f3n, destacan cinco en particular, cada una con su propio encanto y personalidad \u00fanica. Estas celebraciones son mucho m\u00e1s que simples encuentros sociales: son una experiencia que cautiva los sentidos y deja una impresi\u00f3n imborrable en el coraz\u00f3n de quienes las visitan.<\/p>\n\n\n<div class=\"wp-block-image\">\n<figure class=\"aligncenter size-full\"><img fetchpriority=\"high\" decoding=\"async\" width=\"670\" height=\"300\" src=\"https:\/\/www.vacalia.com\/blog\/wp-content\/uploads\/2024\/03\/Ferias-de-Primavera-en-Cadiz.jpg\" alt=\"Ferias de primavera en C\u00e1diz\" class=\"wp-image-5078\" srcset=\"https:\/\/www.vacalia.com\/blog\/wp-content\/uploads\/2024\/03\/Ferias-de-Primavera-en-Cadiz.jpg 670w, https:\/\/www.vacalia.com\/blog\/wp-content\/uploads\/2024\/03\/Ferias-de-Primavera-en-Cadiz-300x134.jpg 300w\" sizes=\"(max-width: 767px) 100vw, 670px\" \/><figcaption class=\"wp-element-caption\"><em>Ferias de primavera en C\u00e1diz<\/em><\/figcaption><\/figure><\/div>\n\n\n<p>Vamos a hacer un breve recorrido por las pr\u00f3ximas ferias, destacando las particularidades de cada una. \u00a1No queremos perdernos ni un solo detalle!<\/p>\n\n\n\n<h3 class=\"wp-block-heading\"><strong>La Feria del Caballo de Jerez<\/strong><\/h3>\n\n\n\n<p>La Feria del Caballo de<a href=\"https:\/\/www.vacalia.com\/es\/jerez-de-la-frontera-cadiz-p1416\"> Jerez de la Frontera <\/a>es uno de los eventos m\u00e1s emblem\u00e1ticos de la provincia de C\u00e1diz. Celebrada durante la primera quincena de mayo, esta feria es considerada de Inter\u00e9s Tur\u00edstico Internacional.<\/p>\n\n\n\n<p>La Feria del Caballo de Jerez es un evento emblem\u00e1tico que combina tradici\u00f3n, diversi\u00f3n y la presencia de animales de pura raza. Con ra\u00edces que se remontan a 1284 como un mercado ganadero, ha evolucionado a lo largo de los siglos para convertirse en una celebraci\u00f3n internacionalmente famosa. Entre sus atracciones destacan los concursos ecuestres, las competiciones y las casetas en el parque Gonz\u00e1lez de Hontoria, que se engalanan con guirnaldas y flores. Durante esta semana festiva, se realizan diversas actividades relacionadas con el caballo, como concursos de saltos, doma y exhibiciones de ganado selecto. Por el d\u00eda, el parque se llena con jinetes, amazonas y carruajes que desfilan por las calles, mientras que, por la noche, las casetas ofrecen vino fino, productos locales y bailes de sevillanas. La feria tambi\u00e9n incluye puestos de comida, bebida, atracciones infantiles, espect\u00e1culos taurinos, concursos de sevillanas y fuegos artificiales, completando un programa lleno de diversi\u00f3n y entretenimiento para todos los asistentes.<\/p>\n\n\n\n<figure class=\"wp-block-image aligncenter size-full\"><img decoding=\"async\" width=\"670\" height=\"300\" src=\"https:\/\/www.vacalia.com\/blog\/wp-content\/uploads\/2024\/03\/feria-del-caballo-Jerez-de-la-frontera.jpg\" alt=\"Feria del Caballo de Jerez\n\" class=\"wp-image-5071\" srcset=\"https:\/\/www.vacalia.com\/blog\/wp-content\/uploads\/2024\/03\/feria-del-caballo-Jerez-de-la-frontera.jpg 670w, https:\/\/www.vacalia.com\/blog\/wp-content\/uploads\/2024\/03\/feria-del-caballo-Jerez-de-la-frontera-300x134.jpg 300w\" sizes=\"(max-width: 767px) 100vw, 670px\" \/><figcaption class=\"wp-element-caption\"><em>Feria del Caballo de Jerez<\/em><\/figcaption><\/figure>\n\n\n\n<h3 class=\"wp-block-heading\"><strong>La Feria de Los Barrios<\/strong><\/h3>\n\n\n\n<p>La Feria de Los Barrios es otra de las celebraciones m\u00e1s importantes de la primavera en la provincia de C\u00e1diz. Se celebra a mediados de mayo y destaca por su ambiente familiar y acogedor. Durante la feria, el recinto ferial se llena de atracciones, puestos de comida y bebida, y casetas donde se organizan bailes y actuaciones en vivo. Los visitantes pueden disfrutar de actividades para todas las edades, desde una gran cabalgata, hasta conciertos y espect\u00e1culos.<\/p>\n\n\n\n<p>La feria busca preservar y celebrar las tradiciones y costumbres del mundo rural, rindiendo homenaje a los trabajadores del campo y promoviendo la cultura rural en la comunidad local.<\/p>\n\n\n<div class=\"wp-block-image\">\n<figure class=\"aligncenter size-full\"><img decoding=\"async\" width=\"670\" height=\"300\" src=\"https:\/\/www.vacalia.com\/blog\/wp-content\/uploads\/2024\/03\/feria-de-los-barrios-1.jpg\" alt=\"Feria de Los Barrios\" class=\"wp-image-5073\" srcset=\"https:\/\/www.vacalia.com\/blog\/wp-content\/uploads\/2024\/03\/feria-de-los-barrios-1.jpg 670w, https:\/\/www.vacalia.com\/blog\/wp-content\/uploads\/2024\/03\/feria-de-los-barrios-1-300x134.jpg 300w\" sizes=\"(max-width: 767px) 100vw, 670px\" \/><figcaption class=\"wp-element-caption\"><em>Feria de Los Barrios<\/em><\/figcaption><\/figure><\/div>\n\n\n<h3 class=\"wp-block-heading\"><strong>La Feria de la Manzanilla<\/strong><\/h3>\n\n\n\n<p>La Feria de la Manzanilla, celebrada en Sanl\u00facar de Barrameda, es un evento anual arraigado en la tradici\u00f3n andaluza. Durante cinco d\u00edas consecutivos, que van desde un mi\u00e9rcoles hasta un domingo, la ciudad se llena de actividades culturales y tradicionales en honor al vino de manzanilla, producido exclusivamente en esta localidad. Esta festividad, que generalmente tiene lugar en la segunda quincena de mayo o la primera quincena de junio, ofrece corridas de toros, m\u00fasica, bailes flamencos y una amplia muestra de la gastronom\u00eda local. Con ra\u00edces que se remontan a eventos hist\u00f3ricos, esta feria no solo es una oportunidad para disfrutar del vino y la cultura andaluza, sino tambi\u00e9n para celebrar la identidad y el patrimonio de la ciudad. Atrae a visitantes de todas partes que vienen a deleitarse con la hospitalidad local, la m\u00fasica, la comida y, por supuesto, el exquisito vino de manzanilla que hace de Sanl\u00facar de Barrameda un destino \u00fanico en el sur de Espa\u00f1a.<\/p>\n\n\n<div class=\"wp-block-image\">\n<figure class=\"aligncenter size-full\"><img loading=\"lazy\" decoding=\"async\" width=\"670\" height=\"300\" src=\"https:\/\/www.vacalia.com\/blog\/wp-content\/uploads\/2024\/03\/feria-de-la-manzanilla.jpg\" alt=\"Feria de la Manzanilla\" class=\"wp-image-5074\" srcset=\"https:\/\/www.vacalia.com\/blog\/wp-content\/uploads\/2024\/03\/feria-de-la-manzanilla.jpg 670w, https:\/\/www.vacalia.com\/blog\/wp-content\/uploads\/2024\/03\/feria-de-la-manzanilla-300x134.jpg 300w\" sizes=\"(max-width: 767px) 100vw, 670px\" \/><figcaption class=\"wp-element-caption\"><em>Feria de la Manzanilla<\/em><\/figcaption><\/figure><\/div>\n\n\n<h3 class=\"wp-block-heading\"><strong>La Feria del Puerto de Santa Mar\u00eda<\/strong><\/h3>\n\n\n\n<p>Esta feria tambi\u00e9n se conoce popularmente como la Feria de Primavera y las Fiestas del Vino Fino, y se celebra para conmemorar los frutos que germinan y florecen y que tan importantes son para la elaboraci\u00f3n del vino Jerez-X\u00e9r\u00e8s-Sherry, con denominaci\u00f3n de origen.<br>La Feria del <a href=\"https:\/\/www.vacalia.com\/es\/el-puerto-de-santa-maria-cadiz-p1419\">Puerto de Santa Mar\u00eda<\/a> es una de las m\u00e1s antiguas de la provincia de C\u00e1diz y se celebra a finales de mayo. Conocida por su ambiente tradicional y su ubicaci\u00f3n junto al mar, esta feria atrae a miles de visitantes cada a\u00f1o. Durante la feria, el recinto ferial se llena de casetas decoradas con flores y luces, donde se organizan bailes, conciertos y actividades para todas las edades. Los visitantes pueden disfrutar de una amplia variedad de gastronom\u00eda local, incluyendo mariscos frescos, pescados fritos y vinos de la regi\u00f3n.<\/p>\n\n\n<div class=\"wp-block-image\">\n<figure class=\"aligncenter size-full\"><img loading=\"lazy\" decoding=\"async\" width=\"670\" height=\"300\" src=\"https:\/\/www.vacalia.com\/blog\/wp-content\/uploads\/2024\/03\/feria-del-puerto-de-santa-maria-1.jpg\" alt=\"Feria del Puerto de Santa Mar\u00eda\" class=\"wp-image-5076\" srcset=\"https:\/\/www.vacalia.com\/blog\/wp-content\/uploads\/2024\/03\/feria-del-puerto-de-santa-maria-1.jpg 670w, https:\/\/www.vacalia.com\/blog\/wp-content\/uploads\/2024\/03\/feria-del-puerto-de-santa-maria-1-300x134.jpg 300w\" sizes=\"(max-width: 767px) 100vw, 670px\" \/><figcaption class=\"wp-element-caption\"><em>Feria del Puerto de Santa Mar\u00eda<\/em><\/figcaption><\/figure><\/div>\n\n\n<h3 class=\"wp-block-heading\"><strong>Feria de El Colorado<\/strong><\/h3>\n\n\n\n<p>La Feria de Primavera de El Colorado es un evento emblem\u00e1tico que marca la transici\u00f3n de la primavera al verano en la regi\u00f3n. Este fest\u00edn cultural y agr\u00edcola ofrece una experiencia \u00fanica, con espect\u00e1culos a caballo, exposiciones de productos locales y maquinaria agr\u00edcola hist\u00f3rica. Adem\u00e1s de apreciar la agricultura y la ganader\u00eda, los visitantes disfrutan del ambiente festivo en las casetas, donde la m\u00fasica en vivo y la gastronom\u00eda regional crean una atm\u00f3sfera acogedora. La feria reserva momentos especiales para ni\u00f1os y la tercera edad, con actividades y entretenimiento adaptados a cada grupo. La celebraci\u00f3n culmina con una impresionante cabalgata que deja recuerdos duraderos en los corazones de los asistentes.<\/p>\n\n\n<div class=\"wp-block-image\">\n<figure class=\"aligncenter size-full\"><img loading=\"lazy\" decoding=\"async\" width=\"670\" height=\"300\" src=\"https:\/\/www.vacalia.com\/blog\/wp-content\/uploads\/2024\/03\/feria-de-el-colorado.jpg\" alt=\"Feria El Colorado\" class=\"wp-image-5077\" srcset=\"https:\/\/www.vacalia.com\/blog\/wp-content\/uploads\/2024\/03\/feria-de-el-colorado.jpg 670w, https:\/\/www.vacalia.com\/blog\/wp-content\/uploads\/2024\/03\/feria-de-el-colorado-300x134.jpg 300w\" sizes=\"(max-width: 767px) 100vw, 670px\" \/><figcaption class=\"wp-element-caption\"><em>Feria El Colorado<\/em><\/figcaption><\/figure><\/div>\n\n\n<h3 class=\"wp-block-heading\"><strong>Feria de Chiclana<\/strong><\/h3>\n\n\n\n<p>Esta feria, que suele celebrarse a mediados de junio, es una festividad arraigada en la tradici\u00f3n y muy popular en la provincia de C\u00e1diz y en toda Andaluc\u00eda.<\/p>\n\n\n\n<p>Con el paseo de caballos por el Real y los animados bailes de sevillanas en las casetas, se convierte en un evento muy concurrido y esperado por los chiclaneros. Actualmente la Feria de <a href=\"https:\/\/www.vacalia.com\/es\/chiclana-de-la-frontera-cadiz-p1254\">Chiclana <\/a>se celebra en el parque de las Albinas, un extenso recinto que adem\u00e1s es utilizado todo el a\u00f1o para otros eventos como conciertos, Ferias de Muestras, mercadillos, etc.<\/p>\n\n\n\n<p>Desde la elegancia de la Feria del Caballo en Jerez de la Frontera hasta el encanto pintoresco de la Feria de El Colorado, cada celebraci\u00f3n ofrece una experiencia \u00fanica que celebra la rica cultura y tradici\u00f3n andaluzas.<\/p>\n\n\n\n<p>Las ferias de primavera son mucho m\u00e1s que simples eventos sociales; son una oportunidad para sumergirse en la alegr\u00eda contagiosa de la vida en el sur de Espa\u00f1a. Ya sea disfrutando de un vaso de manzanilla fresca en Sanl\u00facar de Barrameda o bailando sevillanas bajo la luz de las estrellas en Los Barrios, estas celebraciones ofrecen un fest\u00edn para los sentidos y un recordatorio de la verdadera esencia de la vida andaluza.<\/p>\n\n\n<div class=\"bannerBlog\"><div class=\"new-card-houses\">\n    <div class=\"likeOut likeDivOut\" style=\"display:none\">\n        <a data-id=\"4793\" class=\"likeOut_button_red likeBtnFav\"\n            aria-label=\"Megusta Vacalia\"><\/a>\n    <\/div>\n    <figure>\n        <img loading=\"lazy\" decoding=\"async\" \n            loading=\"lazy\" width=\"301\" height=\"200\"\n            src=\"\/\/media.vacalia.com\/photo\/reformatwebpfolder\/350\/200\/4793\/thumb-middle\/4793_9c393ac05c3939e5b9db5e4b2eb76b0f.webp?v=21092023\"\n            alt=\"La redondela - Alquiler vacacional en Chiclana de la Frontera\"\/>\n                                                                        <div class=\"circleDiscount\">-8%<\/div>\n                        <\/figure>\n    <p itemprop=\"address\"><i class=\"ico-marker\"><\/i>Chiclana de la Frontera, C\u00e1diz<\/p>\n    <h3 itemprop=\"name\">La redondela<\/h3>\n    <ul class=\"icon_list inline_list\">\n                              <li class=\"ico-pool\" title=\"Piscina\">\n              <span itemprop=\"amenityFeature\">Piscina<\/span>\n            <\/li>\n                      <li class=\"ico-airConditioning\" title=\"Aire Acondicionado\">\n              <span itemprop=\"amenityFeature\">Aire Acondicionado<\/span>\n            <\/li>\n                          <li class=\"ico-guests\" title=\"Para 7 hu\u00e9spedes en Chiclana De La Frontera.\">\n          <span itemprop=\"occupancy\">7<\/span>\n        <\/li>\n    <\/ul>\n            <span class=\"price\">Desde 103\u20ac \/ noche<\/span>\n                <a itemprop=\"url\" class=\"anchor\" href=\"https:\/\/www.vacalia.com\/es\/villa-la-redondela-chiclana-de-la-frontera-h27475\" aria-label=\"La redondela\"><\/a>\n<\/div><div class=\"new-card-houses\">\n    <div class=\"likeOut likeDivOut\" style=\"display:none\">\n        <a data-id=\"4976\" class=\"likeOut_button_red likeBtnFav\"\n            aria-label=\"Megusta Vacalia\"><\/a>\n    <\/div>\n    <figure>\n        <img loading=\"lazy\" decoding=\"async\" \n            loading=\"lazy\" width=\"301\" height=\"200\"\n            src=\"\/\/media.vacalia.com\/photo\/reformatwebpfolder\/350\/200\/4976\/thumb-middle\/4976_6d2627785d18db5d469709def808f5d2.webp?v=21092023\"\n            alt=\"Las camelias - Alquiler vacacional en Chiclana de la Frontera\"\/>\n                                                                        <div class=\"circleDiscount\">-9%<\/div>\n                        <\/figure>\n    <p itemprop=\"address\"><i class=\"ico-marker\"><\/i>Chiclana de la Frontera, C\u00e1diz<\/p>\n    <h3 itemprop=\"name\">Las camelias<\/h3>\n    <ul class=\"icon_list inline_list\">\n                              <li class=\"ico-airConditioning\" title=\"Aire Acondicionado\">\n              <span itemprop=\"amenityFeature\">Aire Acondicionado<\/span>\n            <\/li>\n                      <li class=\"ico-wifi\" title=\"Wifi\">\n              <span itemprop=\"amenityFeature\">Wifi<\/span>\n            <\/li>\n                          <li class=\"ico-guests\" title=\"Para 6 hu\u00e9spedes en Chiclana De La Frontera.\">\n          <span itemprop=\"occupancy\">6<\/span>\n        <\/li>\n    <\/ul>\n            <span class=\"price\">Desde 118\u20ac \/ noche<\/span>\n                <a itemprop=\"url\" class=\"anchor\" href=\"https:\/\/www.vacalia.com\/es\/casa-vacacional-las-camelias-chiclana-de-la-frontera-h29232\" aria-label=\"Las camelias\"><\/a>\n<\/div><\/div>\n","protected":false},"excerpt":{"rendered":"<p>Cuando llega la primavera, la provincia de C\u00e1diz se prepara para recibir con los brazos abiertos una de las festividades m\u00e1s vibrantes del a\u00f1o: las ferias de primavera. Es como&hellip;<\/p>\n","protected":false},"author":1,"featured_media":5071,"comment_status":"closed","ping_status":"open","sticky":false,"template":"","format":"standard","meta":{"_monsterinsights_skip_tracking":false,"_monsterinsights_sitenote_active":false,"_monsterinsights_sitenote_note":"","_monsterinsights_sitenote_category":0,"footnotes":""},"categories":[685,735,711,1],"tags":[],"class_list":["post-5070","post","type-post","status-publish","format-standard","has-post-thumbnail","hentry","category-cadiz-es","category-que-hacer-en-cadiz","category-fiestas-y-tradiciones-de-cadiz","category-general-es"],"_links":{"self":[{"href":"https:\/\/www.vacalia.com\/blog\/wp-json\/wp\/v2\/posts\/5070"}],"collection":[{"href":"https:\/\/www.vacalia.com\/blog\/wp-json\/wp\/v2\/posts"}],"about":[{"href":"https:\/\/www.vacalia.com\/blog\/wp-json\/wp\/v2\/types\/post"}],"author":[{"embeddable":true,"href":"https:\/\/www.vacalia.com\/blog\/wp-json\/wp\/v2\/users\/1"}],"replies":[{"embeddable":true,"href":"https:\/\/www.vacalia.com\/blog\/wp-json\/wp\/v2\/comments?post=5070"}],"version-history":[{"count":3,"href":"https:\/\/www.vacalia.com\/blog\/wp-json\/wp\/v2\/posts\/5070\/revisions"}],"predecessor-version":[{"id":6156,"href":"https:\/\/www.vacalia.com\/blog\/wp-json\/wp\/v2\/posts\/5070\/revisions\/6156"}],"wp:featuredmedia":[{"embeddable":true,"href":"https:\/\/www.vacalia.com\/blog\/wp-json\/wp\/v2\/media\/5071"}],"wp:attachment":[{"href":"https:\/\/www.vacalia.com\/blog\/wp-json\/wp\/v2\/media?parent=5070"}],"wp:term":[{"taxonomy":"category","embeddable":true,"href":"https:\/\/www.vacalia.com\/blog\/wp-json\/wp\/v2\/categories?post=5070"},{"taxonomy":"post_tag","embeddable":true,"href":"https:\/\/www.vacalia.com\/blog\/wp-json\/wp\/v2\/tags?post=5070"}],"curies":[{"name":"wp","href":"https:\/\/api.w.org\/{rel}","templated":true}]}}