{"id":5107,"date":"2024-03-26T12:55:02","date_gmt":"2024-03-26T11:55:02","guid":{"rendered":"https:\/\/www.vacalia.com\/blog\/?p=5107"},"modified":"2024-08-28T08:23:42","modified_gmt":"2024-08-28T06:23:42","slug":"entdecken-sie-die-fruhlingsmessen-in-cadiz-2","status":"publish","type":"post","link":"https:\/\/www.vacalia.com\/blog\/entdecken-sie-die-fruhlingsmessen-in-cadiz-2\/","title":{"rendered":"Entdecken Sie die Fr\u00fchlingsmessen in C\u00e1diz"},"content":{"rendered":"\n<p>Wenn der Fr\u00fchling kommt, bereitet sich die Provinz <a href=\"https:\/\/www.vacalia.com\/de\/ferienhaus-cadiz\">C\u00e1diz <\/a>darauf vor, eines der lebhaftesten Feste des Jahres mit offenen Armen zu empfangen: die Fr\u00fchjahrsmessen. Es ist, als w\u00fcrde die Natur selbst mitfeiern und den Beginn einer Saison voller Freude und Traditionen einl\u00e4uten.<br>Diese farbenfrohen und musikalischen Veranstaltungen sind ein wahres Symbol der andalusischen Freude und Gastfreundschaft.<\/p>\n\n\n\n<p>Unter den zahlreichen Festen in der Region stechen f\u00fcnf besonders hervor, die alle ihren eigenen Charme und ihre eigene Pers\u00f6nlichkeit haben. Diese Feste sind viel mehr als nur gesellige Zusammenk\u00fcnfte: Sie sind ein Erlebnis, das die Sinne fesselt und einen unausl\u00f6schlichen Eindruck in den Herzen der Besucher hinterl\u00e4sst.<\/p>\n\n\n<div class=\"wp-block-image\">\n<figure class=\"aligncenter size-full\"><img fetchpriority=\"high\" decoding=\"async\" width=\"670\" height=\"300\" src=\"https:\/\/www.vacalia.com\/blog\/wp-content\/uploads\/2024\/03\/Ferias-de-Primavera-en-Cadiz-2.jpg\" alt=\"Fr\u00fchlingsmessen in C\u00e1diz\" class=\"wp-image-5093\" srcset=\"https:\/\/www.vacalia.com\/blog\/wp-content\/uploads\/2024\/03\/Ferias-de-Primavera-en-Cadiz-2.jpg 670w, https:\/\/www.vacalia.com\/blog\/wp-content\/uploads\/2024\/03\/Ferias-de-Primavera-en-Cadiz-2-300x134.jpg 300w\" sizes=\"(max-width: 767px) 100vw, 670px\" \/><figcaption class=\"wp-element-caption\"><em>Fr\u00fchlingsmessen in C\u00e1diz<\/em><\/figcaption><\/figure><\/div>\n\n\n<p>Wir werden einen kurzen Rundgang durch die kommenden Messen machen und dabei die Besonderheiten jeder einzelnen Messe hervorheben. Wir wollen kein einziges Detail verpassen!<\/p>\n\n\n\n<h3 class=\"wp-block-heading\"><strong>Die Pferdemesse von Jerez<\/strong><\/h3>\n\n\n\n<p>Die Pferdemesse von <a href=\"https:\/\/www.vacalia.com\/de\/jerez-de-la-frontera-cadiz-p1416\">Jerez de la Frontera<\/a> ist eine der bedeutendsten Veranstaltungen in der Provinz C\u00e1diz. Sie findet in den ersten zwei Wochen des Monats Mai statt und gilt als Messe von internationalem touristischem Interesse.<\/p>\n\n\n\n<p>Die Pferdemesse von Jerez ist eine symboltr\u00e4chtige Veranstaltung, die Tradition, Vergn\u00fcgen und die Anwesenheit von reinrassigen Tieren miteinander verbindet. Die Urspr\u00fcnge gehen auf das Jahr 1284 als Viehmarkt zur\u00fcck und haben sich im Laufe der Jahrhunderte zu einem international bekannten Fest entwickelt. Zu den Attraktionen geh\u00f6ren Reitwettbewerbe, Wettk\u00e4mpfe und die mit Girlanden und Blumen geschm\u00fcckten St\u00e4nde im Park Gonz\u00e1lez de Hontoria. W\u00e4hrend dieser Festwoche finden verschiedene Aktivit\u00e4ten rund ums Pferd statt, wie Spring- und Dressurwettbewerbe und Ausstellungen ausgew\u00e4hlter Tiere. Tags\u00fcber wird der Park von Reitern, Reiterinnen und Kutschen bev\u00f6lkert, die durch die Stra\u00dfen ziehen, w\u00e4hrend abends an den St\u00e4nden edle Weine, lokale Produkte und Sevillanas-T\u00e4nze angeboten werden. Au\u00dferdem gibt es Essens- und Getr\u00e4nkest\u00e4nde, Kinderfahrgesch\u00e4fte, Stierkampfvorf\u00fchrungen, Sevillanas-Wettbewerbe und ein Feuerwerk, die das Programm abrunden und allen Besuchern viel Spa\u00df und Unterhaltung bieten.<\/p>\n\n\n<div class=\"wp-block-image\">\n<figure class=\"aligncenter size-full\"><img decoding=\"async\" width=\"670\" height=\"300\" src=\"https:\/\/www.vacalia.com\/blog\/wp-content\/uploads\/2024\/03\/feria-del-caballo-Jerez-de-la-frontera-3.jpg\" alt=\"Pferdemesse von Jerez\" class=\"wp-image-5094\" srcset=\"https:\/\/www.vacalia.com\/blog\/wp-content\/uploads\/2024\/03\/feria-del-caballo-Jerez-de-la-frontera-3.jpg 670w, https:\/\/www.vacalia.com\/blog\/wp-content\/uploads\/2024\/03\/feria-del-caballo-Jerez-de-la-frontera-3-300x134.jpg 300w\" sizes=\"(max-width: 767px) 100vw, 670px\" \/><figcaption class=\"wp-element-caption\"><em>Pferdemesse von Jerez<\/em><\/figcaption><\/figure><\/div>\n\n\n<h3 class=\"wp-block-heading\"><strong>Messe Los Barrios<\/strong><\/h3>\n\n\n\n<p>Die Messe von Los Barrios ist eines der wichtigsten Fr\u00fchlingsfeste in der Provinz C\u00e1diz. Sie findet Mitte Mai statt und zeichnet sich durch ihre freundliche, famili\u00e4re Atmosph\u00e4re aus. W\u00e4hrend der Messe ist der Festplatz mit Fahrgesch\u00e4ften, Essens- und Getr\u00e4nkest\u00e4nden sowie St\u00e4nden, an denen T\u00e4nze und Live-Auftritte organisiert werden, gef\u00fcllt. Die Besucher k\u00f6nnen Aktivit\u00e4ten f\u00fcr alle Altersgruppen genie\u00dfen, von einer gro\u00dfen Parade bis hin zu Konzerten und Shows.<\/p>\n\n\n\n<p>Ziel der Messe ist es, die Traditionen und Br\u00e4uche des l\u00e4ndlichen Raums zu bewahren und zu feiern, die Arbeiter auf dem Lande zu ehren und die l\u00e4ndliche Kultur in der lokalen Gemeinschaft zu f\u00f6rdern.<\/p>\n\n\n<div class=\"wp-block-image\">\n<figure class=\"aligncenter size-full\"><img decoding=\"async\" width=\"670\" height=\"300\" src=\"https:\/\/www.vacalia.com\/blog\/wp-content\/uploads\/2024\/03\/feria-de-los-barrios-3.jpg\" alt=\"Messe Los Barrios\" class=\"wp-image-5095\" srcset=\"https:\/\/www.vacalia.com\/blog\/wp-content\/uploads\/2024\/03\/feria-de-los-barrios-3.jpg 670w, https:\/\/www.vacalia.com\/blog\/wp-content\/uploads\/2024\/03\/feria-de-los-barrios-3-300x134.jpg 300w\" sizes=\"(max-width: 767px) 100vw, 670px\" \/><figcaption class=\"wp-element-caption\"><em>Messe Los Barrios<\/em><\/figcaption><\/figure><\/div>\n\n\n<h3 class=\"wp-block-heading\"><strong>Die Manzanilla-Messe<\/strong><\/h3>\n\n\n\n<p>Die Manzanilla-Messe in Sanl\u00facar de Barrameda ist eine j\u00e4hrliche Veranstaltung, die in der andalusischen Tradition verwurzelt ist. An f\u00fcnf aufeinanderfolgenden Tagen, von Mittwoch bis Sonntag, ist die Stadt mit kulturellen und traditionellen Aktivit\u00e4ten zu Ehren des Manzanilla-Weins gef\u00fcllt, der ausschlie\u00dflich in dieser Stadt hergestellt wird. Bei diesem Fest, das in der Regel in der zweiten Maih\u00e4lfte oder in der ersten Junih\u00e4lfte stattfindet, gibt es Stierk\u00e4mpfe, Musik, Flamenco-T\u00e4nze und ein breites Angebot an lokaler Gastronomie. Dieses Fest, dessen Wurzeln auf historische Ereignisse zur\u00fcckgehen, ist nicht nur eine Gelegenheit, Wein und andalusische Kultur zu genie\u00dfen, sondern auch die Identit\u00e4t und das Erbe der Stadt zu feiern. Sie zieht Besucher aus nah und fern an, die sich an der lokalen Gastfreundschaft, der Musik, dem Essen und nat\u00fcrlich dem exquisiten Manzanilla-Wein erfreuen, der Sanl\u00facar de Barrameda zu einem einzigartigen Ziel in S\u00fcdspanien macht.<\/p>\n\n\n<div class=\"wp-block-image\">\n<figure class=\"aligncenter size-full\"><img loading=\"lazy\" decoding=\"async\" width=\"670\" height=\"300\" src=\"https:\/\/www.vacalia.com\/blog\/wp-content\/uploads\/2024\/03\/feria-de-la-manzanilla-2.jpg\" alt=\"Manzanilla-Messe\" class=\"wp-image-5096\" srcset=\"https:\/\/www.vacalia.com\/blog\/wp-content\/uploads\/2024\/03\/feria-de-la-manzanilla-2.jpg 670w, https:\/\/www.vacalia.com\/blog\/wp-content\/uploads\/2024\/03\/feria-de-la-manzanilla-2-300x134.jpg 300w\" sizes=\"(max-width: 767px) 100vw, 670px\" \/><figcaption class=\"wp-element-caption\"><em>Manzanilla-Messe<\/em><\/figcaption><\/figure><\/div>\n\n\n<h3 class=\"wp-block-heading\"><strong>Die Messe von Puerto de Santa Mar\u00eda<\/strong><\/h3>\n\n\n\n<p>Diese Messe ist im Volksmund auch als Fr\u00fchlingsmesse und Fiestas del Vino Fino bekannt. Sie wird zu Ehren der keimenden und bl\u00fchenden Fr\u00fcchte abgehalten, die f\u00fcr die Herstellung des Weins mit der Ursprungsbezeichnung Jerez-X\u00e9r\u00e8s-Sherry so wichtig sind.<br>Die Feria del <a href=\"https:\/\/www.vacalia.com\/de\/el-puerto-de-santa-maria-cadiz-p1419\">Puerto de Santa Mar\u00eda<\/a> ist eine der \u00e4ltesten Messen in der Provinz C\u00e1diz und findet Ende Mai statt. Sie ist f\u00fcr ihre traditionelle Atmosph\u00e4re und ihre Lage am Meer bekannt und zieht jedes Jahr Tausende von Besuchern an. W\u00e4hrend der Messe ist das Festgel\u00e4nde mit blumen- und lichtergeschm\u00fcckten St\u00e4nden gef\u00fcllt, wo T\u00e4nze, Konzerte und Aktivit\u00e4ten f\u00fcr alle Altersgruppen organisiert werden. Die Besucher k\u00f6nnen ein breites Angebot an lokaler Gastronomie genie\u00dfen, darunter frische Meeresfr\u00fcchte, gebratenen Fisch und Weine aus der Region.<\/p>\n\n\n<div class=\"wp-block-image\">\n<figure class=\"aligncenter size-full\"><img loading=\"lazy\" decoding=\"async\" width=\"670\" height=\"300\" src=\"https:\/\/www.vacalia.com\/blog\/wp-content\/uploads\/2024\/03\/feria-del-puerto-de-santa-maria-4.jpg\" alt=\"Messe von Puerto de Santa Mar\u00eda\" class=\"wp-image-5098\" srcset=\"https:\/\/www.vacalia.com\/blog\/wp-content\/uploads\/2024\/03\/feria-del-puerto-de-santa-maria-4.jpg 670w, https:\/\/www.vacalia.com\/blog\/wp-content\/uploads\/2024\/03\/feria-del-puerto-de-santa-maria-4-300x134.jpg 300w\" sizes=\"(max-width: 767px) 100vw, 670px\" \/><figcaption class=\"wp-element-caption\"><em>Messe von Puerto de Santa Mar\u00eda<\/em><\/figcaption><\/figure><\/div>\n\n\n<h3 class=\"wp-block-heading\"><strong>El Colorado Messe<\/strong><\/h3>\n\n\n\n<p>Die Fr\u00fchlingsmesse von El Colorado ist eine ikonische Veranstaltung, die den \u00dcbergang vom Fr\u00fchling zum Sommer in der Region markiert. Dieses kulturelle und landwirtschaftliche Fest bietet ein einzigartiges Erlebnis mit Pferdevorf\u00fchrungen, Ausstellungen lokaler Produkte und historischen Landmaschinen. Die Besucher k\u00f6nnen nicht nur Landwirtschaft und Viehzucht bewundern, sondern auch die festliche Atmosph\u00e4re in den St\u00e4nden genie\u00dfen, wo Live-Musik und regionale Gastronomie f\u00fcr eine gem\u00fctliche Atmosph\u00e4re sorgen. Die Messe bietet besondere Momente f\u00fcr Kinder und Senioren, mit Aktivit\u00e4ten und Unterhaltung, die auf jede Gruppe zugeschnitten sind. Das Fest gipfelt in einem beeindruckenden Festumzug, der in den Herzen der Teilnehmer bleibende Erinnerungen hinterl\u00e4sst.<\/p>\n\n\n<div class=\"wp-block-image\">\n<figure class=\"aligncenter size-full\"><img loading=\"lazy\" decoding=\"async\" width=\"670\" height=\"300\" src=\"https:\/\/www.vacalia.com\/blog\/wp-content\/uploads\/2024\/03\/feria-de-el-colorado-2.jpg\" alt=\"El Colorado Messe\" class=\"wp-image-5099\" srcset=\"https:\/\/www.vacalia.com\/blog\/wp-content\/uploads\/2024\/03\/feria-de-el-colorado-2.jpg 670w, https:\/\/www.vacalia.com\/blog\/wp-content\/uploads\/2024\/03\/feria-de-el-colorado-2-300x134.jpg 300w\" sizes=\"(max-width: 767px) 100vw, 670px\" \/><figcaption class=\"wp-element-caption\"><em>El Colorado Messe<\/em><\/figcaption><\/figure><\/div>\n\n\n<h3 class=\"wp-block-heading\"><strong>Messe Chiclana<\/strong><\/h3>\n\n\n\n<p>Dieses Fest, das in der Regel Mitte Juni stattfindet, ist ein traditionsreiches Fest, das in der Provinz C\u00e1diz und in ganz Andalusien sehr beliebt ist.<\/p>\n\n\n\n<p>Mit der Pferdeparade durch den Real und den lebhaften Sevillanas-T\u00e4nzen in den \u00abcasetas\u00bb wird sie zu einem sehr beliebten und von den Einwohnern von Chiclana mit Spannung erwarteten Ereignis. Heutzutage findet die Messe von <a href=\"https:\/\/www.vacalia.com\/de\/chiclana-de-la-frontera-cadiz-p1254\">Chiclana <\/a>im Albinas-Park statt, einem weitl\u00e4ufigen Gel\u00e4nde, das das ganze Jahr \u00fcber auch f\u00fcr andere Veranstaltungen wie Konzerte, Messen, M\u00e4rkte usw. genutzt wird.<\/p>\n\n\n\n<p>Von der Eleganz der Feria del Caballo in Jerez de la Frontera bis zum malerischen Charme der Feria de El Colorado bietet jedes Fest ein einzigartiges Erlebnis, bei dem die reiche andalusische Kultur und Tradition gefeiert wird.<\/p>\n\n\n\n<p>Fr\u00fchlingsfeste sind viel mehr als nur gesellschaftliche Ereignisse; sie sind eine Gelegenheit, in die ansteckende Lebensfreude S\u00fcdspaniens einzutauchen. Ob bei einem Glas frischer Manzanilla in Sanl\u00facar de Barrameda oder beim Sevillanas-Tanz unter dem Sternenhimmel in Los Barrios &#8211; diese Feste sind ein Fest f\u00fcr die Sinne und eine Erinnerung an die wahre Essenz des andalusischen Lebens.<\/p>\n\n\n<div class=\"bannerBlog\"><div class=\"new-card-houses\">\n    <div class=\"likeOut likeDivOut\" style=\"display:none\">\n        <a data-id=\"4502\" class=\"likeOut_button_red likeBtnFav\"\n            aria-label=\"Megusta Vacalia\"><\/a>\n    <\/div>\n    <figure>\n        <img loading=\"lazy\" decoding=\"async\" \n            loading=\"lazy\" width=\"301\" height=\"200\"\n            src=\"\/\/media.vacalia.com\/photo\/reformatwebpfolder\/350\/200\/4502\/thumb-middle\/4502_ecc3d5d69c231f08ab93a4d17460cdd6.webp?v=21092023\"\n            alt=\"Casa sarco - Ferienhaus auf San Fernando\"\/>\n                                                                        <div class=\"circleDiscount\">-7%<\/div>\n                        <\/figure>\n    <p itemprop=\"address\"><i class=\"ico-marker\"><\/i>San Fernando, C\u00e1diz<\/p>\n    <h3 itemprop=\"name\">Casa sarco<\/h3>\n    <ul class=\"icon_list inline_list\">\n                              <li class=\"ico-airConditioning\" title=\"Klimaanlage\">\n              <span itemprop=\"amenityFeature\">Klimaanlage<\/span>\n            <\/li>\n                      <li class=\"ico-wifi\" title=\"Wifi\">\n              <span itemprop=\"amenityFeature\">Wifi<\/span>\n            <\/li>\n                          <li class=\"ico-guests\" title=\"F\u00fcr 4+2   G\u00e4ste in San Fernando.\">\n          <span itemprop=\"occupancy\">4+2  <\/span>\n        <\/li>\n    <\/ul>\n            <span class=\"price\">Ab 96\u20ac \/ Nacht<\/span>\n                <a itemprop=\"url\" class=\"anchor\" href=\"https:\/\/www.vacalia.com\/de\/apartment-casa-sarco-san-fernando-h26278\" aria-label=\"Casa sarco\"><\/a>\n<\/div><div class=\"new-card-houses\">\n    <div class=\"likeOut likeDivOut\" style=\"display:none\">\n        <a data-id=\"3780\" class=\"likeOut_button_red likeBtnFav\"\n            aria-label=\"Megusta Vacalia\"><\/a>\n    <\/div>\n    <figure>\n        <img loading=\"lazy\" decoding=\"async\" \n            loading=\"lazy\" width=\"301\" height=\"200\"\n            src=\"\/\/media.vacalia.com\/photo\/reformatwebpfolder\/350\/200\/3780\/thumb-middle\/3780_785872df1c9c6412487b1a281018f9cc.webp?v=21092023\"\n            alt=\"Atico costa do\u00f1ana - Ferienhaus auf Sanl\u00facar de Barrameda\"\/>\n                                                                        <div class=\"circleDiscount\">-15%<\/div>\n                        <\/figure>\n    <p itemprop=\"address\"><i class=\"ico-marker\"><\/i>Sanl\u00facar de Barrameda, C\u00e1diz<\/p>\n    <h3 itemprop=\"name\">Atico costa do\u00f1ana<\/h3>\n    <ul class=\"icon_list inline_list\">\n                              <li class=\"ico-airConditioning\" title=\"Klimaanlage\">\n              <span itemprop=\"amenityFeature\">Klimaanlage<\/span>\n            <\/li>\n                      <li class=\"ico-wifi\" title=\"Wifi\">\n              <span itemprop=\"amenityFeature\">Wifi<\/span>\n            <\/li>\n                      <li class=\"ico-views\" title=\"Ausblick\">\n              <span itemprop=\"amenityFeature\">Ausblick<\/span>\n            <\/li>\n                          <li class=\"ico-guests\" title=\"F\u00fcr 4+2   G\u00e4ste in Sanl\u00facar De Barrameda.\">\n          <span itemprop=\"occupancy\">4+2  <\/span>\n        <\/li>\n    <\/ul>\n            <span class=\"price\">Ab 122\u20ac \/ Nacht<\/span>\n                <a itemprop=\"url\" class=\"anchor\" href=\"https:\/\/www.vacalia.com\/de\/apartment-atico-costa-donana-sanlucar-de-barrameda-h25022\" aria-label=\"Atico costa do\u00f1ana\"><\/a>\n<\/div><\/div>\n","protected":false},"excerpt":{"rendered":"<p>Wenn der Fr\u00fchling kommt, bereitet sich die Provinz C\u00e1diz darauf vor, eines der lebhaftesten Feste des Jahres mit offenen Armen zu empfangen: die Fr\u00fchjahrsmessen. Es ist, als w\u00fcrde die Natur&hellip;<\/p>\n","protected":false},"author":1,"featured_media":5071,"comment_status":"closed","ping_status":"open","sticky":false,"template":"","format":"standard","meta":{"_monsterinsights_skip_tracking":false,"_monsterinsights_sitenote_active":false,"_monsterinsights_sitenote_note":"","_monsterinsights_sitenote_category":0,"footnotes":""},"categories":[689,40,715,739],"tags":[],"class_list":["post-5107","post","type-post","status-publish","format-standard","has-post-thumbnail","hentry","category-cadiz-de","category-allgemein","category-feste-und-traditionen-in-cadiz","category-was-kann-man-in-cadiz-machen"],"_links":{"self":[{"href":"https:\/\/www.vacalia.com\/blog\/wp-json\/wp\/v2\/posts\/5107"}],"collection":[{"href":"https:\/\/www.vacalia.com\/blog\/wp-json\/wp\/v2\/posts"}],"about":[{"href":"https:\/\/www.vacalia.com\/blog\/wp-json\/wp\/v2\/types\/post"}],"author":[{"embeddable":true,"href":"https:\/\/www.vacalia.com\/blog\/wp-json\/wp\/v2\/users\/1"}],"replies":[{"embeddable":true,"href":"https:\/\/www.vacalia.com\/blog\/wp-json\/wp\/v2\/comments?post=5107"}],"version-history":[{"count":4,"href":"https:\/\/www.vacalia.com\/blog\/wp-json\/wp\/v2\/posts\/5107\/revisions"}],"predecessor-version":[{"id":6158,"href":"https:\/\/www.vacalia.com\/blog\/wp-json\/wp\/v2\/posts\/5107\/revisions\/6158"}],"wp:featuredmedia":[{"embeddable":true,"href":"https:\/\/www.vacalia.com\/blog\/wp-json\/wp\/v2\/media\/5071"}],"wp:attachment":[{"href":"https:\/\/www.vacalia.com\/blog\/wp-json\/wp\/v2\/media?parent=5107"}],"wp:term":[{"taxonomy":"category","embeddable":true,"href":"https:\/\/www.vacalia.com\/blog\/wp-json\/wp\/v2\/categories?post=5107"},{"taxonomy":"post_tag","embeddable":true,"href":"https:\/\/www.vacalia.com\/blog\/wp-json\/wp\/v2\/tags?post=5107"}],"curies":[{"name":"wp","href":"https:\/\/api.w.org\/{rel}","templated":true}]}}