{"id":5122,"date":"2024-04-08T09:12:02","date_gmt":"2024-04-08T07:12:02","guid":{"rendered":"https:\/\/www.vacalia.com\/blog\/?p=5122"},"modified":"2025-07-08T10:03:27","modified_gmt":"2025-07-08T08:03:27","slug":"10-impressive-castles-by-the-mediterranean-sea","status":"publish","type":"post","link":"https:\/\/www.vacalia.com\/blog\/en\/10-impressive-castles-by-the-mediterranean-sea\/","title":{"rendered":"The 10 most impressive castles by the Mediterranean Sea"},"content":{"rendered":"\n<p>Immerse yourself in a journey through time as you discover the fascinating history and architectural majesty of ten impressive castles that stand on the shores of the Mediterranean Sea. From imposing fortresses guarding cities to elegant royal residences dominating the landscape, these castles bear witness to centuries of history and culture in Spain. Each tells a unique story that deserves to be discovered, and we invite you to find with us for accommodation in these Mediterranean destinations.<\/p>\n\n\n\n<h2 class=\"wp-block-heading has-medium-font-size\"><strong><a href=\"https:\/\/www.vacalia.com\/en\/castillo-de-santa-barbara-p1543\" target=\"_blank\" rel=\"noreferrer noopener\">Santa Barbara Castle<\/a> &#8211; Alicante:<\/strong><\/h2>\n\n\n\n<p>Located at the top of the Benacantil mountain, it is a rocky mass of 167 m high, with an enormous strategic value since from it you can see the whole bay of Alicante and its surroundings. For centuries, it has witnessed numerous historical events, including the Muslim occupation and the Christian Reconquest. With three fortified enclosures, it also has lifts to go up to the castle illo. Archaeological remains from the Bronze Age, Iberian and Roman times have been found on its slopes.<\/p>\n\n\n<div class=\"wp-block-image\">\n<figure class=\"aligncenter size-full\"><img fetchpriority=\"high\" decoding=\"async\" width=\"670\" height=\"300\" src=\"https:\/\/www.vacalia.com\/blog\/wp-content\/uploads\/2024\/04\/castillo-de-santa-barbara.jpg\" alt=\"Santa B\u00e1rbara Castle, Alicante\" class=\"wp-image-5117\" srcset=\"https:\/\/www.vacalia.com\/blog\/wp-content\/uploads\/2024\/04\/castillo-de-santa-barbara.jpg 670w, https:\/\/www.vacalia.com\/blog\/wp-content\/uploads\/2024\/04\/castillo-de-santa-barbara-300x134.jpg 300w\" sizes=\"(max-width: 767px) 100vw, 670px\" \/><figcaption class=\"wp-element-caption\"><em>Santa B\u00e1rbara Castle, Alicante<\/em><\/figcaption><\/figure><\/div>\n\n<div class=\"bannerBlog\"><div class=\"new-card-houses\">\n    <div class=\"likeOut likeDivOut\" style=\"display:none\">\n        <a data-id=\"2838\" class=\"likeOut_button_red likeBtnFav\"\n            aria-label=\"Megusta Vacalia\"><\/a>\n    <\/div>\n    <figure>\n        <img loading=\"lazy\" decoding=\"async\" \n            loading=\"lazy\" width=\"301\" height=\"200\"\n            src=\"\/\/media.vacalia.com\/photo\/reformatwebpfolder\/350\/200\/2838\/thumb-middle\/2838_06c902e5155c905c9c7ca2e45a53fefd.webp?v=21092023\"\n            alt=\"Frederic - Holiday rentals in X\u00e0bia\/J\u00e1vea\"\/>\n                                                                        <div class=\"circleDiscount\">-8%<\/div>\n                        <\/figure>\n    <p itemprop=\"address\"><i class=\"ico-marker\"><\/i>X\u00e0bia\/J\u00e1vea, Alicante<\/p>\n    <h3 itemprop=\"name\">Frederic<\/h3>\n    <ul class=\"icon_list inline_list\">\n                              <li class=\"ico-pool\" title=\"Pool\">\n              <span itemprop=\"amenityFeature\">Pool<\/span>\n            <\/li>\n                      <li class=\"ico-wifi\" title=\"Wifi\">\n              <span itemprop=\"amenityFeature\">Wifi<\/span>\n            <\/li>\n                          <li class=\"ico-guests\" title=\"For 6 guests in X\u00e0bia\/j\u00e1vea.\">\n          <span itemprop=\"occupancy\">6<\/span>\n        <\/li>\n    <\/ul>\n            <span class=\"price\">From 100\u20ac \/ night<\/span>\n                <a itemprop=\"url\" class=\"anchor\" href=\"https:\/\/www.vacalia.com\/en\/villa-frederic-xabia-javea-h19852\" aria-label=\"Frederic\"><\/a>\n<\/div><div class=\"new-card-houses\">\n    <div class=\"likeOut likeDivOut\" style=\"display:none\">\n        <a data-id=\"3259\" class=\"likeOut_button_red likeBtnFav\"\n            aria-label=\"Megusta Vacalia\"><\/a>\n    <\/div>\n    <figure>\n        <img loading=\"lazy\" decoding=\"async\" \n            loading=\"lazy\" width=\"301\" height=\"200\"\n            src=\"\/\/media.vacalia.com\/photo\/reformatwebpfolder\/350\/200\/3259\/thumb-middle\/3259_c04f4bc50d7feb05cd12832d2286b9b6.webp?v=21092023\"\n            alt=\"Casa lea - Holiday rentals in Alcalal\u00ed\"\/>\n                                                                        <div class=\"circleDiscount\">-2%<\/div>\n                        <\/figure>\n    <p itemprop=\"address\"><i class=\"ico-marker\"><\/i>Alcalal\u00ed, Alicante<\/p>\n    <h3 itemprop=\"name\">Casa lea<\/h3>\n    <ul class=\"icon_list inline_list\">\n                              <li class=\"ico-pool\" title=\"Pool\">\n              <span itemprop=\"amenityFeature\">Pool<\/span>\n            <\/li>\n                      <li class=\"ico-airConditioning\" title=\"Air conditioning\">\n              <span itemprop=\"amenityFeature\">Air conditioning<\/span>\n            <\/li>\n                      <li class=\"ico-wifi\" title=\"Wifi\">\n              <span itemprop=\"amenityFeature\">Wifi<\/span>\n            <\/li>\n                      <li class=\"ico-pets\" title=\"Pets\">\n              <span itemprop=\"amenityFeature\">Pets<\/span>\n            <\/li>\n                          <li class=\"ico-guests\" title=\"For 5 guests in Alcalal\u00ed.\">\n          <span itemprop=\"occupancy\">5<\/span>\n        <\/li>\n    <\/ul>\n            <span class=\"price\">From 209\u20ac \/ night<\/span>\n                <a itemprop=\"url\" class=\"anchor\" href=\"https:\/\/www.vacalia.com\/en\/villa-casa-lea-alcalali-h23048\" aria-label=\"Casa lea\"><\/a>\n<\/div><\/div>\n\n\n\n<h2 class=\"wp-block-heading has-medium-font-size\"><strong>Pe\u00f1\u00edscola Castle &#8211; Castell\u00f3n:<\/strong><\/h2>\n\n\n\n<p>Located in the picturesque town of Pe\u00f1\u00edscola, Pe\u00f1\u00edscola Castle stands majestically on a rocky promontory, offering breathtaking views of the town and harbour. The Templars built this Romanesque structure on the remains of the old Arab citadel between 1294 and 1307. Its pentagonal plan is unique in Spain and its fortified structure is an outstanding example of medieval architecture. In addition to serving as a papal seat during the Great Western Schism in the 15th century, the castle has been the scene of numerous historical events over the centuries.<\/p>\n\n\n<div class=\"wp-block-image\">\n<figure class=\"aligncenter size-full\"><img decoding=\"async\" width=\"670\" height=\"300\" src=\"https:\/\/www.vacalia.com\/blog\/wp-content\/uploads\/2024\/04\/castillo-de-peniscola.jpg\" alt=\"Pe\u00f1\u00edscola Castle, Castell\u00f3n\" class=\"wp-image-5115\" srcset=\"https:\/\/www.vacalia.com\/blog\/wp-content\/uploads\/2024\/04\/castillo-de-peniscola.jpg 670w, https:\/\/www.vacalia.com\/blog\/wp-content\/uploads\/2024\/04\/castillo-de-peniscola-300x134.jpg 300w\" sizes=\"(max-width: 767px) 100vw, 670px\" \/><figcaption class=\"wp-element-caption\"><em>Pe\u00f1\u00edscola Castle, Castell\u00f3n<\/em><\/figcaption><\/figure><\/div>\n\n\n<h2 class=\"wp-block-heading has-medium-font-size\"><strong>Tamarit Castle &#8211; Tarragona:<\/strong><\/h2>\n\n\n\n<p>Located in the town of Tamarit, a few kilometres south of Tarragona, Tamarit Castle dates back to the 11th century and was built as a defensive fortress to protect the coast from pirate attacks. Although much of the castle is in ruins, it still retains its original structure and historical charm. Situated on a cliff overlooking the sea, it offers panoramic views of the Mediterranean coastline that captivate visitors, making it a fascinating destination for lovers of history and architecture.<\/p>\n\n\n<div class=\"wp-block-image\">\n<figure class=\"aligncenter size-full\"><img decoding=\"async\" width=\"670\" height=\"300\" src=\"https:\/\/www.vacalia.com\/blog\/wp-content\/uploads\/2024\/04\/castillo-de-tamarit.jpg\" alt=\"Tamarit Castle, Tarragona\" class=\"wp-image-5118\" srcset=\"https:\/\/www.vacalia.com\/blog\/wp-content\/uploads\/2024\/04\/castillo-de-tamarit.jpg 670w, https:\/\/www.vacalia.com\/blog\/wp-content\/uploads\/2024\/04\/castillo-de-tamarit-300x134.jpg 300w\" sizes=\"(max-width: 767px) 100vw, 670px\" \/><figcaption class=\"wp-element-caption\"><em>Tamarit <em>Castle<\/em>, Tarragona<\/em><\/figcaption><\/figure><\/div>\n\n\n<h2 class=\"wp-block-heading has-medium-font-size\"><strong>Denia Castle &#8211; <a href=\"https:\/\/www.vacalia.com\/en\/alicante-p1234\" target=\"_blank\" rel=\"noreferrer noopener\">Alicante<\/a>:<\/strong><\/h2>\n\n\n\n<p>Built in the 11th century by the Arabs, Denia Castle stands on a hill and served as a fortress during the time of Mediterranean piracy.&nbsp;<\/p>\n\n\n\n<p>It was the scene of numerous battles throughout history, and today travellers can explore its various rooms, such as the parlour of arms and keep, while immersing themselves in the rich history of the region. In addition to its military importance, the castle has also been an important cultural and social centre over the centuries, attracting visitors from all over the world with its impressive architecture and fascinating history.<\/p>\n\n\n<div class=\"wp-block-image\">\n<figure class=\"aligncenter size-full is-resized\"><img loading=\"lazy\" decoding=\"async\" width=\"670\" height=\"300\" src=\"https:\/\/www.vacalia.com\/blog\/wp-content\/uploads\/2024\/04\/castillo-de-denia.jpg\" alt=\"Denia Castle, Alicante\" class=\"wp-image-5114\" style=\"width:670px;height:300px\" srcset=\"https:\/\/www.vacalia.com\/blog\/wp-content\/uploads\/2024\/04\/castillo-de-denia.jpg 670w, https:\/\/www.vacalia.com\/blog\/wp-content\/uploads\/2024\/04\/castillo-de-denia-300x134.jpg 300w\" sizes=\"(max-width: 767px) 100vw, 670px\" \/><figcaption class=\"wp-element-caption\"><em>Denia <em><em>Castle<\/em><\/em>, Alicante<\/em><\/figcaption><\/figure><\/div>\n\n\n<h2 class=\"wp-block-heading has-medium-font-size\"><strong>X\u00e0tiva Castle &#8211; <a href=\"https:\/\/www.vacalia.com\/en\/valencia-p1232\" target=\"_blank\" rel=\"noreferrer noopener\">Valencia<\/a>:<\/strong><\/h2>\n\n\n\n<p>The castle is a double fortress located on the Vernisa mountain range above the city of X\u00e0tiva. With a history dating back to Iberian times, this castle has witnessed important battles during the Reconquest, becoming a symbol of resistance and strength over the centuries. Its walls, towers and well-preserved defensive system bear witness to its strategic importance in the region.<\/p>\n\n\n<div class=\"wp-block-image\">\n<figure class=\"aligncenter size-full\"><img loading=\"lazy\" decoding=\"async\" width=\"670\" height=\"300\" src=\"https:\/\/www.vacalia.com\/blog\/wp-content\/uploads\/2024\/04\/castillo-de-xativa.jpg\" alt=\"X\u00e0tiva Castle, Valencia\" class=\"wp-image-5120\" srcset=\"https:\/\/www.vacalia.com\/blog\/wp-content\/uploads\/2024\/04\/castillo-de-xativa.jpg 670w, https:\/\/www.vacalia.com\/blog\/wp-content\/uploads\/2024\/04\/castillo-de-xativa-300x134.jpg 300w\" sizes=\"(max-width: 767px) 100vw, 670px\" \/><figcaption class=\"wp-element-caption\"><em>X\u00e0tiva Castle, Valencia<\/em><\/figcaption><\/figure><\/div>\n\n<div class=\"bannerBlog\"><div class=\"new-card-houses\">\n    <div class=\"likeOut likeDivOut\" style=\"display:none\">\n        <a data-id=\"1453\" class=\"likeOut_button_red likeBtnFav\"\n            aria-label=\"Megusta Vacalia\"><\/a>\n    <\/div>\n    <figure>\n        <img loading=\"lazy\" decoding=\"async\" \n            loading=\"lazy\" width=\"301\" height=\"200\"\n            src=\"\/\/media.vacalia.com\/photo\/reformatwebpfolder\/350\/200\/1453\/thumb-middle\/1453_e951fa1d265705bbd930032f25057277.webp?v=21092023\"\n            alt=\"Portilet - Holiday rentals in Barx\"\/>\n                                                                        <div class=\"circleDiscount\">-4%<\/div>\n                        <\/figure>\n    <p itemprop=\"address\"><i class=\"ico-marker\"><\/i>Barx, Valencia<\/p>\n    <h3 itemprop=\"name\">Portilet<\/h3>\n    <ul class=\"icon_list inline_list\">\n                              <li class=\"ico-pool\" title=\"Pool\">\n              <span itemprop=\"amenityFeature\">Pool<\/span>\n            <\/li>\n                      <li class=\"ico-airConditioning\" title=\"Air conditioning\">\n              <span itemprop=\"amenityFeature\">Air conditioning<\/span>\n            <\/li>\n                          <li class=\"ico-guests\" title=\"For 6 guests in Barx.\">\n          <span itemprop=\"occupancy\">6<\/span>\n        <\/li>\n    <\/ul>\n            <span class=\"price\">From 120\u20ac \/ night<\/span>\n                <a itemprop=\"url\" class=\"anchor\" href=\"https:\/\/www.vacalia.com\/en\/villa-portilet-barx-h16297\" aria-label=\"Portilet\"><\/a>\n<\/div><div class=\"new-card-houses\">\n    <div class=\"likeOut likeDivOut\" style=\"display:none\">\n        <a data-id=\"4799\" class=\"likeOut_button_red likeBtnFav\"\n            aria-label=\"Megusta Vacalia\"><\/a>\n    <\/div>\n    <figure>\n        <img loading=\"lazy\" decoding=\"async\" \n            loading=\"lazy\" width=\"301\" height=\"200\"\n            src=\"\/\/media.vacalia.com\/photo\/reformatwebpfolder\/350\/200\/4799\/thumb-middle\/4799_2e73861071ebacd7550b5a2865c32373.webp?v=21092023\"\n            alt=\"Cova de l&#039;aire - Holiday rentals in Barx\"\/>\n                                                                        <div class=\"circleDiscount\">-8%<\/div>\n                        <\/figure>\n    <p itemprop=\"address\"><i class=\"ico-marker\"><\/i>Barx, Valencia<\/p>\n    <h3 itemprop=\"name\">Cova de l&#039;aire<\/h3>\n    <ul class=\"icon_list inline_list\">\n                              <li class=\"ico-pool\" title=\"Pool\">\n              <span itemprop=\"amenityFeature\">Pool<\/span>\n            <\/li>\n                      <li class=\"ico-airConditioning\" title=\"Air conditioning\">\n              <span itemprop=\"amenityFeature\">Air conditioning<\/span>\n            <\/li>\n                      <li class=\"ico-wifi\" title=\"Wifi\">\n              <span itemprop=\"amenityFeature\">Wifi<\/span>\n            <\/li>\n                      <li class=\"ico-pets\" title=\"Pets\">\n              <span itemprop=\"amenityFeature\">Pets<\/span>\n            <\/li>\n                          <li class=\"ico-guests\" title=\"For 6+2   guests in Barx.\">\n          <span itemprop=\"occupancy\">6+2  <\/span>\n        <\/li>\n    <\/ul>\n            <span class=\"price\">From 127\u20ac \/ night<\/span>\n                <a itemprop=\"url\" class=\"anchor\" href=\"https:\/\/www.vacalia.com\/en\/villa-cova-de-laire-barx-h27529\" aria-label=\"Cova de l&#039;aire\"><\/a>\n<\/div><\/div>\n\n\n\n<h2 class=\"wp-block-heading has-medium-font-size\"><strong>Sagunto Castle &#8211; Valencia:<\/strong><\/h2>\n\n\n\n<p>Located at the top of the hill that protects the city of Sagunto, it was declared a National Monument in 1931.<\/p>\n\n\n\n<p>With its impressive walls and towers, this castle is a testament to the historical and military importance of the region, and has been the scene of momentous events over the centuries. The origins of the castle are as old as the origins of the town, as the Iberian people established their first settlement here.<\/p>\n\n\n<div class=\"wp-block-image\">\n<figure class=\"aligncenter size-full\"><img loading=\"lazy\" decoding=\"async\" width=\"670\" height=\"300\" src=\"https:\/\/www.vacalia.com\/blog\/wp-content\/uploads\/2024\/04\/castillo-de-sagunto.jpg\" alt=\"Sagunto Castle, Valencia\" class=\"wp-image-5116\" srcset=\"https:\/\/www.vacalia.com\/blog\/wp-content\/uploads\/2024\/04\/castillo-de-sagunto.jpg 670w, https:\/\/www.vacalia.com\/blog\/wp-content\/uploads\/2024\/04\/castillo-de-sagunto-300x134.jpg 300w\" sizes=\"(max-width: 767px) 100vw, 670px\" \/><figcaption class=\"wp-element-caption\"><em>Sagunto <em>Castle<\/em>, Valencia<\/em><\/figcaption><\/figure><\/div>\n\n\n<h2 class=\"wp-block-heading has-medium-font-size\"><strong>Bellver Castle &#8211; Majorca:<\/strong><\/h2>\n\n\n\n<p>In the city of <a href=\"https:\/\/www.vacalia.com\/en\/holiday-rentals-mallorca\" target=\"_blank\" rel=\"noreferrer noopener\">Palma de Mallorca<\/a>, Bellver Castle stands out for its circular floor plan and its location on a wooded hill. As well as offering panoramic views of the Mediterranean Sea, the Bay of Palma and the city of Palma, this castle houses a military history museum that allows visitors to immerse themselves in the region&#8217;s past. Built in the 14th century by order of King James II of Mallorca, the castle has witnessed numerous historical events and has been used as a royal residence and prison at various periods in history.<\/p>\n\n\n<div class=\"wp-block-image\">\n<figure class=\"aligncenter size-full\"><img loading=\"lazy\" decoding=\"async\" width=\"670\" height=\"300\" src=\"https:\/\/www.vacalia.com\/blog\/wp-content\/uploads\/2024\/04\/castillo-de-bellver.jpg\" alt=\"Bellver Castle, Mallorca\" class=\"wp-image-5112\" srcset=\"https:\/\/www.vacalia.com\/blog\/wp-content\/uploads\/2024\/04\/castillo-de-bellver.jpg 670w, https:\/\/www.vacalia.com\/blog\/wp-content\/uploads\/2024\/04\/castillo-de-bellver-300x134.jpg 300w\" sizes=\"(max-width: 767px) 100vw, 670px\" \/><figcaption class=\"wp-element-caption\"><em>Bellver <em><em>Castle<\/em><\/em>, Mallorca<\/em><\/figcaption><\/figure><\/div>\n\n<div class=\"bannerBlog\"><div class=\"new-card-houses\">\n    <div class=\"likeOut likeDivOut\" style=\"display:none\">\n        <a data-id=\"4831\" class=\"likeOut_button_red likeBtnFav\"\n            aria-label=\"Megusta Vacalia\"><\/a>\n    <\/div>\n    <figure>\n        <img loading=\"lazy\" decoding=\"async\" \n            loading=\"lazy\" width=\"301\" height=\"200\"\n            src=\"\/\/media.vacalia.com\/photo\/reformatwebpfolder\/350\/200\/4831\/thumb-middle\/4831_1b0b92768bbfe2452869bd48e90a3a1e.webp?v=21092023\"\n            alt=\"San sole - Holiday rentals in Felanitx\"\/>\n                                                                        <div class=\"circleDiscount\">-29%<\/div>\n                        <\/figure>\n    <p itemprop=\"address\"><i class=\"ico-marker\"><\/i>Felanitx, Mallorca<\/p>\n    <h3 itemprop=\"name\">San sole<\/h3>\n    <ul class=\"icon_list inline_list\">\n                              <li class=\"ico-pool\" title=\"Pool\">\n              <span itemprop=\"amenityFeature\">Pool<\/span>\n            <\/li>\n                      <li class=\"ico-airConditioning\" title=\"Air conditioning\">\n              <span itemprop=\"amenityFeature\">Air conditioning<\/span>\n            <\/li>\n                      <li class=\"ico-wifi\" title=\"Wifi\">\n              <span itemprop=\"amenityFeature\">Wifi<\/span>\n            <\/li>\n                          <li class=\"ico-guests\" title=\"For 8 guests in Felanitx.\">\n          <span itemprop=\"occupancy\">8<\/span>\n        <\/li>\n    <\/ul>\n            <span class=\"price\">From 141\u20ac \/ night<\/span>\n                <a itemprop=\"url\" class=\"anchor\" href=\"https:\/\/www.vacalia.com\/en\/villa-san-sole-felanitx-h27693\" aria-label=\"San sole\"><\/a>\n<\/div><div class=\"new-card-houses\">\n    <div class=\"likeOut likeDivOut\" style=\"display:none\">\n        <a data-id=\"5535\" class=\"likeOut_button_red likeBtnFav\"\n            aria-label=\"Megusta Vacalia\"><\/a>\n    <\/div>\n    <figure>\n        <img loading=\"lazy\" decoding=\"async\" \n            loading=\"lazy\" width=\"301\" height=\"200\"\n            src=\"\/\/media.vacalia.com\/photo\/reformatwebpfolder\/350\/200\/5535\/thumb-middle\/5535_c3763a04017273495ec418e8d74df55a.webp?v=21092023\"\n            alt=\"Voramar 1 - Holiday rentals in Port d&#039;Alc\u00fadia\"\/>\n                                                                        <div class=\"circleDiscount\">-30%<\/div>\n                        <\/figure>\n    <p itemprop=\"address\"><i class=\"ico-marker\"><\/i>Port d&#039;Alc\u00fadia, Mallorca<\/p>\n    <h3 itemprop=\"name\">Voramar 1<\/h3>\n    <ul class=\"icon_list inline_list\">\n                              <li class=\"ico-airConditioning\" title=\"Air conditioning\">\n              <span itemprop=\"amenityFeature\">Air conditioning<\/span>\n            <\/li>\n                      <li class=\"ico-wifi\" title=\"Wifi\">\n              <span itemprop=\"amenityFeature\">Wifi<\/span>\n            <\/li>\n                      <li class=\"ico-views\" title=\"View\">\n              <span itemprop=\"amenityFeature\">View<\/span>\n            <\/li>\n                          <li class=\"ico-guests\" title=\"For 4 guests in Port D&#039;alc\u00fadia.\">\n          <span itemprop=\"occupancy\">4<\/span>\n        <\/li>\n    <\/ul>\n            <span class=\"price\">From 109\u20ac \/ night<\/span>\n                <a itemprop=\"url\" class=\"anchor\" href=\"https:\/\/www.vacalia.com\/en\/apartment-voramar-1-alcudia-h31557\" aria-label=\"Voramar 1\"><\/a>\n<\/div><\/div>\n\n\n\n<h2 class=\"wp-block-heading has-medium-font-size\"><strong>V\u00e9lez-Blanco Castle &#8211; Almer\u00eda:<\/strong><\/h2>\n\n\n\n<p>In the town of V\u00e9lez-Blanco, the Castle of V\u00e9lez-Blanco presents an impressive architecture, in an impregnable mountainous environment. It is currently considered an Asset of Cultural Interest and has been declared a Historic-Artistic Monument belonging to the National Artistic Treasure.<\/p>\n\n\n\n<p>This castle invites travellers to explore its history and architectural beauty. Built in the 16th century by the Fajardo family, a Spanish noble family, the castle is an outstanding example of the Spanish Renaissance in the region, and has undergone numerous restorations over the centuries.<\/p>\n\n\n<div class=\"wp-block-image\">\n<figure class=\"aligncenter size-full\"><img loading=\"lazy\" decoding=\"async\" width=\"670\" height=\"300\" src=\"https:\/\/www.vacalia.com\/blog\/wp-content\/uploads\/2024\/04\/castillo-de-velez-blanco.jpg\" alt=\"V\u00e9lez-Blanco Castle, Almer\u00eda\" class=\"wp-image-5119\" srcset=\"https:\/\/www.vacalia.com\/blog\/wp-content\/uploads\/2024\/04\/castillo-de-velez-blanco.jpg 670w, https:\/\/www.vacalia.com\/blog\/wp-content\/uploads\/2024\/04\/castillo-de-velez-blanco-300x134.jpg 300w\" sizes=\"(max-width: 767px) 100vw, 670px\" \/><figcaption class=\"wp-element-caption\"><em>V\u00e9lez-Blanco <em><em><em>Castle<\/em><\/em><\/em>, Almer\u00eda<\/em><\/figcaption><\/figure><\/div>\n\n\n<h2 class=\"wp-block-heading has-medium-font-size\"><strong>Colomares Castle &#8211; <a href=\"https:\/\/www.vacalia.com\/en\/malaga-p1439\" target=\"_blank\" rel=\"noreferrer noopener\">Malaga<\/a>:<\/strong><\/h2>\n\n\n\n<p>Although it has no medieval history, Colomares Castle is a modern creation that captivates visitors with its eclectic architecture. The construction of this castle took place between 1987 and 1994 by Doctor Esteban Mart\u00edn y Mart\u00edn. Inspired by the story of Christopher Columbus and the discovery of America, this castle is a popular tourist attraction that offers a unique experience in the region. The castle is an impressive display of human creativity and a reminder of the cultural richness of the region.<\/p>\n\n\n<div class=\"wp-block-image\">\n<figure class=\"aligncenter size-full\"><img loading=\"lazy\" decoding=\"async\" width=\"670\" height=\"300\" src=\"https:\/\/www.vacalia.com\/blog\/wp-content\/uploads\/2024\/04\/castillo-de-colomares.jpg\" alt=\"Colomares Castle, M\u00e1laga\" class=\"wp-image-5113\" srcset=\"https:\/\/www.vacalia.com\/blog\/wp-content\/uploads\/2024\/04\/castillo-de-colomares.jpg 670w, https:\/\/www.vacalia.com\/blog\/wp-content\/uploads\/2024\/04\/castillo-de-colomares-300x134.jpg 300w\" sizes=\"(max-width: 767px) 100vw, 670px\" \/><figcaption class=\"wp-element-caption\"><em>Colomares <em><em><em><em>Castle<\/em><\/em><\/em><\/em>, M\u00e1laga<\/em><\/figcaption><\/figure><\/div>\n\n<div class=\"bannerBlog\"><div class=\"new-card-houses\">\n    <div class=\"likeOut likeDivOut\" style=\"display:none\">\n        <a data-id=\"4517\" class=\"likeOut_button_red likeBtnFav\"\n            aria-label=\"Megusta Vacalia\"><\/a>\n    <\/div>\n    <figure>\n        <img loading=\"lazy\" decoding=\"async\" \n            loading=\"lazy\" width=\"301\" height=\"200\"\n            src=\"\/\/media.vacalia.com\/photo\/reformatwebpfolder\/350\/200\/4517\/thumb-middle\/4517_6843403961268b138bde72436826aab0.webp?v=21092023\"\n            alt=\"Calanova - Holiday rentals in Mijas\"\/>\n                                                                        <div class=\"circleDiscount\">-46%<\/div>\n                        <\/figure>\n    <p itemprop=\"address\"><i class=\"ico-marker\"><\/i>Mijas, M\u00e1laga<\/p>\n    <h3 itemprop=\"name\">Calanova<\/h3>\n    <ul class=\"icon_list inline_list\">\n                              <li class=\"ico-pool\" title=\"Pool\">\n              <span itemprop=\"amenityFeature\">Pool<\/span>\n            <\/li>\n                      <li class=\"ico-airConditioning\" title=\"Air conditioning\">\n              <span itemprop=\"amenityFeature\">Air conditioning<\/span>\n            <\/li>\n                      <li class=\"ico-wifi\" title=\"Wifi\">\n              <span itemprop=\"amenityFeature\">Wifi<\/span>\n            <\/li>\n                          <li class=\"ico-guests\" title=\"For 4 guests in Mijas.\">\n          <span itemprop=\"occupancy\">4<\/span>\n        <\/li>\n    <\/ul>\n            <span class=\"price\">From 38\u20ac \/ night<\/span>\n                <a itemprop=\"url\" class=\"anchor\" href=\"https:\/\/www.vacalia.com\/en\/apartment-calanova-mijas-h26293\" aria-label=\"Calanova\"><\/a>\n<\/div><div class=\"new-card-houses\">\n    <div class=\"likeOut likeDivOut\" style=\"display:none\">\n        <a data-id=\"3946\" class=\"likeOut_button_red likeBtnFav\"\n            aria-label=\"Megusta Vacalia\"><\/a>\n    <\/div>\n    <figure>\n        <img loading=\"lazy\" decoding=\"async\" \n            loading=\"lazy\" width=\"301\" height=\"200\"\n            src=\"\/\/media.vacalia.com\/photo\/reformatwebpfolder\/350\/200\/3946\/thumb-middle\/3946_bd1ae11f7436ac766a175fc26cb6c02d.webp?v=21092023\"\n            alt=\"El morche - Holiday rentals in El Morche\"\/>\n                                                                        <div class=\"circleDiscount\">-6%<\/div>\n                        <\/figure>\n    <p itemprop=\"address\"><i class=\"ico-marker\"><\/i>El Morche, M\u00e1laga<\/p>\n    <h3 itemprop=\"name\">El morche<\/h3>\n    <ul class=\"icon_list inline_list\">\n                              <li class=\"ico-pool\" title=\"Pool\">\n              <span itemprop=\"amenityFeature\">Pool<\/span>\n            <\/li>\n                      <li class=\"ico-airConditioning\" title=\"Air conditioning\">\n              <span itemprop=\"amenityFeature\">Air conditioning<\/span>\n            <\/li>\n                      <li class=\"ico-wifi\" title=\"Wifi\">\n              <span itemprop=\"amenityFeature\">Wifi<\/span>\n            <\/li>\n                      <li class=\"ico-views\" title=\"View\">\n              <span itemprop=\"amenityFeature\">View<\/span>\n            <\/li>\n                          <li class=\"ico-guests\" title=\"For 2+2   guests in El Morche.\">\n          <span itemprop=\"occupancy\">2+2  <\/span>\n        <\/li>\n    <\/ul>\n            <span class=\"price\">From 77\u20ac \/ night<\/span>\n                <a itemprop=\"url\" class=\"anchor\" href=\"https:\/\/www.vacalia.com\/en\/apartment-el-morche-torrox-h25341\" aria-label=\"El morche\"><\/a>\n<\/div><\/div>\n\n\n\n<p>Exploring these ten castles along the Mediterranean coast is to immerse yourself in a journey through time, where history comes alive in every stone and wall. We hope this tour of these architectural wonders will inspire your trips to these destinations where Vacalia has <strong><a href=\"https:\/\/www.vacalia.com\/en\" target=\"_blank\" rel=\"noreferrer noopener\">many holiday rental options<\/a><\/strong>.<\/p>\n","protected":false},"excerpt":{"rendered":"<p>Immerse yourself in a journey through time as you discover the fascinating history and architectural majesty of ten impressive castles that stand on the shores of the Mediterranean Sea. From&hellip;<\/p>\n","protected":false},"author":1,"featured_media":5113,"comment_status":"closed","ping_status":"open","sticky":false,"template":"","format":"standard","meta":{"_monsterinsights_skip_tracking":false,"_monsterinsights_sitenote_active":false,"_monsterinsights_sitenote_note":"","_monsterinsights_sitenote_category":0,"footnotes":""},"categories":[1078,36,1096,1090],"tags":[],"class_list":["post-5122","post","type-post","status-publish","format-standard","has-post-thumbnail","hentry","category-other-places-of-interest","category-general-en","category-guides","category-what-to-see"],"_links":{"self":[{"href":"https:\/\/www.vacalia.com\/blog\/wp-json\/wp\/v2\/posts\/5122"}],"collection":[{"href":"https:\/\/www.vacalia.com\/blog\/wp-json\/wp\/v2\/posts"}],"about":[{"href":"https:\/\/www.vacalia.com\/blog\/wp-json\/wp\/v2\/types\/post"}],"author":[{"embeddable":true,"href":"https:\/\/www.vacalia.com\/blog\/wp-json\/wp\/v2\/users\/1"}],"replies":[{"embeddable":true,"href":"https:\/\/www.vacalia.com\/blog\/wp-json\/wp\/v2\/comments?post=5122"}],"version-history":[{"count":6,"href":"https:\/\/www.vacalia.com\/blog\/wp-json\/wp\/v2\/posts\/5122\/revisions"}],"predecessor-version":[{"id":7541,"href":"https:\/\/www.vacalia.com\/blog\/wp-json\/wp\/v2\/posts\/5122\/revisions\/7541"}],"wp:featuredmedia":[{"embeddable":true,"href":"https:\/\/www.vacalia.com\/blog\/wp-json\/wp\/v2\/media\/5113"}],"wp:attachment":[{"href":"https:\/\/www.vacalia.com\/blog\/wp-json\/wp\/v2\/media?parent=5122"}],"wp:term":[{"taxonomy":"category","embeddable":true,"href":"https:\/\/www.vacalia.com\/blog\/wp-json\/wp\/v2\/categories?post=5122"},{"taxonomy":"post_tag","embeddable":true,"href":"https:\/\/www.vacalia.com\/blog\/wp-json\/wp\/v2\/tags?post=5122"}],"curies":[{"name":"wp","href":"https:\/\/api.w.org\/{rel}","templated":true}]}}