{"id":5124,"date":"2024-04-08T09:13:01","date_gmt":"2024-04-08T07:13:01","guid":{"rendered":"https:\/\/www.vacalia.com\/blog\/?p=5124"},"modified":"2025-07-08T10:01:03","modified_gmt":"2025-07-08T08:01:03","slug":"die-10-beeindruckendsten-burgen-am-mittelmeer","status":"publish","type":"post","link":"https:\/\/www.vacalia.com\/blog\/die-10-beeindruckendsten-burgen-am-mittelmeer\/","title":{"rendered":"Die 10 beeindruckendsten Burgen am Mittelmeer"},"content":{"rendered":"\n<p>Tauchen Sie ein in eine Reise durch die Zeit und entdecken Sie die faszinierende Geschichte und architektonische Majest\u00e4t von zehn beeindruckenden Burgen, die an den Ufern des Mittelmeers stehen. Von imposanten Festungen, die St\u00e4dte bewachen, bis hin zu eleganten k\u00f6niglichen Residenzen, die die Landschaft dominieren, sind diese Schl\u00f6sser Zeugen jahrhundertelanger Geschichte und Kultur in Spanien. Jedes erz\u00e4hlt eine einzigartige Geschichte, die es zu entdecken gilt, und wir laden Sie ein, mit uns nach Unterk\u00fcnften in diesen Mittelmeerzielen zu suchen.<\/p>\n\n\n\n<h2 class=\"wp-block-heading has-medium-font-size\"><strong><a href=\"https:\/\/www.vacalia.com\/de\/castillo-de-santa-barbara-p1543\" target=\"_blank\" rel=\"noreferrer noopener\">Burg von Santa Barbara<\/a> &#8211; Alicante:<\/strong><\/h2>\n\n\n\n<p>Auf dem Gipfel des Benacantil-Gebirges gelegen, handelt es sich um eine 167 m hohe Felsmasse mit enormem strategischem Wert, da man von dort aus die gesamte Bucht von Alicante und ihre Umgebung \u00fcberblicken kann. \u00dcber Jahrhunderte hinweg war es Zeuge zahlreicher historischer Ereignisse, darunter der muslimischen Besetzung und der christlichen R\u00fcckeroberung. Mit drei befestigten Anlagen verf\u00fcgt es auch \u00fcber Aufz\u00fcge, um zur Burg Illo zu gelangen. An seinen H\u00e4ngen wurden arch\u00e4ologische \u00dcberreste aus der Bronzezeit, der Iberer- und der R\u00f6merzeit gefunden.<\/p>\n\n\n<div class=\"wp-block-image\">\n<figure class=\"aligncenter size-full\"><img fetchpriority=\"high\" decoding=\"async\" width=\"670\" height=\"300\" src=\"https:\/\/www.vacalia.com\/blog\/wp-content\/uploads\/2024\/04\/castillo-de-santa-barbara.jpg\" alt=\"Burg von Santa B\u00e1rbara, Alicante\" class=\"wp-image-5117\" srcset=\"https:\/\/www.vacalia.com\/blog\/wp-content\/uploads\/2024\/04\/castillo-de-santa-barbara.jpg 670w, https:\/\/www.vacalia.com\/blog\/wp-content\/uploads\/2024\/04\/castillo-de-santa-barbara-300x134.jpg 300w\" sizes=\"(max-width: 767px) 100vw, 670px\" \/><figcaption class=\"wp-element-caption\"><em>Burg von Santa B\u00e1rbara, Alicante<\/em><\/figcaption><\/figure><\/div>\n\n<div class=\"bannerBlog\"><div class=\"new-card-houses\">\n    <div class=\"likeOut likeDivOut\" style=\"display:none\">\n        <a data-id=\"2838\" class=\"likeOut_button_red likeBtnFav\"\n            aria-label=\"Megusta Vacalia\"><\/a>\n    <\/div>\n    <figure>\n        <img loading=\"lazy\" decoding=\"async\" \n            loading=\"lazy\" width=\"301\" height=\"200\"\n            src=\"\/\/media.vacalia.com\/photo\/reformatwebpfolder\/350\/200\/2838\/thumb-middle\/2838_06c902e5155c905c9c7ca2e45a53fefd.webp?v=21092023\"\n            alt=\"Frederic - Ferienhaus auf X\u00e0bia\/J\u00e1vea\"\/>\n                                                                        <div class=\"circleDiscount\">-8%<\/div>\n                        <\/figure>\n    <p itemprop=\"address\"><i class=\"ico-marker\"><\/i>X\u00e0bia\/J\u00e1vea, Alicante<\/p>\n    <h3 itemprop=\"name\">Frederic<\/h3>\n    <ul class=\"icon_list inline_list\">\n                              <li class=\"ico-pool\" title=\"Pool\">\n              <span itemprop=\"amenityFeature\">Pool<\/span>\n            <\/li>\n                      <li class=\"ico-wifi\" title=\"Wifi\">\n              <span itemprop=\"amenityFeature\">Wifi<\/span>\n            <\/li>\n                          <li class=\"ico-guests\" title=\"F\u00fcr 6 G\u00e4ste in X\u00e0bia\/j\u00e1vea.\">\n          <span itemprop=\"occupancy\">6<\/span>\n        <\/li>\n    <\/ul>\n            <span class=\"price\">Ab 100\u20ac \/ Nacht<\/span>\n                <a itemprop=\"url\" class=\"anchor\" href=\"https:\/\/www.vacalia.com\/de\/villa-frederic-xabia-javea-h19851\" aria-label=\"Frederic\"><\/a>\n<\/div><div class=\"new-card-houses\">\n    <div class=\"likeOut likeDivOut\" style=\"display:none\">\n        <a data-id=\"2837\" class=\"likeOut_button_red likeBtnFav\"\n            aria-label=\"Megusta Vacalia\"><\/a>\n    <\/div>\n    <figure>\n        <img loading=\"lazy\" decoding=\"async\" \n            loading=\"lazy\" width=\"301\" height=\"200\"\n            src=\"\/\/media.vacalia.com\/photo\/reformatwebpfolder\/350\/200\/2837\/thumb-middle\/2837_a5029b586275288353e119c208bf09d4.webp?v=21092023\"\n            alt=\"Gladiolo - Ferienhaus auf X\u00e0bia\/J\u00e1vea\"\/>\n                                                                        <div class=\"circleDiscount\">-11%<\/div>\n                        <\/figure>\n    <p itemprop=\"address\"><i class=\"ico-marker\"><\/i>X\u00e0bia\/J\u00e1vea, Alicante<\/p>\n    <h3 itemprop=\"name\">Gladiolo<\/h3>\n    <ul class=\"icon_list inline_list\">\n                              <li class=\"ico-pool\" title=\"Pool\">\n              <span itemprop=\"amenityFeature\">Pool<\/span>\n            <\/li>\n                      <li class=\"ico-airConditioning\" title=\"Klimaanlage\">\n              <span itemprop=\"amenityFeature\">Klimaanlage<\/span>\n            <\/li>\n                      <li class=\"ico-wifi\" title=\"Wifi\">\n              <span itemprop=\"amenityFeature\">Wifi<\/span>\n            <\/li>\n                          <li class=\"ico-guests\" title=\"F\u00fcr 6 G\u00e4ste in X\u00e0bia\/j\u00e1vea.\">\n          <span itemprop=\"occupancy\">6<\/span>\n        <\/li>\n    <\/ul>\n            <span class=\"price\">Ab 101\u20ac \/ Nacht<\/span>\n                <a itemprop=\"url\" class=\"anchor\" href=\"https:\/\/www.vacalia.com\/de\/villa-gladiolo-xabia-javea-h19641\" aria-label=\"Gladiolo\"><\/a>\n<\/div><div class=\"new-card-houses\">\n    <div class=\"likeOut likeDivOut\" style=\"display:none\">\n        <a data-id=\"3259\" class=\"likeOut_button_red likeBtnFav\"\n            aria-label=\"Megusta Vacalia\"><\/a>\n    <\/div>\n    <figure>\n        <img loading=\"lazy\" decoding=\"async\" \n            loading=\"lazy\" width=\"301\" height=\"200\"\n            src=\"\/\/media.vacalia.com\/photo\/reformatwebpfolder\/350\/200\/3259\/thumb-middle\/3259_c04f4bc50d7feb05cd12832d2286b9b6.webp?v=21092023\"\n            alt=\"Casa lea - Ferienhaus auf Alcalal\u00ed\"\/>\n                                                                        <div class=\"circleDiscount\">-2%<\/div>\n                        <\/figure>\n    <p itemprop=\"address\"><i class=\"ico-marker\"><\/i>Alcalal\u00ed, Alicante<\/p>\n    <h3 itemprop=\"name\">Casa lea<\/h3>\n    <ul class=\"icon_list inline_list\">\n                              <li class=\"ico-pool\" title=\"Pool\">\n              <span itemprop=\"amenityFeature\">Pool<\/span>\n            <\/li>\n                      <li class=\"ico-airConditioning\" title=\"Klimaanlage\">\n              <span itemprop=\"amenityFeature\">Klimaanlage<\/span>\n            <\/li>\n                      <li class=\"ico-wifi\" title=\"Wifi\">\n              <span itemprop=\"amenityFeature\">Wifi<\/span>\n            <\/li>\n                      <li class=\"ico-pets\" title=\"Haustiere\">\n              <span itemprop=\"amenityFeature\">Haustiere<\/span>\n            <\/li>\n                          <li class=\"ico-guests\" title=\"F\u00fcr 5 G\u00e4ste in Alcalal\u00ed.\">\n          <span itemprop=\"occupancy\">5<\/span>\n        <\/li>\n    <\/ul>\n            <span class=\"price\">Ab 209\u20ac \/ Nacht<\/span>\n                <a itemprop=\"url\" class=\"anchor\" href=\"https:\/\/www.vacalia.com\/de\/villa-casa-lea-alcalali-h23047\" aria-label=\"Casa lea\"><\/a>\n<\/div><\/div>\n\n\n\n<h2 class=\"wp-block-heading has-medium-font-size\"><strong>Burg von Pe\u00f1\u00edscola &#8211; Castell\u00f3n:<\/strong><\/h2>\n\n\n\n<p>Die Burg Pe\u00f1\u00edscola liegt in der malerischen Stadt Pe\u00f1\u00edscola majest\u00e4tisch auf einem Felsvorsprung und bietet einen atemberaubenden Blick auf die Stadt und den Hafen. Die Templer errichteten dieses romanische Bauwerk zwischen 1294 und 1307 auf den \u00dcberresten der alten arabischen Zitadelle. Sein f\u00fcnfeckiger Grundriss ist einzigartig in Spanien und seine befestigte Struktur ist ein herausragendes Beispiel mittelalterlicher Architektur. W\u00e4hrend des Gro\u00dfen Abendl\u00e4ndischen Schismas im 15. Jahrhundert diente die Burg nicht nur als p\u00e4pstlicher Sitz, sondern war im Laufe der Jahrhunderte auch Schauplatz zahlreicher historischer Ereignisse.<\/p>\n\n\n<div class=\"wp-block-image\">\n<figure class=\"aligncenter size-full\"><img decoding=\"async\" width=\"670\" height=\"300\" src=\"https:\/\/www.vacalia.com\/blog\/wp-content\/uploads\/2024\/04\/castillo-de-peniscola.jpg\" alt=\"Burg von Pe\u00f1\u00edscola, Castell\u00f3n\" class=\"wp-image-5115\" srcset=\"https:\/\/www.vacalia.com\/blog\/wp-content\/uploads\/2024\/04\/castillo-de-peniscola.jpg 670w, https:\/\/www.vacalia.com\/blog\/wp-content\/uploads\/2024\/04\/castillo-de-peniscola-300x134.jpg 300w\" sizes=\"(max-width: 767px) 100vw, 670px\" \/><figcaption class=\"wp-element-caption\"><em><em>Burg von<\/em> Pe\u00f1\u00edscola, Castell\u00f3n<\/em><\/figcaption><\/figure><\/div>\n\n\n<h2 class=\"wp-block-heading has-medium-font-size\"><strong>Burg von Tamarit &#8211; Tarragona:<\/strong><\/h2>\n\n\n\n<p>Die Burg Tamarit liegt in der Stadt Tamarit, ein paar Kilometer s\u00fcdlich von Tarragona. Sie stammt aus dem 11. Jahrhundert und wurde als Verteidigungsfestung erbaut, um die K\u00fcste vor Piratenangriffen zu sch\u00fctzen. Obwohl ein Gro\u00dfteil der Burg in Tr\u00fcmmern liegt, hat sie sich ihre urspr\u00fcngliche Struktur und ihren historischen Charme bewahrt. Auf einer Klippe mit Blick auf das Meer gelegen, bietet es einen Panoramablick auf die Mittelmeerk\u00fcste, der die Besucher in seinen Bann zieht und es zu einem faszinierenden Reiseziel f\u00fcr Liebhaber von Geschichte und Architektur macht.<\/p>\n\n\n<div class=\"wp-block-image\">\n<figure class=\"aligncenter size-full\"><img decoding=\"async\" width=\"670\" height=\"300\" src=\"https:\/\/www.vacalia.com\/blog\/wp-content\/uploads\/2024\/04\/castillo-de-tamarit.jpg\" alt=\"Burg von Tamarit, Tarragona\" class=\"wp-image-5118\" srcset=\"https:\/\/www.vacalia.com\/blog\/wp-content\/uploads\/2024\/04\/castillo-de-tamarit.jpg 670w, https:\/\/www.vacalia.com\/blog\/wp-content\/uploads\/2024\/04\/castillo-de-tamarit-300x134.jpg 300w\" sizes=\"(max-width: 767px) 100vw, 670px\" \/><figcaption class=\"wp-element-caption\"><em><em><em>Burg von<\/em><\/em> Tamarit, Tarragona<\/em><\/figcaption><\/figure><\/div>\n\n\n<h2 class=\"wp-block-heading has-medium-font-size\"><strong>Burg von Denia &#8211; <a href=\"https:\/\/www.vacalia.com\/de\/alicante-urlaub\" target=\"_blank\" rel=\"noreferrer noopener\">Alicante<\/a>:<\/strong><\/h2>\n\n\n\n<p>Die im 11. Jahrhundert von den Arabern erbaute Burg von Denia steht auf einem H\u00fcgel und diente w\u00e4hrend der Zeit der Piraterie im Mittelmeerraum als Festung.<\/p>\n\n\n\n<p>Es war im Laufe der Geschichte Schauplatz zahlreicher Schlachten und heute k\u00f6nnen Reisende die verschiedenen R\u00e4ume, wie den Waffensaal und den Bergfried, erkunden und gleichzeitig in die reiche Geschichte der Region eintauchen. Neben seiner milit\u00e4rischen Bedeutung war das Schloss im Laufe der Jahrhunderte auch ein wichtiges kulturelles und gesellschaftliches Zentrum, das mit seiner beeindruckenden Architektur und seiner faszinierenden Geschichte Besucher aus aller Welt anzog.<\/p>\n\n\n<div class=\"wp-block-image\">\n<figure class=\"aligncenter size-full is-resized\"><img loading=\"lazy\" decoding=\"async\" width=\"670\" height=\"300\" src=\"https:\/\/www.vacalia.com\/blog\/wp-content\/uploads\/2024\/04\/castillo-de-denia.jpg\" alt=\"Burg von Denia, Alicante\" class=\"wp-image-5114\" style=\"width:670px;height:300px\" srcset=\"https:\/\/www.vacalia.com\/blog\/wp-content\/uploads\/2024\/04\/castillo-de-denia.jpg 670w, https:\/\/www.vacalia.com\/blog\/wp-content\/uploads\/2024\/04\/castillo-de-denia-300x134.jpg 300w\" sizes=\"(max-width: 767px) 100vw, 670px\" \/><figcaption class=\"wp-element-caption\"><em><em><em><em>Burg von<\/em><\/em><\/em> Denia, Alicante<\/em><\/figcaption><\/figure><\/div>\n\n\n<h2 class=\"wp-block-heading has-medium-font-size\"><strong>Burg von X\u00e0tiva &#8211; <a href=\"https:\/\/www.vacalia.com\/de\/valencia-urlaub\" target=\"_blank\" rel=\"noreferrer noopener\">Valencia<\/a>:<\/strong><\/h2>\n\n\n\n<p>Die Burg ist eine Doppelfestung auf dem Vernisa-Gebirge oberhalb der Stadt X\u00e0tiva. Mit einer Geschichte, die bis in die iberische Zeit zur\u00fcckreicht, war diese Burg Zeuge wichtiger Schlachten w\u00e4hrend der R\u00fcckeroberung und wurde im Laufe der Jahrhunderte zu einem Symbol f\u00fcr Widerstand und St\u00e4rke. Seine Mauern, T\u00fcrme und sein gut erhaltenes Verteidigungssystem zeugen von seiner strategischen Bedeutung in der Region.<\/p>\n\n\n<div class=\"wp-block-image\">\n<figure class=\"aligncenter size-full\"><img loading=\"lazy\" decoding=\"async\" width=\"670\" height=\"300\" src=\"https:\/\/www.vacalia.com\/blog\/wp-content\/uploads\/2024\/04\/castillo-de-xativa.jpg\" alt=\"Burg von X\u00e0tiva, Valencia\" class=\"wp-image-5120\" srcset=\"https:\/\/www.vacalia.com\/blog\/wp-content\/uploads\/2024\/04\/castillo-de-xativa.jpg 670w, https:\/\/www.vacalia.com\/blog\/wp-content\/uploads\/2024\/04\/castillo-de-xativa-300x134.jpg 300w\" sizes=\"(max-width: 767px) 100vw, 670px\" \/><figcaption class=\"wp-element-caption\"><em><em><em><em><em>Burg von<\/em><\/em><\/em><\/em> X\u00e0tiva, Valencia<\/em><\/figcaption><\/figure><\/div>\n\n<div class=\"bannerBlog\"><div class=\"new-card-houses\">\n    <div class=\"likeOut likeDivOut\" style=\"display:none\">\n        <a data-id=\"2776\" class=\"likeOut_button_red likeBtnFav\"\n            aria-label=\"Megusta Vacalia\"><\/a>\n    <\/div>\n    <figure>\n        <img loading=\"lazy\" decoding=\"async\" \n            loading=\"lazy\" width=\"301\" height=\"200\"\n            src=\"\/\/media.vacalia.com\/photo\/reformatwebpfolder\/350\/200\/2776\/thumb-middle\/2776_c6faf7e48f3eb8075b5cbfc4d98db4bf.webp?v=21092023\"\n            alt=\"Alejandrita - Ferienhaus auf Grau i Platja\"\/>\n                                                                        <div class=\"circleDiscount\">-10%<\/div>\n                        <\/figure>\n    <p itemprop=\"address\"><i class=\"ico-marker\"><\/i>Grau i Platja, Valencia<\/p>\n    <h3 itemprop=\"name\">Alejandrita<\/h3>\n    <ul class=\"icon_list inline_list\">\n                              <li class=\"ico-pool\" title=\"Pool\">\n              <span itemprop=\"amenityFeature\">Pool<\/span>\n            <\/li>\n                      <li class=\"ico-airConditioning\" title=\"Klimaanlage\">\n              <span itemprop=\"amenityFeature\">Klimaanlage<\/span>\n            <\/li>\n                      <li class=\"ico-wifi\" title=\"Wifi\">\n              <span itemprop=\"amenityFeature\">Wifi<\/span>\n            <\/li>\n                      <li class=\"ico-pets\" title=\"Haustiere\">\n              <span itemprop=\"amenityFeature\">Haustiere<\/span>\n            <\/li>\n                          <li class=\"ico-guests\" title=\"F\u00fcr 4 G\u00e4ste in Grau I Platja.\">\n          <span itemprop=\"occupancy\">4<\/span>\n        <\/li>\n    <\/ul>\n            <span class=\"price\">Ab 75\u20ac \/ Nacht<\/span>\n                <a itemprop=\"url\" class=\"anchor\" href=\"https:\/\/www.vacalia.com\/de\/apartment-alejandrita-gandia-h19170\" aria-label=\"Alejandrita\"><\/a>\n<\/div><div class=\"new-card-houses\">\n    <div class=\"likeOut likeDivOut\" style=\"display:none\">\n        <a data-id=\"1453\" class=\"likeOut_button_red likeBtnFav\"\n            aria-label=\"Megusta Vacalia\"><\/a>\n    <\/div>\n    <figure>\n        <img loading=\"lazy\" decoding=\"async\" \n            loading=\"lazy\" width=\"301\" height=\"200\"\n            src=\"\/\/media.vacalia.com\/photo\/reformatwebpfolder\/350\/200\/1453\/thumb-middle\/1453_e951fa1d265705bbd930032f25057277.webp?v=21092023\"\n            alt=\"Portilet - Ferienhaus auf Barx\"\/>\n                                                                        <div class=\"circleDiscount\">-4%<\/div>\n                        <\/figure>\n    <p itemprop=\"address\"><i class=\"ico-marker\"><\/i>Barx, Valencia<\/p>\n    <h3 itemprop=\"name\">Portilet<\/h3>\n    <ul class=\"icon_list inline_list\">\n                              <li class=\"ico-pool\" title=\"Pool\">\n              <span itemprop=\"amenityFeature\">Pool<\/span>\n            <\/li>\n                      <li class=\"ico-airConditioning\" title=\"Klimaanlage\">\n              <span itemprop=\"amenityFeature\">Klimaanlage<\/span>\n            <\/li>\n                          <li class=\"ico-guests\" title=\"F\u00fcr 6 G\u00e4ste in Barx.\">\n          <span itemprop=\"occupancy\">6<\/span>\n        <\/li>\n    <\/ul>\n            <span class=\"price\">Ab 120\u20ac \/ Nacht<\/span>\n                <a itemprop=\"url\" class=\"anchor\" href=\"https:\/\/www.vacalia.com\/de\/villa-portilet-barx-h16296\" aria-label=\"Portilet\"><\/a>\n<\/div><\/div>\n\n\n\n<h2 class=\"wp-block-heading has-medium-font-size\"><strong>Burg von Sagunto &#8211; Valencia:<\/strong><\/h2>\n\n\n\n<p>Es liegt auf der Spitze des H\u00fcgels, der die Stadt Sagunto sch\u00fctzt, und wurde 1931 zum Nationaldenkmal erkl\u00e4rt.<\/p>\n\n\n\n<p>Mit ihren beeindruckenden Mauern und T\u00fcrmen zeugt diese Burg von der historischen und milit\u00e4rischen Bedeutung der Region und war im Laufe der Jahrhunderte Schauplatz bedeutsamer Ereignisse. Die Urspr\u00fcnge der Burg sind so alt wie die der Stadt, da die Iberer hier ihre erste Siedlung gr\u00fcndeten.<\/p>\n\n\n<div class=\"wp-block-image\">\n<figure class=\"aligncenter size-full\"><img loading=\"lazy\" decoding=\"async\" width=\"670\" height=\"300\" src=\"https:\/\/www.vacalia.com\/blog\/wp-content\/uploads\/2024\/04\/castillo-de-sagunto.jpg\" alt=\"Burg von Sagunto, Valencia\" class=\"wp-image-5116\" srcset=\"https:\/\/www.vacalia.com\/blog\/wp-content\/uploads\/2024\/04\/castillo-de-sagunto.jpg 670w, https:\/\/www.vacalia.com\/blog\/wp-content\/uploads\/2024\/04\/castillo-de-sagunto-300x134.jpg 300w\" sizes=\"(max-width: 767px) 100vw, 670px\" \/><figcaption class=\"wp-element-caption\"><em><em><em><em><em><em>Burg von<\/em><\/em><\/em><\/em><\/em> Sagunto, Valencia<\/em><\/figcaption><\/figure><\/div>\n\n\n<h2 class=\"wp-block-heading has-medium-font-size\"><strong>Burg von Bellver &#8211; Mallorca:<\/strong><\/h2>\n\n\n\n<p>In der Stadt <a href=\"https:\/\/www.vacalia.com\/de\/ferienhaus-mallorca\" target=\"_blank\" rel=\"noreferrer noopener\">Palma de Mallorca<\/a> zeichnet sich das Schloss Bellver durch seinen kreisf\u00f6rmigen Grundriss und seine Lage auf einem bewaldeten H\u00fcgel aus. Diese Burg bietet nicht nur einen Panoramablick auf das Mittelmeer, die Bucht von Palma und die Stadt Palma, sondern beherbergt auch ein milit\u00e4rhistorisches Museum, das Besuchern die M\u00f6glichkeit gibt, in die Vergangenheit der Region einzutauchen. Das im 14. Jahrhundert im Auftrag von K\u00f6nig Jakob II. von Mallorca erbaute Schloss war Zeuge zahlreicher historischer Ereignisse und diente in verschiedenen historischen Epochen als k\u00f6nigliche Residenz und Gef\u00e4ngnis.<\/p>\n\n\n<div class=\"wp-block-image\">\n<figure class=\"aligncenter size-full\"><img loading=\"lazy\" decoding=\"async\" width=\"670\" height=\"300\" src=\"https:\/\/www.vacalia.com\/blog\/wp-content\/uploads\/2024\/04\/castillo-de-bellver.jpg\" alt=\"Burg von Bellver, Mallorca\" class=\"wp-image-5112\" srcset=\"https:\/\/www.vacalia.com\/blog\/wp-content\/uploads\/2024\/04\/castillo-de-bellver.jpg 670w, https:\/\/www.vacalia.com\/blog\/wp-content\/uploads\/2024\/04\/castillo-de-bellver-300x134.jpg 300w\" sizes=\"(max-width: 767px) 100vw, 670px\" \/><figcaption class=\"wp-element-caption\"><em><em><em><em><em><em><em>Burg von<\/em><\/em><\/em><\/em><\/em><\/em> Bellver, Mallorca<\/em><\/figcaption><\/figure><\/div>\n\n<div class=\"bannerBlog\"><div class=\"new-card-houses\">\n    <div class=\"likeOut likeDivOut\" style=\"display:none\">\n        <a data-id=\"5018\" class=\"likeOut_button_red likeBtnFav\"\n            aria-label=\"Megusta Vacalia\"><\/a>\n    <\/div>\n    <figure>\n        <img loading=\"lazy\" decoding=\"async\" \n            loading=\"lazy\" width=\"301\" height=\"200\"\n            src=\"\/\/media.vacalia.com\/photo\/reformatwebpfolder\/350\/200\/5018\/thumb-middle\/5018_4b204103ad907c7af968bde6ffe50de4.webp?v=21092023\"\n            alt=\"Gossalba - Ferienhaus auf Sant Joan\"\/>\n                                                                        <div class=\"circleDiscount\">-8%<\/div>\n                        <\/figure>\n    <p itemprop=\"address\"><i class=\"ico-marker\"><\/i>Sant Joan, Mallorca<\/p>\n    <h3 itemprop=\"name\">Gossalba<\/h3>\n    <ul class=\"icon_list inline_list\">\n                              <li class=\"ico-pool\" title=\"Pool\">\n              <span itemprop=\"amenityFeature\">Pool<\/span>\n            <\/li>\n                      <li class=\"ico-airConditioning\" title=\"Klimaanlage\">\n              <span itemprop=\"amenityFeature\">Klimaanlage<\/span>\n            <\/li>\n                      <li class=\"ico-wifi\" title=\"Wifi\">\n              <span itemprop=\"amenityFeature\">Wifi<\/span>\n            <\/li>\n                          <li class=\"ico-guests\" title=\"F\u00fcr 2 G\u00e4ste in Sant Joan.\">\n          <span itemprop=\"occupancy\">2<\/span>\n        <\/li>\n    <\/ul>\n            <span class=\"price\">Ab 163\u20ac \/ Nacht<\/span>\n                <a itemprop=\"url\" class=\"anchor\" href=\"https:\/\/www.vacalia.com\/de\/hotelzimmer-gossalba-sant-joan-h29341\" aria-label=\"Gossalba\"><\/a>\n<\/div><div class=\"new-card-houses\">\n    <div class=\"likeOut likeDivOut\" style=\"display:none\">\n        <a data-id=\"3044\" class=\"likeOut_button_red likeBtnFav\"\n            aria-label=\"Megusta Vacalia\"><\/a>\n    <\/div>\n    <figure>\n        <img loading=\"lazy\" decoding=\"async\" \n            loading=\"lazy\" width=\"301\" height=\"200\"\n            src=\"\/\/media.vacalia.com\/photo\/reformatwebpfolder\/350\/200\/3044\/thumb-middle\/3044_ea74568296df13355ed223779a95bcb8.webp?v=21092023\"\n            alt=\"Na maians - Ferienhaus auf Capdepera\"\/>\n                                                                        <div class=\"circleDiscount\">-10%<\/div>\n                        <\/figure>\n    <p itemprop=\"address\"><i class=\"ico-marker\"><\/i>Capdepera, Mallorca<\/p>\n    <h3 itemprop=\"name\">Na maians<\/h3>\n    <ul class=\"icon_list inline_list\">\n                              <li class=\"ico-pool\" title=\"Pool\">\n              <span itemprop=\"amenityFeature\">Pool<\/span>\n            <\/li>\n                      <li class=\"ico-airConditioning\" title=\"Klimaanlage\">\n              <span itemprop=\"amenityFeature\">Klimaanlage<\/span>\n            <\/li>\n                      <li class=\"ico-wifi\" title=\"Wifi\">\n              <span itemprop=\"amenityFeature\">Wifi<\/span>\n            <\/li>\n                          <li class=\"ico-guests\" title=\"F\u00fcr 6 G\u00e4ste in Capdepera.\">\n          <span itemprop=\"occupancy\">6<\/span>\n        <\/li>\n    <\/ul>\n            <span class=\"price\">Ab 257\u20ac \/ Nacht<\/span>\n                <a itemprop=\"url\" class=\"anchor\" href=\"https:\/\/www.vacalia.com\/de\/villa-na-maians-capdepera-h20304\" aria-label=\"Na maians\"><\/a>\n<\/div><\/div>\n\n\n\n<h2 class=\"wp-block-heading has-medium-font-size\"><strong>Burg von V\u00e9lez-Blanco &#8211; Almer\u00eda:<\/strong><\/h2>\n\n\n\n<p>In der Stadt V\u00e9lez-Blanco pr\u00e4sentiert das Schloss von V\u00e9lez-Blanco eine beeindruckende Architektur in einer uneinnehmbaren Bergumgebung. Es gilt derzeit als Kulturgut und wurde zum historisch-k\u00fcnstlerischen Denkmal des Nationalen Kunstschatzes erkl\u00e4rt.<\/p>\n\n\n\n<p>Dieses Schloss l\u00e4dt Reisende ein, seine Geschichte und architektonische Sch\u00f6nheit zu erkunden. Das im 16. Jahrhundert von der Familie Fajardo, einer spanischen Adelsfamilie, erbaute Schloss ist ein herausragendes Beispiel der spanischen Renaissance in der Region und wurde im Laufe der Jahrhunderte zahlreichen Restaurierungen unterzogen.<\/p>\n\n\n<div class=\"wp-block-image\">\n<figure class=\"aligncenter size-full\"><img loading=\"lazy\" decoding=\"async\" width=\"670\" height=\"300\" src=\"https:\/\/www.vacalia.com\/blog\/wp-content\/uploads\/2024\/04\/castillo-de-velez-blanco.jpg\" alt=\"Burg von V\u00e9lez-Blanco, Almer\u00eda\" class=\"wp-image-5119\" srcset=\"https:\/\/www.vacalia.com\/blog\/wp-content\/uploads\/2024\/04\/castillo-de-velez-blanco.jpg 670w, https:\/\/www.vacalia.com\/blog\/wp-content\/uploads\/2024\/04\/castillo-de-velez-blanco-300x134.jpg 300w\" sizes=\"(max-width: 767px) 100vw, 670px\" \/><figcaption class=\"wp-element-caption\"><em><em><em><em><em><em><em>Burg von<\/em><\/em><\/em><\/em><\/em><\/em> V\u00e9lez-Blanco, Almer\u00eda<\/em><\/figcaption><\/figure><\/div>\n\n\n<h2 class=\"wp-block-heading has-medium-font-size\"><strong>Burg von Colomares &#8211; <a href=\"https:\/\/www.vacalia.com\/de\/malaga-p1439\" target=\"_blank\" rel=\"noreferrer noopener\">M\u00e1laga<\/a>:<\/strong><\/h2>\n\n\n\n<p>Obwohl die Burg Colomares keine mittelalterliche Geschichte hat, ist sie eine moderne Sch\u00f6pfung, die Besucher mit ihrer vielseitigen Architektur in ihren Bann zieht. Der Bau dieser Burg erfolgte zwischen 1987 und 1994 durch Doktor Esteban Mart\u00edn y Mart\u00edn. Inspiriert von der Geschichte von Christoph Kolumbus und der Entdeckung Amerikas ist dieses Schloss eine beliebte Touristenattraktion, die ein einzigartiges Erlebnis in der Region bietet. Das Schloss ist ein eindrucksvolles Beispiel menschlicher Kreativit\u00e4t und eine Erinnerung an den kulturellen Reichtum der Region.<\/p>\n\n\n<div class=\"wp-block-image\">\n<figure class=\"aligncenter size-full\"><img loading=\"lazy\" decoding=\"async\" width=\"670\" height=\"300\" src=\"https:\/\/www.vacalia.com\/blog\/wp-content\/uploads\/2024\/04\/castillo-de-colomares.jpg\" alt=\"Burg von Colomares, M\u00e1laga\" class=\"wp-image-5113\" srcset=\"https:\/\/www.vacalia.com\/blog\/wp-content\/uploads\/2024\/04\/castillo-de-colomares.jpg 670w, https:\/\/www.vacalia.com\/blog\/wp-content\/uploads\/2024\/04\/castillo-de-colomares-300x134.jpg 300w\" sizes=\"(max-width: 767px) 100vw, 670px\" \/><figcaption class=\"wp-element-caption\"><em><em><em><em><em><em><em>Burg von<\/em><\/em><\/em><\/em><\/em><\/em> Colomares, M\u00e1laga<\/em><\/figcaption><\/figure><\/div>\n\n<div class=\"bannerBlog\"><div class=\"new-card-houses\">\n    <div class=\"likeOut likeDivOut\" style=\"display:none\">\n        <a data-id=\"4517\" class=\"likeOut_button_red likeBtnFav\"\n            aria-label=\"Megusta Vacalia\"><\/a>\n    <\/div>\n    <figure>\n        <img loading=\"lazy\" decoding=\"async\" \n            loading=\"lazy\" width=\"301\" height=\"200\"\n            src=\"\/\/media.vacalia.com\/photo\/reformatwebpfolder\/350\/200\/4517\/thumb-middle\/4517_6843403961268b138bde72436826aab0.webp?v=21092023\"\n            alt=\"Calanova - Ferienhaus auf Mijas\"\/>\n                                                                        <div class=\"circleDiscount\">-46%<\/div>\n                        <\/figure>\n    <p itemprop=\"address\"><i class=\"ico-marker\"><\/i>Mijas, M\u00e1laga<\/p>\n    <h3 itemprop=\"name\">Calanova<\/h3>\n    <ul class=\"icon_list inline_list\">\n                              <li class=\"ico-pool\" title=\"Pool\">\n              <span itemprop=\"amenityFeature\">Pool<\/span>\n            <\/li>\n                      <li class=\"ico-airConditioning\" title=\"Klimaanlage\">\n              <span itemprop=\"amenityFeature\">Klimaanlage<\/span>\n            <\/li>\n                      <li class=\"ico-wifi\" title=\"Wifi\">\n              <span itemprop=\"amenityFeature\">Wifi<\/span>\n            <\/li>\n                          <li class=\"ico-guests\" title=\"F\u00fcr 4 G\u00e4ste in Mijas.\">\n          <span itemprop=\"occupancy\">4<\/span>\n        <\/li>\n    <\/ul>\n            <span class=\"price\">Ab 38\u20ac \/ Nacht<\/span>\n                <a itemprop=\"url\" class=\"anchor\" href=\"https:\/\/www.vacalia.com\/de\/apartment-calanova-mijas-h26294\" aria-label=\"Calanova\"><\/a>\n<\/div><div class=\"new-card-houses\">\n    <div class=\"likeOut likeDivOut\" style=\"display:none\">\n        <a data-id=\"3946\" class=\"likeOut_button_red likeBtnFav\"\n            aria-label=\"Megusta Vacalia\"><\/a>\n    <\/div>\n    <figure>\n        <img loading=\"lazy\" decoding=\"async\" \n            loading=\"lazy\" width=\"301\" height=\"200\"\n            src=\"\/\/media.vacalia.com\/photo\/reformatwebpfolder\/350\/200\/3946\/thumb-middle\/3946_bd1ae11f7436ac766a175fc26cb6c02d.webp?v=21092023\"\n            alt=\"El morche - Ferienhaus auf El Morche\"\/>\n                                                                        <div class=\"circleDiscount\">-6%<\/div>\n                        <\/figure>\n    <p itemprop=\"address\"><i class=\"ico-marker\"><\/i>El Morche, M\u00e1laga<\/p>\n    <h3 itemprop=\"name\">El morche<\/h3>\n    <ul class=\"icon_list inline_list\">\n                              <li class=\"ico-pool\" title=\"Pool\">\n              <span itemprop=\"amenityFeature\">Pool<\/span>\n            <\/li>\n                      <li class=\"ico-airConditioning\" title=\"Klimaanlage\">\n              <span itemprop=\"amenityFeature\">Klimaanlage<\/span>\n            <\/li>\n                      <li class=\"ico-wifi\" title=\"Wifi\">\n              <span itemprop=\"amenityFeature\">Wifi<\/span>\n            <\/li>\n                      <li class=\"ico-views\" title=\"Ausblick\">\n              <span itemprop=\"amenityFeature\">Ausblick<\/span>\n            <\/li>\n                          <li class=\"ico-guests\" title=\"F\u00fcr 2+2   G\u00e4ste in El Morche.\">\n          <span itemprop=\"occupancy\">2+2  <\/span>\n        <\/li>\n    <\/ul>\n            <span class=\"price\">Ab 77\u20ac \/ Nacht<\/span>\n                <a itemprop=\"url\" class=\"anchor\" href=\"https:\/\/www.vacalia.com\/de\/apartment-el-morche-torrox-h25342\" aria-label=\"El morche\"><\/a>\n<\/div><\/div>\n\n\n\n<p>Die Erkundung dieser zehn Burgen entlang der Mittelmeerk\u00fcste bedeutet, in eine Zeitreise einzutauchen, bei der die Geschichte in jedem Stein und jeder Mauer lebendig wird. Wir hoffen, dass diese Tour zu diesen architektonischen Wundern Ihre Reisen zu diesen Reisezielen inspirieren wird, wo Vacalia <a href=\"https:\/\/www.vacalia.com\/de\" target=\"_blank\" rel=\"noreferrer noopener\">\u00fcber viele M\u00f6glichkeiten zur Ferienvermietung verf\u00fcgt<\/a>.<\/p>\n","protected":false},"excerpt":{"rendered":"<p>Tauchen Sie ein in eine Reise durch die Zeit und entdecken Sie die faszinierende Geschichte und architektonische Majest\u00e4t von zehn beeindruckenden Burgen, die an den Ufern des Mittelmeers stehen. Von&hellip;<\/p>\n","protected":false},"author":1,"featured_media":5113,"comment_status":"closed","ping_status":"open","sticky":false,"template":"","format":"standard","meta":{"_monsterinsights_skip_tracking":false,"_monsterinsights_sitenote_active":false,"_monsterinsights_sitenote_note":"","_monsterinsights_sitenote_category":0,"footnotes":""},"categories":[1080,40,1098,1092],"tags":[],"class_list":["post-5124","post","type-post","status-publish","format-standard","has-post-thumbnail","hentry","category-andere-interessante-orte","category-allgemein","category-fuhrer","category-was-gibt-es-zu-sehen"],"_links":{"self":[{"href":"https:\/\/www.vacalia.com\/blog\/wp-json\/wp\/v2\/posts\/5124"}],"collection":[{"href":"https:\/\/www.vacalia.com\/blog\/wp-json\/wp\/v2\/posts"}],"about":[{"href":"https:\/\/www.vacalia.com\/blog\/wp-json\/wp\/v2\/types\/post"}],"author":[{"embeddable":true,"href":"https:\/\/www.vacalia.com\/blog\/wp-json\/wp\/v2\/users\/1"}],"replies":[{"embeddable":true,"href":"https:\/\/www.vacalia.com\/blog\/wp-json\/wp\/v2\/comments?post=5124"}],"version-history":[{"count":7,"href":"https:\/\/www.vacalia.com\/blog\/wp-json\/wp\/v2\/posts\/5124\/revisions"}],"predecessor-version":[{"id":7540,"href":"https:\/\/www.vacalia.com\/blog\/wp-json\/wp\/v2\/posts\/5124\/revisions\/7540"}],"wp:featuredmedia":[{"embeddable":true,"href":"https:\/\/www.vacalia.com\/blog\/wp-json\/wp\/v2\/media\/5113"}],"wp:attachment":[{"href":"https:\/\/www.vacalia.com\/blog\/wp-json\/wp\/v2\/media?parent=5124"}],"wp:term":[{"taxonomy":"category","embeddable":true,"href":"https:\/\/www.vacalia.com\/blog\/wp-json\/wp\/v2\/categories?post=5124"},{"taxonomy":"post_tag","embeddable":true,"href":"https:\/\/www.vacalia.com\/blog\/wp-json\/wp\/v2\/tags?post=5124"}],"curies":[{"name":"wp","href":"https:\/\/api.w.org\/{rel}","templated":true}]}}