{"id":514,"date":"2017-08-23T08:14:37","date_gmt":"2017-08-23T08:14:37","guid":{"rendered":"https:\/\/www.vacalia.com\/blog\/?p=514"},"modified":"2024-02-14T12:13:51","modified_gmt":"2024-02-14T11:13:51","slug":"museen-in-palma-de-mallorca","status":"publish","type":"post","link":"https:\/\/www.vacalia.com\/blog\/museen-in-palma-de-mallorca\/","title":{"rendered":"Was ist sehenswert in Mallorca | Museen in Palma de Mallorca"},"content":{"rendered":"<p style=\"text-align: justify;\">Palma de Mallorca ist zweifellos eine der facettenreichsten St\u00e4dte im ganzen Mittelmeerraum. Die lange Bucht, belebte Stra\u00dfen oder das breit gestreute Angebot an Freizeit-Unterhaltung, sowohl f\u00fcr die Bewohner der Stadt als auch f\u00fcr Touristen, sind nur einige der Besonderheiten dieser Stadt.<\/p>\n<figure id=\"attachment_517\" aria-describedby=\"caption-attachment-517\" style=\"width: 1024px\" class=\"wp-caption alignnone\"><a href=\"https:\/\/www.vacalia.com\"><img fetchpriority=\"high\" decoding=\"async\" class=\"size-large wp-image-517\" src=\"https:\/\/www.vacalia.com\/blog\/wp-content\/uploads\/2017\/08\/Mallorca-News-es-baluard-1024x682.jpg\" alt=\"Museen in Palma de Mallorca\" width=\"1024\" height=\"682\" srcset=\"https:\/\/www.vacalia.com\/blog\/wp-content\/uploads\/2017\/08\/Mallorca-News-es-baluard-1024x682.jpg 1024w, https:\/\/www.vacalia.com\/blog\/wp-content\/uploads\/2017\/08\/Mallorca-News-es-baluard-300x200.jpg 300w, https:\/\/www.vacalia.com\/blog\/wp-content\/uploads\/2017\/08\/Mallorca-News-es-baluard-768x512.jpg 768w, https:\/\/www.vacalia.com\/blog\/wp-content\/uploads\/2017\/08\/Mallorca-News-es-baluard-1050x700.jpg 1050w, https:\/\/www.vacalia.com\/blog\/wp-content\/uploads\/2017\/08\/Mallorca-News-es-baluard.jpg 1280w\" sizes=\"(max-width: 1024px) 100vw, 1024px\" \/><\/a><figcaption id=\"caption-attachment-517\" class=\"wp-caption-text\">Pic: Mallorca News<\/figcaption><\/figure>\n<p style=\"text-align: justify;\"><!--more--><\/p>\n<p style=\"text-align: justify;\">Dar\u00fcber hinaus, ist die Kultur, nicht nur in Palma, sondern auf der ganzen Insel, ein Hauptmerkmal. Jedes Jahr entscheiden sich Tausende von K\u00fcnstlern, Palma de Mallorca entweder zu besuchen oder gleich zu bleiben und f\u00fcr immer hier zu leben und diese Stadt zu lieben.<\/p>\n<p style=\"text-align: justify;\">Picasso, Mir\u00f3, Chopin, Leonard Cohen &#8230; Das sind nur einige der Namen die, die mallorquinischen Stra\u00dfen mit ihren Werken und ihrer Anwesenheit jahrelang beeinflusst haben. Nein, es ist dann nicht \u00fcberraschend, dass Kunst eins der wichtigsten \u00dcberbleibsel ist, die von den Malloquinern am meisten gesch\u00e4tzt wird.<\/p>\n<p style=\"text-align: justify;\">Eine der einfachsten M\u00f6glichkeiten den Weg der Kunst auf Mallorca zu verfolgen ist durch die Museen. Obwohl es dutzende Museen auf der ganzen Insel gibt, m\u00f6chten wir uns in diesem Post auf einige der Museen in Palma de Mallorca konzentrieren.<\/p>\n<h2 class=\"post-item__subtitle\" style=\"text-align: justify;\">Museu Fundaci\u00f3 Juan March |\u00a0Museen in Palma de Mallorca<\/h2>\n<p style=\"text-align: justify;\">Einige der repr\u00e4sentativsten K\u00fcnstler Spaniens des 20. Jahrhunderts sind in diesem Museum vertreten (Picasso, Mir\u00f3, Juan Gris,Dal\u00ed &#8230;) mit permanenten Sammlungen, sowie andere tempor\u00e4re Ausstellungen, den modernistischen Ans\u00e4tzen gewidmet.<\/p>\n<p style=\"text-align: justify;\">Das sch\u00f6ne Geb\u00e4ude aus dem 17. Jahrhundert, in dem es untergebracht ist, wurde von dem Architekten Guillem Reyn\u00e9s y Font im modernistischen, mallorquinischem Stil renoviert.<\/p>\n<p style=\"text-align: justify;\">Ohne Zweifel ist dieses Museum in Palma de Mallorca, nicht nur f\u00fcr die Inselbewohner, aufgrund Menge der Kunstwerke und der eleganten, modernen Architektur, die sie beherbergt, ein Vorzeigeobjekt.<\/p>\n<figure id=\"attachment_519\" aria-describedby=\"caption-attachment-519\" style=\"width: 960px\" class=\"wp-caption alignnone\"><a href=\"https:\/\/www.vacalia.com\"><img decoding=\"async\" class=\"wp-image-519 size-full\" title=\"Museen in Palma de Mallorca\" src=\"https:\/\/www.vacalia.com\/blog\/wp-content\/uploads\/2017\/08\/museu-fundacion-juan-march.jpg\" alt=\"Was ist sehenswert in Mallorca | Museen in Palma de Mallorca\" width=\"960\" height=\"400\" srcset=\"https:\/\/www.vacalia.com\/blog\/wp-content\/uploads\/2017\/08\/museu-fundacion-juan-march.jpg 960w, https:\/\/www.vacalia.com\/blog\/wp-content\/uploads\/2017\/08\/museu-fundacion-juan-march-300x125.jpg 300w, https:\/\/www.vacalia.com\/blog\/wp-content\/uploads\/2017\/08\/museu-fundacion-juan-march-768x320.jpg 768w\" sizes=\"(max-width: 960px) 100vw, 960px\" \/><\/a><figcaption id=\"caption-attachment-519\" class=\"wp-caption-text\">Pic: Mallorca News<\/figcaption><\/figure>\n<h2 class=\"post-item__subtitle\" style=\"text-align: justify;\">Fundaci\u00f3 Pilar i Joan Mir\u00f3 |\u00a0Museen in Palma de Mallorca<\/h2>\n<p style=\"text-align: justify;\">Die Stiftung Pilar und Joan Mir\u00f3 wurde aus der Werkstatt des K\u00fcnstlers geboren. Pers\u00f6nlich spendete der K\u00fcnstler Joan Mir\u00f3 sein Atelier, zusammen mit allen Arbeiten die sich darin befanden. Andere Gegenst\u00e4nden die zur Gr\u00fcndung der Stiftung und F\u00f6rderung der Kunst ben\u00f6tigt wurden sind ebenfalls ausgestellt. Alles hat einen intimen Rahmen und ist sehr verbunden mit der zeitgen\u00f6ssischen Kunst Mir\u00f3s.<\/p>\n<p style=\"text-align: justify;\">Mir\u00f3 wollte mit der Stiftung die Kunst und ihre Sch\u00f6pfung auf lange Zeit f\u00f6rdern. Sein Atelier wird f\u00fcr Workshops genutzt. \u00a0Nicht nur die Malerei auch Musik oder Literatur finden Unterst\u00fctzung.<\/p>\n<p style=\"text-align: justify;\">Heutzutage ist die Stiftung mehr als ein pr\u00e4gendes und offenes Zentrum der K\u00fcnstler, n\u00e4mlich auch ein Museum, wo wir seine Arbeit betrachten, seine Techniken und Umgebung kennenlernen k\u00f6nnen.<\/p>\n<figure id=\"attachment_521\" aria-describedby=\"caption-attachment-521\" style=\"width: 1024px\" class=\"wp-caption alignnone\"><a href=\"https:\/\/www.vacalia.com\"><img decoding=\"async\" class=\"size-large wp-image-521\" src=\"https:\/\/www.vacalia.com\/blog\/wp-content\/uploads\/2017\/08\/ep1604pfj1-1024x639.jpg\" alt=\"Museen in Palma de Mallorca\" width=\"1024\" height=\"639\" srcset=\"https:\/\/www.vacalia.com\/blog\/wp-content\/uploads\/2017\/08\/ep1604pfj1-1024x639.jpg 1024w, https:\/\/www.vacalia.com\/blog\/wp-content\/uploads\/2017\/08\/ep1604pfj1-300x187.jpg 300w, https:\/\/www.vacalia.com\/blog\/wp-content\/uploads\/2017\/08\/ep1604pfj1-768x479.jpg 768w, https:\/\/www.vacalia.com\/blog\/wp-content\/uploads\/2017\/08\/ep1604pfj1-1050x656.jpg 1050w, https:\/\/www.vacalia.com\/blog\/wp-content\/uploads\/2017\/08\/ep1604pfj1.jpg 1400w\" sizes=\"(max-width: 1024px) 100vw, 1024px\" \/><\/a><figcaption id=\"caption-attachment-521\" class=\"wp-caption-text\">Pic: Comunicaci\u00f3n Empresarial<\/figcaption><\/figure>\n<h2 class=\"post-item__subtitle\" style=\"text-align: justify;\">Es Baluard |\u00a0Museen in Palma de Mallorca<\/h2>\n<p style=\"text-align: justify;\">Es Baluard ist ein Museum f\u00fcr moderne und zeitgen\u00f6ssische Kunst in Palma mit mehr als 600 Werken von balearischen und internationalen K\u00fcnstlern. Es gibt Ausstellungen, Konferenzen und alle Arten von Aktivit\u00e4ten, die beim Besucher das Interesse an Kultur wecken k\u00f6nnen. \u00a0Das Geb\u00e4ude, in dem sich Es Baluard befindet, stammt aus dem 16. Jahrhundert und wurde als Verteidigungsturm errichtet. Erst 1997 wurde das Gel\u00e4nde der Stadt Palma, zur Errichtung des Museums Es Baluard f\u00fcr zeitgen\u00f6ssische Kunst, zur Verf\u00fcgung gestellt.<\/p>\n<figure id=\"attachment_522\" aria-describedby=\"caption-attachment-522\" style=\"width: 960px\" class=\"wp-caption alignnone\"><a href=\"https:\/\/www.vacalia.com\"><img loading=\"lazy\" decoding=\"async\" class=\"size-full wp-image-522\" src=\"https:\/\/www.vacalia.com\/blog\/wp-content\/uploads\/2017\/08\/Perdido-en-Mallorca.jpg\" alt=\"Museen in Palma de Mallorca\" width=\"960\" height=\"640\" srcset=\"https:\/\/www.vacalia.com\/blog\/wp-content\/uploads\/2017\/08\/Perdido-en-Mallorca.jpg 960w, https:\/\/www.vacalia.com\/blog\/wp-content\/uploads\/2017\/08\/Perdido-en-Mallorca-300x200.jpg 300w, https:\/\/www.vacalia.com\/blog\/wp-content\/uploads\/2017\/08\/Perdido-en-Mallorca-768x512.jpg 768w\" sizes=\"(max-width: 960px) 100vw, 960px\" \/><\/a><figcaption id=\"caption-attachment-522\" class=\"wp-caption-text\">Pic: Perdido en Mallorca<\/figcaption><\/figure>\n<h2 class=\"post-item__subtitle\" style=\"text-align: justify;\">CaixaForum Palma |\u00a0Museen in Palma de Mallorca<\/h2>\n<p style=\"text-align: justify;\">Die Dieses Museum geh\u00f6rt zur Stiftung La Caixa und wurde 1993 gegr\u00fcndet. Es ist in einem modernistischen Hotel des katalanischen Architekten Dom\u00e9nech i Montaner untergebracht. 1987 wurde das Geb\u00e4ude von der Stiftung La Caixa erworben und die Sch\u00e4den die durch den B\u00fcrgerkrieg und die Diktatur entstanden waren, wurden behoben.<\/p>\n<p style=\"text-align: justify;\">Neben tempor\u00e4ren Ausstellungen, Bibliothek, Videothek und Zeitungsbibliothek, beherbergt es derzeit eine gro\u00dfe Bilder &#8211; Ausstellung von Anglada-Camarasa.<\/p>\n<figure id=\"attachment_523\" aria-describedby=\"caption-attachment-523\" style=\"width: 1024px\" class=\"wp-caption alignnone\"><a href=\"https:\/\/www.vacalia.com\"><img loading=\"lazy\" decoding=\"async\" class=\"size-large wp-image-523\" src=\"https:\/\/www.vacalia.com\/blog\/wp-content\/uploads\/2017\/08\/cyclingmeeting-1024x685.jpg\" alt=\"Museen in Palma de Malloca\" width=\"1024\" height=\"685\" srcset=\"https:\/\/www.vacalia.com\/blog\/wp-content\/uploads\/2017\/08\/cyclingmeeting.jpg 1024w, https:\/\/www.vacalia.com\/blog\/wp-content\/uploads\/2017\/08\/cyclingmeeting-300x201.jpg 300w, https:\/\/www.vacalia.com\/blog\/wp-content\/uploads\/2017\/08\/cyclingmeeting-768x514.jpg 768w\" sizes=\"(max-width: 1024px) 100vw, 1024px\" \/><\/a><figcaption id=\"caption-attachment-523\" class=\"wp-caption-text\">Pic: Cyclingmeeting<\/figcaption><\/figure>\n<h2 class=\"post-item__subtitle\" style=\"text-align: justify;\">Museum von Mallorca |\u00a0Museen in Palma de Mallorca<\/h2>\n<p style=\"text-align: justify;\">Das Museum von Mallorca befindet sich im Casal de Can Aiamans, ein Bauwerk aus dem Jahr 1634 von Miquel Llu\u00eds Ballester de Togores i Salas. Mit verschiedenen Sammlungen konzentriert es sich auf die Arch\u00e4ologie, Bildende Kunst, Ethnographie, Dekoration und Industrie. Das Haus hat einen barocken Stil mit gotischen und islamischen \u00dcberresten, die die Jahrhunderte \u00fcberdauert haben. Durch die verschiedenen Ausstellungen beabsichtigt das Museum, das kulturelle und wissenschaftliche Wissen zu f\u00f6rdern und die vielfachen Ver\u00e4nderungen der Insel im Laufe der Jahrhunderte aufzuzeigen.<\/p>\n<figure id=\"attachment_524\" aria-describedby=\"caption-attachment-524\" style=\"width: 1024px\" class=\"wp-caption alignnone\"><a href=\"https:\/\/www.vacalia.com\"><img loading=\"lazy\" decoding=\"async\" class=\"size-large wp-image-524\" src=\"https:\/\/www.vacalia.com\/blog\/wp-content\/uploads\/2017\/08\/Museu-de-Mallorca-Ultima-Hora-1024x504.jpg\" alt=\"Museen in Palma de Malloca\" width=\"1024\" height=\"504\" srcset=\"https:\/\/www.vacalia.com\/blog\/wp-content\/uploads\/2017\/08\/Museu-de-Mallorca-Ultima-Hora.jpg 1024w, https:\/\/www.vacalia.com\/blog\/wp-content\/uploads\/2017\/08\/Museu-de-Mallorca-Ultima-Hora-300x148.jpg 300w, https:\/\/www.vacalia.com\/blog\/wp-content\/uploads\/2017\/08\/Museu-de-Mallorca-Ultima-Hora-768x378.jpg 768w\" sizes=\"(max-width: 1024px) 100vw, 1024px\" \/><\/a><figcaption id=\"caption-attachment-524\" class=\"wp-caption-text\">Pic: \u00daltima Hora<\/figcaption><\/figure>\n<h2 class=\"post-item__subtitle\" style=\"text-align: justify;\">Museum der Geschichte der Stadt |\u00a0Museen in Palma de Mallorca<\/h2>\n<p style=\"text-align: justify;\">Dieses Geb\u00e4ude befindet sich in dem emblematischen Castell de Bellver, das an sich schon eines Denkmals w\u00fcrdig, auf Mallorca zu bewundern ist. Es liegt 3 km vom Zentrum der Stadt entfernt, auf einem kleinen H\u00fcgel mit Blick auf das Meer und hat im Laufe der Jahrhunderte als K\u00f6nigsresidenz, Milit\u00e4rgef\u00e4ngnis und M\u00fcnzfabrik gedient. Jetzt beherbergt es schlie\u00dflich das Museum der Stadtgeschichte von Palma de Mallorca. Es sind verschiedene, st\u00e4ndige Werke wie: \u201cUrban Evolution von Palma\u201d, die Sammlung \u201cDespuig\u201d oder der Saal \u201cJovellanos\u201d zu bewundern. Au\u00dferdem gibt es andere, zeitweilige Ausstellungen und kulturelle Aktivit\u00e4ten die dem Besucher die Geschichte der Stadt vermitteln.<\/p>\n<figure id=\"attachment_525\" aria-describedby=\"caption-attachment-525\" style=\"width: 1024px\" class=\"wp-caption alignnone\"><a href=\"https:\/\/www.vacalia.com\"><img loading=\"lazy\" decoding=\"async\" class=\"size-large wp-image-525\" src=\"https:\/\/www.vacalia.com\/blog\/wp-content\/uploads\/2017\/08\/Arqueomallorca-1024x362.jpg\" alt=\"Museen in Palma de Mallorca\" width=\"1024\" height=\"362\" srcset=\"https:\/\/www.vacalia.com\/blog\/wp-content\/uploads\/2017\/08\/Arqueomallorca-1024x362.jpg 1024w, https:\/\/www.vacalia.com\/blog\/wp-content\/uploads\/2017\/08\/Arqueomallorca-300x106.jpg 300w, https:\/\/www.vacalia.com\/blog\/wp-content\/uploads\/2017\/08\/Arqueomallorca-768x272.jpg 768w, https:\/\/www.vacalia.com\/blog\/wp-content\/uploads\/2017\/08\/Arqueomallorca-1050x372.jpg 1050w, https:\/\/www.vacalia.com\/blog\/wp-content\/uploads\/2017\/08\/Arqueomallorca.jpg 1130w\" sizes=\"(max-width: 1024px) 100vw, 1024px\" \/><\/a><figcaption id=\"caption-attachment-525\" class=\"wp-caption-text\">Pic: Arqueomallorca<\/figcaption><\/figure>\n\n<div class=\"bannerBlog\"><div class=\"new-card-houses\">\n    <div class=\"likeOut likeDivOut\" style=\"display:none\">\n        <a data-id=\"5041\" class=\"likeOut_button_red likeBtnFav\"\n            aria-label=\"Megusta Vacalia\"><\/a>\n    <\/div>\n    <figure>\n        <img loading=\"lazy\" decoding=\"async\" \n            loading=\"lazy\" width=\"301\" height=\"200\"\n            src=\"\/\/media.vacalia.com\/photo\/reformatwebpfolder\/350\/200\/5041\/thumb-middle\/5041_35a4de88b6788a78bc9e7ff83c238bb1.webp?v=21092023\"\n            alt=\"Finca kelly - Ferienhaus auf Art\u00e0\"\/>\n                                                                        <div class=\"circleDiscount\">-20%<\/div>\n                        <\/figure>\n    <p itemprop=\"address\"><i class=\"ico-marker\"><\/i>Art\u00e0, Mallorca<\/p>\n    <h3 itemprop=\"name\">Finca kelly<\/h3>\n    <ul class=\"icon_list inline_list\">\n                              <li class=\"ico-pool\" title=\"Pool\">\n              <span itemprop=\"amenityFeature\">Pool<\/span>\n            <\/li>\n                      <li class=\"ico-airConditioning\" title=\"Klimaanlage\">\n              <span itemprop=\"amenityFeature\">Klimaanlage<\/span>\n            <\/li>\n                      <li class=\"ico-wifi\" title=\"Wifi\">\n              <span itemprop=\"amenityFeature\">Wifi<\/span>\n            <\/li>\n                          <li class=\"ico-guests\" title=\"F\u00fcr 8 G\u00e4ste in Art\u00e0.\">\n          <span itemprop=\"occupancy\">8<\/span>\n        <\/li>\n    <\/ul>\n            <span class=\"price\">Ab 236\u20ac \/ Nacht<\/span>\n                <a itemprop=\"url\" class=\"anchor\" href=\"https:\/\/www.vacalia.com\/de\/villa-finca-kelly-arta-h29526\" aria-label=\"Finca kelly\"><\/a>\n<\/div><div class=\"new-card-houses\">\n    <div class=\"likeOut likeDivOut\" style=\"display:none\">\n        <a data-id=\"5639\" class=\"likeOut_button_red likeBtnFav\"\n            aria-label=\"Megusta Vacalia\"><\/a>\n    <\/div>\n    <figure>\n        <img loading=\"lazy\" decoding=\"async\" \n            loading=\"lazy\" width=\"301\" height=\"200\"\n            src=\"\/\/media.vacalia.com\/photo\/reformatwebpfolder\/350\/200\/5639\/thumb-middle\/5639_d67032c0d379f80cf0880034d5db75b2.webp?v=21092023\"\n            alt=\"Mirabo - Ferienhaus auf Manacor\"\/>\n                                                                        <div class=\"circleDiscount\">-29%<\/div>\n                        <\/figure>\n    <p itemprop=\"address\"><i class=\"ico-marker\"><\/i>Manacor, Mallorca<\/p>\n    <h3 itemprop=\"name\">Mirabo<\/h3>\n    <ul class=\"icon_list inline_list\">\n                              <li class=\"ico-pool\" title=\"Pool\">\n              <span itemprop=\"amenityFeature\">Pool<\/span>\n            <\/li>\n                      <li class=\"ico-wifi\" title=\"Wifi\">\n              <span itemprop=\"amenityFeature\">Wifi<\/span>\n            <\/li>\n                          <li class=\"ico-guests\" title=\"F\u00fcr 10 G\u00e4ste in Manacor.\">\n          <span itemprop=\"occupancy\">10<\/span>\n        <\/li>\n    <\/ul>\n            <span class=\"price\">Ab 182\u20ac \/ Nacht<\/span>\n                <a itemprop=\"url\" class=\"anchor\" href=\"https:\/\/www.vacalia.com\/de\/villa-mirabo-manacor-h32432\" aria-label=\"Mirabo\"><\/a>\n<\/div><\/div>\n","protected":false},"excerpt":{"rendered":"<p>Palma de Mallorca ist zweifellos eine der facettenreichsten St\u00e4dte im ganzen Mittelmeerraum. Die lange Bucht, belebte Stra\u00dfen oder das breit gestreute Angebot an Freizeit-Unterhaltung, sowohl f\u00fcr die Bewohner der Stadt&hellip;<\/p>\n","protected":false},"author":2,"featured_media":0,"comment_status":"closed","ping_status":"open","sticky":false,"template":"","format":"standard","meta":{"_monsterinsights_skip_tracking":false,"_monsterinsights_sitenote_active":false,"_monsterinsights_sitenote_note":"","_monsterinsights_sitenote_category":0,"footnotes":""},"categories":[40],"tags":[],"class_list":["post-514","post","type-post","status-publish","format-standard","hentry","category-allgemein"],"_links":{"self":[{"href":"https:\/\/www.vacalia.com\/blog\/wp-json\/wp\/v2\/posts\/514"}],"collection":[{"href":"https:\/\/www.vacalia.com\/blog\/wp-json\/wp\/v2\/posts"}],"about":[{"href":"https:\/\/www.vacalia.com\/blog\/wp-json\/wp\/v2\/types\/post"}],"author":[{"embeddable":true,"href":"https:\/\/www.vacalia.com\/blog\/wp-json\/wp\/v2\/users\/2"}],"replies":[{"embeddable":true,"href":"https:\/\/www.vacalia.com\/blog\/wp-json\/wp\/v2\/comments?post=514"}],"version-history":[{"count":8,"href":"https:\/\/www.vacalia.com\/blog\/wp-json\/wp\/v2\/posts\/514\/revisions"}],"predecessor-version":[{"id":4875,"href":"https:\/\/www.vacalia.com\/blog\/wp-json\/wp\/v2\/posts\/514\/revisions\/4875"}],"wp:attachment":[{"href":"https:\/\/www.vacalia.com\/blog\/wp-json\/wp\/v2\/media?parent=514"}],"wp:term":[{"taxonomy":"category","embeddable":true,"href":"https:\/\/www.vacalia.com\/blog\/wp-json\/wp\/v2\/categories?post=514"},{"taxonomy":"post_tag","embeddable":true,"href":"https:\/\/www.vacalia.com\/blog\/wp-json\/wp\/v2\/tags?post=514"}],"curies":[{"name":"wp","href":"https:\/\/api.w.org\/{rel}","templated":true}]}}