{"id":5152,"date":"2024-04-12T11:09:37","date_gmt":"2024-04-12T09:09:37","guid":{"rendered":"https:\/\/www.vacalia.com\/blog\/?p=5152"},"modified":"2025-07-08T10:31:22","modified_gmt":"2025-07-08T08:31:22","slug":"la-feria-de-abril-de-sevilla","status":"publish","type":"post","link":"https:\/\/www.vacalia.com\/blog\/es\/la-feria-de-abril-de-sevilla\/","title":{"rendered":"La Feria de Abril de Sevilla"},"content":{"rendered":"\n<p>Anteriormente hemos hablado de las <a href=\"https:\/\/www.vacalia.com\/blog\/es\/ferias-de-primavera-en-cadiz\/\" target=\"_blank\" rel=\"noreferrer noopener\"><strong>ferias de primavera de C\u00e1diz<\/strong><\/a> y en esta ocasi\u00f3n vamos a hablar de la fiesta de primavera por excelencia que se celebra en <a href=\"https:\/\/www.vacalia.com\/es\/alquiler-vacacional-sevilla\" target=\"_blank\" rel=\"noreferrer noopener\"><strong>Sevilla<\/strong><\/a>, La Feria de Abril.<\/p>\n\n\n\n<p>Una vez terminada la Semana Santa, llega una de las semanas m\u00e1s importantes y especiales del a\u00f1o para los sevillanos.&nbsp;<\/p>\n\n\n\n<p>Sevilla se llena de flamenco y un aroma a \u201c<em>pesca\u00edto<\/em> frito\u201d que se disfruta en las casetas del Real. Tampoco falta la alegr\u00eda de los sevillanos, que es un ingrediente que nunca falta en la capital andaluza durante los d\u00edas de feria.<\/p>\n\n\n\n<p>La Feria de Abril en Sevilla es mucho m\u00e1s que una simple festividad; es una experiencia cultural \u00fanica que atrae a visitantes de todas partes del mundo para descubrir esta fiesta tan caracter\u00edstica.&nbsp;<\/p>\n\n\n<div class=\"wp-block-image\">\n<figure class=\"aligncenter size-full\"><img fetchpriority=\"high\" decoding=\"async\" width=\"670\" height=\"300\" src=\"https:\/\/www.vacalia.com\/blog\/wp-content\/uploads\/2024\/04\/feria-de-abril-de-dia.jpg\" alt=\"Feria de Abril de d\u00eda\" class=\"wp-image-5155\" srcset=\"https:\/\/www.vacalia.com\/blog\/wp-content\/uploads\/2024\/04\/feria-de-abril-de-dia.jpg 670w, https:\/\/www.vacalia.com\/blog\/wp-content\/uploads\/2024\/04\/feria-de-abril-de-dia-300x134.jpg 300w\" sizes=\"(max-width: 767px) 100vw, 670px\" \/><figcaption class=\"wp-element-caption\"><em>Feria de Abril de d\u00eda<\/em><\/figcaption><\/figure><\/div>\n\n\n<h2 class=\"wp-block-heading has-medium-font-size\"><strong>Historia y significado cultural<\/strong><\/h2>\n\n\n\n<p>Esta celebraci\u00f3n tiene sus ra\u00edces a mediados del siglo XIX, cuando unos empresarios fundaron una feria de ganader\u00eda y agricultura. Con el paso del tiempo, se transform\u00f3 en la fiesta que conocemos hoy en d\u00eda, con casetas, m\u00fasica, atracciones y gastronom\u00eda sevillana.&nbsp;<\/p>\n\n\n\n<h2 class=\"wp-block-heading has-medium-font-size\"><strong>Alojamiento y movilidad en la Feria de Abril<\/strong><\/h2>\n\n\n\n<p>Se recomienda reservar alojamiento con anticipaci\u00f3n, ya que la demanda durante la feria es muy alta. <a href=\"https:\/\/www.vacalia.com\/es\" target=\"_blank\" rel=\"noreferrer noopener\">En nuestra web<\/a> puedes encontrar alquiler vacacional ideal para vivir una experiencia m\u00e1s autentica.<\/p>\n\n\n\n<p>Para desplazarte al recinto ferial, es mejor hacerlo en transporte p\u00fablico que te facilitar\u00e1 llegar con comodidad, puedes optar tanto por autobuses, tranv\u00edas o metro.&nbsp;<\/p>\n\n\n\n<h2 class=\"wp-block-heading has-medium-font-size\"><strong>\u00bfCu\u00e1ndo se celebra la Feria de Sevilla?&nbsp;<\/strong><\/h2>\n\n\n\n<p>No existe una fecha fija. Normalmente se celebra entre 7 y 14 d\u00edas despu\u00e9s de la Semana Santa. Por ello, Sevilla siempre es recomendada para viajar en el mes de abril. Para conocer las fechas exactas, lo ideal es visitar la p\u00e1gina web oficial del <a href=\"https:\/\/www.sevilla.org\/\" target=\"_blank\" rel=\"noreferrer noopener\">Ayuntamiento de Sevilla<\/a> con antelaci\u00f3n.<\/p>\n\n\n\n<h2 class=\"wp-block-heading has-medium-font-size\"><strong>\u00bfCu\u00e1nto tiempo dura la feria?&nbsp;<\/strong><\/h2>\n\n\n\n<p>La Feria de Abril dura una semana. La noche de apertura, conocida como el \u00abs\u00e1bado del <em>alumbrao<\/em>\u00ab, marca el comienzo oficial, con el encendido a las doce de la noche de \u201cLa portada Real\u201d del recinto ferial, que supone para los sevillanos un momento cargado de ilusiones y emociones. Esta tambi\u00e9n es la famosa \u00abnoche del <em>pesca\u00edto<\/em>\u00ab, cuando se cena el tradicional plato de \u201c<em>pesca\u00edto<\/em> frito\u201d en las casetas. La feria culmina el s\u00e1bado siguiente a la medianoche, con un espect\u00e1culo de fuegos artificiales junto al r\u00edo Guadalquivir. Si buscas un buen lugar para verlo un sitio ideal es el puente de Triana y sus alrededores.<\/p>\n\n\n<div class=\"wp-block-image\">\n<figure class=\"aligncenter size-full\"><img decoding=\"async\" width=\"670\" height=\"300\" src=\"https:\/\/www.vacalia.com\/blog\/wp-content\/uploads\/2024\/04\/portada-del-real-feria-de-abril-de-noche.jpg\" alt=\"La Portada de la Feria\" class=\"wp-image-5153\" srcset=\"https:\/\/www.vacalia.com\/blog\/wp-content\/uploads\/2024\/04\/portada-del-real-feria-de-abril-de-noche.jpg 670w, https:\/\/www.vacalia.com\/blog\/wp-content\/uploads\/2024\/04\/portada-del-real-feria-de-abril-de-noche-300x134.jpg 300w\" sizes=\"(max-width: 767px) 100vw, 670px\" \/><figcaption class=\"wp-element-caption\"><em>La Portada de la Feria<\/em><\/figcaption><\/figure><\/div>\n\n\n<h2 class=\"wp-block-heading has-medium-font-size\"><strong>\u00bfCu\u00e1les son los mejores d\u00edas de la feria?&nbsp;<\/strong><\/h2>\n\n\n\n<p>Cualquier d\u00eda es ideal para disfrutar del ambiente, sin embargo, los fines de semana y la \u201cnoche del <em>pesca\u00edto\u201d<\/em>, suelen ser los momentos m\u00e1s concurridos. El recinto de la Feria suele abrir desde el mediod\u00eda hasta altas horas de la madrugada. Durante el d\u00eda, el ambiente es m\u00e1s familiar y tranquilo, perfecto para un paseo en una carroza tirada por caballos. Por la noche, el recinto se transforma con la iluminaci\u00f3n de m\u00e1s de 200.000 bombillas, y la fiesta se alarga hasta altas horas de la madrugada.<\/p>\n\n\n<div class=\"wp-block-image\">\n<figure class=\"aligncenter size-full\"><img decoding=\"async\" width=\"670\" height=\"300\" src=\"https:\/\/www.vacalia.com\/blog\/wp-content\/uploads\/2024\/04\/feria-de-abril-de-noche.jpg\" alt=\"Feria de Abril de noche\" class=\"wp-image-5156\" srcset=\"https:\/\/www.vacalia.com\/blog\/wp-content\/uploads\/2024\/04\/feria-de-abril-de-noche.jpg 670w, https:\/\/www.vacalia.com\/blog\/wp-content\/uploads\/2024\/04\/feria-de-abril-de-noche-300x134.jpg 300w\" sizes=\"(max-width: 767px) 100vw, 670px\" \/><figcaption class=\"wp-element-caption\"><em>Feria de Abril de noche<\/em><\/figcaption><\/figure><\/div>\n\n\n<h2 class=\"wp-block-heading has-medium-font-size\"><strong>\u00bfD\u00f3nde tiene lugar la Feria?&nbsp;<\/strong><\/h2>\n\n\n\n<p>La Feria de Abril se ubica en el barrio de Los Remedios, en un recinto llamado \u201cReal de la Feria\u201d, con una estructura de calles iluminadas con \u201cfarolillos\u201d que toman el nombre de famosos toreros sevillanos excepto la que se conoce como&nbsp;\u00abCalle del Infierno\u00bb, todas estas calles acogen alrededor de un millar de casetas, un n\u00famero limitado desde hace a\u00f1os ante la imposibilidad de instalar m\u00e1s.<\/p>\n\n\n<div class=\"wp-block-image\">\n<figure class=\"aligncenter size-full\"><img loading=\"lazy\" decoding=\"async\" width=\"670\" height=\"300\" src=\"https:\/\/www.vacalia.com\/blog\/wp-content\/uploads\/2024\/04\/calle-del-infierno-feria-de-abril.jpg\" alt=\"Calle del Infierno\" class=\"wp-image-5157\" srcset=\"https:\/\/www.vacalia.com\/blog\/wp-content\/uploads\/2024\/04\/calle-del-infierno-feria-de-abril.jpg 670w, https:\/\/www.vacalia.com\/blog\/wp-content\/uploads\/2024\/04\/calle-del-infierno-feria-de-abril-300x134.jpg 300w\" sizes=\"(max-width: 767px) 100vw, 670px\" \/><figcaption class=\"wp-element-caption\"><em>Calle del Infierno<\/em><\/figcaption><\/figure><\/div>\n\n\n<p>El&nbsp;suelo de estas calles se cubre de albero, una tierra de color amarillento que tambi\u00e9n se usa en parques de la ciudad y plazas de toros.&nbsp;<\/p>\n\n\n\n<p>El acceso al recinto es \u201cLa portada del Real de la Feria\u201d, es una estructura de gran tama\u00f1o por la que acceden los visitantes, cada a\u00f1o est\u00e1 dedicada a un monumento de la ciudad o en conmemoraci\u00f3n de alg\u00fan acontecimiento.<\/p>\n\n\n\n<h2 class=\"wp-block-heading has-medium-font-size\"><strong>\u00bfQu\u00e9 son las casetas de la Feria de Sevilla?&nbsp;<\/strong><\/h2>\n\n\n\n<p>Las casetas, instaladas por todo el recinto, est\u00e1n cubiertas con toldos de rayas blancas y rojas o verdes. En ellas, se baila y se disfruta de la gastronom\u00eda acompa\u00f1ada de un buen vino fino o manzanilla. La mayor\u00eda de estas casetas son privadas y solo se accede a ellas con invitaci\u00f3n o acompa\u00f1ado por alg\u00fan sevillano que tenga acceso. Sin embargo, tambi\u00e9n hay casetas p\u00fablicas, a las que se puede entrar sin entrada o acreditaci\u00f3n.<\/p>\n\n\n<div class=\"wp-block-image\">\n<figure class=\"aligncenter size-full\"><img loading=\"lazy\" decoding=\"async\" width=\"670\" height=\"300\" src=\"https:\/\/www.vacalia.com\/blog\/wp-content\/uploads\/2024\/04\/casetas-de-feria-de-abril-de-noche.jpg\" alt=\"Casetas de la Feria de Abril\" class=\"wp-image-5158\" srcset=\"https:\/\/www.vacalia.com\/blog\/wp-content\/uploads\/2024\/04\/casetas-de-feria-de-abril-de-noche.jpg 670w, https:\/\/www.vacalia.com\/blog\/wp-content\/uploads\/2024\/04\/casetas-de-feria-de-abril-de-noche-300x134.jpg 300w\" sizes=\"(max-width: 767px) 100vw, 670px\" \/><figcaption class=\"wp-element-caption\"><em>Casetas de la Feria de Abril<\/em><\/figcaption><\/figure><\/div>\n\n\n<h2 class=\"wp-block-heading has-medium-font-size\"><strong>\u00bfC\u00f3mo vestirse para la Feria de Sevilla?&nbsp;<\/strong><\/h2>\n\n\n\n<p>Aunque lo ideal es lucir trajes de flamenca en el caso de las mujeres y trajes t\u00edpicos de chaqueta para los hombres, no es un requisito indispensable. Si no dispones de un traje, puedes alquilarlo en diferentes locales de la ciudad. Sin embargo, si prefieres no alquilar uno, opta por un atuendo elegante con un toque flamenco, como flecos, estampados florales o volantes.&nbsp;<\/p>\n\n\n\n<p>Ten en cuenta que, seg\u00fan los expertos, las mujeres nunca deben llevar flores en el pelo si no van vestida de flamenca.<\/p>\n\n\n\n<p>Ojo, la noche del primer s\u00e1bado, conocido como s\u00e1bado de \u201cpesca\u00edto\u201d, no es tradici\u00f3n ponerse el traje de flamenca. Y otra cosa a tener muy cuenta:&nbsp;el albero, tierra de color amarillento que cubre el suelo, mancha, as\u00ed que mejor evitar vestidos largos.<\/p>\n\n\n\n<h2 class=\"wp-block-heading has-medium-font-size\"><strong>\u00bfQu\u00e9 se puede comer durante la Feria de Sevilla?<\/strong><\/h2>\n\n\n\n<p>Muchas casetas ofrecen una amplia variedad de platos y bebidas, tanto durante el d\u00eda como por la noche. Desde caz\u00f3n adobado, jam\u00f3n ib\u00e9rico, hasta gambas de Huelva. Para acompa\u00f1ar la comida, no puede faltar una copa de vino o \u201crebujito\u201d, una bebida elaborada con vino manzanilla y refresco de lima o gaseosa, adornada con hojas de hierbabuena y mucho hielo. Y al salir de la feria, una parada en la plaza de los Bu\u00f1uelos para disfrutar de churros o bu\u00f1uelos con chocolate caliente es la manera perfecta para terminar la fiesta.<\/p>\n\n\n\n<p>Esperamos que con este art\u00edculo teng\u00e1is una idea m\u00e1s concreta de lo que es la Feria de Sevilla y os anim\u00e9is a disfrutar de esta experiencia.<\/p>\n\n\n<div class=\"bannerBlog\"><div class=\"new-card-houses\">\n    <div class=\"likeOut likeDivOut\" style=\"display:none\">\n        <a data-id=\"3989\" class=\"likeOut_button_red likeBtnFav\"\n            aria-label=\"Megusta Vacalia\"><\/a>\n    <\/div>\n    <figure>\n        <img loading=\"lazy\" decoding=\"async\" \n            loading=\"lazy\" width=\"301\" height=\"200\"\n            src=\"\/\/media.vacalia.com\/photo\/reformatwebpfolder\/350\/200\/3989\/thumb-middle\/3989_28217683956d06aa453af1f616c37d6e.webp?v=21092023\"\n            alt=\"Alameda de hercules - Alquiler vacacional en Sevilla\"\/>\n                                                                        <div class=\"circleDiscount\">-5%<\/div>\n                        <\/figure>\n    <p itemprop=\"address\"><i class=\"ico-marker\"><\/i>Sevilla, Sevilla<\/p>\n    <h3 itemprop=\"name\">Alameda de hercules<\/h3>\n    <ul class=\"icon_list inline_list\">\n                              <li class=\"ico-airConditioning\" title=\"Aire Acondicionado\">\n              <span itemprop=\"amenityFeature\">Aire Acondicionado<\/span>\n            <\/li>\n                      <li class=\"ico-wifi\" title=\"Wifi\">\n              <span itemprop=\"amenityFeature\">Wifi<\/span>\n            <\/li>\n                          <li class=\"ico-guests\" title=\"Para 2 hu\u00e9spedes en Sevilla.\">\n          <span itemprop=\"occupancy\">2<\/span>\n        <\/li>\n    <\/ul>\n            <span class=\"price\">Desde 54\u20ac \/ noche<\/span>\n                <a itemprop=\"url\" class=\"anchor\" href=\"https:\/\/www.vacalia.com\/es\/apartamento-alameda-de-hercules-sevilla-h25303\" aria-label=\"Alameda de hercules\"><\/a>\n<\/div><div class=\"new-card-houses\">\n    <div class=\"likeOut likeDivOut\" style=\"display:none\">\n        <a data-id=\"4844\" class=\"likeOut_button_red likeBtnFav\"\n            aria-label=\"Megusta Vacalia\"><\/a>\n    <\/div>\n    <figure>\n        <img loading=\"lazy\" decoding=\"async\" \n            loading=\"lazy\" width=\"301\" height=\"200\"\n            src=\"\/\/media.vacalia.com\/photo\/reformatwebpfolder\/350\/200\/4844\/thumb-middle\/4844_415383e7e94e674f020ddecaa2cdc035.webp?v=21092023\"\n            alt=\"Montecristo 4 - Alquiler vacacional en Carmona\"\/>\n                                                                        <div class=\"circleDiscount\">-9%<\/div>\n                        <\/figure>\n    <p itemprop=\"address\"><i class=\"ico-marker\"><\/i>Carmona, Sevilla<\/p>\n    <h3 itemprop=\"name\">Montecristo 4<\/h3>\n    <ul class=\"icon_list inline_list\">\n                              <li class=\"ico-pool\" title=\"Piscina\">\n              <span itemprop=\"amenityFeature\">Piscina<\/span>\n            <\/li>\n                      <li class=\"ico-airConditioning\" title=\"Aire Acondicionado\">\n              <span itemprop=\"amenityFeature\">Aire Acondicionado<\/span>\n            <\/li>\n                      <li class=\"ico-wifi\" title=\"Wifi\">\n              <span itemprop=\"amenityFeature\">Wifi<\/span>\n            <\/li>\n                          <li class=\"ico-guests\" title=\"Para 4 hu\u00e9spedes en Carmona.\">\n          <span itemprop=\"occupancy\">4<\/span>\n        <\/li>\n    <\/ul>\n            <span class=\"price\">Desde 137\u20ac \/ noche<\/span>\n                <a itemprop=\"url\" class=\"anchor\" href=\"https:\/\/www.vacalia.com\/es\/casa-vacacional-montecristo-4-carmona-h27699\" aria-label=\"Montecristo 4\"><\/a>\n<\/div><\/div>\n","protected":false},"excerpt":{"rendered":"<p>Anteriormente hemos hablado de las ferias de primavera de C\u00e1diz y en esta ocasi\u00f3n vamos a hablar de la fiesta de primavera por excelencia que se celebra en Sevilla, La&hellip;<\/p>\n","protected":false},"author":1,"featured_media":5155,"comment_status":"closed","ping_status":"open","sticky":false,"template":"","format":"standard","meta":{"_monsterinsights_skip_tracking":false,"_monsterinsights_sitenote_active":false,"_monsterinsights_sitenote_note":"","_monsterinsights_sitenote_category":0,"footnotes":""},"categories":[753,805,778,1],"tags":[],"class_list":["post-5152","post","type-post","status-publish","format-standard","has-post-thumbnail","hentry","category-sevilla-es","category-que-hacer-en-sevilla","category-fiestas-y-tradiciones-de-sevilla","category-general-es"],"_links":{"self":[{"href":"https:\/\/www.vacalia.com\/blog\/wp-json\/wp\/v2\/posts\/5152"}],"collection":[{"href":"https:\/\/www.vacalia.com\/blog\/wp-json\/wp\/v2\/posts"}],"about":[{"href":"https:\/\/www.vacalia.com\/blog\/wp-json\/wp\/v2\/types\/post"}],"author":[{"embeddable":true,"href":"https:\/\/www.vacalia.com\/blog\/wp-json\/wp\/v2\/users\/1"}],"replies":[{"embeddable":true,"href":"https:\/\/www.vacalia.com\/blog\/wp-json\/wp\/v2\/comments?post=5152"}],"version-history":[{"count":9,"href":"https:\/\/www.vacalia.com\/blog\/wp-json\/wp\/v2\/posts\/5152\/revisions"}],"predecessor-version":[{"id":7558,"href":"https:\/\/www.vacalia.com\/blog\/wp-json\/wp\/v2\/posts\/5152\/revisions\/7558"}],"wp:featuredmedia":[{"embeddable":true,"href":"https:\/\/www.vacalia.com\/blog\/wp-json\/wp\/v2\/media\/5155"}],"wp:attachment":[{"href":"https:\/\/www.vacalia.com\/blog\/wp-json\/wp\/v2\/media?parent=5152"}],"wp:term":[{"taxonomy":"category","embeddable":true,"href":"https:\/\/www.vacalia.com\/blog\/wp-json\/wp\/v2\/categories?post=5152"},{"taxonomy":"post_tag","embeddable":true,"href":"https:\/\/www.vacalia.com\/blog\/wp-json\/wp\/v2\/tags?post=5152"}],"curies":[{"name":"wp","href":"https:\/\/api.w.org\/{rel}","templated":true}]}}