{"id":5202,"date":"2024-04-26T16:10:57","date_gmt":"2024-04-26T14:10:57","guid":{"rendered":"https:\/\/www.vacalia.com\/blog\/?p=5202"},"modified":"2024-08-27T12:06:52","modified_gmt":"2024-08-27T10:06:52","slug":"radsportferien-auf-mallorca","status":"publish","type":"post","link":"https:\/\/www.vacalia.com\/blog\/radsportferien-auf-mallorca\/","title":{"rendered":"Radsportferien auf Mallorca"},"content":{"rendered":"\n<p>In den letzten Jahren haben sich die Balearen, die f\u00fcr ihre Str\u00e4nde bekannt sind, zu einem beliebten Ziel f\u00fcr Radfahrer entwickelt. Vor allem <a href=\"https:\/\/www.vacalia.com\/de\" target=\"_blank\" rel=\"noreferrer noopener\">Mallorca<\/a> mit seinen ausgedehnten Stra\u00dfen und lokalen Wegen hat sich zu einem Paradies f\u00fcr Radfahrer entwickelt. Die abwechslungsreiche Topografie und das mediterrane Klima machen die Insel zu einem idealen Ort f\u00fcr Radfahrer. Dar\u00fcber hinaus bieten die atemberaubenden Landschaften und h\u00fcbschen D\u00f6rfer ein einzigartiges Erlebnis f\u00fcr Radfahrer. Die Insel zieht jedes Jahr mehr als 150.000 Radfahrer an, vor allem im Fr\u00fchjahr und im Herbst aufgrund ihres Klimas und der Vielfalt der Strecken.<\/p>\n\n\n\n<p>Der Norden Mallorcas ist ein f\u00fchrendes Ziel f\u00fcr Radtouristen. St\u00e4dte wie <strong><a href=\"https:\/\/www.vacalia.com\/de\/pollenca-mallorca-p1360\" target=\"_blank\" rel=\"noreferrer noopener\">Pollen\u00e7a<\/a><\/strong>, <strong>Alc\u00fadia <\/strong>und <strong><a href=\"https:\/\/www.vacalia.com\/de\/platja-de-muro-mallorca-p1351\" target=\"_blank\" rel=\"noreferrer noopener\">Playa de Muro<\/a> <\/strong>bieten Zugang zu den ber\u00fchmten H\u00e4fen <strong>Sa Calobra <\/strong>und <strong>Cap de Formentor<\/strong>.&nbsp;<\/p>\n\n\n\n<p>Der Nordwesten verbindet die Berge mit <strong><a href=\"https:\/\/www.vacalia.com\/de\/calvia-mallorca-p772\" target=\"_blank\" rel=\"noreferrer noopener\">Calvi\u00e0<\/a> <\/strong>und bietet sowohl zug\u00e4ngliche K\u00fcstenrouten als auch anspruchsvolle Routen im Landesinneren, darunter so sehenswerte Orte wie <strong>Galilea <\/strong>und <strong><a href=\"https:\/\/www.vacalia.com\/de\/valldemossa-mallorca-p1405\" target=\"_blank\" rel=\"noreferrer noopener\">Valldemossa<\/a>.<\/strong><\/p>\n\n\n\n<p>Im S\u00fcden bieten die K\u00fcstenrouten atemberaubende Ausblicke auf Klippen und K\u00fcstenlinien.&nbsp;<\/p>\n\n\n\n<h3 class=\"wp-block-heading\"><strong>Unterk\u00fcnfte f\u00fcr Radtouristen auf Mallorca<\/strong><\/h3>\n\n\n\n<p>Wir von Vacalia sind Fahrradliebhaber und haben eine Kategorie von Unterk\u00fcnften, die speziell f\u00fcr Radfahrer geeignet sind. In unserer Suchmaschine k\u00f6nnen Sie filtern, um diese Art von Unterkunft zu finden. Sie zeichnen sich dadurch aus, dass sie strategisch g\u00fcnstig gelegen sind und \u00fcber Einrichtungen f\u00fcr Radfahrer verf\u00fcgen.<\/p>\n\n\n<div class=\"wp-block-image\">\n<figure class=\"aligncenter size-full\"><img fetchpriority=\"high\" decoding=\"async\" width=\"670\" height=\"300\" src=\"https:\/\/www.vacalia.com\/blog\/wp-content\/uploads\/2024\/04\/cicloturismo-en-Mallorca.jpg\" alt=\"Radtouren auf Mallorca\" class=\"wp-image-5194\" srcset=\"https:\/\/www.vacalia.com\/blog\/wp-content\/uploads\/2024\/04\/cicloturismo-en-Mallorca.jpg 670w, https:\/\/www.vacalia.com\/blog\/wp-content\/uploads\/2024\/04\/cicloturismo-en-Mallorca-300x134.jpg 300w\" sizes=\"(max-width: 767px) 100vw, 670px\" \/><figcaption class=\"wp-element-caption\"><em><em>Radtouren auf Mallorca<\/em><\/em><\/figcaption><\/figure><\/div>\n\n\n<h3 class=\"wp-block-heading\"><strong>5 Fahrradrouten auf Mallorca<\/strong><\/h3>\n\n\n\n<p>Stellen Sie sich vor, Sie haben eine Woche Urlaub auf Mallorca und w\u00fcrden die Insel gerne von oben bis unten erkunden. Bei so vielen Routen kann es jedoch schwierig sein, sich zu entscheiden, wo man anfangen soll. Wir stellen Ihnen 5 Routen vor, die \u00fcber die ganze Insel verteilt sind:<\/p>\n\n\n\n<h6 class=\"wp-block-heading\">1 &#8211;<strong> Alc\u00fadia &#8211; <a href=\"https:\/\/vacalia.com\/de\/formentor-mallorca-p1473\" target=\"_blank\" rel=\"noreferrer noopener\">Cap de Formentor<\/a><\/strong><\/h6>\n\n\n\n<p>Spektakul\u00e4re <strong>Rennradstrecke auf Mallorca<\/strong>, die in <strong>Alc\u00fadia <\/strong>beginnt und am beeindruckenden <strong>Cap de Formentor <\/strong>endet<strong>. <\/strong>Der Aufstieg zum Faro de Formentor beginnt mit 3,2 Kilometern harter Steigung zum Coll de Sa Creueta mit einer Steigung von 6 %, die mit einem spektakul\u00e4ren Aussichtspunkt belohnt wird.<\/p>\n\n\n\n<p>Diese f\u00fcr erfahrene Radfahrer konzipierte Route wird Ihre Ausdauer und Ihr K\u00f6nnen auf die Probe stellen, w\u00e4hrend Sie eine der aufregendsten Strecken der Insel befahren. In der Hochsaison ist die Strecke in der Regel f\u00fcr Autos und Motorr\u00e4der gesperrt und bietet Radfahrern <strong>die M\u00f6glichkeit, <\/strong>eine ruhigere und sicherere Route zu genie\u00dfen.<\/p>\n\n\n\n<p><strong>Reiseroute: <\/strong>Alc\u00fadia &#8211; Puerto de Pollensa &#8211; Cap de Formentor &#8211; Puerto Pollensa &#8211; Alc\u00fadia<\/p>\n\n\n\n<p><strong>Entfernung: <\/strong>28.2 km<\/p>\n\n\n<div class=\"wp-block-image\">\n<figure class=\"aligncenter size-full\"><img decoding=\"async\" width=\"670\" height=\"300\" src=\"https:\/\/www.vacalia.com\/blog\/wp-content\/uploads\/2024\/04\/Vacaciones-ciclistas-en-Mallorca.jpg\" alt=\"Radsportferien auf Mallorca\" class=\"wp-image-5195\" srcset=\"https:\/\/www.vacalia.com\/blog\/wp-content\/uploads\/2024\/04\/Vacaciones-ciclistas-en-Mallorca.jpg 670w, https:\/\/www.vacalia.com\/blog\/wp-content\/uploads\/2024\/04\/Vacaciones-ciclistas-en-Mallorca-300x134.jpg 300w\" sizes=\"(max-width: 767px) 100vw, 670px\" \/><figcaption class=\"wp-element-caption\"><em><em>Radsportferien auf Mallorca<\/em><\/em><\/figcaption><\/figure><\/div>\n\n\n<h6 class=\"wp-block-heading\">2 &#8211;<strong> Palma &#8211; Coll de Sa Creu<\/strong><\/h6>\n\n\n\n<p>Die Route <strong>Palma-Coll de Sa Creu <\/strong>ist von verschiedenen Punkten der Insel aus gut zu erreichen. Sie ist ideal, um die aufregende <strong>Tramontana-Bergkette <\/strong>zu erleben. Sie f\u00fchrt Sie durch ein abwechslungsreiches Gel\u00e4nde mit Steigungen und Abfahrten, die Ihr ganzes fahrerisches K\u00f6nnen auf die Probe stellen werden. Die Protagonisten dieser Route sind das h\u00fcbsche Dorf <strong>Galilea <\/strong>und der anspruchsvolle Aufstieg zum <strong>Coll de Sa Creu.<\/strong><\/p>\n\n\n\n<p><strong>Reiseroute: <\/strong>Secar de la Real (Palma) &#8211; Puigpunyent &#8211; Galilea &#8211; Es Capdell\u00e0 &#8211; Calvi\u00e0 &#8211; Coll de sa Creu &#8211; Secar de la Real (Palma)<\/p>\n\n\n\n<p><strong>Entfernung: <\/strong>49,9 km<\/p>\n\n\n\n<h6 class=\"wp-block-heading\">3 &#8211;<strong> <a href=\"https:\/\/www.vacalia.com\/de\/inca-mallorca-p1325\" target=\"_blank\" rel=\"noreferrer noopener\">Inca<\/a> &#8211; Sa Calobra<\/strong><\/h6>\n\n\n\n<p>Eine der symboltr\u00e4chtigsten und anspruchsvollsten Routen Mallorcas, mit Aufstiegen zum <strong>Coll de sa Batalla <\/strong>und <strong>Sa Calobra<\/strong>. Eine 10 Kilometer lange Strecke mit einer durchschnittlichen Steigung von 7 % und kurzen Rampen, die in einigen F\u00e4llen 20 % \u00fcberschreiten.<\/p>\n\n\n\n<p>Von Inca aus haben Sie einen au\u00dfergew\u00f6hnlichen Blick auf die Sierra de Tramontana und m\u00fcssen unbedingt am ber\u00fchmten \u00abKnoten der Krawatte\u00bb anhalten, um ein perfektes Foto mit dem Fahrrad zu machen.<\/p>\n\n\n\n<p><strong>Reiseroute: <\/strong>Inca &#8211; Sa Calobra<\/p>\n\n\n\n<p><strong>Entfernung: <\/strong>70.7 km<\/p>\n\n\n\n<h6 class=\"wp-block-heading\">4 &#8211;<strong> Leuchtturm von Cap de ses Salines &#8211; Col\u00f2nia de Sant Jordi<\/strong><\/h6>\n\n\n\n<p>Diese Route im S\u00fcden der Insel verl\u00e4uft entlang der K\u00fcste mit wenigen Steigungen, so dass Sie unber\u00fchrte Str\u00e4nde wie <strong>Es Carbo<\/strong>, <strong>Es Caragol <\/strong>und <strong>Cala En Tugores <\/strong>sehen werden, die nur mit dem Fahrrad oder zu Fu\u00df erreichbar sind. W\u00e4hrend der gesamten Strecke k\u00f6nnen Sie das f\u00fcr die Balearen typische kristallklare Wasser bewundern.<\/p>\n\n\n\n<p><strong>Reiseroute: <\/strong>Leuchtturm von Cap de ses Salines-Col\u00f2nia de Sant Jordi<\/p>\n\n\n\n<p><strong>Entfernung: <\/strong>11.7 km<\/p>\n\n\n\n<h6 class=\"wp-block-heading\">5 &#8211;<strong> Art\u00e0 &#8211; Porto Cristo<\/strong><\/h6>\n\n\n\n<p>Die Route bietet eine Vielfalt an Landschaften, von h\u00fcgeligen bis hin zu atemberaubenden K\u00fcstenabschnitten. Diese Route ist mit ihrer Mischung aus Herausforderungen und hervorragenden Aussichten ein Paradies f\u00fcr Radfahrer.&nbsp; <strong>Art\u00e0<\/strong>, mit seiner mittelalterlichen Vergangenheit, verleiht der Route einen historischen Touch. Auf dem Weg nach <strong>Son Servera <\/strong>und <strong>Cala Millor ist <\/strong>das abwechslungsreiche Terrain eine Herausforderung und ein Vergn\u00fcgen zugleich. Das wahre Juwel dieser Route ist jedoch <strong>Porto Cristo, das <\/strong>f\u00fcr seine beeindruckenden unterirdischen H\u00f6hlen, die ber\u00fchmten <strong>H\u00f6hlen von Drach, <\/strong>bekannt ist. Eine Unterbrechung Ihrer Reise, um diese Naturwunder zu erkunden, wird Ihrer Radtour eine einzigartige Note verleihen. Auf dem Weg nach <strong>Manacor <\/strong>\u00e4ndert sich die Landschaft erneut und bietet eine spektakul\u00e4re Kulisse.&nbsp;<\/p>\n\n\n\n<p>Am Ende kehren Sie nach <strong>Art\u00e0 <\/strong>zur\u00fcck und vollenden so eine unvergessliche Radtour.&nbsp;<\/p>\n\n\n\n<p><strong>Reiseroute: <\/strong>Art\u00e0 &#8211; Son Servera &#8211; Cala Millor &#8211; Porto Cristo &#8211; Manacor &#8211; Art\u00e0<\/p>\n\n\n\n<p><strong>Entfernung: <\/strong>54,5 km<\/p>\n\n\n\n<h3 class=\"wp-block-heading\"><strong>Die besten Radrennen auf Mallorca<\/strong><\/h3>\n\n\n\n<h6 class=\"wp-block-heading\"><strong>Radsport-Wettbewerb 312&nbsp;<\/strong><\/h6>\n\n\n\n<p>Dieser herausragende Radsportwettbewerb, der durch die Sierra de Tramontana und den Norden Mallorcas f\u00fchrt, ist einer der bekanntesten auf der Insel. Radsportler aus der ganzen Welt kommen nach Mallorca, um sich dieser Herausforderung mit mittlerem bis hohem Schwierigkeitsgrad zu stellen.&nbsp;<\/p>\n\n\n\n<p>Mallorca 312 hat drei frei w\u00e4hlbare Strecken von 312, 225 und 167 Kilometern. Sie sind zur Sicherheit der Teilnehmer komplett f\u00fcr den Autoverkehr gesperrt und bieten so ein unvergessliches Erlebnis. Das Besondere an dieser Rundstrecke ist, dass sie durch einige der sch\u00f6nsten Landschaften Mallorcas f\u00fchrt.<\/p>\n\n\n<div class=\"wp-block-image\">\n<figure class=\"aligncenter size-full\"><img decoding=\"async\" width=\"670\" height=\"300\" src=\"https:\/\/www.vacalia.com\/blog\/wp-content\/uploads\/2024\/04\/carrera-312-mallorca.jpg\" alt=\"Radsport-Wettbewerb 312 in Mallorca\" class=\"wp-image-5192\" srcset=\"https:\/\/www.vacalia.com\/blog\/wp-content\/uploads\/2024\/04\/carrera-312-mallorca.jpg 670w, https:\/\/www.vacalia.com\/blog\/wp-content\/uploads\/2024\/04\/carrera-312-mallorca-300x134.jpg 300w\" sizes=\"(max-width: 767px) 100vw, 670px\" \/><figcaption class=\"wp-element-caption\"><em>Radsport-Wettbewerb 312 in Mallorca<\/em><\/figcaption><\/figure><\/div>\n\n\n<h6 class=\"wp-block-heading\"><strong>Herausforderung Ciclista a Mallorca<\/strong><\/h6>\n\n\n\n<p>Dieser Wettbewerb, der auch als Vuelta Ciclista a Mallorca bekannt ist, ist einer der bedeutendsten in Spanien und zieht einige der besten Radsportler und Teams der Welt an, die an Wettbewerben wie der Tour de France teilnehmen. Diese Veranstaltung hat wesentlich zum Aufschwung des Radtourismus auf der Insel beigetragen.<\/p>\n\n\n\n<h6 class=\"wp-block-heading\"><strong>Brevet 200&nbsp;<\/strong><\/h6>\n\n\n\n<p>Bei den Brevets handelt es sich um Langstrecken-Radwanderungen, die nicht an Wettk\u00e4mpfen teilnehmen, sondern auf f\u00fcr den Verkehr freigegebenen Stra\u00dfen verlaufen und innerhalb einer bestimmten H\u00f6chstzeit absolviert werden m\u00fcssen. Auf Mallorca finden jedes Jahr mehrere Brevets statt, die meisten davon sind 200 km lang. Eines der herausragendsten ist das Non-Stop Mallorca, das mit dem Mountainbike absolviert wird und immer mehr Teilnehmer anlockt.<\/p>\n\n\n\n<p>Es ist kein Wettbewerb, sondern <strong>ein Erlebnis mit Ihren Motorr\u00e4dern <\/strong>zusammen mit anderen Enthusiasten.<\/p>\n\n\n\n<p>Egal, ob Sie ein Anf\u00e4nger sind, der ein neues Abenteuer sucht, oder ein erfahrener Radfahrer, Sie werden die besten Radwege auf Mallorca genie\u00dfen k\u00f6nnen.Zweifellos werden sie Sie beeindrucken und Lust auf mehr machen. Suchen Sie also nach einer Unterkunft in <strong><a href=\"https:\/\/www.vacalia.com\/de\" target=\"_blank\" rel=\"noreferrer noopener\">Vacalia<\/a> <\/strong>und erkunden Sie die Insel mit Familie oder Freunden.<\/p>\n\n\n<div class=\"bannerBlog\"><div class=\"new-card-houses\">\n    <div class=\"likeOut likeDivOut\" style=\"display:none\">\n        <a data-id=\"3306\" class=\"likeOut_button_red likeBtnFav\"\n            aria-label=\"Megusta Vacalia\"><\/a>\n    <\/div>\n    <figure>\n        <img loading=\"lazy\" decoding=\"async\" \n            loading=\"lazy\" width=\"301\" height=\"200\"\n            src=\"\/\/media.vacalia.com\/photo\/reformatwebpfolder\/350\/200\/3306\/thumb-middle\/3306_742f9ba629e931914ecd7a6564612fd9.webp?v=21092023\"\n            alt=\"Hostal talamanca - Ferienhaus auf Cala d&#039;Or\"\/>\n                                                                        <div class=\"circleDiscount\">-25%<\/div>\n                        <\/figure>\n    <p itemprop=\"address\"><i class=\"ico-marker\"><\/i>Cala d&#039;Or, Mallorca<\/p>\n    <h3 itemprop=\"name\">Hostal talamanca<\/h3>\n    <ul class=\"icon_list inline_list\">\n                              <li class=\"ico-airConditioning\" title=\"Klimaanlage\">\n              <span itemprop=\"amenityFeature\">Klimaanlage<\/span>\n            <\/li>\n                      <li class=\"ico-wifi\" title=\"Wifi\">\n              <span itemprop=\"amenityFeature\">Wifi<\/span>\n            <\/li>\n                          <li class=\"ico-guests\" title=\"F\u00fcr 1 G\u00e4ste in Cala D&#039;or.\">\n          <span itemprop=\"occupancy\">1<\/span>\n        <\/li>\n    <\/ul>\n            <span class=\"price\">Ab 46\u20ac \/ Nacht<\/span>\n                <a itemprop=\"url\" class=\"anchor\" href=\"https:\/\/www.vacalia.com\/de\/hotelzimmer-hostal-talamanca-santanyi-h23219\" aria-label=\"Hostal talamanca\"><\/a>\n<\/div><div class=\"new-card-houses\">\n    <div class=\"likeOut likeDivOut\" style=\"display:none\">\n        <a data-id=\"4489\" class=\"likeOut_button_red likeBtnFav\"\n            aria-label=\"Megusta Vacalia\"><\/a>\n    <\/div>\n    <figure>\n        <img loading=\"lazy\" decoding=\"async\" \n            loading=\"lazy\" width=\"301\" height=\"200\"\n            src=\"\/\/media.vacalia.com\/photo\/reformatwebpfolder\/350\/200\/4489\/thumb-middle\/4489_05bb96f8c00d2c802c2fc3ea4490d3a7.webp?v=21092023\"\n            alt=\"Ses angoixes - Ferienhaus auf Santany\u00ed\"\/>\n                                                                        <div class=\"circleDiscount\">-24%<\/div>\n                        <\/figure>\n    <p itemprop=\"address\"><i class=\"ico-marker\"><\/i>Santany\u00ed, Mallorca<\/p>\n    <h3 itemprop=\"name\">Ses angoixes<\/h3>\n    <ul class=\"icon_list inline_list\">\n                              <li class=\"ico-pool\" title=\"Pool\">\n              <span itemprop=\"amenityFeature\">Pool<\/span>\n            <\/li>\n                      <li class=\"ico-airConditioning\" title=\"Klimaanlage\">\n              <span itemprop=\"amenityFeature\">Klimaanlage<\/span>\n            <\/li>\n                      <li class=\"ico-wifi\" title=\"Wifi\">\n              <span itemprop=\"amenityFeature\">Wifi<\/span>\n            <\/li>\n                          <li class=\"ico-guests\" title=\"F\u00fcr 10 G\u00e4ste in Santany\u00ed.\">\n          <span itemprop=\"occupancy\">10<\/span>\n        <\/li>\n    <\/ul>\n            <span class=\"price\">Ab 271\u20ac \/ Nacht<\/span>\n                <a itemprop=\"url\" class=\"anchor\" href=\"https:\/\/www.vacalia.com\/de\/villa-ses-angoixes-santanyi-h26250\" aria-label=\"Ses angoixes\"><\/a>\n<\/div><\/div>\n","protected":false},"excerpt":{"rendered":"<p>In den letzten Jahren haben sich die Balearen, die f\u00fcr ihre Str\u00e4nde bekannt sind, zu einem beliebten Ziel f\u00fcr Radfahrer entwickelt. Vor allem Mallorca mit seinen ausgedehnten Stra\u00dfen und lokalen&hellip;<\/p>\n","protected":false},"author":1,"featured_media":5194,"comment_status":"closed","ping_status":"open","sticky":false,"template":"","format":"standard","meta":{"_monsterinsights_skip_tracking":false,"_monsterinsights_sitenote_active":false,"_monsterinsights_sitenote_note":"","_monsterinsights_sitenote_category":0,"footnotes":""},"categories":[379,40,416,440],"tags":[],"class_list":["post-5202","post","type-post","status-publish","format-standard","has-post-thumbnail","hentry","category-mallorca-de","category-allgemein","category-mallorca-fuhrer","category-was-kann-man-auf-mallorca-machen"],"_links":{"self":[{"href":"https:\/\/www.vacalia.com\/blog\/wp-json\/wp\/v2\/posts\/5202"}],"collection":[{"href":"https:\/\/www.vacalia.com\/blog\/wp-json\/wp\/v2\/posts"}],"about":[{"href":"https:\/\/www.vacalia.com\/blog\/wp-json\/wp\/v2\/types\/post"}],"author":[{"embeddable":true,"href":"https:\/\/www.vacalia.com\/blog\/wp-json\/wp\/v2\/users\/1"}],"replies":[{"embeddable":true,"href":"https:\/\/www.vacalia.com\/blog\/wp-json\/wp\/v2\/comments?post=5202"}],"version-history":[{"count":5,"href":"https:\/\/www.vacalia.com\/blog\/wp-json\/wp\/v2\/posts\/5202\/revisions"}],"predecessor-version":[{"id":6136,"href":"https:\/\/www.vacalia.com\/blog\/wp-json\/wp\/v2\/posts\/5202\/revisions\/6136"}],"wp:featuredmedia":[{"embeddable":true,"href":"https:\/\/www.vacalia.com\/blog\/wp-json\/wp\/v2\/media\/5194"}],"wp:attachment":[{"href":"https:\/\/www.vacalia.com\/blog\/wp-json\/wp\/v2\/media?parent=5202"}],"wp:term":[{"taxonomy":"category","embeddable":true,"href":"https:\/\/www.vacalia.com\/blog\/wp-json\/wp\/v2\/categories?post=5202"},{"taxonomy":"post_tag","embeddable":true,"href":"https:\/\/www.vacalia.com\/blog\/wp-json\/wp\/v2\/tags?post=5202"}],"curies":[{"name":"wp","href":"https:\/\/api.w.org\/{rel}","templated":true}]}}