{"id":5209,"date":"2024-05-03T08:46:27","date_gmt":"2024-05-03T06:46:27","guid":{"rendered":"https:\/\/www.vacalia.com\/blog\/?p=5209"},"modified":"2025-07-08T09:43:31","modified_gmt":"2025-07-08T07:43:31","slug":"lugares-que-no-debeis-perderos-de-alicante","status":"publish","type":"post","link":"https:\/\/www.vacalia.com\/blog\/es\/lugares-que-no-debeis-perderos-de-alicante\/","title":{"rendered":"Lugares que no deb\u00e9is perderos de la ciudad de Alicante"},"content":{"rendered":"\n<p>La provincia de <a href=\"https:\/\/www.vacalia.com\/es\/alojamiento-vacacional-alicante\" target=\"_blank\" rel=\"noreferrer noopener\"><strong>Alicante<\/strong><\/a>, uno de los principales destinos tur\u00edsticos gracias a su famosa Costa Blanca, ofrece mucho m\u00e1s que sus concurridas playas. Si pens\u00e1is alojaros cerca de la ciudad de Alicante, os recomendamos visitarla.<\/p>\n\n\n\n<p>Alicante, es una ciudad llena de historia y cultura. Desde la Edad del Bronce, ha sido un lugar estrat\u00e9gico gracias a su puerto y su ubicaci\u00f3n geogr\u00e1fica. Su pasado est\u00e1 marcado por la influencia de diversas culturas, desde los fenicios y los romanos hasta los \u00e1rabes y los cristianos, dejando un gran legado arquitect\u00f3nico y cultural.<\/p>\n\n\n\n<p>Su vida cultural es muy amplia, con festivales, eventos y una rica oferta gastron\u00f3mica que refleja su diversidad hist\u00f3rica.<\/p>\n\n\n<div class=\"wp-block-image\">\n<figure class=\"aligncenter size-full\"><img fetchpriority=\"high\" decoding=\"async\" width=\"670\" height=\"300\" src=\"https:\/\/www.vacalia.com\/blog\/wp-content\/uploads\/2024\/05\/ciudad-de-Alicante.jpg\" alt=\"Ciudad de Alicante\" class=\"wp-image-5217\" srcset=\"https:\/\/www.vacalia.com\/blog\/wp-content\/uploads\/2024\/05\/ciudad-de-Alicante.jpg 670w, https:\/\/www.vacalia.com\/blog\/wp-content\/uploads\/2024\/05\/ciudad-de-Alicante-300x134.jpg 300w\" sizes=\"(max-width: 767px) 100vw, 670px\" \/><figcaption class=\"wp-element-caption\"><em>Ciudad de Alicante<\/em><\/figcaption><\/figure><\/div>\n\n\n<p>A continuaci\u00f3n, vamos a comentar los lugares que no deb\u00e9is perderos al visitar esta ciudad:<\/p>\n\n\n\n<h2 class=\"wp-block-heading has-medium-font-size\"><strong>El barrio de Santa Cruz<\/strong><\/h2>\n\n\n\n<p>En la ladera del monte Benacantil se encuentra el pintoresco casco antiguo de Alicante, conocido como Santa Cruz.<\/p>\n\n\n\n<p>Este encantador rinc\u00f3n se compone de casas blancas y calles estrechas, invitando a los visitantes a explorar la ermita de la Santa Cruz y mirador de Santa Cruz, desde donde se puede disfrutar de unas impresionantes vistas de la ciudad.<\/p>\n\n\n\n<p>Dentro del abanico culinario de Alicante, el pintoresco barrio de Santa Cruz destaca por su variedad gastron\u00f3mica.<\/p>\n\n\n\n<h2 class=\"wp-block-heading has-medium-font-size\"><strong>Ayuntamiento de Alicante<\/strong><\/h2>\n\n\n\n<p>O tambi\u00e9n llamado Palacio Municipal de Alicante, es una impresionante construcci\u00f3n barroca del siglo XVIII ubicada entre las plazas del Ayuntamiento y de la Sant\u00edsima Faz.<\/p>\n\n\n\n<p>Se pueden solicitar visitas guiadas para explorar el Sal\u00f3n Azul, el Sal\u00f3n de Alcaldes, el Sal\u00f3n de Plenos y la Capilla del Oratorio. Este edificio es emblem\u00e1tico y \u00fanico, adem\u00e1s, en el primer escal\u00f3n se encuentra la \u00abCota Cero\u00bb, desde donde se mide la altitud de Espa\u00f1a respecto al nivel del mar. <\/p>\n\n\n\n<p>Durante las obras de ampliaci\u00f3n, se descubrieron restos de la ciudad medieval, expuestos gratuitamente bajo el nombre \u00abAlicante, la ciudad descubierta\u00bb.<\/p>\n\n\n<div class=\"wp-block-image\">\n<figure class=\"aligncenter size-full\"><img decoding=\"async\" width=\"670\" height=\"300\" src=\"https:\/\/www.vacalia.com\/blog\/wp-content\/uploads\/2024\/05\/plaza-ayuntamiento-Alicante.jpg\" alt=\"Plaza del ayuntamiento\" class=\"wp-image-5211\" srcset=\"https:\/\/www.vacalia.com\/blog\/wp-content\/uploads\/2024\/05\/plaza-ayuntamiento-Alicante.jpg 670w, https:\/\/www.vacalia.com\/blog\/wp-content\/uploads\/2024\/05\/plaza-ayuntamiento-Alicante-300x134.jpg 300w\" sizes=\"(max-width: 767px) 100vw, 670px\" \/><figcaption class=\"wp-element-caption\"><em>Plaza del ayuntamiento<\/em><\/figcaption><\/figure><\/div>\n\n\n<h2 class=\"wp-block-heading has-medium-font-size\"><strong>Castillo de Santa B\u00e1rbara<\/strong><\/h2>\n\n\n\n<p>En Alicante es imprescindible visitar el Castillo de Santa B\u00e1rbara. Ubicado en lo alto del monte de Benacantil, ofrece unas vistas incomparables del Mediterr\u00e1neo. Construido por \u00e1rabes en el siglo IX y completado por cristianos en el XVIII, es una de las fortalezas medievales m\u00e1s grandes de Espa\u00f1a. <\/p>\n\n\n<div class=\"wp-block-image\">\n<figure class=\"aligncenter size-full\"><img decoding=\"async\" width=\"670\" height=\"300\" src=\"https:\/\/www.vacalia.com\/blog\/wp-content\/uploads\/2024\/05\/castillo-Santa-Barbara-Alicante.jpg\" alt=\"Castillo de Santa B\u00e1rbara \" class=\"wp-image-5212\" srcset=\"https:\/\/www.vacalia.com\/blog\/wp-content\/uploads\/2024\/05\/castillo-Santa-Barbara-Alicante.jpg 670w, https:\/\/www.vacalia.com\/blog\/wp-content\/uploads\/2024\/05\/castillo-Santa-Barbara-Alicante-300x134.jpg 300w\" sizes=\"(max-width: 767px) 100vw, 670px\" \/><figcaption class=\"wp-element-caption\"><em>Castillo de Santa B\u00e1rbara <\/em><\/figcaption><\/figure><\/div>\n\n\n<p>Hoy en d\u00eda, se utiliza como espacio para exposiciones y eventos. La entrada es gratuita y subir desde el barrio de Santa Cruz es una experiencia \u00fanica. Ver el atardecer desde sus almenas es un espect\u00e1culo que no te puedes perder en tu visita a la ciudad.<\/p>\n\n\n<div class=\"wp-block-image\">\n<figure class=\"aligncenter size-full\"><img loading=\"lazy\" decoding=\"async\" width=\"670\" height=\"300\" src=\"https:\/\/www.vacalia.com\/blog\/wp-content\/uploads\/2024\/05\/escultura-castillo-Santa-Barbara.jpg\" alt=\"Escultura Castillo Santa Barbara \" class=\"wp-image-5216\" srcset=\"https:\/\/www.vacalia.com\/blog\/wp-content\/uploads\/2024\/05\/escultura-castillo-Santa-Barbara.jpg 670w, https:\/\/www.vacalia.com\/blog\/wp-content\/uploads\/2024\/05\/escultura-castillo-Santa-Barbara-300x134.jpg 300w\" sizes=\"(max-width: 767px) 100vw, 670px\" \/><figcaption class=\"wp-element-caption\"><em>Escultura Castillo Santa Barbara <\/em><\/figcaption><\/figure><\/div>\n\n\n<h2 class=\"wp-block-heading has-medium-font-size\"><strong>El Paseo de la Explanada<\/strong><\/h2>\n\n\n\n<p>La Explanada de Espa\u00f1a, es una popular v\u00eda peatonal que se extiende casi 600 metros desde la puerta del Mar hasta el parque de Canalejas, paralela al puerto. Su caracter\u00edstico suelo de mosaico imita las olas del Mediterr\u00e1neo, ofreciendo un encantador paseo. La Explanada tambi\u00e9n destaca por sus altas palmeras y la Casa Carbonell, una obra de arquitectura modernista. Adem\u00e1s, cuenta con el auditorio municipal de la Concha y el parque de Canalejas, el m\u00e1s antiguo de Alicante. En cuanto a ocio, ofrece una variedad de bares, restaurantes y puestos de artesan\u00eda.<\/p>\n\n\n<div class=\"wp-block-image\">\n<figure class=\"aligncenter size-full\"><img loading=\"lazy\" decoding=\"async\" width=\"670\" height=\"300\" src=\"https:\/\/www.vacalia.com\/blog\/wp-content\/uploads\/2024\/05\/paseo-de-la-explanada.jpg\" alt=\"Paseo de la Explanada\" class=\"wp-image-5213\" srcset=\"https:\/\/www.vacalia.com\/blog\/wp-content\/uploads\/2024\/05\/paseo-de-la-explanada.jpg 670w, https:\/\/www.vacalia.com\/blog\/wp-content\/uploads\/2024\/05\/paseo-de-la-explanada-300x134.jpg 300w\" sizes=\"(max-width: 767px) 100vw, 670px\" \/><figcaption class=\"wp-element-caption\"><em>Paseo de la Explanada<\/em><\/figcaption><\/figure><\/div>\n\n\n<h2 class=\"wp-block-heading has-medium-font-size\"><strong>El puerto de Alicante<\/strong><\/h2>\n\n\n\n<p>Aunque la actividad pesquera ha disminuido en Alicante, su puerto deportivo sigue siendo un punto destacado para embarcaciones de recreo.<\/p>\n\n\n\n<p>Explorar el puerto de Alicante es una experiencia enriquecedora. Pasear por sus muelles y visitar su zona de ocio ofrece una idea clara de la vida mar\u00edtima de la ciudad.<\/p>\n\n\n\n<p>No te pierdas la estatua de \u00cdcaro, que adorna el puerto y simboliza el esp\u00edritu aventurero y audaz de los marineros. Sin lugar a dudas, el puerto es uno de los destinos m\u00e1s populares entre los visitantes de Alicante, atrayendo a turistas y locales por igual.<\/p>\n\n\n<div class=\"wp-block-image\">\n<figure class=\"aligncenter size-full\"><img loading=\"lazy\" decoding=\"async\" width=\"670\" height=\"300\" src=\"https:\/\/www.vacalia.com\/blog\/wp-content\/uploads\/2024\/05\/puerto-de-Alicante-1.jpg\" alt=\"Puerto Alicante\" class=\"wp-image-5214\" srcset=\"https:\/\/www.vacalia.com\/blog\/wp-content\/uploads\/2024\/05\/puerto-de-Alicante-1.jpg 670w, https:\/\/www.vacalia.com\/blog\/wp-content\/uploads\/2024\/05\/puerto-de-Alicante-1-300x134.jpg 300w\" sizes=\"(max-width: 767px) 100vw, 670px\" \/><figcaption class=\"wp-element-caption\"><em>Puerto Alicante<\/em><\/figcaption><\/figure><\/div>\n\n\n<h2 class=\"wp-block-heading has-medium-font-size\"><strong>La Playa del Postiguet<\/strong><\/h2>\n\n\n\n<p>La playa urbana del Postiguet, situada cerca del casco antiguo y al pie del Castillo de Santa B\u00e1rbara, es una de las mejores playas urbanas de Espa\u00f1a. Aunque es la m\u00e1s concurrida de Alicante, su amplia extensi\u00f3n la convierte en un destino ideal para disfrutar.<\/p>\n\n\n\n<p>Adem\u00e1s, ofrece servicios adaptados para discapacitados, incluyendo un \u00e1rea l\u00fadico-pedag\u00f3gica para personas con discapacidades ps\u00edquicas.<\/p>\n\n\n<div class=\"wp-block-image\">\n<figure class=\"aligncenter size-full\"><img loading=\"lazy\" decoding=\"async\" width=\"670\" height=\"300\" src=\"https:\/\/www.vacalia.com\/blog\/wp-content\/uploads\/2024\/05\/playa-de-Postiguet-Alicante.jpg\" alt=\"Playa del Postiguet\" class=\"wp-image-5215\" srcset=\"https:\/\/www.vacalia.com\/blog\/wp-content\/uploads\/2024\/05\/playa-de-Postiguet-Alicante.jpg 670w, https:\/\/www.vacalia.com\/blog\/wp-content\/uploads\/2024\/05\/playa-de-Postiguet-Alicante-300x134.jpg 300w\" sizes=\"(max-width: 767px) 100vw, 670px\" \/><figcaption class=\"wp-element-caption\"><em>Playa del Postiguet<\/em><\/figcaption><\/figure><\/div>\n\n\n<h2 class=\"wp-block-heading has-medium-font-size\"><strong>La Concatedral de San Nicol\u00e1s<\/strong><\/h2>\n\n\n\n<p>Construida sobre una antigua mezquita, en estilo renacentista herreriano, tiene una gran austeridad y ausencia de ornamentos, lo que le da&nbsp;un aspecto solemne&nbsp;en su exterior.&nbsp;Es un lugar que vale la pena visitar por su particular atm\u00f3sfera y la tranquilidad que trasmite.<\/p>\n\n\n\n<h2 class=\"wp-block-heading has-medium-font-size\"><strong>El Mercado Central<\/strong><\/h2>\n\n\n\n<p>Es un edificio de estilo ecl\u00e9ctico y fue construido entre 1915 y 1921.<\/p>\n\n\n\n<p>Fue construido en ladrillo y se distribuye en dos plantas rectangulares, destacando tanto su fachada principal (que da a la avenida de&nbsp;Alfonso el Sabio) como la llamada Rotonda, situada en uno de los laterales de dicha fachada con cubierta semiesf\u00e9rica.&nbsp;<\/p>\n\n\n\n<p>Cuenta con puestos de pescados, carnes, frutas, quesos, y tambi\u00e9n de dulces y productos gourmet. A parte de ser un mercado estupendo para comprar productos de calidad, tiene algunos restaurantes en su interior.<\/p>\n\n\n\n<h2 class=\"wp-block-heading has-medium-font-size\"><strong>El Museo Arqueol\u00f3gico de Alicante (MARQ)<\/strong><\/h2>\n\n\n\n<p>El museo adopta un enfoque vanguardista en la arqueolog\u00eda, respaldado por modernas t\u00e9cnicas audiovisuales, ofreciendo una experiencia innovadora y visual. Su exhibici\u00f3n abarca desde el Paleol\u00edtico hasta la Cultura Moderna Contempor\u00e1nea, proporcionando un recorrido por la historia de Alicante. El Museo ofrece la posibilidad de conocer el m\u00e9todo arqueol\u00f3gico. En tres salas, la Sala de Arqueolog\u00eda de Campo, la de Arqueolog\u00eda Urbana y la Sala de Arqueolog\u00eda Subacu\u00e1tica.<\/p>\n\n\n\n<h2 class=\"wp-block-heading has-medium-font-size\"><strong>La Plaza de Toros de Alicante<\/strong><\/h2>\n\n\n\n<p>La Plaza de Toros de Alicante, una de las m\u00e1s antiguas de la <a href=\"https:\/\/www.vacalia.com\/es\/alojamiento-vacacional-valencia\" target=\"_blank\" rel=\"noreferrer noopener\">Comunitat Valenciana<\/a>, alberga el Museo Taurino de Alicante. Construida en 1847 por el arquitecto Emilio Jover, fue renovada en 1884 debido a su deterioro. Su tama\u00f1o y gran capacidad reflejan la relevancia de las corridas de toros en Alicante en los siglos XIX y XX.<\/p>\n\n\n\n<p>Explorar los lugares m\u00e1s emblem\u00e1ticos de Alicante es descubrir una rica historia, adem\u00e1s cuenta con monumentos que revelan un vibrante pasado, influenciado por el mar Mediterr\u00e1neo. Os animamos a descubrir esta ciudad y a alojaros en alguna de nuestras casas m\u00e1s cercanas.<\/p>\n\n\n<div class=\"bannerBlog\"><div class=\"new-card-houses\">\n    <div class=\"likeOut likeDivOut\" style=\"display:none\">\n        <a data-id=\"3259\" class=\"likeOut_button_red likeBtnFav\"\n            aria-label=\"Megusta Vacalia\"><\/a>\n    <\/div>\n    <figure>\n        <img loading=\"lazy\" decoding=\"async\" \n            loading=\"lazy\" width=\"301\" height=\"200\"\n            src=\"\/\/media.vacalia.com\/photo\/reformatwebpfolder\/350\/200\/3259\/thumb-middle\/3259_c04f4bc50d7feb05cd12832d2286b9b6.webp?v=21092023\"\n            alt=\"Casa lea - Alquiler vacacional en Alcalal\u00ed\"\/>\n                                                                        <div class=\"circleDiscount\">-2%<\/div>\n                        <\/figure>\n    <p itemprop=\"address\"><i class=\"ico-marker\"><\/i>Alcalal\u00ed, Alicante<\/p>\n    <h3 itemprop=\"name\">Casa lea<\/h3>\n    <ul class=\"icon_list inline_list\">\n                              <li class=\"ico-pool\" title=\"Piscina\">\n              <span itemprop=\"amenityFeature\">Piscina<\/span>\n            <\/li>\n                      <li class=\"ico-airConditioning\" title=\"Aire Acondicionado\">\n              <span itemprop=\"amenityFeature\">Aire Acondicionado<\/span>\n            <\/li>\n                      <li class=\"ico-wifi\" title=\"Wifi\">\n              <span itemprop=\"amenityFeature\">Wifi<\/span>\n            <\/li>\n                      <li class=\"ico-pets\" title=\"Mascotas\">\n              <span itemprop=\"amenityFeature\">Mascotas<\/span>\n            <\/li>\n                          <li class=\"ico-guests\" title=\"Para 5 hu\u00e9spedes en Alcalal\u00ed.\">\n          <span itemprop=\"occupancy\">5<\/span>\n        <\/li>\n    <\/ul>\n            <span class=\"price\">Desde 209\u20ac \/ noche<\/span>\n                <a itemprop=\"url\" class=\"anchor\" href=\"https:\/\/www.vacalia.com\/es\/villa-casa-lea-alcalali-h23050\" aria-label=\"Casa lea\"><\/a>\n<\/div><div class=\"new-card-houses\">\n    <div class=\"likeOut likeDivOut\" style=\"display:none\">\n        <a data-id=\"2838\" class=\"likeOut_button_red likeBtnFav\"\n            aria-label=\"Megusta Vacalia\"><\/a>\n    <\/div>\n    <figure>\n        <img loading=\"lazy\" decoding=\"async\" \n            loading=\"lazy\" width=\"301\" height=\"200\"\n            src=\"\/\/media.vacalia.com\/photo\/reformatwebpfolder\/350\/200\/2838\/thumb-middle\/2838_06c902e5155c905c9c7ca2e45a53fefd.webp?v=21092023\"\n            alt=\"Frederic - Alquiler vacacional en X\u00e0bia\/J\u00e1vea\"\/>\n                                                                        <div class=\"circleDiscount\">-8%<\/div>\n                        <\/figure>\n    <p itemprop=\"address\"><i class=\"ico-marker\"><\/i>X\u00e0bia\/J\u00e1vea, Alicante<\/p>\n    <h3 itemprop=\"name\">Frederic<\/h3>\n    <ul class=\"icon_list inline_list\">\n                              <li class=\"ico-pool\" title=\"Piscina\">\n              <span itemprop=\"amenityFeature\">Piscina<\/span>\n            <\/li>\n                      <li class=\"ico-wifi\" title=\"Wifi\">\n              <span itemprop=\"amenityFeature\">Wifi<\/span>\n            <\/li>\n                          <li class=\"ico-guests\" title=\"Para 6 hu\u00e9spedes en X\u00e0bia\/j\u00e1vea.\">\n          <span itemprop=\"occupancy\">6<\/span>\n        <\/li>\n    <\/ul>\n            <span class=\"price\">Desde 100\u20ac \/ noche<\/span>\n                <a itemprop=\"url\" class=\"anchor\" href=\"https:\/\/www.vacalia.com\/es\/villa-frederic-xabia-javea-h19853\" aria-label=\"Frederic\"><\/a>\n<\/div><\/div>\n","protected":false},"excerpt":{"rendered":"<p>La provincia de Alicante, uno de los principales destinos tur\u00edsticos gracias a su famosa Costa Blanca, ofrece mucho m\u00e1s que sus concurridas playas. Si pens\u00e1is alojaros cerca de la ciudad&hellip;<\/p>\n","protected":false},"author":1,"featured_media":5215,"comment_status":"closed","ping_status":"open","sticky":false,"template":"","format":"standard","meta":{"_monsterinsights_skip_tracking":false,"_monsterinsights_sitenote_active":false,"_monsterinsights_sitenote_note":"","_monsterinsights_sitenote_category":0,"footnotes":""},"categories":[613,673,1,639],"tags":[],"class_list":["post-5209","post","type-post","status-publish","format-standard","has-post-thumbnail","hentry","category-alicante-es","category-que-ver-en-alicante","category-general-es","category-guias-de-alicante"],"_links":{"self":[{"href":"https:\/\/www.vacalia.com\/blog\/wp-json\/wp\/v2\/posts\/5209"}],"collection":[{"href":"https:\/\/www.vacalia.com\/blog\/wp-json\/wp\/v2\/posts"}],"about":[{"href":"https:\/\/www.vacalia.com\/blog\/wp-json\/wp\/v2\/types\/post"}],"author":[{"embeddable":true,"href":"https:\/\/www.vacalia.com\/blog\/wp-json\/wp\/v2\/users\/1"}],"replies":[{"embeddable":true,"href":"https:\/\/www.vacalia.com\/blog\/wp-json\/wp\/v2\/comments?post=5209"}],"version-history":[{"count":8,"href":"https:\/\/www.vacalia.com\/blog\/wp-json\/wp\/v2\/posts\/5209\/revisions"}],"predecessor-version":[{"id":7531,"href":"https:\/\/www.vacalia.com\/blog\/wp-json\/wp\/v2\/posts\/5209\/revisions\/7531"}],"wp:featuredmedia":[{"embeddable":true,"href":"https:\/\/www.vacalia.com\/blog\/wp-json\/wp\/v2\/media\/5215"}],"wp:attachment":[{"href":"https:\/\/www.vacalia.com\/blog\/wp-json\/wp\/v2\/media?parent=5209"}],"wp:term":[{"taxonomy":"category","embeddable":true,"href":"https:\/\/www.vacalia.com\/blog\/wp-json\/wp\/v2\/categories?post=5209"},{"taxonomy":"post_tag","embeddable":true,"href":"https:\/\/www.vacalia.com\/blog\/wp-json\/wp\/v2\/tags?post=5209"}],"curies":[{"name":"wp","href":"https:\/\/api.w.org\/{rel}","templated":true}]}}