{"id":5237,"date":"2024-05-10T16:25:38","date_gmt":"2024-05-10T14:25:38","guid":{"rendered":"https:\/\/www.vacalia.com\/blog\/?p=5237"},"modified":"2025-07-08T09:37:39","modified_gmt":"2025-07-08T07:37:39","slug":"los-10-mejores-faros-de-las-islas-baleare","status":"publish","type":"post","link":"https:\/\/www.vacalia.com\/blog\/es\/los-10-mejores-faros-de-las-islas-baleare\/","title":{"rendered":"Los 10 mejores Faros de las Islas Baleares"},"content":{"rendered":"\n<p>Bienvenidos a un recorrido por los impresionantes faros de de las Islas Baleares. Estos faros, adem\u00e1s de orientar a navegantes y pescadores, son puntos tur\u00edsticos e hist\u00f3ricos de inter\u00e9s que se integran con los paisajes naturales de la isla.<\/p>\n\n\n\n<h2 class=\"wp-block-heading has-medium-font-size\"><strong>Faro de Formentor <a href=\"https:\/\/www.vacalia.com\/es\/alojamiento-vacacional-mallorca\" target=\"_blank\" rel=\"noreferrer noopener\">(Mallorca)<\/a><\/strong><\/h2>\n\n\n\n<p>Como no pod\u00eda ser de otra manera empezamos con uno de los faros m\u00e1s emblem\u00e1ticos de Baleares, el <a href=\"https:\/\/www.vacalia.com\/es\/faro-de-formentor-p680\" target=\"_blank\" rel=\"noreferrer noopener\">Faro de Formentor<\/a>. Situado en el extremo norte de Mallorca, cerca de <a href=\"https:\/\/www.vacalia.com\/es\/pollenca-mallorca-p1360\" target=\"_blank\" rel=\"noreferrer noopener\">Pollensa<\/a>, se alza a 188 metros sobre el nivel del mar, con una torre de 22 metros de altura y un alcance de 44 km. <\/p>\n\n\n\n<p>La carretera que conduce hasta \u00e9l, serpenteante y bordeada por bah\u00edas y acantilados, es una atracci\u00f3n en s\u00ed misma. Para llegar, se puede tomar la carretera MA-2210 desde el Puerto de Pollensa, aunque durante los meses de verano hay restricciones de acceso. Su principal atractivo son los impresionantes atardeceres que han inspirado a escritores como Miquel Costa i Llobera y Camilo Jos\u00e9 Cela.<\/p>\n\n\n<div class=\"wp-block-image\">\n<figure class=\"aligncenter size-full\"><img fetchpriority=\"high\" decoding=\"async\" width=\"670\" height=\"300\" src=\"https:\/\/www.vacalia.com\/blog\/wp-content\/uploads\/2024\/05\/Faro-de-Formentor1.jpg\" alt=\"Faro de Formentor (Mallorca)\" class=\"wp-image-5248\" srcset=\"https:\/\/www.vacalia.com\/blog\/wp-content\/uploads\/2024\/05\/Faro-de-Formentor1.jpg 670w, https:\/\/www.vacalia.com\/blog\/wp-content\/uploads\/2024\/05\/Faro-de-Formentor1-300x134.jpg 300w\" sizes=\"(max-width: 767px) 100vw, 670px\" \/><figcaption class=\"wp-element-caption\"><em>Faro de Formentor (Mallorca)<\/em><\/figcaption><\/figure><\/div>\n\n\n<h2 class=\"wp-block-heading has-medium-font-size\"><strong>Faro de Capdepera (Mallorca)<\/strong><\/h2>\n\n\n\n<p>Nuestro segundo destino nos lleva al extremo este de Mallorca, donde encontramos el Faro de <a href=\"https:\/\/www.vacalia.com\/es\/capdepera-mallorca-p1303\" target=\"_blank\" rel=\"noreferrer noopener\">Capdepera<\/a>, en funcionamiento desde 1861, vigila el Canal de Menorca desde el lado mallorqu\u00edn y en d\u00edas despejados permite divisar la isla vecina al fondo. El acceso es muy sencillo a trav\u00e9s de una carretera desde Cala Ratjada. Las vistas desde el faro sobre los acantilados y el mar son espectaculares, aunque es muy recomendable darse un paseo hacia Punta Cala Gat, ya que desde all\u00ed es desde donde se aprecian las mejores vistas del faro.<\/p>\n\n\n<div class=\"wp-block-image\">\n<figure class=\"aligncenter size-full\"><img decoding=\"async\" width=\"670\" height=\"300\" src=\"https:\/\/www.vacalia.com\/blog\/wp-content\/uploads\/2024\/05\/Faro-de-Capdepera1.jpg\" alt=\"Faro de Capdepera (Mallorca)\" class=\"wp-image-5245\" srcset=\"https:\/\/www.vacalia.com\/blog\/wp-content\/uploads\/2024\/05\/Faro-de-Capdepera1.jpg 670w, https:\/\/www.vacalia.com\/blog\/wp-content\/uploads\/2024\/05\/Faro-de-Capdepera1-300x134.jpg 300w\" sizes=\"(max-width: 767px) 100vw, 670px\" \/><figcaption class=\"wp-element-caption\"><em>Faro de Capdepera (Mallorca)<\/em><\/figcaption><\/figure><\/div>\n\n\n<h2 class=\"wp-block-heading has-medium-font-size\"><strong>Faro Cap de Artrutx <a href=\"https:\/\/www.vacalia.com\/es\/alojamiento-vacacional-menorca\" target=\"_blank\" rel=\"noreferrer noopener\">(Menorca)<\/a><\/strong><\/h2>\n\n\n\n<p>Continuamos nuestro recorrido por los faros de Baleares y llegamos al Faro de Artrutx. Situado a 7 kil\u00f3metros de <a href=\"https:\/\/www.vacalia.com\/es\/ciutadella-menorca-p1310\" target=\"_blank\" rel=\"noreferrer noopener\">Ciudadela<\/a>, fue construido en 1859 y ocho a\u00f1os despu\u00e9s se le a\u00f1adieron cuatro contrafuertes a su torre de franjas blancas y negras, convirti\u00e9ndose en el \u00fanico de las Baleares con esta caracter\u00edstica. Junto con el Faro de Capdepera en Mallorca, marca los extremos del estrecho que separa las dos islas, ofreciendo no solo impresionantes puestas de sol, sino tambi\u00e9n la oportunidad de disfrutar de un restaurante.<\/p>\n\n\n<div class=\"wp-block-image\">\n<figure class=\"aligncenter size-full\"><img decoding=\"async\" width=\"670\" height=\"300\" src=\"https:\/\/www.vacalia.com\/blog\/wp-content\/uploads\/2024\/05\/Faro-dArtrutx1.jpg\" alt=\"Faro Cap de Artrutx (Menorca)\" class=\"wp-image-5242\" srcset=\"https:\/\/www.vacalia.com\/blog\/wp-content\/uploads\/2024\/05\/Faro-dArtrutx1.jpg 670w, https:\/\/www.vacalia.com\/blog\/wp-content\/uploads\/2024\/05\/Faro-dArtrutx1-300x134.jpg 300w\" sizes=\"(max-width: 767px) 100vw, 670px\" \/><figcaption class=\"wp-element-caption\"><em>Faro Cap de Artrutx (Menorca)<\/em><\/figcaption><\/figure><\/div>\n\n\n<h3 class=\"wp-block-heading\"><strong>Faro de Favaritx (Menorca)<\/strong><\/h3>\n\n\n\n<p>Explorar el entorno lunar de Favaritx te hace sentir como si estuvieras en otro planeta. Este famoso faro de Menorca, fue construido sobre rocas de pizarra negra en 1917. Este faro est\u00e1 en el cabo de Favaritx que forma parte del parque natural de la Albufera del Grao. Es un lugar popular para disfrutar de impresionantes puestas de sol, pero ten precauci\u00f3n, ya que la Tramuntana puede soplar con fuerza en esta zona.<\/p>\n\n\n<div class=\"wp-block-image\">\n<figure class=\"aligncenter size-full\"><img loading=\"lazy\" decoding=\"async\" width=\"670\" height=\"300\" src=\"https:\/\/www.vacalia.com\/blog\/wp-content\/uploads\/2024\/05\/Faro-de-Favaritx1.jpg\" alt=\"Faro de Favaritx (Menorca)\" class=\"wp-image-5247\" srcset=\"https:\/\/www.vacalia.com\/blog\/wp-content\/uploads\/2024\/05\/Faro-de-Favaritx1.jpg 670w, https:\/\/www.vacalia.com\/blog\/wp-content\/uploads\/2024\/05\/Faro-de-Favaritx1-300x134.jpg 300w\" sizes=\"(max-width: 767px) 100vw, 670px\" \/><figcaption class=\"wp-element-caption\"><em>Faro de Favaritx (Menorca)<\/em><\/figcaption><\/figure><\/div>\n\n<div class=\"bannerBlog\"><div class=\"new-card-houses\">\n    <div class=\"likeOut likeDivOut\" style=\"display:none\">\n        <a data-id=\"4657\" class=\"likeOut_button_red likeBtnFav\"\n            aria-label=\"Megusta Vacalia\"><\/a>\n    <\/div>\n    <figure>\n        <img loading=\"lazy\" decoding=\"async\" \n            loading=\"lazy\" width=\"301\" height=\"200\"\n            src=\"\/\/media.vacalia.com\/photo\/reformatwebpfolder\/350\/200\/4657\/thumb-middle\/4657_c0fa4dc50f952321feb661fe387073fb.webp?v=21092023\"\n            alt=\"Villa gaudina - Alquiler vacacional en Sant Llu\u00eds\"\/>\n                                                                        <div class=\"circleDiscount\">-29%<\/div>\n                        <\/figure>\n    <p itemprop=\"address\"><i class=\"ico-marker\"><\/i>Sant Llu\u00eds, Menorca<\/p>\n    <h3 itemprop=\"name\">Villa gaudina<\/h3>\n    <ul class=\"icon_list inline_list\">\n                              <li class=\"ico-pool\" title=\"Piscina\">\n              <span itemprop=\"amenityFeature\">Piscina<\/span>\n            <\/li>\n                      <li class=\"ico-airConditioning\" title=\"Aire Acondicionado\">\n              <span itemprop=\"amenityFeature\">Aire Acondicionado<\/span>\n            <\/li>\n                      <li class=\"ico-wifi\" title=\"Wifi\">\n              <span itemprop=\"amenityFeature\">Wifi<\/span>\n            <\/li>\n                      <li class=\"ico-views\" title=\"Vistas\">\n              <span itemprop=\"amenityFeature\">Vistas<\/span>\n            <\/li>\n                          <li class=\"ico-guests\" title=\"Para 12 hu\u00e9spedes en Sant Llu\u00eds.\">\n          <span itemprop=\"occupancy\">12<\/span>\n        <\/li>\n    <\/ul>\n            <span class=\"price\">Desde 464\u20ac \/ noche<\/span>\n                <a itemprop=\"url\" class=\"anchor\" href=\"https:\/\/www.vacalia.com\/es\/villa-villa-gaudina-sant-lluis-h27047\" aria-label=\"Villa gaudina\"><\/a>\n<\/div><div class=\"new-card-houses\">\n    <div class=\"likeOut likeDivOut\" style=\"display:none\">\n        <a data-id=\"4660\" class=\"likeOut_button_red likeBtnFav\"\n            aria-label=\"Megusta Vacalia\"><\/a>\n    <\/div>\n    <figure>\n        <img loading=\"lazy\" decoding=\"async\" \n            loading=\"lazy\" width=\"301\" height=\"200\"\n            src=\"\/\/media.vacalia.com\/photo\/reformatwebpfolder\/350\/200\/4660\/thumb-middle\/4660_384983966cf7158a646f5a0841c1336a.webp?v=21092023\"\n            alt=\"Villa arena - Alquiler vacacional en Es Mercadal\"\/>\n                                                                        <div class=\"circleDiscount\">-11%<\/div>\n                        <\/figure>\n    <p itemprop=\"address\"><i class=\"ico-marker\"><\/i>Es Mercadal, Menorca<\/p>\n    <h3 itemprop=\"name\">Villa arena<\/h3>\n    <ul class=\"icon_list inline_list\">\n                              <li class=\"ico-airConditioning\" title=\"Aire Acondicionado\">\n              <span itemprop=\"amenityFeature\">Aire Acondicionado<\/span>\n            <\/li>\n                      <li class=\"ico-wifi\" title=\"Wifi\">\n              <span itemprop=\"amenityFeature\">Wifi<\/span>\n            <\/li>\n                      <li class=\"ico-views\" title=\"Vistas\">\n              <span itemprop=\"amenityFeature\">Vistas<\/span>\n            <\/li>\n                          <li class=\"ico-guests\" title=\"Para 6 hu\u00e9spedes en Es Mercadal.\">\n          <span itemprop=\"occupancy\">6<\/span>\n        <\/li>\n    <\/ul>\n            <span class=\"price\">Desde 242\u20ac \/ noche<\/span>\n                <a itemprop=\"url\" class=\"anchor\" href=\"https:\/\/www.vacalia.com\/es\/casa-vacacional-villa-arena-es-mercadal-h27051\" aria-label=\"Villa arena\"><\/a>\n<\/div><\/div>\n\n\n\n<h2 class=\"wp-block-heading has-medium-font-size\"><strong>Faro de Cavalleria (Menorca)<\/strong><\/h2>\n\n\n\n<p>El Faro de Cavalleria, situado en el punto m\u00e1s septentrional de Menorca, es accesible en coche mediante una estrecha carretera. Aunque cuenta con un aparcamiento cercano, se debe tener precauci\u00f3n con los acantilados de m\u00e1s de 40 metros de altura, especialmente de noche. <\/p>\n\n\n\n<p>Cerca del faro, hay una peque\u00f1a cueva desde donde se puede disfrutar de una vista espectacular de l&#8217;Illa des Porros. Aunque existe la tradici\u00f3n de crear montones de piedras mirando al mar para desear volver a Menorca, esto perjudica al entorno y se debe evitar. Adem\u00e1s, el faro cuenta con un bar donde se pueden tomar bebidas mientras se observa el atardecer desde los acantilados.<\/p>\n\n\n<div class=\"wp-block-image\">\n<figure class=\"aligncenter size-full\"><img loading=\"lazy\" decoding=\"async\" width=\"670\" height=\"300\" src=\"https:\/\/www.vacalia.com\/blog\/wp-content\/uploads\/2024\/05\/Faro-de-Caballeira1.jpg\" alt=\"Faro de Cavalleria (Menorca)\" class=\"wp-image-5243\" srcset=\"https:\/\/www.vacalia.com\/blog\/wp-content\/uploads\/2024\/05\/Faro-de-Caballeira1.jpg 670w, https:\/\/www.vacalia.com\/blog\/wp-content\/uploads\/2024\/05\/Faro-de-Caballeira1-300x134.jpg 300w\" sizes=\"(max-width: 767px) 100vw, 670px\" \/><figcaption class=\"wp-element-caption\"><em>Faro de Cavalleria (Menorca)<\/em><\/figcaption><\/figure><\/div>\n\n\n<h2 class=\"wp-block-heading has-medium-font-size\"><strong>Faro de la Mola (Formentera)<\/strong><\/h2>\n\n\n\n<p>El Faro de la Mola, situado en el borde de un acantilado a 120 metros sobre el nivel del mar, es uno de los lugares m\u00e1s espectaculares de la isla. Desde 2019, el faro alberga un espacio cultural y de difusi\u00f3n del patrimonio mar\u00edtimo de Formentera, con exposiciones y eventos. Junto al faro, hay un monolito en honor a Julio Verne. En esta zona se pueden encontrar gran cantidad de lagartijas, s\u00edmbolo de la isla de Formentera y especie protegida.<\/p>\n\n\n<div class=\"wp-block-image\">\n<figure class=\"aligncenter size-full\"><img loading=\"lazy\" decoding=\"async\" width=\"670\" height=\"300\" src=\"https:\/\/www.vacalia.com\/blog\/wp-content\/uploads\/2024\/05\/Faro-de-la-Mola1.jpg\" alt=\"Faro de la Mola (Formentera)\" class=\"wp-image-5249\" srcset=\"https:\/\/www.vacalia.com\/blog\/wp-content\/uploads\/2024\/05\/Faro-de-la-Mola1.jpg 670w, https:\/\/www.vacalia.com\/blog\/wp-content\/uploads\/2024\/05\/Faro-de-la-Mola1-300x134.jpg 300w\" sizes=\"(max-width: 767px) 100vw, 670px\" \/><figcaption class=\"wp-element-caption\"><em>Faro de la Mola (Formentera)<\/em><\/figcaption><\/figure><\/div>\n\n\n<h2 class=\"wp-block-heading has-medium-font-size\"><strong>Faro de Moscarter <a href=\"https:\/\/www.vacalia.com\/es\/alojamiento-vacacional-ibiza\" target=\"_blank\" rel=\"noreferrer noopener\">(Ibiza)<\/a><\/strong><\/h2>\n\n\n\n<p>Al norte de la isla de Ibiza se alza este majestuoso faro, que ostenta el t\u00edtulo de tener la torre m\u00e1s alta entre todas las Islas Baleares. Este faro, cuya construcci\u00f3n concluy\u00f3 en 1978, se eleva a 41 metros sobre el nivel del mar. Descubrir este emblem\u00e1tico faro es una experiencia que requiere de unos 20 minutos de caminata a lo largo de la costa norte de la isla, partiendo desde la encantadora playa de Es Portixol de Portinatx. La combinaci\u00f3n de su imponente altura, su singular est\u00e9tica y su accesibilidad convierten al Faro de Moscarter en uno de los destinos m\u00e1s especiales de todas las Islas Baleares.<\/p>\n\n\n<div class=\"wp-block-image\">\n<figure class=\"aligncenter size-full\"><img loading=\"lazy\" decoding=\"async\" width=\"670\" height=\"300\" src=\"https:\/\/www.vacalia.com\/blog\/wp-content\/uploads\/2024\/05\/Faro-de-Moscarter1.jpg\" alt=\"Faro de Moscarter (Ibiza)\" class=\"wp-image-5251\" srcset=\"https:\/\/www.vacalia.com\/blog\/wp-content\/uploads\/2024\/05\/Faro-de-Moscarter1.jpg 670w, https:\/\/www.vacalia.com\/blog\/wp-content\/uploads\/2024\/05\/Faro-de-Moscarter1-300x134.jpg 300w\" sizes=\"(max-width: 767px) 100vw, 670px\" \/><figcaption class=\"wp-element-caption\"><em>Faro de Moscarter (Ibiza)<\/em><\/figcaption><\/figure><\/div>\n\n<div class=\"bannerBlog\"><div class=\"new-card-houses\">\n    <div class=\"likeOut likeDivOut\" style=\"display:none\">\n        <a data-id=\"3702\" class=\"likeOut_button_red likeBtnFav\"\n            aria-label=\"Megusta Vacalia\"><\/a>\n    <\/div>\n    <figure>\n        <img loading=\"lazy\" decoding=\"async\" \n            loading=\"lazy\" width=\"301\" height=\"200\"\n            src=\"\/\/media.vacalia.com\/photo\/reformatwebpfolder\/350\/200\/3702\/thumb-middle\/3702_cffa553ddb69a76ed75a2ef671d05de4.webp?v=21092023\"\n            alt=\"Cas consul - Alquiler vacacional en Sant Miquel de Balansat\"\/>\n                                                                    <\/figure>\n    <p itemprop=\"address\"><i class=\"ico-marker\"><\/i>Sant Miquel de Balansat, Ibiza<\/p>\n    <h3 itemprop=\"name\">Cas consul<\/h3>\n    <ul class=\"icon_list inline_list\">\n                              <li class=\"ico-pool\" title=\"Piscina\">\n              <span itemprop=\"amenityFeature\">Piscina<\/span>\n            <\/li>\n                      <li class=\"ico-wifi\" title=\"Wifi\">\n              <span itemprop=\"amenityFeature\">Wifi<\/span>\n            <\/li>\n                          <li class=\"ico-guests\" title=\"Para 8 hu\u00e9spedes en Sant Miquel De Balansat.\">\n          <span itemprop=\"occupancy\">8<\/span>\n        <\/li>\n    <\/ul>\n            <span class=\"price\">Desde 378\u20ac \/ noche<\/span>\n                <a itemprop=\"url\" class=\"anchor\" href=\"https:\/\/www.vacalia.com\/es\/villa-cas-consul-sant-joan-de-labritja-h24807\" aria-label=\"Cas consul\"><\/a>\n<\/div><div class=\"new-card-houses\">\n    <div class=\"likeOut likeDivOut\" style=\"display:none\">\n        <a data-id=\"4139\" class=\"likeOut_button_red likeBtnFav\"\n            aria-label=\"Megusta Vacalia\"><\/a>\n    <\/div>\n    <figure>\n        <img loading=\"lazy\" decoding=\"async\" \n            loading=\"lazy\" width=\"301\" height=\"200\"\n            src=\"\/\/media.vacalia.com\/photo\/reformatwebpfolder\/350\/200\/4139\/thumb-middle\/4139_17034cae2e2c2b336123ac0eb6b344ec.webp?v=21092023\"\n            alt=\"Can kai - Alquiler vacacional en Sant Mateu d&#039;Albarca\"\/>\n                                                                    <\/figure>\n    <p itemprop=\"address\"><i class=\"ico-marker\"><\/i>Sant Mateu d&#039;Albarca, Ibiza<\/p>\n    <h3 itemprop=\"name\">Can kai<\/h3>\n    <ul class=\"icon_list inline_list\">\n                              <li class=\"ico-pool\" title=\"Piscina\">\n              <span itemprop=\"amenityFeature\">Piscina<\/span>\n            <\/li>\n                      <li class=\"ico-airConditioning\" title=\"Aire Acondicionado\">\n              <span itemprop=\"amenityFeature\">Aire Acondicionado<\/span>\n            <\/li>\n                      <li class=\"ico-wifi\" title=\"Wifi\">\n              <span itemprop=\"amenityFeature\">Wifi<\/span>\n            <\/li>\n                          <li class=\"ico-guests\" title=\"Para 8 hu\u00e9spedes en Sant Mateu D&#039;albarca.\">\n          <span itemprop=\"occupancy\">8<\/span>\n        <\/li>\n    <\/ul>\n            <span class=\"price\">Desde 973\u20ac \/ noche<\/span>\n                <a itemprop=\"url\" class=\"anchor\" href=\"https:\/\/www.vacalia.com\/es\/villa-can-kai-sant-antoni-de-portmany-h25651\" aria-label=\"Can kai\"><\/a>\n<\/div><\/div>\n\n\n\n<h2 class=\"wp-block-heading has-medium-font-size\"><strong>Faro de Portocolom (Mallorca)<\/strong><\/h2>\n\n\n\n<p>Ubicado en la Punta de ses Crestes, el Faro de <a href=\"https:\/\/www.vacalia.com\/es\/portocolom-mallorca-p1320\" target=\"_blank\" rel=\"noreferrer noopener\">Portocolom <\/a>es uno de los m\u00e1s hermosos y fotografiados de Mallorca, como demuestran las numerosas im\u00e1genes que se pueden encontrar en Instagram. Su distintiva torre de franjas negras y blancas marca la entrada al pintoresco puerto natural de Portocolom, una visita obligada en la isla. Dise\u00f1ado por Emili Pou, este faro fue inaugurado el 31 de diciembre de 1863. Desde sus 25 metros de altura, ha sido testigo de numerosos acontecimientos hist\u00f3ricos lo largo del tiempo.<\/p>\n\n\n<div class=\"wp-block-image\">\n<figure class=\"aligncenter size-full\"><img loading=\"lazy\" decoding=\"async\" width=\"670\" height=\"300\" src=\"https:\/\/www.vacalia.com\/blog\/wp-content\/uploads\/2024\/05\/Faro-de-Portocolom1.jpg\" alt=\"Faro de Portocolom (Mallorca)\" class=\"wp-image-5252\" srcset=\"https:\/\/www.vacalia.com\/blog\/wp-content\/uploads\/2024\/05\/Faro-de-Portocolom1.jpg 670w, https:\/\/www.vacalia.com\/blog\/wp-content\/uploads\/2024\/05\/Faro-de-Portocolom1-300x134.jpg 300w\" sizes=\"(max-width: 767px) 100vw, 670px\" \/><figcaption class=\"wp-element-caption\"><em>Faro de Portocolom (Mallorca)<\/em><\/figcaption><\/figure><\/div>\n\n\n<h2 class=\"wp-block-heading has-medium-font-size\"><strong>Faro del Cap de Ses Salines (Mallorca)<\/strong><\/h2>\n\n\n\n<p>Ubicado en el extremo sur de Mallorca, el Faro del Cap de Ses Salines cumple el importante rol de custodiar el canal que separa Mallorca del archipi\u00e9lago de Cabrera. Actualmente, este faro alberga instalaciones del Instituto Mediterr\u00e1neo de Estudios Avanzados (IMEDEA), donde se llevan a cabo estudios sobre el litoral mallorqu\u00edn. <\/p>\n\n\n\n<p>Lo que hace realmente especial a este faro es su aislamiento en una zona remota de Mallorca, lo que permite disfrutar de un cielo estrellado espectacular en noches despejadas, gracias a la escasa contaminaci\u00f3n lum\u00ednica del entorno.<\/p>\n\n\n<div class=\"wp-block-image\">\n<figure class=\"aligncenter size-full\"><img loading=\"lazy\" decoding=\"async\" width=\"670\" height=\"300\" src=\"https:\/\/www.vacalia.com\/blog\/wp-content\/uploads\/2024\/05\/Faro-del-Cap-de-Ses-Salines1.jpg\" alt=\"Faro del Cap de Ses Salines (Mallorca)\" class=\"wp-image-5250\" srcset=\"https:\/\/www.vacalia.com\/blog\/wp-content\/uploads\/2024\/05\/Faro-del-Cap-de-Ses-Salines1.jpg 670w, https:\/\/www.vacalia.com\/blog\/wp-content\/uploads\/2024\/05\/Faro-del-Cap-de-Ses-Salines1-300x134.jpg 300w\" sizes=\"(max-width: 767px) 100vw, 670px\" \/><figcaption class=\"wp-element-caption\"><em>Faro del Cap de Ses Salines (Mallorca)<\/em><\/figcaption><\/figure><\/div>\n\n\n<h2 class=\"wp-block-heading has-medium-font-size\"><strong>Faro de Cala Figuera (Mallorca)<\/strong><\/h2>\n\n\n\n<p>Este faro construido en 1847 est\u00e1 situado en Cala Figuera (<a href=\"https:\/\/www.vacalia.com\/es\/calvia-mallorca-p772\" target=\"_blank\" rel=\"noreferrer noopener\">Calvi\u00e0<\/a>), junto a su zona militar y su preciosa cala forman un lugar \u00fanico. Adem\u00e1s, hay que mencionar que, aunque es uno de los faros m\u00e1s desconocidos de Mallorca ya que solo se puede acceder a trav\u00e9s de una ruta de senderismo que se inicia en Portals Vells, no tiene nada que envidiar a los otros. Su entorno privilegiado hace de esta construcci\u00f3n algo especial.<\/p>\n\n\n<div class=\"wp-block-image\">\n<figure class=\"aligncenter size-full\"><img loading=\"lazy\" decoding=\"async\" width=\"670\" height=\"300\" src=\"https:\/\/www.vacalia.com\/blog\/wp-content\/uploads\/2024\/05\/Faro-de-Cala-Figue1.jpg\" alt=\"Faro de Cala Figuera (Mallorca)\" class=\"wp-image-5244\" srcset=\"https:\/\/www.vacalia.com\/blog\/wp-content\/uploads\/2024\/05\/Faro-de-Cala-Figue1.jpg 670w, https:\/\/www.vacalia.com\/blog\/wp-content\/uploads\/2024\/05\/Faro-de-Cala-Figue1-300x134.jpg 300w\" sizes=\"(max-width: 767px) 100vw, 670px\" \/><figcaption class=\"wp-element-caption\"><em>Faro de Cala Figuera (Mallorca)<\/em><\/figcaption><\/figure><\/div>\n\n\n<p>Estos son solo algunos de los muchos impresionantes faros que se pueden encontrar en las Islas Baleares. Cada uno ofrece su propia belleza \u00fanica y una experiencia inolvidable para aquellos que los visitan. As\u00ed que \u00bfa qu\u00e9 est\u00e1is esperando? Buscad alojamiento en Islas Baleares y descubrir\u00e9is la magia de los faros por vosotros mismos.<\/p>\n\n\n<div class=\"bannerBlog\"><div class=\"new-card-houses\">\n    <div class=\"likeOut likeDivOut\" style=\"display:none\">\n        <a data-id=\"2420\" class=\"likeOut_button_red likeBtnFav\"\n            aria-label=\"Megusta Vacalia\"><\/a>\n    <\/div>\n    <figure>\n        <img loading=\"lazy\" decoding=\"async\" \n            loading=\"lazy\" width=\"301\" height=\"200\"\n            src=\"\/\/media.vacalia.com\/photo\/reformatwebpfolder\/350\/200\/2420\/thumb-middle\/2420_a2c12ba264a9d7585843224857a0437e.webp?v=21092023\"\n            alt=\"Son bou - Alquiler vacacional en S\u00f3ller\"\/>\n                                                                        <div class=\"circleDiscount\">-5%<\/div>\n                        <\/figure>\n    <p itemprop=\"address\"><i class=\"ico-marker\"><\/i>S\u00f3ller, Mallorca<\/p>\n    <h3 itemprop=\"name\">Son bou<\/h3>\n    <ul class=\"icon_list inline_list\">\n                              <li class=\"ico-pool\" title=\"Piscina\">\n              <span itemprop=\"amenityFeature\">Piscina<\/span>\n            <\/li>\n                      <li class=\"ico-wifi\" title=\"Wifi\">\n              <span itemprop=\"amenityFeature\">Wifi<\/span>\n            <\/li>\n                          <li class=\"ico-guests\" title=\"Para 2+1   hu\u00e9spedes en S\u00f3ller.\">\n          <span itemprop=\"occupancy\">2+1  <\/span>\n        <\/li>\n    <\/ul>\n            <span class=\"price\">Desde 278\u20ac \/ noche<\/span>\n                <a itemprop=\"url\" class=\"anchor\" href=\"https:\/\/www.vacalia.com\/es\/villa-son-bou-soller-h18179\" aria-label=\"Son bou\"><\/a>\n<\/div><div class=\"new-card-houses\">\n    <div class=\"likeOut likeDivOut\" style=\"display:none\">\n        <a data-id=\"3430\" class=\"likeOut_button_red likeBtnFav\"\n            aria-label=\"Megusta Vacalia\"><\/a>\n    <\/div>\n    <figure>\n        <img loading=\"lazy\" decoding=\"async\" \n            loading=\"lazy\" width=\"301\" height=\"200\"\n            src=\"\/\/media.vacalia.com\/photo\/reformatwebpfolder\/350\/200\/3430\/thumb-middle\/3430_cfb85b646eeb19ee27395f3aa8b1be15.webp?v=21092023\"\n            alt=\"Can miquel (tord) - Alquiler vacacional en Can Picafort\"\/>\n                                                                        <div class=\"circleDiscount\">-15%<\/div>\n                        <\/figure>\n    <p itemprop=\"address\"><i class=\"ico-marker\"><\/i>Can Picafort, Mallorca<\/p>\n    <h3 itemprop=\"name\">Can miquel (tord)<\/h3>\n    <ul class=\"icon_list inline_list\">\n                              <li class=\"ico-pool\" title=\"Piscina\">\n              <span itemprop=\"amenityFeature\">Piscina<\/span>\n            <\/li>\n                      <li class=\"ico-airConditioning\" title=\"Aire Acondicionado\">\n              <span itemprop=\"amenityFeature\">Aire Acondicionado<\/span>\n            <\/li>\n                      <li class=\"ico-wifi\" title=\"Wifi\">\n              <span itemprop=\"amenityFeature\">Wifi<\/span>\n            <\/li>\n                          <li class=\"ico-guests\" title=\"Para 6 hu\u00e9spedes en Can Picafort.\">\n          <span itemprop=\"occupancy\">6<\/span>\n        <\/li>\n    <\/ul>\n            <span class=\"price\">Desde 127\u20ac \/ noche<\/span>\n                <a itemprop=\"url\" class=\"anchor\" href=\"https:\/\/www.vacalia.com\/es\/villa-can-miquel-tord-santa-margalida-h23669\" aria-label=\"Can miquel (tord)\"><\/a>\n<\/div><\/div>\n","protected":false},"excerpt":{"rendered":"<p>Bienvenidos a un recorrido por los impresionantes faros de de las Islas Baleares. Estos faros, adem\u00e1s de orientar a navegantes y pescadores, son puntos tur\u00edsticos e hist\u00f3ricos de inter\u00e9s que&hellip;<\/p>\n","protected":false},"author":1,"featured_media":5243,"comment_status":"closed","ping_status":"open","sticky":false,"template":"","format":"standard","meta":{"_monsterinsights_skip_tracking":false,"_monsterinsights_sitenote_active":false,"_monsterinsights_sitenote_note":"","_monsterinsights_sitenote_category":0,"footnotes":""},"categories":[1076,1088,1,1094],"tags":[],"class_list":["post-5237","post","type-post","status-publish","format-standard","has-post-thumbnail","hentry","category-otros-lugares-de-interes","category-que-ver","category-general-es","category-guias-es"],"_links":{"self":[{"href":"https:\/\/www.vacalia.com\/blog\/wp-json\/wp\/v2\/posts\/5237"}],"collection":[{"href":"https:\/\/www.vacalia.com\/blog\/wp-json\/wp\/v2\/posts"}],"about":[{"href":"https:\/\/www.vacalia.com\/blog\/wp-json\/wp\/v2\/types\/post"}],"author":[{"embeddable":true,"href":"https:\/\/www.vacalia.com\/blog\/wp-json\/wp\/v2\/users\/1"}],"replies":[{"embeddable":true,"href":"https:\/\/www.vacalia.com\/blog\/wp-json\/wp\/v2\/comments?post=5237"}],"version-history":[{"count":11,"href":"https:\/\/www.vacalia.com\/blog\/wp-json\/wp\/v2\/posts\/5237\/revisions"}],"predecessor-version":[{"id":7525,"href":"https:\/\/www.vacalia.com\/blog\/wp-json\/wp\/v2\/posts\/5237\/revisions\/7525"}],"wp:featuredmedia":[{"embeddable":true,"href":"https:\/\/www.vacalia.com\/blog\/wp-json\/wp\/v2\/media\/5243"}],"wp:attachment":[{"href":"https:\/\/www.vacalia.com\/blog\/wp-json\/wp\/v2\/media?parent=5237"}],"wp:term":[{"taxonomy":"category","embeddable":true,"href":"https:\/\/www.vacalia.com\/blog\/wp-json\/wp\/v2\/categories?post=5237"},{"taxonomy":"post_tag","embeddable":true,"href":"https:\/\/www.vacalia.com\/blog\/wp-json\/wp\/v2\/tags?post=5237"}],"curies":[{"name":"wp","href":"https:\/\/api.w.org\/{rel}","templated":true}]}}