{"id":5263,"date":"2024-05-10T16:43:30","date_gmt":"2024-05-10T14:43:30","guid":{"rendered":"https:\/\/www.vacalia.com\/blog\/?p=5263"},"modified":"2025-07-08T11:56:19","modified_gmt":"2025-07-08T09:56:19","slug":"top-10-leuchtturme-der-balearen","status":"publish","type":"post","link":"https:\/\/www.vacalia.com\/blog\/top-10-leuchtturme-der-balearen\/","title":{"rendered":"Top 10 Leuchtt\u00fcrme der Balearen"},"content":{"rendered":"\n<p>Herzlich willkommen zu einem Rundgang durch die beeindruckenden Leuchtt\u00fcrme der Balearen. Diese Leuchtt\u00fcrme sind nicht nur Wegweiser f\u00fcr Seeleute und Fischer, sondern auch touristische und historische Sehensw\u00fcrdigkeiten, die sich in die nat\u00fcrliche Landschaft der Insel einf\u00fcgen.<\/p>\n\n\n\n<h2 class=\"wp-block-heading has-medium-font-size\"><strong>Leuchtturm von Formentor (<strong><a href=\"https:\/\/www.vacalia.com\/de\/mallorca-urlaub\" target=\"_blank\" rel=\"noreferrer noopener\">Mallorca<\/a><\/strong>)<\/strong><\/h2>\n\n\n\n<p>Wir beginnen mit einem der symboltr\u00e4chtigsten Leuchtt\u00fcrme der Balearen, dem <a href=\"https:\/\/www.vacalia.com\/de\/faro-de-formentor-p680\" target=\"_blank\" rel=\"noreferrer noopener\">Leuchtturm von Formentor<\/a>. Er befindet sich an der n\u00f6rdlichsten Spitze Mallorcas, in der N\u00e4he von <a href=\"https:\/\/www.vacalia.com\/de\/pollenca-mallorca-p1360\" target=\"_blank\" rel=\"noreferrer noopener\">Pollensa<\/a>, 188 Meter \u00fcber dem Meeresspiegel, mit einem 22 Meter hohen Turm und einer Reichweite von 44 km. <\/p>\n\n\n\n<p>Die kurvenreiche, von Buchten und Steilk\u00fcsten ges\u00e4umte Stra\u00dfe, die zu ihm f\u00fchrt, ist eine Attraktion f\u00fcr sich. Von Puerto de Pollensa aus gelangt man \u00fcber die Landstra\u00dfe MA-2210 dorthin, wobei es in den Sommermonaten zu Zugangsbeschr\u00e4nkungen kommt. Seine Hauptattraktion sind die atemberaubenden Sonnenunterg\u00e4nge, die Schriftsteller wie Miquel Costa i Llobera und Camilo Jos\u00e9 Cela inspiriert haben.<\/p>\n\n\n<div class=\"wp-block-image\">\n<figure class=\"aligncenter size-full\"><img fetchpriority=\"high\" decoding=\"async\" width=\"670\" height=\"300\" src=\"https:\/\/www.vacalia.com\/blog\/wp-content\/uploads\/2024\/05\/Faro-de-Formentor1.jpg\" alt=\"Leuchtturm von Formentor (Mallorca)\" class=\"wp-image-5248\" srcset=\"https:\/\/www.vacalia.com\/blog\/wp-content\/uploads\/2024\/05\/Faro-de-Formentor1.jpg 670w, https:\/\/www.vacalia.com\/blog\/wp-content\/uploads\/2024\/05\/Faro-de-Formentor1-300x134.jpg 300w\" sizes=\"(max-width: 767px) 100vw, 670px\" \/><figcaption class=\"wp-element-caption\"><em>Leuchtturm von Formentor (Mallorca)<\/em><\/figcaption><\/figure><\/div>\n\n\n<h2 class=\"wp-block-heading has-medium-font-size\"><strong>Leuchtturm von Capdepera (<strong><strong>Mallorca<\/strong><\/strong>)<\/strong><\/h2>\n\n\n\n<p>Unser zweites Ziel f\u00fchrt uns an das \u00f6stliche Ende Mallorcas, wo wir den seit 1861 in Betrieb befindlichen Leuchtturm von <a href=\"https:\/\/www.vacalia.com\/de\/capdepera-mallorca-p1303\" target=\"_blank\" rel=\"noreferrer noopener\">Capdepera<\/a> finden, der den Menorca-Kanal von der mallorquinischen Seite aus bewacht und an klaren Tagen die Nachbarinsel im Hintergrund erkennen l\u00e4sst. Der Zugang ist \u00fcber eine Stra\u00dfe von Cala Ratjada aus sehr einfach. Die Aussicht vom Leuchtturm auf die Steilk\u00fcste und das Meer ist spektakul\u00e4r. Es empfiehlt sich jedoch, einen Spaziergang in Richtung Punta Cala Gat zu unternehmen, da man von dort aus den besten Blick auf den Leuchtturm hat.<\/p>\n\n\n<div class=\"wp-block-image\">\n<figure class=\"aligncenter size-full\"><img decoding=\"async\" width=\"670\" height=\"300\" src=\"https:\/\/www.vacalia.com\/blog\/wp-content\/uploads\/2024\/05\/Faro-de-Capdepera1.jpg\" alt=\"Leuchtturm von Capdepera (Mallorca)\" class=\"wp-image-5245\" srcset=\"https:\/\/www.vacalia.com\/blog\/wp-content\/uploads\/2024\/05\/Faro-de-Capdepera1.jpg 670w, https:\/\/www.vacalia.com\/blog\/wp-content\/uploads\/2024\/05\/Faro-de-Capdepera1-300x134.jpg 300w\" sizes=\"(max-width: 767px) 100vw, 670px\" \/><figcaption class=\"wp-element-caption\"><em>Leuchtturm von Capdepera (Mallorca)<\/em><\/figcaption><\/figure><\/div>\n\n\n<h2 class=\"wp-block-heading has-medium-font-size\"><strong>Leuchtturm Cap de Artrutx (<strong><a href=\"https:\/\/www.vacalia.com\/de\/menorca-urlaub\" target=\"_blank\" rel=\"noreferrer noopener\">Menorca<\/a><\/strong>)<\/strong><\/h2>\n\n\n\n<p>Wir setzen unseren Rundgang durch die Leuchtt\u00fcrme der Balearen fort und kommen zum Leuchtturm von Artrutx. Er befindet sich 7 km von <a href=\"https:\/\/www.vacalia.com\/de\/ciutadella-menorca-p1310\" target=\"_blank\" rel=\"noreferrer noopener\">Ciudadela<\/a> entfernt und wurde 1859 erbaut. Acht Jahre sp\u00e4ter wurden seinem schwarz-wei\u00df gestreiften Turm vier Strebepfeiler hinzugef\u00fcgt, was ihn zum einzigen Leuchtturm der Balearen mit diesem Merkmal macht. Zusammen mit dem Leuchtturm von Capdepera auf Mallorca markiert er das Ende der Meerenge, die die beiden Inseln trennt, und bietet nicht nur beeindruckende Sonnenunterg\u00e4nge, sondern auch die M\u00f6glichkeit, ein Restaurant zu besuchen.<\/p>\n\n\n<div class=\"wp-block-image\">\n<figure class=\"aligncenter size-full\"><img decoding=\"async\" width=\"670\" height=\"300\" src=\"https:\/\/www.vacalia.com\/blog\/wp-content\/uploads\/2024\/05\/Faro-dArtrutx1.jpg\" alt=\"Leuchtturm Cap de Artrutx (Menorca)\" class=\"wp-image-5242\" srcset=\"https:\/\/www.vacalia.com\/blog\/wp-content\/uploads\/2024\/05\/Faro-dArtrutx1.jpg 670w, https:\/\/www.vacalia.com\/blog\/wp-content\/uploads\/2024\/05\/Faro-dArtrutx1-300x134.jpg 300w\" sizes=\"(max-width: 767px) 100vw, 670px\" \/><figcaption class=\"wp-element-caption\"><em>Leuchtturm Cap de Artrutx (Menorca)<\/em><\/figcaption><\/figure><\/div>\n\n\n<h2 class=\"wp-block-heading has-medium-font-size\"><strong>Leuchtturm von Favaritx (<strong><strong>Menorca<\/strong><\/strong>)<\/strong><\/h2>\n\n\n\n<p>Bei der Erkundung der mond\u00e4hnlichen Umgebung von Favaritx kommt man sich vor wie auf einem anderen Planeten. Dieser ber\u00fchmte menorquinische Leuchtturm wurde 1917 auf schwarzen Schieferfelsen errichtet. Der Leuchtturm befindet sich auf dem Kap von Favaritx, das zum Naturpark Albufera del Grao geh\u00f6rt. Es ist ein beliebter Ort, um atemberaubende Sonnenunterg\u00e4nge zu genie\u00dfen, aber seien Sie vorsichtig, da der Tramuntana in dieser Gegend stark blasen kann.<\/p>\n\n\n<div class=\"wp-block-image\">\n<figure class=\"aligncenter size-full\"><img loading=\"lazy\" decoding=\"async\" width=\"670\" height=\"300\" src=\"https:\/\/www.vacalia.com\/blog\/wp-content\/uploads\/2024\/05\/Faro-de-Favaritx1.jpg\" alt=\"Leuchtturm von Favaritx (Menorca)\" class=\"wp-image-5247\" srcset=\"https:\/\/www.vacalia.com\/blog\/wp-content\/uploads\/2024\/05\/Faro-de-Favaritx1.jpg 670w, https:\/\/www.vacalia.com\/blog\/wp-content\/uploads\/2024\/05\/Faro-de-Favaritx1-300x134.jpg 300w\" sizes=\"(max-width: 767px) 100vw, 670px\" \/><figcaption class=\"wp-element-caption\"><em>Leuchtturm von Favaritx (Menorca)<\/em><\/figcaption><\/figure><\/div>\n\n<div class=\"bannerBlog\"><div class=\"new-card-houses\">\n    <div class=\"likeOut likeDivOut\" style=\"display:none\">\n        <a data-id=\"4659\" class=\"likeOut_button_red likeBtnFav\"\n            aria-label=\"Megusta Vacalia\"><\/a>\n    <\/div>\n    <figure>\n        <img loading=\"lazy\" decoding=\"async\" \n            loading=\"lazy\" width=\"301\" height=\"200\"\n            src=\"\/\/media.vacalia.com\/photo\/reformatwebpfolder\/350\/200\/4659\/thumb-middle\/4659_54016cc86460beed3d8a44f9e3d4e2ed.webp?v=21092023\"\n            alt=\"Villa mila - Ferienhaus auf Sant Llu\u00eds\"\/>\n                                                                        <div class=\"circleDiscount\">-19%<\/div>\n                        <\/figure>\n    <p itemprop=\"address\"><i class=\"ico-marker\"><\/i>Sant Llu\u00eds, Menorca<\/p>\n    <h3 itemprop=\"name\">Villa mila<\/h3>\n    <ul class=\"icon_list inline_list\">\n                              <li class=\"ico-pool\" title=\"Pool\">\n              <span itemprop=\"amenityFeature\">Pool<\/span>\n            <\/li>\n                      <li class=\"ico-airConditioning\" title=\"Klimaanlage\">\n              <span itemprop=\"amenityFeature\">Klimaanlage<\/span>\n            <\/li>\n                      <li class=\"ico-wifi\" title=\"Wifi\">\n              <span itemprop=\"amenityFeature\">Wifi<\/span>\n            <\/li>\n                      <li class=\"ico-views\" title=\"Ausblick\">\n              <span itemprop=\"amenityFeature\">Ausblick<\/span>\n            <\/li>\n                          <li class=\"ico-guests\" title=\"F\u00fcr 8 G\u00e4ste in Sant Llu\u00eds.\">\n          <span itemprop=\"occupancy\">8<\/span>\n        <\/li>\n    <\/ul>\n            <span class=\"price\">Ab 315\u20ac \/ Nacht<\/span>\n                <a itemprop=\"url\" class=\"anchor\" href=\"https:\/\/www.vacalia.com\/de\/villa-villa-mila-sant-lluis-h27066\" aria-label=\"Villa mila\"><\/a>\n<\/div><div class=\"new-card-houses\">\n    <div class=\"likeOut likeDivOut\" style=\"display:none\">\n        <a data-id=\"3779\" class=\"likeOut_button_red likeBtnFav\"\n            aria-label=\"Megusta Vacalia\"><\/a>\n    <\/div>\n    <figure>\n        <img loading=\"lazy\" decoding=\"async\" \n            loading=\"lazy\" width=\"301\" height=\"200\"\n            src=\"\/\/media.vacalia.com\/photo\/reformatwebpfolder\/350\/200\/3779\/thumb-middle\/3779_6cd9ec49af18648d6d839fb26091f2df.webp?v=21092023\"\n            alt=\"Torres sureda - Ferienhaus auf Barranch\"\/>\n                                                                        <div class=\"circleDiscount\">-11%<\/div>\n                        <\/figure>\n    <p itemprop=\"address\"><i class=\"ico-marker\"><\/i>Barranch, Menorca<\/p>\n    <h3 itemprop=\"name\">Torres sureda<\/h3>\n    <ul class=\"icon_list inline_list\">\n                              <li class=\"ico-wifi\" title=\"Wifi\">\n              <span itemprop=\"amenityFeature\">Wifi<\/span>\n            <\/li>\n                      <li class=\"ico-views\" title=\"Ausblick\">\n              <span itemprop=\"amenityFeature\">Ausblick<\/span>\n            <\/li>\n                          <li class=\"ico-guests\" title=\"F\u00fcr 4+1   G\u00e4ste in Barranch.\">\n          <span itemprop=\"occupancy\">4+1  <\/span>\n        <\/li>\n    <\/ul>\n            <span class=\"price\">Ab 106\u20ac \/ Nacht<\/span>\n                <a itemprop=\"url\" class=\"anchor\" href=\"https:\/\/www.vacalia.com\/de\/ferienhaus-torres-sureda-ciutadella-h24990\" aria-label=\"Torres sureda\"><\/a>\n<\/div><\/div>\n\n\n\n<h2 class=\"wp-block-heading has-medium-font-size\"><strong>Leuchtturm von Cavalleria (<strong><strong>Menorca<\/strong><\/strong>)<\/strong><\/h2>\n\n\n\n<p>Der Leuchtturm von Cavalleria befindet sich am n\u00f6rdlichsten Punkt Menorcas und ist mit dem Auto \u00fcber eine schmale Stra\u00dfe erreichbar. Obwohl es in der N\u00e4he einen Parkplatz gibt, ist auf den \u00fcber 40 Meter hohen Klippen Vorsicht geboten, vor allem bei Nacht. <\/p>\n\n\n\n<p>In der N\u00e4he des Leuchtturms gibt es eine kleine H\u00f6hle, von der aus man einen spektakul\u00e4ren Blick auf die Illa des Porros genie\u00dfen kann. Es gibt zwar die Tradition, dem Meer zugewandte Steinhaufen zu errichten, um sich die R\u00fcckkehr nach Menorca zu w\u00fcnschen, doch ist dies der Umwelt abtr\u00e4glich und sollte vermieden werden. Au\u00dferdem verf\u00fcgt der Leuchtturm \u00fcber eine Bar, in der man bei einem Drink den Sonnenuntergang \u00fcber den Klippen beobachten kann.<\/p>\n\n\n<div class=\"wp-block-image\">\n<figure class=\"aligncenter size-full\"><img loading=\"lazy\" decoding=\"async\" width=\"670\" height=\"300\" src=\"https:\/\/www.vacalia.com\/blog\/wp-content\/uploads\/2024\/05\/Faro-de-Caballeira1.jpg\" alt=\"Leuchtturm von Cavalleria (Menorca)\" class=\"wp-image-5243\" srcset=\"https:\/\/www.vacalia.com\/blog\/wp-content\/uploads\/2024\/05\/Faro-de-Caballeira1.jpg 670w, https:\/\/www.vacalia.com\/blog\/wp-content\/uploads\/2024\/05\/Faro-de-Caballeira1-300x134.jpg 300w\" sizes=\"(max-width: 767px) 100vw, 670px\" \/><figcaption class=\"wp-element-caption\"><em>Leuchtturm von Cavalleria (Menorca)<\/em><\/figcaption><\/figure><\/div>\n\n\n<h2 class=\"wp-block-heading has-medium-font-size\"><strong>Leuchtturm von La Mola (Formentera)<\/strong><\/h2>\n\n\n\n<p>Der Leuchtturm befindet sich am Rande einer Klippe 120 Meter \u00fcber dem Meeresspiegel und ist einer der spektakul\u00e4rsten Orte auf der Insel. Seit 2019 beherbergt der Leuchtturm einen kulturellen Raum zur Verbreitung des maritimen Erbes Formenteras mit Ausstellungen und Veranstaltungen. Neben dem Leuchtturm befindet sich ein Monolith zu Ehren von Jules Verne. In diesem Bereich findet man eine gro\u00dfe Anzahl von Eidechsen, ein Symbol der Insel Formentera und eine gesch\u00fctzte Art.<\/p>\n\n\n<div class=\"wp-block-image\">\n<figure class=\"aligncenter size-full\"><img loading=\"lazy\" decoding=\"async\" width=\"670\" height=\"300\" src=\"https:\/\/www.vacalia.com\/blog\/wp-content\/uploads\/2024\/05\/Faro-de-la-Mola1.jpg\" alt=\"Leuchtturm von La Mola (Formentera)\" class=\"wp-image-5249\" srcset=\"https:\/\/www.vacalia.com\/blog\/wp-content\/uploads\/2024\/05\/Faro-de-la-Mola1.jpg 670w, https:\/\/www.vacalia.com\/blog\/wp-content\/uploads\/2024\/05\/Faro-de-la-Mola1-300x134.jpg 300w\" sizes=\"(max-width: 767px) 100vw, 670px\" \/><figcaption class=\"wp-element-caption\"><em>Leuchtturm von La Mola (Formentera)<\/em><\/figcaption><\/figure><\/div>\n\n\n<h2 class=\"wp-block-heading has-medium-font-size\"><strong>Leuchtturm von Moscarter (<strong><a href=\"https:\/\/www.vacalia.com\/de\/ibiza-urlaub\" target=\"_blank\" rel=\"noreferrer noopener\">Ibiza<\/a><\/strong>)<\/strong><\/h2>\n\n\n\n<p>Im Norden der Insel Ibiza steht dieser majest\u00e4tische Leuchtturm, der den Titel des h\u00f6chsten Turms der gesamten Baleareninsel tr\u00e4gt. Der 1978 fertig gestellte Leuchtturm ragt 41 Meter \u00fcber dem Meeresspiegel auf. Um diesen symboltr\u00e4chtigen Leuchtturm zu entdecken, muss man einen 20-min\u00fctigen Spaziergang entlang der Nordk\u00fcste der Insel unternehmen, der am reizvollen Strand von Es Portixol de Portinatx beginnt. Die Kombination aus seiner imposanten H\u00f6he, seiner einzigartigen \u00c4sthetik und seiner Zug\u00e4nglichkeit machen den Leuchtturm von Moscarter zu einem ganz besonderen Ziel auf den Balearen.<\/p>\n\n\n<div class=\"wp-block-image\">\n<figure class=\"aligncenter size-full\"><img loading=\"lazy\" decoding=\"async\" width=\"670\" height=\"300\" src=\"https:\/\/www.vacalia.com\/blog\/wp-content\/uploads\/2024\/05\/Faro-de-Moscarter1.jpg\" alt=\"Leuchtturm von Moscarter (Ibiza)\" class=\"wp-image-5251\" srcset=\"https:\/\/www.vacalia.com\/blog\/wp-content\/uploads\/2024\/05\/Faro-de-Moscarter1.jpg 670w, https:\/\/www.vacalia.com\/blog\/wp-content\/uploads\/2024\/05\/Faro-de-Moscarter1-300x134.jpg 300w\" sizes=\"(max-width: 767px) 100vw, 670px\" \/><figcaption class=\"wp-element-caption\"><em>Leuchtturm von Moscarter (Ibiza)<\/em><\/figcaption><\/figure><\/div>\n\n<div class=\"bannerBlog\"><div class=\"new-card-houses\">\n    <div class=\"likeOut likeDivOut\" style=\"display:none\">\n        <a data-id=\"4177\" class=\"likeOut_button_red likeBtnFav\"\n            aria-label=\"Megusta Vacalia\"><\/a>\n    <\/div>\n    <figure>\n        <img loading=\"lazy\" decoding=\"async\" \n            loading=\"lazy\" width=\"301\" height=\"200\"\n            src=\"\/\/media.vacalia.com\/photo\/reformatwebpfolder\/350\/200\/4177\/thumb-middle\/4177_d6233c9bd6a7cac9a6e99c493e8324ad.webp?v=21092023\"\n            alt=\"Can savasana - Ferienhaus auf Sant Antoni de Portmany\"\/>\n                                                                    <\/figure>\n    <p itemprop=\"address\"><i class=\"ico-marker\"><\/i>Sant Antoni de Portmany, Ibiza<\/p>\n    <h3 itemprop=\"name\">Can savasana<\/h3>\n    <ul class=\"icon_list inline_list\">\n                              <li class=\"ico-pool\" title=\"Pool\">\n              <span itemprop=\"amenityFeature\">Pool<\/span>\n            <\/li>\n                      <li class=\"ico-airConditioning\" title=\"Klimaanlage\">\n              <span itemprop=\"amenityFeature\">Klimaanlage<\/span>\n            <\/li>\n                      <li class=\"ico-wifi\" title=\"Wifi\">\n              <span itemprop=\"amenityFeature\">Wifi<\/span>\n            <\/li>\n                      <li class=\"ico-views\" title=\"Ausblick\">\n              <span itemprop=\"amenityFeature\">Ausblick<\/span>\n            <\/li>\n                      <li class=\"ico-pets\" title=\"Haustiere\">\n              <span itemprop=\"amenityFeature\">Haustiere<\/span>\n            <\/li>\n                          <li class=\"ico-guests\" title=\"F\u00fcr 10 G\u00e4ste in Sant Antoni De Portmany.\">\n          <span itemprop=\"occupancy\">10<\/span>\n        <\/li>\n    <\/ul>\n            <span class=\"price\">Ab 1191\u20ac \/ Nacht<\/span>\n                <a itemprop=\"url\" class=\"anchor\" href=\"https:\/\/www.vacalia.com\/de\/villa-can-savasana-sant-antoni-de-portmany-h27266\" aria-label=\"Can savasana\"><\/a>\n<\/div><div class=\"new-card-houses\">\n    <div class=\"likeOut likeDivOut\" style=\"display:none\">\n        <a data-id=\"4089\" class=\"likeOut_button_red likeBtnFav\"\n            aria-label=\"Megusta Vacalia\"><\/a>\n    <\/div>\n    <figure>\n        <img loading=\"lazy\" decoding=\"async\" \n            loading=\"lazy\" width=\"301\" height=\"200\"\n            src=\"\/\/media.vacalia.com\/photo\/reformatwebpfolder\/350\/200\/4089\/thumb-middle\/4089_7eb5762abfbc8ed2327054d6069f1ae3.webp?v=21092023\"\n            alt=\"Can aria - Ferienhaus auf Santa Eul\u00e0ria des Riu\"\/>\n                                                                    <\/figure>\n    <p itemprop=\"address\"><i class=\"ico-marker\"><\/i>Santa Eul\u00e0ria des Riu, Ibiza<\/p>\n    <h3 itemprop=\"name\">Can aria<\/h3>\n    <ul class=\"icon_list inline_list\">\n                              <li class=\"ico-pool\" title=\"Pool\">\n              <span itemprop=\"amenityFeature\">Pool<\/span>\n            <\/li>\n                      <li class=\"ico-airConditioning\" title=\"Klimaanlage\">\n              <span itemprop=\"amenityFeature\">Klimaanlage<\/span>\n            <\/li>\n                      <li class=\"ico-wifi\" title=\"Wifi\">\n              <span itemprop=\"amenityFeature\">Wifi<\/span>\n            <\/li>\n                      <li class=\"ico-views\" title=\"Ausblick\">\n              <span itemprop=\"amenityFeature\">Ausblick<\/span>\n            <\/li>\n                          <li class=\"ico-guests\" title=\"F\u00fcr 8 G\u00e4ste in Santa Eul\u00e0ria Des Riu.\">\n          <span itemprop=\"occupancy\">8<\/span>\n        <\/li>\n    <\/ul>\n            <span class=\"price\">Ab 997\u20ac \/ Nacht<\/span>\n                <a itemprop=\"url\" class=\"anchor\" href=\"https:\/\/www.vacalia.com\/de\/villa-can-aria-santa-eularia-des-riu-h26210\" aria-label=\"Can aria\"><\/a>\n<\/div><\/div>\n\n\n\n<h2 class=\"wp-block-heading has-medium-font-size\"><strong>Leuchtturm von Portocolom (<strong><strong>Mallorca<\/strong><\/strong>)<\/strong><\/h2>\n\n\n\n<p>Der Leuchtturm von <a href=\"https:\/\/www.vacalia.com\/de\/portocolom-mallorca-p1320\" target=\"_blank\" rel=\"noreferrer noopener\">Portocolom<\/a> an der Punta de ses Crestes ist einer der sch\u00f6nsten und meistfotografierten Leuchtt\u00fcrme Mallorcas, wie die zahlreichen Bilder zeigen, die man auf Instagram findet. Sein markanter, schwarz-wei\u00df gestreifter Turm markiert die Einfahrt in den malerischen Naturhafen von Portocolom, den man auf der Insel unbedingt gesehen haben muss. Der von Emili Pou entworfene Leuchtturm wurde am 31. Dezember 1863 eingeweiht. Von seiner H\u00f6he von 25 Metern aus hat er im Laufe der Zeit zahlreiche historische Ereignisse miterlebt.<\/p>\n\n\n<div class=\"wp-block-image\">\n<figure class=\"aligncenter size-full\"><img loading=\"lazy\" decoding=\"async\" width=\"670\" height=\"300\" src=\"https:\/\/www.vacalia.com\/blog\/wp-content\/uploads\/2024\/05\/Faro-de-Portocolom1.jpg\" alt=\"Leuchtturm von Portocolom (Mallorca)\" class=\"wp-image-5252\" srcset=\"https:\/\/www.vacalia.com\/blog\/wp-content\/uploads\/2024\/05\/Faro-de-Portocolom1.jpg 670w, https:\/\/www.vacalia.com\/blog\/wp-content\/uploads\/2024\/05\/Faro-de-Portocolom1-300x134.jpg 300w\" sizes=\"(max-width: 767px) 100vw, 670px\" \/><figcaption class=\"wp-element-caption\"><em>Leuchtturm von Portocolom (Mallorca)<\/em><\/figcaption><\/figure><\/div>\n\n\n<h2 class=\"wp-block-heading has-medium-font-size\"><strong>Leuchtturm von Cap de Ses Salines (<strong><strong>Mallorca<\/strong><\/strong>)<\/strong><\/h2>\n\n\n\n<p>Der Leuchtturm Cap de Ses Salines befindet sich an der S\u00fcdspitze Mallorcas und hat die wichtige Aufgabe, den Kanal zu bewachen, der Mallorca von der Inselgruppe Cabrera trennt. Heute beherbergt der Leuchtturm die Einrichtungen des Mittelmeerinstituts f\u00fcr H\u00f6here Studien (IMEDEA), in denen Studien \u00fcber die mallorquinische K\u00fcste durchgef\u00fchrt werden. <\/p>\n\n\n\n<p>Das Besondere an diesem Leuchtturm ist seine Abgeschiedenheit in einer abgelegenen Gegend Mallorcas, wo man in klaren N\u00e4chten dank der geringen Lichtverschmutzung in der Umgebung einen spektakul\u00e4ren Sternenhimmel genie\u00dfen kann.<\/p>\n\n\n<div class=\"wp-block-image\">\n<figure class=\"aligncenter size-full\"><img loading=\"lazy\" decoding=\"async\" width=\"670\" height=\"300\" src=\"https:\/\/www.vacalia.com\/blog\/wp-content\/uploads\/2024\/05\/Faro-del-Cap-de-Ses-Salines1.jpg\" alt=\"Leuchtturm von Cap de Ses Salines (Mallorca)\" class=\"wp-image-5250\" srcset=\"https:\/\/www.vacalia.com\/blog\/wp-content\/uploads\/2024\/05\/Faro-del-Cap-de-Ses-Salines1.jpg 670w, https:\/\/www.vacalia.com\/blog\/wp-content\/uploads\/2024\/05\/Faro-del-Cap-de-Ses-Salines1-300x134.jpg 300w\" sizes=\"(max-width: 767px) 100vw, 670px\" \/><figcaption class=\"wp-element-caption\"><em>Leuchtturm von Cap de Ses Salines (Mallorca)<\/em><\/figcaption><\/figure><\/div>\n\n\n<h2 class=\"wp-block-heading has-medium-font-size\"><strong>Leuchtturm von Cala Figuera (<strong><strong>Mallorca<\/strong><\/strong>)<\/strong><\/h2>\n\n\n\n<p>Dieser 1847 erbaute Leuchtturm befindet sich in Cala Figuera (<a href=\"https:\/\/www.vacalia.com\/de\/calvia-mallorca-p772\" target=\"_blank\" rel=\"noreferrer noopener\">Calvi\u00e0<\/a>) und bildet zusammen mit seiner Milit\u00e4rzone und seiner wundersch\u00f6nen Bucht einen einzigartigen Ort. Erw\u00e4hnenswert ist auch, dass er zwar einer der unbekanntesten Leuchtt\u00fcrme Mallorcas ist, da man ihn nur \u00fcber eine Wanderroute erreichen kann, die in Portals Vells beginnt, aber er steht den anderen in nichts nach. Seine privilegierte Lage macht dieses Bauwerk zu etwas Besonderem.<\/p>\n\n\n<div class=\"wp-block-image\">\n<figure class=\"aligncenter size-full\"><img loading=\"lazy\" decoding=\"async\" width=\"670\" height=\"300\" src=\"https:\/\/www.vacalia.com\/blog\/wp-content\/uploads\/2024\/05\/Faro-de-Cala-Figue1.jpg\" alt=\"Leuchtturm von Cala Figuera (Mallorca)\" class=\"wp-image-5244\" srcset=\"https:\/\/www.vacalia.com\/blog\/wp-content\/uploads\/2024\/05\/Faro-de-Cala-Figue1.jpg 670w, https:\/\/www.vacalia.com\/blog\/wp-content\/uploads\/2024\/05\/Faro-de-Cala-Figue1-300x134.jpg 300w\" sizes=\"(max-width: 767px) 100vw, 670px\" \/><figcaption class=\"wp-element-caption\"><em>Leuchtturm von Cala Figuera (Mallorca)<\/em><\/figcaption><\/figure><\/div>\n\n\n<p>Dies sind nur einige der vielen beeindruckenden Leuchtt\u00fcrme, die es auf den Balearen gibt. Jeder von ihnen bietet seine eigene einzigartige Sch\u00f6nheit und ein unvergessliches Erlebnis f\u00fcr diejenigen, die ihn besuchen. Worauf warten Sie also noch? Suchen Sie eine Unterkunft auf den Balearen und entdecken Sie die Magie der Leuchtt\u00fcrme f\u00fcr sich selbst.<\/p>\n\n\n<div class=\"bannerBlog\"><div class=\"new-card-houses\">\n    <div class=\"likeOut likeDivOut\" style=\"display:none\">\n        <a data-id=\"2977\" class=\"likeOut_button_red likeBtnFav\"\n            aria-label=\"Megusta Vacalia\"><\/a>\n    <\/div>\n    <figure>\n        <img loading=\"lazy\" decoding=\"async\" \n            loading=\"lazy\" width=\"301\" height=\"200\"\n            src=\"\/\/media.vacalia.com\/photo\/reformatwebpfolder\/350\/200\/2977\/thumb-middle\/2977_ebfe9063beeabea187153f9469496c87.webp?v=21092023\"\n            alt=\"Es moli d&#039;en sion - Ferienhaus auf Sa Pobla\"\/>\n                                                                        <div class=\"circleDiscount\">-11%<\/div>\n                        <\/figure>\n    <p itemprop=\"address\"><i class=\"ico-marker\"><\/i>Sa Pobla, Mallorca<\/p>\n    <h3 itemprop=\"name\">Es moli d&#039;en sion<\/h3>\n    <ul class=\"icon_list inline_list\">\n                              <li class=\"ico-pool\" title=\"Pool\">\n              <span itemprop=\"amenityFeature\">Pool<\/span>\n            <\/li>\n                      <li class=\"ico-airConditioning\" title=\"Klimaanlage\">\n              <span itemprop=\"amenityFeature\">Klimaanlage<\/span>\n            <\/li>\n                      <li class=\"ico-wifi\" title=\"Wifi\">\n              <span itemprop=\"amenityFeature\">Wifi<\/span>\n            <\/li>\n                          <li class=\"ico-guests\" title=\"F\u00fcr 10 G\u00e4ste in Sa Pobla.\">\n          <span itemprop=\"occupancy\">10<\/span>\n        <\/li>\n    <\/ul>\n            <span class=\"price\">Ab 277\u20ac \/ Nacht<\/span>\n                <a itemprop=\"url\" class=\"anchor\" href=\"https:\/\/www.vacalia.com\/de\/villa-es-moli-den-sion-sa-pobla-h20061\" aria-label=\"Es moli d&#039;en sion\"><\/a>\n<\/div><div class=\"new-card-houses\">\n    <div class=\"likeOut likeDivOut\" style=\"display:none\">\n        <a data-id=\"5599\" class=\"likeOut_button_red likeBtnFav\"\n            aria-label=\"Megusta Vacalia\"><\/a>\n    <\/div>\n    <figure>\n        <img loading=\"lazy\" decoding=\"async\" \n            loading=\"lazy\" width=\"301\" height=\"200\"\n            src=\"\/\/media.vacalia.com\/photo\/reformatwebpfolder\/350\/200\/5599\/thumb-middle\/5599_4062e572cf20d4862a39634fe61de54f.webp?v=21092023\"\n            alt=\"Punta llarga - Ferienhaus auf Col\u00f2nia de Sant Pere\"\/>\n                                                                        <div class=\"circleDiscount\">-15%<\/div>\n                        <\/figure>\n    <p itemprop=\"address\"><i class=\"ico-marker\"><\/i>Col\u00f2nia de Sant Pere, Mallorca<\/p>\n    <h3 itemprop=\"name\">Punta llarga<\/h3>\n    <ul class=\"icon_list inline_list\">\n                              <li class=\"ico-pool\" title=\"Pool\">\n              <span itemprop=\"amenityFeature\">Pool<\/span>\n            <\/li>\n                      <li class=\"ico-airConditioning\" title=\"Klimaanlage\">\n              <span itemprop=\"amenityFeature\">Klimaanlage<\/span>\n            <\/li>\n                      <li class=\"ico-wifi\" title=\"Wifi\">\n              <span itemprop=\"amenityFeature\">Wifi<\/span>\n            <\/li>\n                          <li class=\"ico-guests\" title=\"F\u00fcr 6 G\u00e4ste in Col\u00f2nia De Sant Pere.\">\n          <span itemprop=\"occupancy\">6<\/span>\n        <\/li>\n    <\/ul>\n            <span class=\"price\">Ab 145\u20ac \/ Nacht<\/span>\n                <a itemprop=\"url\" class=\"anchor\" href=\"https:\/\/www.vacalia.com\/de\/villa-punta-llarga-arta-h32026\" aria-label=\"Punta llarga\"><\/a>\n<\/div><\/div>\n","protected":false},"excerpt":{"rendered":"<p>Herzlich willkommen zu einem Rundgang durch die beeindruckenden Leuchtt\u00fcrme der Balearen. Diese Leuchtt\u00fcrme sind nicht nur Wegweiser f\u00fcr Seeleute und Fischer, sondern auch touristische und historische Sehensw\u00fcrdigkeiten, die sich in&hellip;<\/p>\n","protected":false},"author":1,"featured_media":5273,"comment_status":"closed","ping_status":"open","sticky":false,"template":"","format":"standard","meta":{"_monsterinsights_skip_tracking":false,"_monsterinsights_sitenote_active":false,"_monsterinsights_sitenote_note":"","_monsterinsights_sitenote_category":0,"footnotes":""},"categories":[1080,40,1098,1092],"tags":[],"class_list":["post-5263","post","type-post","status-publish","format-standard","has-post-thumbnail","hentry","category-andere-interessante-orte","category-allgemein","category-fuhrer","category-was-gibt-es-zu-sehen"],"_links":{"self":[{"href":"https:\/\/www.vacalia.com\/blog\/wp-json\/wp\/v2\/posts\/5263"}],"collection":[{"href":"https:\/\/www.vacalia.com\/blog\/wp-json\/wp\/v2\/posts"}],"about":[{"href":"https:\/\/www.vacalia.com\/blog\/wp-json\/wp\/v2\/types\/post"}],"author":[{"embeddable":true,"href":"https:\/\/www.vacalia.com\/blog\/wp-json\/wp\/v2\/users\/1"}],"replies":[{"embeddable":true,"href":"https:\/\/www.vacalia.com\/blog\/wp-json\/wp\/v2\/comments?post=5263"}],"version-history":[{"count":9,"href":"https:\/\/www.vacalia.com\/blog\/wp-json\/wp\/v2\/posts\/5263\/revisions"}],"predecessor-version":[{"id":7642,"href":"https:\/\/www.vacalia.com\/blog\/wp-json\/wp\/v2\/posts\/5263\/revisions\/7642"}],"wp:featuredmedia":[{"embeddable":true,"href":"https:\/\/www.vacalia.com\/blog\/wp-json\/wp\/v2\/media\/5273"}],"wp:attachment":[{"href":"https:\/\/www.vacalia.com\/blog\/wp-json\/wp\/v2\/media?parent=5263"}],"wp:term":[{"taxonomy":"category","embeddable":true,"href":"https:\/\/www.vacalia.com\/blog\/wp-json\/wp\/v2\/categories?post=5263"},{"taxonomy":"post_tag","embeddable":true,"href":"https:\/\/www.vacalia.com\/blog\/wp-json\/wp\/v2\/tags?post=5263"}],"curies":[{"name":"wp","href":"https:\/\/api.w.org\/{rel}","templated":true}]}}