{"id":5281,"date":"2024-05-17T15:42:05","date_gmt":"2024-05-17T13:42:05","guid":{"rendered":"https:\/\/www.vacalia.com\/blog\/?p=5281"},"modified":"2025-07-08T09:41:23","modified_gmt":"2025-07-08T07:41:23","slug":"explorando-benilloba-naturaleza-e-historia","status":"publish","type":"post","link":"https:\/\/www.vacalia.com\/blog\/es\/explorando-benilloba-naturaleza-e-historia\/","title":{"rendered":"Explorando Benilloba: Naturaleza e Historia"},"content":{"rendered":"\n<p>En esta ocasi\u00f3n os invitamos a disfrutar de una localidad hist\u00f3rica en la provincia de <a href=\"https:\/\/www.vacalia.com\/es\/alojamiento-vacacional-alicante\" target=\"_blank\" rel=\"noreferrer noopener\"><strong>Alicante <\/strong><\/a>que con el paso del tiempo ha sufrido una importante despoblaci\u00f3n.<\/p>\n\n\n\n<p>Hablamos de Benilloba, un municipio de menos de 1.000 habitantes muy recomendable para hacer una visita si os encontr\u00e1is alojados en Alicante o <a href=\"https:\/\/www.vacalia.com\/es\/alojamiento-vacacional-valencia\"><strong>Valencia<\/strong><\/a>.<\/p>\n\n\n<div class=\"wp-block-image\">\n<figure class=\"aligncenter size-full\"><img fetchpriority=\"high\" decoding=\"async\" width=\"670\" height=\"300\" src=\"https:\/\/www.vacalia.com\/blog\/wp-content\/uploads\/2024\/05\/vitar-Benilloba1.jpg\" alt=\"Benilloba, Alicante\" class=\"wp-image-5290\" srcset=\"https:\/\/www.vacalia.com\/blog\/wp-content\/uploads\/2024\/05\/vitar-Benilloba1.jpg 670w, https:\/\/www.vacalia.com\/blog\/wp-content\/uploads\/2024\/05\/vitar-Benilloba1-300x134.jpg 300w\" sizes=\"(max-width: 767px) 100vw, 670px\" \/><figcaption class=\"wp-element-caption\"><em>Benilloba, Alicante<\/em><\/figcaption><\/figure><\/div>\n\n\n<p>Sin duda, es una excursi\u00f3n muy interesante sobre todo si viaj\u00e1is con ni\u00f1os y quer\u00e9is cambiar el bullicio de las playas por la tranquilidad del interior.<\/p>\n\n\n\n<h2 class=\"wp-block-heading has-medium-font-size\"><strong>C\u00f3mo llegar a Benilloba<\/strong><\/h2>\n\n\n\n<p>Desde Valencia, el trayecto a Benilloba dura 1 hora y 20 minutos aproximadamente. Desde Alicante llegar\u00e1s en menos de 1 hora directamente por la carretera A-7.<\/p>\n\n\n\n<h2 class=\"wp-block-heading has-medium-font-size\"><strong>Explorando Benilloba<\/strong><\/h2>\n\n\n\n<p>Las calles de este pueblo alicantino reflejan muchos a\u00f1os de acontecimientos hist\u00f3ricos. El nombre de Benilloba proviene del \u00e1rabe Bani L\u00fabba, haciendo alusi\u00f3n a una tribu importante de la antigua Xarq al-Andalus, territorios de al-Andalus durante la \u00e9poca musulmana que a d\u00eda de hoy se expanden por Murcia, Valencia, Catalu\u00f1a e Islas Baleares.<\/p>\n\n\n\n<p>Ubicado en el margen derecho del r\u00edo Pen\u00e1guila, la parte m\u00e1s antigua del pueblo se encuentra alrededor de la calle Major, y la plaza de l\u2019Esgl\u00e9sia, donde podeis ver el ayuntamiento y la iglesia de Santa Mar\u00eda de Benillobal, construida en el siglo XVIII.<\/p>\n\n\n<div class=\"wp-block-image\">\n<figure class=\"aligncenter size-full\"><img decoding=\"async\" width=\"670\" height=\"300\" src=\"https:\/\/www.vacalia.com\/blog\/wp-content\/uploads\/2024\/05\/iglesia-parroquial-Benilloba1.jpg\" alt=\"Iglesia Parroquial, Benilloba\" class=\"wp-image-5285\" srcset=\"https:\/\/www.vacalia.com\/blog\/wp-content\/uploads\/2024\/05\/iglesia-parroquial-Benilloba1.jpg 670w, https:\/\/www.vacalia.com\/blog\/wp-content\/uploads\/2024\/05\/iglesia-parroquial-Benilloba1-300x134.jpg 300w\" sizes=\"(max-width: 767px) 100vw, 670px\" \/><figcaption class=\"wp-element-caption\"><em>Iglesia Parroquial, Benilloba<\/em><\/figcaption><\/figure><\/div>\n\n\n<p>Tambi\u00e9n llaman la atenci\u00f3n los Retablos de cer\u00e1mica (siglo&nbsp;XVIII). En las calles del pueblo se encuentran antiguos retablos de cer\u00e1mica con representaci\u00f3n de los santos que dan nombre a la calle.<\/p>\n\n\n\n<h2 class=\"wp-block-heading has-medium-font-size\"><strong>El Mol\u00ed del Salt, una ruta bonita y f\u00e1cil<\/strong><\/h2>\n\n\n\n<p>Si buscas un plan al aire libre con ni\u00f1os esta&nbsp;ruta en Alicante, de&nbsp;dificultad baja,&nbsp;es la adecuada.<br>La ruta es relativamente corta; dura unos 40 minutos, ida y vuelta, puedes recorrerla c\u00f3modamente sin preparaci\u00f3n f\u00edsica.<\/p>\n\n\n\n<p>Est\u00e1 dise\u00f1ada con una buena infraestructura que incluye escaleras y algunas barandillas, lo que la hace de baja dificultad y apta para toda la familia e incluso mascotas.<\/p>\n\n\n\n<p>A lo largo del camino, encontrareis se\u00f1ales bien ubicadas que aseguran que no os desvi\u00e9is de la ruta.<\/p>\n\n\n\n<p>Para llegar al Salt de Benilloba atravesar\u00e1s otros puntos realmente interesantes como la Fuente de la Teuleria, el Molino de les Penyes, otra antigua construcci\u00f3n de 1852 con mucho encanto, e incluso un bonito puente de piedra.<\/p>\n\n\n<div class=\"wp-block-image\">\n<figure class=\"aligncenter size-full\"><img decoding=\"async\" width=\"670\" height=\"300\" src=\"https:\/\/www.vacalia.com\/blog\/wp-content\/uploads\/2024\/05\/puente-de-piedra-Benilloba1.jpg\" alt=\"Puente de Piedra, Benilloba\" class=\"wp-image-5288\" srcset=\"https:\/\/www.vacalia.com\/blog\/wp-content\/uploads\/2024\/05\/puente-de-piedra-Benilloba1.jpg 670w, https:\/\/www.vacalia.com\/blog\/wp-content\/uploads\/2024\/05\/puente-de-piedra-Benilloba1-300x134.jpg 300w\" sizes=\"(max-width: 767px) 100vw, 670px\" \/><figcaption class=\"wp-element-caption\"><em>Puente de Piedra, Benilloba<\/em><\/figcaption><\/figure><\/div>\n\n\n<p>Para apreciar la cascada en todo su esplendor, te recomendamos visitarla durante la \u00e9poca de lluvias, cuando el agua fluye con mayor fuerza.<\/p>\n\n\n\n<p>La mejor opci\u00f3n para empezar la ruta es llegar en coche hasta el parking Els Molins, podr\u00e1s encontrarlo bien indicado en Maps. Se trata de un aparcamiento con bastantes plazas.<\/p>\n\n\n\n<p>Este mismo trayecto en coche puedes hacerlo caminando desde el pueblo en unos 15 minutos por la carretera.<\/p>\n\n\n\n<p>Una vez te encuentres en el parking Els Molins, ver\u00e1s un cartel informativo y atravesaras un camino con mesas de p\u00edcnic ideal para comer o descansar.<\/p>\n\n\n\n<p>Unos metros m\u00e1s adelante, cruzar\u00e1s por el antiguo puente de piedra con vistas al <strong>Mol\u00ed de les Penyes del Salt<\/strong>.<\/p>\n\n\n\n<p>Seguimos la ruta y tras dejar a la derecha un olivar, vemos las escaleras que nos llevan al molino.<\/p>\n\n\n\n<p>En este punto, justo antes de descender por las escaleras, encontrar\u00e1s un sendero m\u00e1s estrecho. Aunque menos accesible que el resto de la ruta, merece la pena seguirlo con precauci\u00f3n para obtener una vista m\u00e1s amplia del espectacular salto de agua desde la antigua acequia.<\/p>\n\n\n\n<p>Despu\u00e9s de descender las escaleras, contin\u00faa por el camino que te llevar\u00e1 hasta el antiguo molino harinero. Este molino fue convertido en una central hidroel\u00e9ctrica en 1889 para abastecer al pueblo y hoy en d\u00eda se encuentra en estado de ruina.<\/p>\n\n\n<div class=\"wp-block-image\">\n<figure class=\"aligncenter size-full\"><img loading=\"lazy\" decoding=\"async\" width=\"670\" height=\"300\" src=\"https:\/\/www.vacalia.com\/blog\/wp-content\/uploads\/2024\/05\/moli-de-salt-Benilloba1.jpg\" alt=\"Mol\u00ed de Salt, Benilloba\" class=\"wp-image-5286\" srcset=\"https:\/\/www.vacalia.com\/blog\/wp-content\/uploads\/2024\/05\/moli-de-salt-Benilloba1.jpg 670w, https:\/\/www.vacalia.com\/blog\/wp-content\/uploads\/2024\/05\/moli-de-salt-Benilloba1-300x134.jpg 300w\" sizes=\"(max-width: 767px) 100vw, 670px\" \/><figcaption class=\"wp-element-caption\"><em>Mol\u00ed de Salt, Benilloba<\/em><\/figcaption><\/figure><\/div>\n\n\n<p>Aunque no se puede acceder a \u00e9l debido a que est\u00e1 vallado, acercaros al r\u00edo para contemplar el impresionante <strong>Salt de Benilloba <\/strong>de aproximadamente 20 metros de altura.<\/p>\n\n\n\n<p>Este es el final de la ruta ya que tendremos que volver por el mismo camino hasta el parking.<\/p>\n\n\n<div class=\"wp-block-image\">\n<figure class=\"aligncenter size-full is-resized\"><img loading=\"lazy\" decoding=\"async\" width=\"670\" height=\"300\" src=\"https:\/\/www.vacalia.com\/blog\/wp-content\/uploads\/2024\/05\/Salt-de-Benilloba1.jpg\" alt=\"Salt de Benilloba\" class=\"wp-image-5289\" style=\"width:670px;height:300px\" srcset=\"https:\/\/www.vacalia.com\/blog\/wp-content\/uploads\/2024\/05\/Salt-de-Benilloba1.jpg 670w, https:\/\/www.vacalia.com\/blog\/wp-content\/uploads\/2024\/05\/Salt-de-Benilloba1-300x134.jpg 300w\" sizes=\"(max-width: 767px) 100vw, 670px\" \/><figcaption class=\"wp-element-caption\"><em>Salt de Benilloba<\/em><\/figcaption><\/figure><\/div>\n\n\n<h2 class=\"wp-block-heading has-medium-font-size\"><strong>Gastronom\u00eda y tradici\u00f3n: los sabores de Benilloba<\/strong><\/h2>\n\n\n\n<p>Los placeres culinarios de Benilloba son otro atractivo irresistible. Desde la deliciosa \u201cPericana\u201d (receta de pimientos y bacalao) hasta la reconfortante \u201cOlleta\u201d (guiso con legumbres y embutidos), la gastronom\u00eda local es muy atractiva y a la vez diferente a la de la costa. No os olvid\u00e9is de probar algunos de los productos locales en el mercado semanal de la ciudad.<\/p>\n\n\n\n<p>La vida festiva de Benilloba es muy intensa, en la localidad se celebran diversas fiestas que atrae muchas personas en la regi\u00f3n.<\/p>\n\n\n\n<p>Destaca el d\u00eda de San Vicente, que se celebra con un asado popular donde lo m\u00e1s importante es la experiencia de unir a todo el pueblo.<\/p>\n\n\n\n<p>Es tambi\u00e9n tradicional la exposici\u00f3n de los telares antiguos en el \u201cLlar del Jove\u201d, donde se puede ver el funcionamiento de estas m\u00e1quinas que han sido el motor econ\u00f3mico de Benilloba desde inicios del siglo XX.<\/p>\n\n\n\n<p>En agosto se celebran las fiestas mayores fusionando los actos eclesi\u00e1sticos que se dedican a su Patr\u00f3n con los impresionantes pasacalles de las fiestas de Moros y Cristianos celebrando las dos cosas a la vez.<\/p>\n\n\n<div class=\"wp-block-image\">\n<figure class=\"aligncenter size-full\"><img loading=\"lazy\" decoding=\"async\" width=\"670\" height=\"300\" src=\"https:\/\/www.vacalia.com\/blog\/wp-content\/uploads\/2024\/05\/moros-y-cristianos-Benilloba1.jpg\" alt=\"Moros y Cristianos, Benilloba\" class=\"wp-image-5287\" srcset=\"https:\/\/www.vacalia.com\/blog\/wp-content\/uploads\/2024\/05\/moros-y-cristianos-Benilloba1.jpg 670w, https:\/\/www.vacalia.com\/blog\/wp-content\/uploads\/2024\/05\/moros-y-cristianos-Benilloba1-300x134.jpg 300w\" sizes=\"(max-width: 767px) 100vw, 670px\" \/><figcaption class=\"wp-element-caption\"><em>Moros y Cristianos, Benilloba<\/em><\/figcaption><\/figure><\/div>\n\n\n<p>Otra celebraci\u00f3n que es muy interesante son las \u201cDanzas T\u00edpicas\u201d que se celebran en honor a la Madre de Dios en septiembre y que organizan los mayorales, los j\u00f3venes de 18 a\u00f1os, y que sacan a la calle trajes t\u00edpicos llenos de color y mucha alegr\u00eda al son de las dulzainas.<\/p>\n\n\n\n<p>\u00bfA qu\u00e9 est\u00e1is esperando? Escapad a Benilloba y conectad con la historia en un entorno de gran belleza. Si quer\u00e9is seguir descubriendo el interior de Alicante a pocos kil\u00f3metros se encuentra la localidad de Alcoy con un casco urbano muy interesante ya que est\u00e1 declarado Conjunto Hist\u00f3rico Art\u00edstico.<\/p>\n\n\n\n<p>Tambi\u00e9n se pueden realizar en la zona actividades como senderismo, escalada, paseos a caballo y otras actividades propias del turismo de aventura. \u00a1Venga no hay excusa!<\/p>\n\n\n\n<div class=\"wp-block-columns is-layout-flex wp-container-core-columns-is-layout-1 wp-block-columns-is-layout-flex\">\n<div class=\"wp-block-column is-layout-flow wp-block-column-is-layout-flow\"><div class=\"bannerBlog\"><div class=\"new-card-houses\">\n    <div class=\"likeOut likeDivOut\" style=\"display:none\">\n        <a data-id=\"3259\" class=\"likeOut_button_red likeBtnFav\"\n            aria-label=\"Megusta Vacalia\"><\/a>\n    <\/div>\n    <figure>\n        <img loading=\"lazy\" decoding=\"async\" \n            loading=\"lazy\" width=\"301\" height=\"200\"\n            src=\"\/\/media.vacalia.com\/photo\/reformatwebpfolder\/350\/200\/3259\/thumb-middle\/3259_c04f4bc50d7feb05cd12832d2286b9b6.webp?v=21092023\"\n            alt=\"Casa lea - Alquiler vacacional en Alcalal\u00ed\"\/>\n                                                                        <div class=\"circleDiscount\">-2%<\/div>\n                        <\/figure>\n    <p itemprop=\"address\"><i class=\"ico-marker\"><\/i>Alcalal\u00ed, Alicante<\/p>\n    <h3 itemprop=\"name\">Casa lea<\/h3>\n    <ul class=\"icon_list inline_list\">\n                              <li class=\"ico-pool\" title=\"Piscina\">\n              <span itemprop=\"amenityFeature\">Piscina<\/span>\n            <\/li>\n                      <li class=\"ico-airConditioning\" title=\"Aire Acondicionado\">\n              <span itemprop=\"amenityFeature\">Aire Acondicionado<\/span>\n            <\/li>\n                      <li class=\"ico-wifi\" title=\"Wifi\">\n              <span itemprop=\"amenityFeature\">Wifi<\/span>\n            <\/li>\n                      <li class=\"ico-pets\" title=\"Mascotas\">\n              <span itemprop=\"amenityFeature\">Mascotas<\/span>\n            <\/li>\n                          <li class=\"ico-guests\" title=\"Para 5 hu\u00e9spedes en Alcalal\u00ed.\">\n          <span itemprop=\"occupancy\">5<\/span>\n        <\/li>\n    <\/ul>\n            <span class=\"price\">Desde 209\u20ac \/ noche<\/span>\n                <a itemprop=\"url\" class=\"anchor\" href=\"https:\/\/www.vacalia.com\/es\/villa-casa-lea-alcalali-h23050\" aria-label=\"Casa lea\"><\/a>\n<\/div><\/div>\n<\/div>\n\n\n\n<div class=\"wp-block-column is-layout-flow wp-block-column-is-layout-flow\"><div class=\"bannerBlog\"><div class=\"new-card-houses\">\n    <div class=\"likeOut likeDivOut\" style=\"display:none\">\n        <a data-id=\"4799\" class=\"likeOut_button_red likeBtnFav\"\n            aria-label=\"Megusta Vacalia\"><\/a>\n    <\/div>\n    <figure>\n        <img loading=\"lazy\" decoding=\"async\" \n            loading=\"lazy\" width=\"301\" height=\"200\"\n            src=\"\/\/media.vacalia.com\/photo\/reformatwebpfolder\/350\/200\/4799\/thumb-middle\/4799_2e73861071ebacd7550b5a2865c32373.webp?v=21092023\"\n            alt=\"Cova de l&#039;aire - Alquiler vacacional en Barx\"\/>\n                                                                        <div class=\"circleDiscount\">-8%<\/div>\n                        <\/figure>\n    <p itemprop=\"address\"><i class=\"ico-marker\"><\/i>Barx, Valencia<\/p>\n    <h3 itemprop=\"name\">Cova de l&#039;aire<\/h3>\n    <ul class=\"icon_list inline_list\">\n                              <li class=\"ico-pool\" title=\"Piscina\">\n              <span itemprop=\"amenityFeature\">Piscina<\/span>\n            <\/li>\n                      <li class=\"ico-airConditioning\" title=\"Aire Acondicionado\">\n              <span itemprop=\"amenityFeature\">Aire Acondicionado<\/span>\n            <\/li>\n                      <li class=\"ico-wifi\" title=\"Wifi\">\n              <span itemprop=\"amenityFeature\">Wifi<\/span>\n            <\/li>\n                      <li class=\"ico-pets\" title=\"Mascotas\">\n              <span itemprop=\"amenityFeature\">Mascotas<\/span>\n            <\/li>\n                          <li class=\"ico-guests\" title=\"Para 6+2   hu\u00e9spedes en Barx.\">\n          <span itemprop=\"occupancy\">6+2  <\/span>\n        <\/li>\n    <\/ul>\n            <span class=\"price\">Desde 127\u20ac \/ noche<\/span>\n                <a itemprop=\"url\" class=\"anchor\" href=\"https:\/\/www.vacalia.com\/es\/villa-cova-de-laire-barx-h27527\" aria-label=\"Cova de l&#039;aire\"><\/a>\n<\/div><\/div>\n<\/div>\n<\/div>\n","protected":false},"excerpt":{"rendered":"<p>En esta ocasi\u00f3n os invitamos a disfrutar de una localidad hist\u00f3rica en la provincia de Alicante que con el paso del tiempo ha sufrido una importante despoblaci\u00f3n. Hablamos de Benilloba,&hellip;<\/p>\n","protected":false},"author":1,"featured_media":5286,"comment_status":"closed","ping_status":"open","sticky":false,"template":"","format":"standard","meta":{"_monsterinsights_skip_tracking":false,"_monsterinsights_sitenote_active":false,"_monsterinsights_sitenote_note":"","_monsterinsights_sitenote_category":0,"footnotes":""},"categories":[613,673,645,1,639],"tags":[],"class_list":["post-5281","post","type-post","status-publish","format-standard","has-post-thumbnail","hentry","category-alicante-es","category-que-ver-en-alicante","category-gastronomia-de-alicante","category-general-es","category-guias-de-alicante"],"_links":{"self":[{"href":"https:\/\/www.vacalia.com\/blog\/wp-json\/wp\/v2\/posts\/5281"}],"collection":[{"href":"https:\/\/www.vacalia.com\/blog\/wp-json\/wp\/v2\/posts"}],"about":[{"href":"https:\/\/www.vacalia.com\/blog\/wp-json\/wp\/v2\/types\/post"}],"author":[{"embeddable":true,"href":"https:\/\/www.vacalia.com\/blog\/wp-json\/wp\/v2\/users\/1"}],"replies":[{"embeddable":true,"href":"https:\/\/www.vacalia.com\/blog\/wp-json\/wp\/v2\/comments?post=5281"}],"version-history":[{"count":12,"href":"https:\/\/www.vacalia.com\/blog\/wp-json\/wp\/v2\/posts\/5281\/revisions"}],"predecessor-version":[{"id":7529,"href":"https:\/\/www.vacalia.com\/blog\/wp-json\/wp\/v2\/posts\/5281\/revisions\/7529"}],"wp:featuredmedia":[{"embeddable":true,"href":"https:\/\/www.vacalia.com\/blog\/wp-json\/wp\/v2\/media\/5286"}],"wp:attachment":[{"href":"https:\/\/www.vacalia.com\/blog\/wp-json\/wp\/v2\/media?parent=5281"}],"wp:term":[{"taxonomy":"category","embeddable":true,"href":"https:\/\/www.vacalia.com\/blog\/wp-json\/wp\/v2\/categories?post=5281"},{"taxonomy":"post_tag","embeddable":true,"href":"https:\/\/www.vacalia.com\/blog\/wp-json\/wp\/v2\/tags?post=5281"}],"curies":[{"name":"wp","href":"https:\/\/api.w.org\/{rel}","templated":true}]}}