{"id":5315,"date":"2024-05-27T11:37:41","date_gmt":"2024-05-27T09:37:41","guid":{"rendered":"https:\/\/www.vacalia.com\/blog\/?p=5315"},"modified":"2024-08-27T11:06:22","modified_gmt":"2024-08-27T09:06:22","slug":"explora-feria-manzanilla-sanlucar-barrameda","status":"publish","type":"post","link":"https:\/\/www.vacalia.com\/blog\/es\/explora-feria-manzanilla-sanlucar-barrameda\/","title":{"rendered":"Explora la Feria de la Manzanilla en Sanl\u00facar de Barrameda"},"content":{"rendered":"\n<p>La Feria de la Manzanilla de <a href=\"https:\/\/www.vacalia.com\/es\/sanlucar-de-barrameda-cadiz-p1423\" target=\"_blank\" rel=\"noreferrer noopener\"><strong>Sanl\u00facar de Barrameda<\/strong><\/a> es un evento destacado en la provincia de <strong><a href=\"https:\/\/www.vacalia.com\/es\/alojamiento-vacacional-cadiz\" target=\"_blank\" rel=\"noreferrer noopener\">C\u00e1diz<\/a> <\/strong>que se celebra en mayo o junio dependiendo del a\u00f1o, y que no pod\u00e9is perderos si sois amantes de la cultura y la fiesta andaluza.<\/p>\n\n\n<div class=\"wp-block-image\">\n<figure class=\"aligncenter size-full\"><img fetchpriority=\"high\" decoding=\"async\" width=\"670\" height=\"300\" src=\"https:\/\/www.vacalia.com\/blog\/wp-content\/uploads\/2024\/05\/panoramica-feria-de-la-manzanilla.jpg\" alt=\"Panor\u00e1mica Feria de la Manzanilla\" class=\"wp-image-5319\" srcset=\"https:\/\/www.vacalia.com\/blog\/wp-content\/uploads\/2024\/05\/panoramica-feria-de-la-manzanilla.jpg 670w, https:\/\/www.vacalia.com\/blog\/wp-content\/uploads\/2024\/05\/panoramica-feria-de-la-manzanilla-300x134.jpg 300w\" sizes=\"(max-width: 767px) 100vw, 670px\" \/><figcaption class=\"wp-element-caption\"><em>Panor\u00e1mica Feria de la Manzanilla<\/em><\/figcaption><\/figure><\/div>\n\n\n<h3 class=\"wp-block-heading\"><strong>Historia de la Feria<\/strong><\/h3>\n\n\n\n<p>La historia de la feria anual de Sanl\u00facar se remonta a 1295, cuando surgi\u00f3 como un evento orientado a la venta de ganado, con el prop\u00f3sito de fomentar la actividad econ\u00f3mica en la regi\u00f3n. Con el transcurso de los a\u00f1os, esta tradici\u00f3n se mantuvo vigente, y en 1616 adquiri\u00f3 un matiz religioso con celebraciones que ten\u00edan lugar cerca de iglesias en distintos puntos de la ciudad.&nbsp;<\/p>\n\n\n\n<p>Fue en 1972 cuando la feria experiment\u00f3 una evoluci\u00f3n significativa para convertirse en el evento que conocemos hoy en d\u00eda. En ese a\u00f1o, recibi\u00f3 oficialmente el nombre de Feria de la Manzanilla, y la Avenida Calzada Duquesa Isabel (tambi\u00e9n conocida como la Calzada) fue designada como el emplazamiento oficial para el desarrollo de la festividad, marcando as\u00ed un hito en su historia y consolidando su importancia en la cultura local.<\/p>\n\n\n<div class=\"wp-block-image\">\n<figure class=\"aligncenter size-full\"><img decoding=\"async\" width=\"670\" height=\"300\" src=\"https:\/\/www.vacalia.com\/blog\/wp-content\/uploads\/2024\/05\/carrozas-feria-de-la-manzanilla.jpg\" alt=\"Carrozas Feria de la Manzanilla\" class=\"wp-image-5323\" srcset=\"https:\/\/www.vacalia.com\/blog\/wp-content\/uploads\/2024\/05\/carrozas-feria-de-la-manzanilla.jpg 670w, https:\/\/www.vacalia.com\/blog\/wp-content\/uploads\/2024\/05\/carrozas-feria-de-la-manzanilla-300x134.jpg 300w\" sizes=\"(max-width: 767px) 100vw, 670px\" \/><figcaption class=\"wp-element-caption\"><em>Carrozas Feria de la Manzanilla<\/em><\/figcaption><\/figure><\/div>\n\n\n<h3 class=\"wp-block-heading\"><strong>Disfruta de la mejor gastronom\u00eda&nbsp;<\/strong><\/h3>\n\n\n\n<p>La Feria de la Manzanilla es tambi\u00e9n una celebraci\u00f3n de la rica gastronom\u00eda de la regi\u00f3n. Los visitantes tienen la oportunidad de saborear una amplia variedad de platos tradicionales, desde pescados y mariscos frescos hasta carnes a la brasa y dulces t\u00edpicos. Pero sin duda, el protagonista indiscutible de la feria es el vino manzanilla.<\/p>\n\n\n\n<h3 class=\"wp-block-heading\"><strong>\u00bfQu\u00e9 es la manzanilla?<\/strong><\/h3>\n\n\n\n<p>El vino manzanilla de Sanl\u00facar es un vino blanco seco y ligero que se produce en la regi\u00f3n.<\/p>\n\n\n\n<p>Este vino es muy especial y siempre es el protagonista de la Feria, se suele comprar en media botella en cualquier caseta.<\/p>\n\n\n\n<p>La manzanilla es un vino que solo se puede producir en esta regi\u00f3n de Espa\u00f1a debido a su tipo de uva y su clima que consiguen que el vino madure con unas caracter\u00edsticas diferentes. Este vino, solo se produce en bodegas de Sanl\u00facar de Barrameda.<\/p>\n\n\n\n<p>Durante la feria, las bodegas locales abren sus puertas para ofrecer catas y degustaciones, donde los visitantes pueden aprender sobre el proceso de elaboraci\u00f3n del vino y disfrutar de su exquisito sabor.<\/p>\n\n\n\n<h3 class=\"wp-block-heading\"><strong>\u00bfQu\u00e9 es el rebujito?<\/strong><\/h3>\n\n\n\n<p>En la feria de Sanl\u00facar ver\u00e1s a todo el mundo bebiendo manzanilla o rebujitos. No hay Feria de Andaluc\u00eda sin su tradicional&nbsp;rebujito, mezcla que se elabora con vino manzanilla o vino fino junto a gaseosa o refresco de lima, ideal para combatir las calurosas jornadas de la feria.<\/p>\n\n\n\n<h3 class=\"wp-block-heading\"><strong>\u00bfD\u00f3nde se celebra?<\/strong><\/h3>\n\n\n\n<p>El epicentro de la celebraci\u00f3n se encuentra en el Real, un espacio emblem\u00e1tico situado en la Calzada Duquesa Isabel y sus alrededores. Con el mar de fondo y las impresionantes vistas del Parque Nacional de Do\u00f1ana, este lugar ofrece un escenario incomparable para las festividades, donde se mezclan el ambiente del evento con la belleza natural de su entorno.<\/p>\n\n\n<div class=\"wp-block-image\">\n<figure class=\"aligncenter size-full\"><img decoding=\"async\" width=\"670\" height=\"300\" src=\"https:\/\/www.vacalia.com\/blog\/wp-content\/uploads\/2024\/05\/portada-feria-de-la-manzanilla.jpg\" alt=\"El Real de la Feria de la Manzanilla\" class=\"wp-image-5316\" srcset=\"https:\/\/www.vacalia.com\/blog\/wp-content\/uploads\/2024\/05\/portada-feria-de-la-manzanilla.jpg 670w, https:\/\/www.vacalia.com\/blog\/wp-content\/uploads\/2024\/05\/portada-feria-de-la-manzanilla-300x134.jpg 300w\" sizes=\"(max-width: 767px) 100vw, 670px\" \/><figcaption class=\"wp-element-caption\"><em>El Real de la Feria de la Manzanilla<\/em><\/figcaption><\/figure><\/div>\n\n\n<h3 class=\"wp-block-heading\"><strong>Inauguraci\u00f3n del Alumbrado<\/strong><\/h3>\n\n\n\n<p>El pistoletazo de inicio oficial lo dar\u00e1 el encendido del Alumbrado, se trata de uno de los momentos m\u00e1s emocionantes y m\u00e1gicos de \u00e9sta y cualquier otra feria de Andaluc\u00eda.<\/p>\n\n\n<div class=\"wp-block-image\">\n<figure class=\"aligncenter size-full\"><img loading=\"lazy\" decoding=\"async\" width=\"670\" height=\"300\" src=\"https:\/\/www.vacalia.com\/blog\/wp-content\/uploads\/2024\/05\/encendido-alumbrado-feria-de-la-manzanilla.jpg\" alt=\"Encendido del Alumbrado Feria de la Manzanilla\" class=\"wp-image-5317\" srcset=\"https:\/\/www.vacalia.com\/blog\/wp-content\/uploads\/2024\/05\/encendido-alumbrado-feria-de-la-manzanilla.jpg 670w, https:\/\/www.vacalia.com\/blog\/wp-content\/uploads\/2024\/05\/encendido-alumbrado-feria-de-la-manzanilla-300x134.jpg 300w\" sizes=\"(max-width: 767px) 100vw, 670px\" \/><figcaption class=\"wp-element-caption\"><em>Encendido del Alumbrado Feria de la Manzanilla<\/em><\/figcaption><\/figure><\/div>\n\n\n<p>El encendido del alumbrado, marca el comienzo oficial de las festividades. Cuando cae la noche, miles de farolillos iluminan el recinto, creando un espect\u00e1culo m\u00e1gico que deja a todos los asistentes maravillados.&nbsp;<\/p>\n\n\n<div class=\"wp-block-image\">\n<figure class=\"aligncenter size-full\"><img loading=\"lazy\" decoding=\"async\" width=\"670\" height=\"300\" src=\"https:\/\/www.vacalia.com\/blog\/wp-content\/uploads\/2024\/05\/farolillos-feria-de-la-manzanilla.jpg\" alt=\"Farolillos Feria de la Manzanilla\" class=\"wp-image-5322\" srcset=\"https:\/\/www.vacalia.com\/blog\/wp-content\/uploads\/2024\/05\/farolillos-feria-de-la-manzanilla.jpg 670w, https:\/\/www.vacalia.com\/blog\/wp-content\/uploads\/2024\/05\/farolillos-feria-de-la-manzanilla-300x134.jpg 300w\" sizes=\"(max-width: 767px) 100vw, 670px\" \/><figcaption class=\"wp-element-caption\"><em>Farolillos Feria de la Manzanilla<\/em><\/figcaption><\/figure><\/div>\n\n\n<h3 class=\"wp-block-heading\"><strong>Disfruta de en las Casetas Tradicionales<\/strong><\/h3>\n\n\n\n<p>Durante la feria habr\u00e1 numerosas&nbsp;casetas&nbsp;pintadas de colores alegres instaladas en la Calzada. Las casetas son estructuras temporales, similares a un peque\u00f1o bar donde la gente se re\u00fane para beber, comer y bailar. Normalmente una familia o un grupo de amigos patrocinan una caseta y venden comida y bebida a los visitantes. Las casetas de Sanl\u00facar son p\u00fablicas, a diferencia de la Feria de Sevilla que casi todas son privadas y no puedes entrar salvo que tengas invitaci\u00f3n. Al adentrarse en la feria, uno se encuentra inmediatamente envuelto en un ambiente de celebraci\u00f3n y bullicio.<\/p>\n\n\n\n<h3 class=\"wp-block-heading\"><strong>Actividades y Entretenimiento<\/strong><\/h3>\n\n\n\n<p>Adem\u00e1s de disfrutar de la comida y la bebida, la Feria de la Manzanilla ofrece una amplia gama de actividades y entretenimiento para todos los gustos. Desde atracciones para ni\u00f1os hasta exhibiciones ecuestres y conciertos en vivo, hay algo para todos en este evento tan especial. Los visitantes tambi\u00e9n tienen la oportunidad de explorar la ciudad de Sanl\u00facar de Barrameda y descubrir sus encantos, desde sus calles hasta monumentos hist\u00f3ricos.<\/p>\n\n\n<div class=\"wp-block-image\">\n<figure class=\"aligncenter size-full\"><img loading=\"lazy\" decoding=\"async\" width=\"670\" height=\"300\" src=\"https:\/\/www.vacalia.com\/blog\/wp-content\/uploads\/2024\/05\/atracciones-feria-de-la-manzanilla.jpg\" alt=\"Atracciones Feria de la Manzanilla\" class=\"wp-image-5318\" srcset=\"https:\/\/www.vacalia.com\/blog\/wp-content\/uploads\/2024\/05\/atracciones-feria-de-la-manzanilla.jpg 670w, https:\/\/www.vacalia.com\/blog\/wp-content\/uploads\/2024\/05\/atracciones-feria-de-la-manzanilla-300x134.jpg 300w\" sizes=\"(max-width: 767px) 100vw, 670px\" \/><figcaption class=\"wp-element-caption\"><em>Atracciones Feria de la Manzanilla<\/em><\/figcaption><\/figure><\/div>\n\n\n<h3 class=\"wp-block-heading\"><strong>Consejos para Disfrutar al M\u00e1ximo<\/strong><\/h3>\n\n\n\n<h6 class=\"wp-block-heading\">Para sacar el m\u00e1ximo provecho de vuestra experiencia en la Feria de la Manzanilla, aqu\u00ed ten\u00e9is algunos consejos pr\u00e1cticos:<\/h6>\n\n\n\n<ul class=\"wp-block-list\">\n<li><strong>Planifica con Anticipaci\u00f3n:<\/strong> Aseguraos de <a href=\"https:\/\/www.vacalia.com\/es\" target=\"_blank\" rel=\"noreferrer noopener\">reservar vuestro alojamiento<\/a> con suficiente antelaci\u00f3n, ya que el alquiler vacacional en <a href=\"https:\/\/www.vacalia.com\/es\/chipiona-cadiz-p1413\" target=\"_blank\" rel=\"noreferrer noopener\">Chipiona<\/a> y Sanl\u00facar de Barrameda tienden a llenarse r\u00e1pidamente durante la feria.<\/li>\n<\/ul>\n\n\n\n<ul class=\"wp-block-list\">\n<li><strong>Viste para la Ocasi\u00f3n:<\/strong> Si os apetece sumergiros en la cultura local, considerad vestir un traje de flamenca o de corto. Sin embargo, la vestimenta informal tambi\u00e9n es bienvenida, siempre y cuando est\u00e9is c\u00f3modos y listos para disfrutar.<\/li>\n<\/ul>\n\n\n<div class=\"wp-block-image\">\n<figure class=\"aligncenter size-full\"><img loading=\"lazy\" decoding=\"async\" width=\"670\" height=\"300\" src=\"https:\/\/www.vacalia.com\/blog\/wp-content\/uploads\/2024\/05\/vestido-sevillanas-feria-1.jpg\" alt=\"Trajes de flamenca\" class=\"wp-image-5321\" srcset=\"https:\/\/www.vacalia.com\/blog\/wp-content\/uploads\/2024\/05\/vestido-sevillanas-feria-1.jpg 670w, https:\/\/www.vacalia.com\/blog\/wp-content\/uploads\/2024\/05\/vestido-sevillanas-feria-1-300x134.jpg 300w\" sizes=\"(max-width: 767px) 100vw, 670px\" \/><figcaption class=\"wp-element-caption\"><em>Trajes de flamenca<\/em><\/figcaption><\/figure><\/div>\n\n\n<ul class=\"wp-block-list\">\n<li><strong>Explora la Ciudad:<\/strong> Tomaos un tiempo para explorar Sanl\u00facar de Barrameda y sus alrededores para descubrir todo lo que tiene que ofrecer. Desde su impresionante arquitectura hasta sus pintorescos rincones, hace que sea un lugar muy especial.<\/li>\n<\/ul>\n\n\n\n<ul class=\"wp-block-list\">\n<li><strong>Utiliza el Transporte P\u00fablico:<\/strong> Durante la feria, se ofrecen servicios de transporte p\u00fablico para facilitar el desplazamiento de los visitantes. Considerad utilizar estos servicios para evitar problemas de aparcamiento y disfrutar de una experiencia m\u00e1s relajada.<\/li>\n<\/ul>\n\n\n\n<p><\/p>\n\n\n\n<p>La Feria de la Manzanilla en Sanl\u00facar de Barrameda es mucho m\u00e1s que una simple celebraci\u00f3n, en comparaci\u00f3n con otras Ferias es muy peque\u00f1a, pero en eso reside su encanto. No hay lugar a dudas de que es muy bonita y c\u00f3moda, por lo que se disfruta igual o m\u00e1s. Por si fuera poco, es un evento muy seguro en el que no hay altercados y reina el ambiente familiar. Sin problemas para entrar en cualquiera de las casetas y con un clima envidiable se convierte en un atractivo muy importante cada a\u00f1o.<\/p>\n\n\n<div class=\"bannerBlog\"><div class=\"new-card-houses\">\n    <div class=\"likeOut likeDivOut\" style=\"display:none\">\n        <a data-id=\"4793\" class=\"likeOut_button_red likeBtnFav\"\n            aria-label=\"Megusta Vacalia\"><\/a>\n    <\/div>\n    <figure>\n        <img loading=\"lazy\" decoding=\"async\" \n            loading=\"lazy\" width=\"301\" height=\"200\"\n            src=\"\/\/media.vacalia.com\/photo\/reformatwebpfolder\/350\/200\/4793\/thumb-middle\/4793_9c393ac05c3939e5b9db5e4b2eb76b0f.webp?v=21092023\"\n            alt=\"La redondela - Alquiler vacacional en Chiclana de la Frontera\"\/>\n                                                                        <div class=\"circleDiscount\">-8%<\/div>\n                        <\/figure>\n    <p itemprop=\"address\"><i class=\"ico-marker\"><\/i>Chiclana de la Frontera, C\u00e1diz<\/p>\n    <h3 itemprop=\"name\">La redondela<\/h3>\n    <ul class=\"icon_list inline_list\">\n                              <li class=\"ico-pool\" title=\"Piscina\">\n              <span itemprop=\"amenityFeature\">Piscina<\/span>\n            <\/li>\n                      <li class=\"ico-airConditioning\" title=\"Aire Acondicionado\">\n              <span itemprop=\"amenityFeature\">Aire Acondicionado<\/span>\n            <\/li>\n                          <li class=\"ico-guests\" title=\"Para 7 hu\u00e9spedes en Chiclana De La Frontera.\">\n          <span itemprop=\"occupancy\">7<\/span>\n        <\/li>\n    <\/ul>\n            <span class=\"price\">Desde 103\u20ac \/ noche<\/span>\n                <a itemprop=\"url\" class=\"anchor\" href=\"https:\/\/www.vacalia.com\/es\/villa-la-redondela-chiclana-de-la-frontera-h27475\" aria-label=\"La redondela\"><\/a>\n<\/div><div class=\"new-card-houses\">\n    <div class=\"likeOut likeDivOut\" style=\"display:none\">\n        <a data-id=\"4700\" class=\"likeOut_button_red likeBtnFav\"\n            aria-label=\"Megusta Vacalia\"><\/a>\n    <\/div>\n    <figure>\n        <img loading=\"lazy\" decoding=\"async\" \n            loading=\"lazy\" width=\"301\" height=\"200\"\n            src=\"\/\/media.vacalia.com\/photo\/reformatwebpfolder\/350\/200\/4700\/thumb-middle\/4700_198fe9f04d291ed70a0f21d88976ee79.webp?v=21092023\"\n            alt=\"Carmen viejo - Alquiler vacacional en Sanl\u00facar de Barrameda\"\/>\n                                                                        <div class=\"circleDiscount\">-7%<\/div>\n                        <\/figure>\n    <p itemprop=\"address\"><i class=\"ico-marker\"><\/i>Sanl\u00facar de Barrameda, C\u00e1diz<\/p>\n    <h3 itemprop=\"name\">Carmen viejo<\/h3>\n    <ul class=\"icon_list inline_list\">\n                              <li class=\"ico-airConditioning\" title=\"Aire Acondicionado\">\n              <span itemprop=\"amenityFeature\">Aire Acondicionado<\/span>\n            <\/li>\n                      <li class=\"ico-wifi\" title=\"Wifi\">\n              <span itemprop=\"amenityFeature\">Wifi<\/span>\n            <\/li>\n                          <li class=\"ico-guests\" title=\"Para 6+2   hu\u00e9spedes en Sanl\u00facar De Barrameda.\">\n          <span itemprop=\"occupancy\">6+2  <\/span>\n        <\/li>\n    <\/ul>\n            <span class=\"price\">Desde 97\u20ac \/ noche<\/span>\n                <a itemprop=\"url\" class=\"anchor\" href=\"https:\/\/www.vacalia.com\/es\/apartamento-carmen-viejo-sanlucar-de-barrameda-h27295\" aria-label=\"Carmen viejo\"><\/a>\n<\/div><\/div>\n","protected":false},"excerpt":{"rendered":"<p>La Feria de la Manzanilla de Sanl\u00facar de Barrameda es un evento destacado en la provincia de C\u00e1diz que se celebra en mayo o junio dependiendo del a\u00f1o, y que&hellip;<\/p>\n","protected":false},"author":1,"featured_media":5319,"comment_status":"closed","ping_status":"open","sticky":false,"template":"","format":"standard","meta":{"_monsterinsights_skip_tracking":false,"_monsterinsights_sitenote_active":false,"_monsterinsights_sitenote_note":"","_monsterinsights_sitenote_category":0,"footnotes":""},"categories":[685,735,711,1],"tags":[],"class_list":["post-5315","post","type-post","status-publish","format-standard","has-post-thumbnail","hentry","category-cadiz-es","category-que-hacer-en-cadiz","category-fiestas-y-tradiciones-de-cadiz","category-general-es"],"_links":{"self":[{"href":"https:\/\/www.vacalia.com\/blog\/wp-json\/wp\/v2\/posts\/5315"}],"collection":[{"href":"https:\/\/www.vacalia.com\/blog\/wp-json\/wp\/v2\/posts"}],"about":[{"href":"https:\/\/www.vacalia.com\/blog\/wp-json\/wp\/v2\/types\/post"}],"author":[{"embeddable":true,"href":"https:\/\/www.vacalia.com\/blog\/wp-json\/wp\/v2\/users\/1"}],"replies":[{"embeddable":true,"href":"https:\/\/www.vacalia.com\/blog\/wp-json\/wp\/v2\/comments?post=5315"}],"version-history":[{"count":6,"href":"https:\/\/www.vacalia.com\/blog\/wp-json\/wp\/v2\/posts\/5315\/revisions"}],"predecessor-version":[{"id":6103,"href":"https:\/\/www.vacalia.com\/blog\/wp-json\/wp\/v2\/posts\/5315\/revisions\/6103"}],"wp:featuredmedia":[{"embeddable":true,"href":"https:\/\/www.vacalia.com\/blog\/wp-json\/wp\/v2\/media\/5319"}],"wp:attachment":[{"href":"https:\/\/www.vacalia.com\/blog\/wp-json\/wp\/v2\/media?parent=5315"}],"wp:term":[{"taxonomy":"category","embeddable":true,"href":"https:\/\/www.vacalia.com\/blog\/wp-json\/wp\/v2\/categories?post=5315"},{"taxonomy":"post_tag","embeddable":true,"href":"https:\/\/www.vacalia.com\/blog\/wp-json\/wp\/v2\/tags?post=5315"}],"curies":[{"name":"wp","href":"https:\/\/api.w.org\/{rel}","templated":true}]}}