{"id":5419,"date":"2024-06-21T12:49:07","date_gmt":"2024-06-21T10:49:07","guid":{"rendered":"https:\/\/www.vacalia.com\/blog\/?p=5419"},"modified":"2025-07-08T10:11:38","modified_gmt":"2025-07-08T08:11:38","slug":"entdecken-castellar-de-la-frontera","status":"publish","type":"post","link":"https:\/\/www.vacalia.com\/blog\/entdecken-castellar-de-la-frontera\/","title":{"rendered":"Entdecken Sie den einzigartigen Charme von Castellar de la Frontera in Andalusien."},"content":{"rendered":"\n<p>Im Herzen des Naturparks Alcornocales in der Provinz <a href=\"https:\/\/www.vacalia.com\/de\/cadiz-urlaub\" target=\"_blank\" rel=\"noreferrer noopener\"><strong>C\u00e1diz<\/strong><\/a> liegt Castellar de la Frontera, eines der sch\u00f6nsten D\u00f6rfer Spaniens, das sich durch seine mittelalterliche Architektur und seine reiche Geschichte und Kultur auszeichnet.&nbsp;<\/p>\n\n\n\n<p>Castellar de la Frontera besteht aus drei verschiedenen Siedlungskernen. Das erste ist das Pueblo Viejo de Castellar, die urspr\u00fcngliche Siedlung, die sich durch ihren historischen Charme auszeichnet. Das zweite ist das Pueblo Nuevo de Castellar, das 1971 gegr\u00fcndet wurde, um seinen Bewohnern eine modernere und komfortablere Infrastruktur zu bieten. Der dritte Ort ist La Almoraima, dessen Urspr\u00fcnge auf einen muslimischen Wachturm zur\u00fcckgehen, der noch erhalten ist.<\/p>\n\n\n\n<h2 class=\"wp-block-heading has-medium-font-size\"><strong>Eine Reise durch die Zeit<\/strong><\/h2>\n\n\n\n<p>Die Altstadt von Castellar de la Frontera, auch bekannt als Castellar Vieja, ist ein verstecktes Juwel in einer mittelalterlichen Festung. Ihre strategische Lage auf dem Gipfel eines Berges machte sie im Laufe der Geschichte zu einer idealen Enklave f\u00fcr verschiedene Kulturen. Die Struktur, die wir heute sehen, ist jedoch haupts\u00e4chlich das Werk der muslimischen Periode, der wichtigsten von allen. Diese Enklave spielte eine entscheidende Rolle in den Grenzkriegen zwischen Arabern und Christen bis zu ihrer Eroberung und Eingliederung in die christliche Krone im Jahr 1434. Wenn man die Puerta de la Villa durchquert, ist es, als w\u00fcrde man in eine andere Welt eintreten, in der die Vergangenheit in jedem Winkel lebendig wird.&nbsp;<\/p>\n\n\n\n<p>Weder Muslime noch Christen waren die ersten Bewohner dieses Ortes. Es gibt Hinweise darauf, dass er bereits in der Altsteinzeit bewohnt war, wie die zahlreichen H\u00f6hlenmalereien in der Umgebung belegen.<\/p>\n\n\n<div class=\"wp-block-image\">\n<figure class=\"aligncenter size-full\"><img fetchpriority=\"high\" decoding=\"async\" width=\"670\" height=\"300\" src=\"https:\/\/www.vacalia.com\/blog\/wp-content\/uploads\/2024\/06\/Castillo-de-Castellar-de-la-Frontera.jpg\" alt=\"Burg von Castellar de la Frontera\" class=\"wp-image-5410\" srcset=\"https:\/\/www.vacalia.com\/blog\/wp-content\/uploads\/2024\/06\/Castillo-de-Castellar-de-la-Frontera.jpg 670w, https:\/\/www.vacalia.com\/blog\/wp-content\/uploads\/2024\/06\/Castillo-de-Castellar-de-la-Frontera-300x134.jpg 300w\" sizes=\"(max-width: 767px) 100vw, 670px\" \/><figcaption class=\"wp-element-caption\"><em>Burg von Castellar de la Frontera<\/em><\/figcaption><\/figure><\/div>\n\n\n<p>Bei unserer Ankunft in Castellar beeindruckt uns als erstes die Burg aus dem 13. Jahrhundert. Diese Burg wurde strategisch als Grenzverteidigungspunkt zwischen christlichen und muslimischen K\u00f6nigreichen genutzt, und heute k\u00f6nnen wir eine Kombination aus arabischem und gotischem Stil bewundern.&nbsp;<\/p>\n\n\n\n<p>Obwohl die Festung im Laufe ihrer Geschichte viel Schaden genommen hat, ist sie heute restauriert worden. Ihre Verteidigungsstruktur aus T\u00fcrmen und Mauern ist ein lebendiges Zeugnis ihrer islamischen und christlichen Geschichte. Hervorzuheben sind der Patio de Armas, die Kirche des Divino Salvador, die heute ein Kulturzentrum ist, in dem Ausstellungen, Konzerte und andere Veranstaltungen stattfinden, der Torre del Homenaje und die Aljibe, ein wichtiges Bauwerk in Zeiten der Belagerung.<\/p>\n\n\n\n<p>Wenn wir das historische Viertel betreten, gehen wir durch gewundene, enge, gepflasterte Stra\u00dfen, die offensichtlich islamischen Ursprungs sind. Auf beiden Seiten finden wir kleine, wei\u00df get\u00fcnchte H\u00e4user mit bunten T\u00fcren und Balkonen. Die Stra\u00dfen und kleinen Pl\u00e4tze sind mit T\u00f6pfen voller Pflanzen, Blumen und Schlingpflanzen geschm\u00fcckt.&nbsp;<\/p>\n\n\n<div class=\"wp-block-image\">\n<figure class=\"aligncenter size-full\"><img decoding=\"async\" width=\"670\" height=\"300\" src=\"https:\/\/www.vacalia.com\/blog\/wp-content\/uploads\/2024\/06\/murallas-Castillo-de-Castellar-de-la-Frontera.jpg\" alt=\"Mauern der Burg Castellar de la Frontera\" class=\"wp-image-5415\" srcset=\"https:\/\/www.vacalia.com\/blog\/wp-content\/uploads\/2024\/06\/murallas-Castillo-de-Castellar-de-la-Frontera.jpg 670w, https:\/\/www.vacalia.com\/blog\/wp-content\/uploads\/2024\/06\/murallas-Castillo-de-Castellar-de-la-Frontera-300x134.jpg 300w\" sizes=\"(max-width: 767px) 100vw, 670px\" \/><figcaption class=\"wp-element-caption\"><em>Mauern der Burg Castellar de la Frontera<\/em><\/figcaption><\/figure><\/div>\n\n\n<p>In den 1970er Jahren zog Castellar Viejo eine Gemeinschaft europ\u00e4ischer Hippies an, die sich im Dorf niederlie\u00dfen und dessen Kultur unausl\u00f6schlich pr\u00e4gten. Heute sind die engen, wei\u00df get\u00fcnchten Gassen der Festung von Kunsthandwerks-, Musik- und Kunstl\u00e4den ges\u00e4umt, die ein direktes Erbe dieser Zeit darstellen.<\/p>\n\n\n\n<p>Obwohl man nicht lange braucht, um das gesamte von der alten Festung gesch\u00fctzte Gebiet zu umrunden, lohnt es sich, einen gem\u00fctlichen Spaziergang zu machen und an dem Aussichtspunkt Balc\u00f3n de los Amorosos anzuhalten. Am Ende einer kleinen Stra\u00dfe gelegen, bietet dieser Aussichtspunkt einen beneidenswerten Blick auf den Stausee von Guadarranque.<\/p>\n\n\n\n<h2 class=\"wp-block-heading has-medium-font-size\"><strong>La Almoraima: eine Oase der Natur und der Geschichte<\/strong><\/h2>\n\n\n\n<p>Au\u00dferhalb, zwischen Castellar Viejo und Nuevo Castellar, befand sich an diesem Ort urspr\u00fcnglich ein Wachturm muslimischen Ursprungs, der zu \u00dcberwachungszwecken auf einem H\u00fcgel errichtet wurde und von dem aus andere T\u00fcrme oder Burgen in der N\u00e4he auf m\u00f6gliche Gefahren aufmerksam gemacht wurden. W\u00e4hrend andere \u00e4hnliche T\u00fcrme im Laufe der Zeit zerfielen, wurde der Verfall dieses Turms gestoppt, als im 19. Jahrhundert neben ihm eine Kaserne der Guardia Civil errichtet wurde, die den Turm als Gef\u00e4ngnis nutzte. Besonders sehenswert sind die herrliche Aussicht auf das Gel\u00e4nde vom Turm aus, der Innenhof mit den \u00dcberresten eines Klosters und die Kapelle.<\/p>\n\n\n\n<p>Das nahe gelegene Kloster San Miguel de la Almoraima tr\u00e4gt seinen Namen nicht zuf\u00e4llig. Es wurde 1603 von der Gr\u00e4fin von Castellar f\u00fcr die Br\u00fcder der Barf\u00fc\u00dfigen Mercedarier gegr\u00fcndet und von ihnen bis zum 19. Jahrhundert bewohnt, als es in den Besitz des Herzogs von Medinaceli \u00fcberging, der es in ein Erholungs- und Jagdgebiet umwandelte. Das 14.000 Hektar gro\u00dfe Anwesen bietet eine Vielzahl von Outdoor-Aktivit\u00e4ten und ist bekannt f\u00fcr seine Wanderwege und die Beobachtung der Tierwelt. Besonders hervorzuheben ist der Monarchfalterpfad, ein 5,5 km langer Spaziergang, bei dem man die Natur in ihrer reinsten Form genie\u00dfen kann.<\/p>\n\n\n<div class=\"wp-block-image\">\n<figure class=\"aligncenter size-full\"><img decoding=\"async\" width=\"670\" height=\"300\" src=\"https:\/\/www.vacalia.com\/blog\/wp-content\/uploads\/2024\/06\/La-Almoraima.jpg\" alt=\"La Almoraima\" class=\"wp-image-5411\" srcset=\"https:\/\/www.vacalia.com\/blog\/wp-content\/uploads\/2024\/06\/La-Almoraima.jpg 670w, https:\/\/www.vacalia.com\/blog\/wp-content\/uploads\/2024\/06\/La-Almoraima-300x134.jpg 300w\" sizes=\"(max-width: 767px) 100vw, 670px\" \/><figcaption class=\"wp-element-caption\">La Almoraima<\/figcaption><\/figure><\/div>\n\n\n<h2 class=\"wp-block-heading has-medium-font-size\"><strong>Nuevo Castellar: Modernit\u00e4t und Komfort<\/strong><\/h2>\n\n\n\n<p>Etwa 9 Kilometer von der alten Festung entfernt liegt Nuevo Castellar, ein Dorf, das in den 1970er Jahren entstand, als die Bewohner beschlossen, an einen besser zug\u00e4nglichen Ort zu ziehen.&nbsp;<\/p>\n\n\n\n<p>Die Entwicklung des Pueblo Nuevo de Castellar de la Frontera und die anschlie\u00dfende Umsiedlung der Bev\u00f6lkerung wurden durch den Bau des Stausees in den 1960er Jahren erm\u00f6glicht.<\/p>\n\n\n<div class=\"wp-block-image\">\n<figure class=\"aligncenter size-full\"><img loading=\"lazy\" decoding=\"async\" width=\"670\" height=\"300\" src=\"https:\/\/www.vacalia.com\/blog\/wp-content\/uploads\/2024\/06\/nuevo-castellar.jpg\" alt=\"Nuevo Castellar\" class=\"wp-image-5412\" srcset=\"https:\/\/www.vacalia.com\/blog\/wp-content\/uploads\/2024\/06\/nuevo-castellar.jpg 670w, https:\/\/www.vacalia.com\/blog\/wp-content\/uploads\/2024\/06\/nuevo-castellar-300x134.jpg 300w\" sizes=\"(max-width: 767px) 100vw, 670px\" \/><figcaption class=\"wp-element-caption\">Nuevo Castellar<\/figcaption><\/figure><\/div>\n\n\n<p>Diese moderne Siedlung ist ger\u00e4umig und komfortabel, mit breiten Stra\u00dfen und zahlreichen Gr\u00fcnfl\u00e4chen, die einen starken Kontrast zur historischen Atmosph\u00e4re von Castellar Viejo bilden.<\/p>\n\n\n\n<p>W\u00e4hrend der authentische Charme in der Altstadt liegt, bietet die Neustadt auch modernere Elemente, die zu einem gem\u00fctlichen Bummel durch die Stra\u00dfen einladen.<\/p>\n\n\n\n<h2 class=\"wp-block-heading has-medium-font-size\"><strong>Gastronomie und Tradition in Castellar de la Frontera<\/strong><\/h2>\n\n\n\n<p>Das gastronomische Angebot von Castellar de la Frontera ist eine weitere gro\u00dfe Attraktion der Stadt. In den Bars und Restaurants kann man die traditionelle andalusische K\u00fcche genie\u00dfen, mit Wildspezialit\u00e4ten wie Rebhuhnpastete und Reis mit iberischer Beute, ein wahrer Genuss f\u00fcr die Sinne.<\/p>\n\n\n\n<p>Ein Besuch in Castellar de la Frontera ist ein Erlebnis, das Geschichte, Kultur und Natur auf einzigartige Weise verbindet. Seit 2020 geh\u00f6rt es zur Vereinigung der <a href=\"https:\/\/www.lospueblosmasbonitosdeespana.org\/en\/\" target=\"_blank\" rel=\"noopener\"><strong>Sch\u00f6nsten D\u00f6rfer Spaniens<\/strong><\/a>, einem Netzwerk aus Gemeinden mit weniger als 15.000 Einwohnern, die sehr anspruchsvolle Kriterien erf\u00fcllt haben, um diesem erlesenen Club anzugeh\u00f6ren.<\/p>\n\n\n\n<p>Bei <a href=\"https:\/\/www.vacalia.com\/de\" target=\"_blank\" rel=\"noreferrer noopener\"><strong>Vacalia<\/strong><\/a> haben wir viele Unterkunftsm\u00f6glichkeiten in der N\u00e4he dieses besonderen Ortes, z\u00f6gern Sie also nicht, ihn in Ihrem n\u00e4chsten Urlaub zu besuchen.<\/p>\n\n\n<div class=\"bannerBlog\"><div class=\"new-card-houses\">\n    <div class=\"likeOut likeDivOut\" style=\"display:none\">\n        <a data-id=\"4530\" class=\"likeOut_button_red likeBtnFav\"\n            aria-label=\"Megusta Vacalia\"><\/a>\n    <\/div>\n    <figure>\n        <img loading=\"lazy\" decoding=\"async\" \n            loading=\"lazy\" width=\"301\" height=\"200\"\n            src=\"\/\/media.vacalia.com\/photo\/reformatwebpfolder\/350\/200\/4530\/thumb-middle\/4530_3fca1f8c2b044c14e936e968587a27f1.webp?v=21092023\"\n            alt=\"Casa ocon - Ferienhaus auf Conil de la Frontera\"\/>\n                                                                        <div class=\"circleDiscount\">-5%<\/div>\n                        <\/figure>\n    <p itemprop=\"address\"><i class=\"ico-marker\"><\/i>Conil de la Frontera, C\u00e1diz<\/p>\n    <h3 itemprop=\"name\">Casa ocon<\/h3>\n    <ul class=\"icon_list inline_list\">\n                              <li class=\"ico-airConditioning\" title=\"Klimaanlage\">\n              <span itemprop=\"amenityFeature\">Klimaanlage<\/span>\n            <\/li>\n                      <li class=\"ico-wifi\" title=\"Wifi\">\n              <span itemprop=\"amenityFeature\">Wifi<\/span>\n            <\/li>\n                          <li class=\"ico-guests\" title=\"F\u00fcr 3+2   G\u00e4ste in Conil De La Frontera.\">\n          <span itemprop=\"occupancy\">3+2  <\/span>\n        <\/li>\n    <\/ul>\n            <span class=\"price\">Ab 87\u20ac \/ Nacht<\/span>\n                <a itemprop=\"url\" class=\"anchor\" href=\"https:\/\/www.vacalia.com\/de\/ferienhaus-casa-ocon-conil-de-la-frontera-h26654\" aria-label=\"Casa ocon\"><\/a>\n<\/div><div class=\"new-card-houses\">\n    <div class=\"likeOut likeDivOut\" style=\"display:none\">\n        <a data-id=\"3780\" class=\"likeOut_button_red likeBtnFav\"\n            aria-label=\"Megusta Vacalia\"><\/a>\n    <\/div>\n    <figure>\n        <img loading=\"lazy\" decoding=\"async\" \n            loading=\"lazy\" width=\"301\" height=\"200\"\n            src=\"\/\/media.vacalia.com\/photo\/reformatwebpfolder\/350\/200\/3780\/thumb-middle\/3780_785872df1c9c6412487b1a281018f9cc.webp?v=21092023\"\n            alt=\"Atico costa do\u00f1ana - Ferienhaus auf Sanl\u00facar de Barrameda\"\/>\n                                                                        <div class=\"circleDiscount\">-15%<\/div>\n                        <\/figure>\n    <p itemprop=\"address\"><i class=\"ico-marker\"><\/i>Sanl\u00facar de Barrameda, C\u00e1diz<\/p>\n    <h3 itemprop=\"name\">Atico costa do\u00f1ana<\/h3>\n    <ul class=\"icon_list inline_list\">\n                              <li class=\"ico-airConditioning\" title=\"Klimaanlage\">\n              <span itemprop=\"amenityFeature\">Klimaanlage<\/span>\n            <\/li>\n                      <li class=\"ico-wifi\" title=\"Wifi\">\n              <span itemprop=\"amenityFeature\">Wifi<\/span>\n            <\/li>\n                      <li class=\"ico-views\" title=\"Ausblick\">\n              <span itemprop=\"amenityFeature\">Ausblick<\/span>\n            <\/li>\n                          <li class=\"ico-guests\" title=\"F\u00fcr 4+2   G\u00e4ste in Sanl\u00facar De Barrameda.\">\n          <span itemprop=\"occupancy\">4+2  <\/span>\n        <\/li>\n    <\/ul>\n            <span class=\"price\">Ab 122\u20ac \/ Nacht<\/span>\n                <a itemprop=\"url\" class=\"anchor\" href=\"https:\/\/www.vacalia.com\/de\/apartment-atico-costa-donana-sanlucar-de-barrameda-h25022\" aria-label=\"Atico costa do\u00f1ana\"><\/a>\n<\/div><\/div>\n","protected":false},"excerpt":{"rendered":"<p>Im Herzen des Naturparks Alcornocales in der Provinz C\u00e1diz liegt Castellar de la Frontera, eines der sch\u00f6nsten D\u00f6rfer Spaniens, das sich durch seine mittelalterliche Architektur und seine reiche Geschichte und&hellip;<\/p>\n","protected":false},"author":1,"featured_media":5410,"comment_status":"closed","ping_status":"open","sticky":false,"template":"","format":"standard","meta":{"_monsterinsights_skip_tracking":false,"_monsterinsights_sitenote_active":false,"_monsterinsights_sitenote_note":"","_monsterinsights_sitenote_category":0,"footnotes":""},"categories":[689,40,709,745],"tags":[],"class_list":["post-5419","post","type-post","status-publish","format-standard","has-post-thumbnail","hentry","category-cadiz-de","category-allgemein","category-fremdenfuehrer-von-cadiz","category-was-kann-man-in-cadiz-sehen"],"_links":{"self":[{"href":"https:\/\/www.vacalia.com\/blog\/wp-json\/wp\/v2\/posts\/5419"}],"collection":[{"href":"https:\/\/www.vacalia.com\/blog\/wp-json\/wp\/v2\/posts"}],"about":[{"href":"https:\/\/www.vacalia.com\/blog\/wp-json\/wp\/v2\/types\/post"}],"author":[{"embeddable":true,"href":"https:\/\/www.vacalia.com\/blog\/wp-json\/wp\/v2\/users\/1"}],"replies":[{"embeddable":true,"href":"https:\/\/www.vacalia.com\/blog\/wp-json\/wp\/v2\/comments?post=5419"}],"version-history":[{"count":4,"href":"https:\/\/www.vacalia.com\/blog\/wp-json\/wp\/v2\/posts\/5419\/revisions"}],"predecessor-version":[{"id":7545,"href":"https:\/\/www.vacalia.com\/blog\/wp-json\/wp\/v2\/posts\/5419\/revisions\/7545"}],"wp:featuredmedia":[{"embeddable":true,"href":"https:\/\/www.vacalia.com\/blog\/wp-json\/wp\/v2\/media\/5410"}],"wp:attachment":[{"href":"https:\/\/www.vacalia.com\/blog\/wp-json\/wp\/v2\/media?parent=5419"}],"wp:term":[{"taxonomy":"category","embeddable":true,"href":"https:\/\/www.vacalia.com\/blog\/wp-json\/wp\/v2\/categories?post=5419"},{"taxonomy":"post_tag","embeddable":true,"href":"https:\/\/www.vacalia.com\/blog\/wp-json\/wp\/v2\/tags?post=5419"}],"curies":[{"name":"wp","href":"https:\/\/api.w.org\/{rel}","templated":true}]}}