{"id":5426,"date":"2024-06-28T12:23:26","date_gmt":"2024-06-28T10:23:26","guid":{"rendered":"https:\/\/www.vacalia.com\/blog\/?p=5426"},"modified":"2025-07-08T09:16:06","modified_gmt":"2025-07-08T07:16:06","slug":"fiesta-cap-de-bou-de-talapi-en-sa-pobla","status":"publish","type":"post","link":"https:\/\/www.vacalia.com\/blog\/es\/fiesta-cap-de-bou-de-talapi-en-sa-pobla\/","title":{"rendered":"La fiesta del Cap de Bou de Talapi en Sa Pobla"},"content":{"rendered":"\n<p>Un evento emblem\u00e1tico se celebra cada a\u00f1o en la localidad de <a href=\"https:\/\/www.vacalia.com\/es\/sa-pobla-mallorca-p1364\" target=\"_blank\" rel=\"noreferrer noopener\"><strong>sa Pobla<\/strong><\/a>, en la isla de <a href=\"https:\/\/www.vacalia.com\/es\/alojamiento-vacacional-mallorca\" target=\"_blank\" rel=\"noreferrer noopener\"><strong>Mallorca<\/strong><\/a>. Se trata de la Fiesta del Cap de Bou de Talapi una celebraci\u00f3n que se lleva a cabo cada mes de julio en el marco de las festividades de Santa Margalida y Sant Jaume. Esta festividad no solo es un homenaje a una pieza arqueol\u00f3gica de gran valor, sino tambi\u00e9n una representaci\u00f3n de las tradiciones y la identidad cultural de sa Pobla.<\/p>\n\n\n\n<h2 class=\"wp-block-heading has-medium-font-size\"><strong>Cap de Bou de Talapi&nbsp;<\/strong><\/h2>\n\n\n\n<p>El protagonista indiscutible de la fiesta es el \u201cCap de Bou de Talapi\u201d, una escultura antigua que ha sido objeto de admiraci\u00f3n y estudio a lo largo de los a\u00f1os. Esta escultura fue hallada por Josep Cervera Camps en una cueva de Talapi a mediados del siglo XX, es de bronce y mide 39 cm siendo una pieza de gran valor arqueol\u00f3gico. Data del siglo IV-II a.C. y representa la cabeza de un buey, asociada a la diosa Tanit. Es la pieza m\u00e1s antigua, original y representativa de la historia de sa Pobla y su cultura primigenia. Esta escultura, era un signo protector para la poblaci\u00f3n que representaba el poder necesario para conseguir comida, la fuerza para ir a la guerra, o la fertilidad para tener descendencia.&nbsp;<\/p>\n\n\n<div class=\"wp-block-image\">\n<figure class=\"aligncenter size-full\"><img fetchpriority=\"high\" decoding=\"async\" width=\"670\" height=\"300\" src=\"https:\/\/www.vacalia.com\/blog\/wp-content\/uploads\/2024\/06\/pregon-Cap-de-Bou.jpg\" alt=\"Preg\u00f3n del Cap de Bou de Talapi\" class=\"wp-image-5427\" srcset=\"https:\/\/www.vacalia.com\/blog\/wp-content\/uploads\/2024\/06\/pregon-Cap-de-Bou.jpg 670w, https:\/\/www.vacalia.com\/blog\/wp-content\/uploads\/2024\/06\/pregon-Cap-de-Bou-300x134.jpg 300w\" sizes=\"(max-width: 767px) 100vw, 670px\" \/><figcaption class=\"wp-element-caption\"><em>Preg\u00f3n del Cap de Bou de Talapi<\/em><\/figcaption><\/figure><\/div>\n\n\n<h2 class=\"wp-block-heading has-medium-font-size\"><strong>Or\u00edgenes de la fiesta<\/strong><\/h2>\n\n\n\n<p>La Fiesta del Cap de Bou de Talapi tiene sus ra\u00edces en una iniciativa impulsada por un grupo de j\u00f3venes activistas culturales de sa Pobla. En 2018, estos entusiastas decidieron crear un evento que destacara la importancia del Cap de Bou de Talapi, que representa un s\u00edmbolo significativo del patrimonio art\u00edstico y cultural de la regi\u00f3n. Desde entonces, la fiesta ha evolucionado y crecido, atrayendo a un gran n\u00famero de participantes y visitantes cada a\u00f1o. Un detalle que hace esta fiesta muy identificable es que todos los participantes deben vestir de amarillo, un color que llena de alegr\u00eda las calles.<\/p>\n\n\n\n<h2 class=\"wp-block-heading has-medium-font-size\"><strong>Actividades y celebraciones<\/strong><\/h2>\n\n\n\n<p>Durante la Fiesta del Cap de Bou de Talapi, la localidad de sa Pobla se llena de vida con una variedad de actividades l\u00fadicas y culturales. Los eventos programados est\u00e1n dise\u00f1ados para involucrar a personas de todas las edades y para resaltar la importancia del Cap de Bou de Talapi en la historia y la cultura local.&nbsp;<\/p>\n\n\n\n<p>La celebraci\u00f3n empieza por la ma\u00f1ana con una concentraci\u00f3n en bicicleta para ir a buscar el \u201cCap de Bou\u201d y su posterior traslado hasta el pueblo, siempre acompa\u00f1ado de muchos ni\u00f1os que participan en este recorrido.<\/p>\n\n\n<div class=\"wp-block-image\">\n<figure class=\"aligncenter size-full\"><img decoding=\"async\" width=\"670\" height=\"300\" src=\"https:\/\/www.vacalia.com\/blog\/wp-content\/uploads\/2024\/06\/bicicletas-Cap-de-Bou.jpg\" alt=\"Concentraci\u00f3n en bicicleta\" class=\"wp-image-5429\" srcset=\"https:\/\/www.vacalia.com\/blog\/wp-content\/uploads\/2024\/06\/bicicletas-Cap-de-Bou.jpg 670w, https:\/\/www.vacalia.com\/blog\/wp-content\/uploads\/2024\/06\/bicicletas-Cap-de-Bou-300x134.jpg 300w\" sizes=\"(max-width: 767px) 100vw, 670px\" \/><figcaption class=\"wp-element-caption\"><em>Concentraci\u00f3n en bicicleta<\/em><\/figcaption><\/figure><\/div>\n\n\n<p>A continuaci\u00f3n, tiene lugar el preg\u00f3n de la fiesta que da el pistoletazo de salida a la celebraci\u00f3n que arranca con una gran batucada.&nbsp;<\/p>\n\n\n\n<p>La fiesta sigue con un pasacalles que recorre las calles de sa Pobla. En este desfile, los participantes llevan r\u00e9plicas del Cap de Bou de Talapi, mientras bandas de m\u00fasica local amenizan el recorrido. Este evento re\u00fane a la poblaci\u00f3n de sa Pobla en un ambiente de alegr\u00eda y celebraci\u00f3n.<\/p>\n\n\n<div class=\"wp-block-image\">\n<figure class=\"aligncenter size-full\"><img decoding=\"async\" width=\"670\" height=\"300\" src=\"https:\/\/www.vacalia.com\/blog\/wp-content\/uploads\/2024\/06\/desfile-Cap-de-Bou.jpg\" alt=\"Pasacalles Cap de Bou de Talapi\" class=\"wp-image-5428\" srcset=\"https:\/\/www.vacalia.com\/blog\/wp-content\/uploads\/2024\/06\/desfile-Cap-de-Bou.jpg 670w, https:\/\/www.vacalia.com\/blog\/wp-content\/uploads\/2024\/06\/desfile-Cap-de-Bou-300x134.jpg 300w\" sizes=\"(max-width: 767px) 100vw, 670px\" \/><figcaption class=\"wp-element-caption\"><em>Pasacalles Cap de Bou de Talapi<\/em><\/figcaption><\/figure><\/div>\n\n\n<h2 class=\"wp-block-heading has-medium-font-size\"><strong>Exposiciones y conferencias<\/strong><\/h2>\n\n\n\n<p>Uno de los aspectos m\u00e1s educativos de la fiesta son las exposiciones y conferencias que se organizan para dar a conocer la historia y el valor del Cap de Bou de Talapi. Expertos en arqueolog\u00eda y cultura local presentan sus investigaciones y hallazgos, ofreciendo a los asistentes una visi\u00f3n profunda de la importancia de esta pieza.<\/p>\n\n\n\n<h2 class=\"wp-block-heading has-medium-font-size\"><strong>Talleres y actividades para ni\u00f1os<\/strong><\/h2>\n\n\n\n<p>Para los m\u00e1s peque\u00f1os, la fiesta ofrece una serie de talleres y actividades dise\u00f1adas para educar y entretener. Los ni\u00f1os pueden participar en talleres de manualidades donde aprenden a crear sus propias r\u00e9plicas del Cap de Bou de Talapi, as\u00ed como en juegos y competiciones que fomentan el trabajo en equipo y el conocimiento de la historia local. Estas actividades no solo son divertidas, sino que tambi\u00e9n ayudan a inculcar un sentido de orgullo y pertenencia en las nuevas generaciones.<\/p>\n\n\n\n<h2 class=\"wp-block-heading has-medium-font-size\"><strong>Gastronom\u00eda local<\/strong><\/h2>\n\n\n\n<p>La gastronom\u00eda juega un papel central en la Fiesta Cap de Bou de Talapi. Los visitantes pueden disfrutar de una amplia variedad de platos t\u00edpicos de la localidad, preparados con ingredientes locales y siguiendo recetas tradicionales. La comida es una parte esencial de la celebraci\u00f3n y un reflejo de la rica herencia culinaria de sa Pobla.<\/p>\n\n\n\n<h2 class=\"wp-block-heading has-medium-font-size\"><strong>Importancia cultural y social<\/strong><\/h2>\n\n\n\n<p>La Fiesta del Cap de Bou de Talapi no es solo una celebraci\u00f3n de una pieza arqueol\u00f3gica; es una manifestaci\u00f3n de la identidad cultural de sa Pobla. Este evento anual proporciona una plataforma para que la comunidad local celebre su historia, sus tradiciones y su arte. Adem\u00e1s, la fiesta fomenta el turismo cultural, atrayendo a visitantes de otras partes de Mallorca y m\u00e1s all\u00e1, lo que contribuye al desarrollo econ\u00f3mico y social de la localidad.<\/p>\n\n\n<div class=\"wp-block-image\">\n<figure class=\"aligncenter size-full\"><img loading=\"lazy\" decoding=\"async\" width=\"670\" height=\"300\" src=\"https:\/\/www.vacalia.com\/blog\/wp-content\/uploads\/2024\/06\/fiesta-Cap-de-Bou.jpg\" alt=\"Fiesta del Cap de Bou de Talapi\" class=\"wp-image-5430\" srcset=\"https:\/\/www.vacalia.com\/blog\/wp-content\/uploads\/2024\/06\/fiesta-Cap-de-Bou.jpg 670w, https:\/\/www.vacalia.com\/blog\/wp-content\/uploads\/2024\/06\/fiesta-Cap-de-Bou-300x134.jpg 300w\" sizes=\"(max-width: 767px) 100vw, 670px\" \/><figcaption class=\"wp-element-caption\"><em>Fiesta del Cap de Bou de Talapi<\/em><\/figcaption><\/figure><\/div>\n\n\n<p>La Fiesta del Cap de Bou de Talapi es mucho m\u00e1s que un simple evento; es una celebraci\u00f3n de la herencia cultural y el esp\u00edritu comunitario de sa Pobla. Desde su inicio, esta festividad ha crecido y evolucionado, manteniendo viva la historia y las tradiciones. A trav\u00e9s de desfiles, exposiciones, talleres y celebraciones, la comunidad de sa Pobla rinde homenaje al Cap de Bou de Talapi y se une en un acto de orgullo y pertenencia que trasciende generaciones. Desde <a href=\"https:\/\/www.vacalia.com\/es\" target=\"_blank\" rel=\"noreferrer noopener\"><strong>Vacalia<\/strong><\/a> te ayudamos a encontrar el mejor alojamiento cerca de sa Pobla o en cualquier lugar de Mallorca.<\/p>\n\n\n<div class=\"bannerBlog\"><div class=\"new-card-houses\">\n    <div class=\"likeOut likeDivOut\" style=\"display:none\">\n        <a data-id=\"3528\" class=\"likeOut_button_red likeBtnFav\"\n            aria-label=\"Megusta Vacalia\"><\/a>\n    <\/div>\n    <figure>\n        <img loading=\"lazy\" decoding=\"async\" \n            loading=\"lazy\" width=\"301\" height=\"200\"\n            src=\"\/\/media.vacalia.com\/photo\/reformatwebpfolder\/350\/200\/3528\/thumb-middle\/3528_294c7dd9d65858dfece78f6acc529f89.webp?v=21092023\"\n            alt=\"Son gallina - Alquiler vacacional en Sa Pobla\"\/>\n                                                                        <div class=\"circleDiscount\">-29%<\/div>\n                        <\/figure>\n    <p itemprop=\"address\"><i class=\"ico-marker\"><\/i>Sa Pobla, Mallorca<\/p>\n    <h3 itemprop=\"name\">Son gallina<\/h3>\n    <ul class=\"icon_list inline_list\">\n                              <li class=\"ico-pool\" title=\"Piscina\">\n              <span itemprop=\"amenityFeature\">Piscina<\/span>\n            <\/li>\n                      <li class=\"ico-airConditioning\" title=\"Aire Acondicionado\">\n              <span itemprop=\"amenityFeature\">Aire Acondicionado<\/span>\n            <\/li>\n                      <li class=\"ico-wifi\" title=\"Wifi\">\n              <span itemprop=\"amenityFeature\">Wifi<\/span>\n            <\/li>\n                      <li class=\"ico-pets\" title=\"Mascotas\">\n              <span itemprop=\"amenityFeature\">Mascotas<\/span>\n            <\/li>\n                          <li class=\"ico-guests\" title=\"Para 6 hu\u00e9spedes en Sa Pobla.\">\n          <span itemprop=\"occupancy\">6<\/span>\n        <\/li>\n    <\/ul>\n            <span class=\"price\">Desde 146\u20ac \/ noche<\/span>\n                <a itemprop=\"url\" class=\"anchor\" href=\"https:\/\/www.vacalia.com\/es\/villa-son-gallina-sa-pobla-h24057\" aria-label=\"Son gallina\"><\/a>\n<\/div><div class=\"new-card-houses\">\n    <div class=\"likeOut likeDivOut\" style=\"display:none\">\n        <a data-id=\"4610\" class=\"likeOut_button_red likeBtnFav\"\n            aria-label=\"Megusta Vacalia\"><\/a>\n    <\/div>\n    <figure>\n        <img loading=\"lazy\" decoding=\"async\" \n            loading=\"lazy\" width=\"301\" height=\"200\"\n            src=\"\/\/media.vacalia.com\/photo\/reformatwebpfolder\/350\/200\/4610\/thumb-middle\/4610_ecd0c46c318daf2abc8e81a8858f2d5d.webp?v=21092023\"\n            alt=\"Son march i - Alquiler vacacional en Sa Pobla\"\/>\n                                                                        <div class=\"circleDiscount\">-30%<\/div>\n                        <\/figure>\n    <p itemprop=\"address\"><i class=\"ico-marker\"><\/i>Sa Pobla, Mallorca<\/p>\n    <h3 itemprop=\"name\">Son march i<\/h3>\n    <ul class=\"icon_list inline_list\">\n                              <li class=\"ico-pool\" title=\"Piscina\">\n              <span itemprop=\"amenityFeature\">Piscina<\/span>\n            <\/li>\n                      <li class=\"ico-airConditioning\" title=\"Aire Acondicionado\">\n              <span itemprop=\"amenityFeature\">Aire Acondicionado<\/span>\n            <\/li>\n                      <li class=\"ico-wifi\" title=\"Wifi\">\n              <span itemprop=\"amenityFeature\">Wifi<\/span>\n            <\/li>\n                          <li class=\"ico-guests\" title=\"Para 6 hu\u00e9spedes en Sa Pobla.\">\n          <span itemprop=\"occupancy\">6<\/span>\n        <\/li>\n    <\/ul>\n            <span class=\"price\">Desde 114\u20ac \/ noche<\/span>\n                <a itemprop=\"url\" class=\"anchor\" href=\"https:\/\/www.vacalia.com\/es\/villa-son-march-i-sa-pobla-h26879\" aria-label=\"Son march i\"><\/a>\n<\/div><\/div>\n","protected":false},"excerpt":{"rendered":"<p>Un evento emblem\u00e1tico se celebra cada a\u00f1o en la localidad de sa Pobla, en la isla de Mallorca. Se trata de la Fiesta del Cap de Bou de Talapi una&hellip;<\/p>\n","protected":false},"author":1,"featured_media":5427,"comment_status":"closed","ping_status":"open","sticky":false,"template":"","format":"standard","meta":{"_monsterinsights_skip_tracking":false,"_monsterinsights_sitenote_active":false,"_monsterinsights_sitenote_note":"","_monsterinsights_sitenote_category":0,"footnotes":""},"categories":[373,436,406,1],"tags":[],"class_list":["post-5426","post","type-post","status-publish","format-standard","has-post-thumbnail","hentry","category-mallorca-es","category-que-hacer-en-mallorca","category-fiestas-y-tradiciones-de-mallorca","category-general-es"],"_links":{"self":[{"href":"https:\/\/www.vacalia.com\/blog\/wp-json\/wp\/v2\/posts\/5426"}],"collection":[{"href":"https:\/\/www.vacalia.com\/blog\/wp-json\/wp\/v2\/posts"}],"about":[{"href":"https:\/\/www.vacalia.com\/blog\/wp-json\/wp\/v2\/types\/post"}],"author":[{"embeddable":true,"href":"https:\/\/www.vacalia.com\/blog\/wp-json\/wp\/v2\/users\/1"}],"replies":[{"embeddable":true,"href":"https:\/\/www.vacalia.com\/blog\/wp-json\/wp\/v2\/comments?post=5426"}],"version-history":[{"count":7,"href":"https:\/\/www.vacalia.com\/blog\/wp-json\/wp\/v2\/posts\/5426\/revisions"}],"predecessor-version":[{"id":7505,"href":"https:\/\/www.vacalia.com\/blog\/wp-json\/wp\/v2\/posts\/5426\/revisions\/7505"}],"wp:featuredmedia":[{"embeddable":true,"href":"https:\/\/www.vacalia.com\/blog\/wp-json\/wp\/v2\/media\/5427"}],"wp:attachment":[{"href":"https:\/\/www.vacalia.com\/blog\/wp-json\/wp\/v2\/media?parent=5426"}],"wp:term":[{"taxonomy":"category","embeddable":true,"href":"https:\/\/www.vacalia.com\/blog\/wp-json\/wp\/v2\/categories?post=5426"},{"taxonomy":"post_tag","embeddable":true,"href":"https:\/\/www.vacalia.com\/blog\/wp-json\/wp\/v2\/tags?post=5426"}],"curies":[{"name":"wp","href":"https:\/\/api.w.org\/{rel}","templated":true}]}}