{"id":5455,"date":"2024-07-05T13:55:44","date_gmt":"2024-07-05T11:55:44","guid":{"rendered":"https:\/\/www.vacalia.com\/blog\/?p=5455"},"modified":"2025-07-08T12:12:47","modified_gmt":"2025-07-08T10:12:47","slug":"entdecken-sie-die-gruta-de-las-maravillas","status":"publish","type":"post","link":"https:\/\/www.vacalia.com\/blog\/entdecken-sie-die-gruta-de-las-maravillas\/","title":{"rendered":"Entdecken Sie die Gruta de las Maravillas (H\u00f6hle der Wunder) in Aracena"},"content":{"rendered":"\n<h2 class=\"wp-block-heading has-medium-font-size\"><strong>Aracena: innere Sch\u00f6nheit und nat\u00fcrlicher Charme<\/strong><\/h2>\n\n\n\n<p>Im Herzen Andalusiens, n\u00f6rdlich der Provinz <a href=\"https:\/\/www.vacalia.com\/de\/ferienhaus-huelva\" target=\"_blank\" rel=\"noreferrer noopener\"><strong>Huelva<\/strong><\/a>, liegt Aracena, ein Juwel von makellosem Wei\u00df und kulturellem Reichtum. Diese bezaubernde Gemeinde, die als Kulturgut ausgewiesen ist, entfaltet sich zwischen T\u00e4lern und steilen H\u00e4ngen und bietet dem Besucher eine einzigartige Erfahrung voller Geschichte, Natur und Gastronomie.<\/p>\n\n\n\n<h2 class=\"wp-block-heading has-medium-font-size\"><strong>Ein un\u00fcbertroffenes historisches und kulturelles Erbe<\/strong><\/h2>\n\n\n\n<p>Aracena ist eine Fundgrube historischer Monumente, die von Jahrhunderten der Geschichte und Architektur erz\u00e4hlen. Unter ihnen sind die folgenden hervorzuheben:<\/p>\n\n\n\n<ul class=\"wp-block-list\">\n<li><strong>Die Schlossfestung und die Prioratskirche (14. Jahrhundert): <\/strong>Sie befinden sich auf der Spitze des H\u00fcgels und bieten einen atemberaubenden Panoramablick und eine Reise durch die mittelalterliche Geschichte der Region.<\/li>\n<\/ul>\n\n\n<div class=\"wp-block-image\">\n<figure class=\"aligncenter size-full\"><img fetchpriority=\"high\" decoding=\"async\" width=\"670\" height=\"300\" src=\"https:\/\/www.vacalia.com\/blog\/wp-content\/uploads\/2024\/07\/El-Castillo-Fortaleza-Iglesia-Prioral.jpg\" alt=\"Schlossfestung und die Prioratskirche\" class=\"wp-image-5446\" srcset=\"https:\/\/www.vacalia.com\/blog\/wp-content\/uploads\/2024\/07\/El-Castillo-Fortaleza-Iglesia-Prioral.jpg 670w, https:\/\/www.vacalia.com\/blog\/wp-content\/uploads\/2024\/07\/El-Castillo-Fortaleza-Iglesia-Prioral-300x134.jpg 300w\" sizes=\"(max-width: 767px) 100vw, 670px\" \/><figcaption class=\"wp-element-caption\"><em>Schlossfestung und die Prioratskirche<\/em><\/figcaption><\/figure><\/div>\n\n\n<ul class=\"wp-block-list\">\n<li><strong>El Cabildo Viejo (15. Jahrhundert): <\/strong>Ein Geb\u00e4ude, das die zivile Architektur der damaligen Zeit widerspiegelt.<\/li>\n\n\n\n<li><strong>Die Pfarrkirche Nuestra Se\u00f1ora de la Asunci\u00f3n (16. Jahrhundert): <\/strong>Ein gro\u00dfartiges Beispiel f\u00fcr die Kunst der Renaissance.<\/li>\n\n\n\n<li><strong>Die Mud\u00e9jar-Einsiedeleien (15. und 16. Jahrhundert): <\/strong>Kleine architektonische Juwelen, die \u00fcber das gesamte Gemeindegebiet verstreut sind.<\/li>\n<\/ul>\n\n\n\n<p><\/p>\n\n\n\n<p>Dar\u00fcber hinaus verbindet Aracena Tradition und Moderne mit R\u00e4umen wie dem Freilichtmuseum f\u00fcr zeitgen\u00f6ssische Kunst (MACA), der regionalistischen Architektur von An\u00edbal Gonz\u00e1lez und dem Schinkenmuseum, dem Interpretationszentrum f\u00fcr das iberische Schwein, in dem eines der emblematischsten Produkte der Region ausgestellt wird.<\/p>\n\n\n\n<h2 class=\"wp-block-heading has-medium-font-size\"><strong>Eine au\u00dfergew\u00f6hnliche nat\u00fcrliche Umgebung<\/strong><\/h2>\n\n\n\n<p>Die Anziehungskraft Aracenas reicht \u00fcber das Stadtzentrum hinaus bis zum <strong>Naturpark Sierra de Aracena y Picos de Aroche<\/strong>. Dieses Schutzgebiet, das zweitgr\u00f6\u00dfte in Andalusien, ist ein Paradies f\u00fcr Naturliebhaber und Aktivtouristen. Die von der UNESCO als Biosph\u00e4renreservat anerkannten Dehesa- und Kastanienw\u00e4lder bilden hier eine Landschaft von gro\u00dfer Sch\u00f6nheit und Artenvielfalt.<\/p>\n\n\n<div class=\"wp-block-image\">\n<figure class=\"aligncenter size-full\"><img decoding=\"async\" width=\"670\" height=\"300\" src=\"https:\/\/www.vacalia.com\/blog\/wp-content\/uploads\/2024\/07\/Pueblo-de-Aracena.jpg\" alt=\"Aracena Stadt\" class=\"wp-image-5447\" srcset=\"https:\/\/www.vacalia.com\/blog\/wp-content\/uploads\/2024\/07\/Pueblo-de-Aracena.jpg 670w, https:\/\/www.vacalia.com\/blog\/wp-content\/uploads\/2024\/07\/Pueblo-de-Aracena-300x134.jpg 300w\" sizes=\"(max-width: 767px) 100vw, 670px\" \/><figcaption class=\"wp-element-caption\"><em>Aracena Stadt<\/em><\/figcaption><\/figure><\/div>\n\n\n<p>Das ausgedehnte Wegenetz des Parks ist ideal f\u00fcr Wanderungen, Vogelbeobachtungen und andere Aktivit\u00e4ten im Freien. Die Besucher k\u00f6nnen die Ruhe dieser Orte genie\u00dfen und in direkten Kontakt mit der Natur kommen.<\/p>\n\n\n\n<h2 class=\"wp-block-heading has-medium-font-size\"><strong>Typisch andalusische Gastronomie<\/strong><\/h2>\n\n\n\n<p>Die Gastronomie von Aracena ist eine weitere gro\u00dfe Attraktion der Region. Iberischer Schinken und Schweinefleisch sind die unbestrittenen Stars, aber auch Pilze, Gem\u00fcse aus den fruchtbaren Obstg\u00e4rten und k\u00f6stliches Geb\u00e4ck sind herausragend. In den zahlreichen Lokalen der Stadt k\u00f6nnen die Besucher diese K\u00f6stlichkeiten probieren und den herzlichen Service genie\u00dfen.<\/p>\n\n\n\n<h2 class=\"wp-block-heading has-medium-font-size\"><strong>Besuch der Gruta de las Maravillas (H\u00f6hle der Wunder)<\/strong><\/h2>\n\n\n\n<p>Im Herzen der Stadt Aracena gelegen, ist es zweifellos einer der beeindruckendsten unterirdischen Sch\u00e4tze Spaniens, ein Naturwunder, das Tausende von Besuchern in seinen Bann gezogen hat, die seit 1914 seine Galerien und S\u00e4le besichtigt haben.<\/p>\n\n\n<div class=\"wp-block-image\">\n<figure class=\"aligncenter size-full\"><img decoding=\"async\" width=\"670\" height=\"300\" src=\"https:\/\/www.vacalia.com\/blog\/wp-content\/uploads\/2024\/07\/cueva-gruta-de-las-maravillas.jpg\" alt=\"H\u00f6hle in der Gruta de las Maravillas (H\u00f6hle der Wunder)\" class=\"wp-image-5448\" srcset=\"https:\/\/www.vacalia.com\/blog\/wp-content\/uploads\/2024\/07\/cueva-gruta-de-las-maravillas.jpg 670w, https:\/\/www.vacalia.com\/blog\/wp-content\/uploads\/2024\/07\/cueva-gruta-de-las-maravillas-300x134.jpg 300w\" sizes=\"(max-width: 767px) 100vw, 670px\" \/><figcaption class=\"wp-element-caption\"><em>H\u00f6hle in der Gruta de las Maravillas (H\u00f6hle der Wunder)<\/em><\/figcaption><\/figure><\/div>\n\n\n<p>Mit einer L\u00e4nge von 1.200 Metern zeichnet sich dieser H\u00f6hlenkomplex nicht nur durch seine nat\u00fcrliche Sch\u00f6nheit aus, sondern auch durch seine reiche Geschichte und seine Bedeutung f\u00fcr den europ\u00e4ischen H\u00f6hlentourismus.<\/p>\n\n\n\n<h2 class=\"wp-block-heading has-medium-font-size\"><strong>Ein bisschen Geschichte<\/strong><\/h2>\n\n\n\n<p>Die Grotte der Wunder wurde 1850 von Bergleuten entdeckt und 1914 als eine der ersten touristischen H\u00f6hlen Europas f\u00fcr die \u00d6ffentlichkeit zug\u00e4nglich gemacht. Seitdem hat sie Tausende von Besuchern mit ihren erstaunlichen geologischen Formationen und ihrer einzigartigen Atmosph\u00e4re fasziniert.<\/p>\n\n\n\n<h2 class=\"wp-block-heading has-medium-font-size\"><strong>Eine Reise durch die unterirdische Natur<\/strong><\/h2>\n\n\n\n<p>Die Tour durch die Gruta de las Maravillas ist ein unvergessliches Erlebnis f\u00fcr die Sinne. Die Gruta de las Maravillas in Aracena bietet eine faszinierende unterirdische Tour von 45 Minuten \u00fcber 1.000 Meter.&nbsp;<\/p>\n\n\n\n<p>Mit einer konstanten Temperatur zwischen 16 und 19 Grad Celsius und einer Luftfeuchtigkeit von 98 %. Auf drei Ebenen k\u00f6nnen die Besucher eine beeindruckende Vielfalt an Kalksteinformationen bewundern, darunter Stalaktiten, Stalagmiten, S\u00e4ulen, G\u00e4nge, Lavastr\u00f6me, Pisolithen, Exzentriker, Vorh\u00e4nge und unterirdische Seen.&nbsp;<\/p>\n\n\n\n<p>Diese Formationen, die im Laufe von Jahrtausenden durch die anhaltende Wirkung von Wasser und Stein entstanden sind, bieten ein visuelles Schauspiel, das einer anderen Welt entnommen zu sein scheint.<\/p>\n\n\n\n<p>Zu den H\u00f6hepunkten geh\u00f6ren die Sala de Los Brillantes, der Gro\u00dfe Saal und die spektakul\u00e4re Cristaler\u00eda de Dios. Vom Aufstieg zum Himmel bis zur Sala de Los Garbanzos \u00fcberrascht jede Ecke mit ihrer einzigartigen Sch\u00f6nheit. Dieser sorgf\u00e4ltig bewahrte Naturschatz verzaubert weiterhin Tausende von Besuchern mit seiner Magie und unterirdischen Pracht.<\/p>\n\n\n<div class=\"wp-block-image\">\n<figure class=\"aligncenter size-full\"><img loading=\"lazy\" decoding=\"async\" width=\"670\" height=\"300\" src=\"https:\/\/www.vacalia.com\/blog\/wp-content\/uploads\/2024\/07\/gormaciones-gruta-de-las-maravillas.jpg\" alt=\"Die Kalksteinformationen der Gruta de las Maravillas (H\u00f6hle der Wunder)\" class=\"wp-image-5449\" srcset=\"https:\/\/www.vacalia.com\/blog\/wp-content\/uploads\/2024\/07\/gormaciones-gruta-de-las-maravillas.jpg 670w, https:\/\/www.vacalia.com\/blog\/wp-content\/uploads\/2024\/07\/gormaciones-gruta-de-las-maravillas-300x134.jpg 300w\" sizes=\"(max-width: 767px) 100vw, 670px\" \/><figcaption class=\"wp-element-caption\"><em>Die Kalksteinformationen der Gruta de las Maravillas (H\u00f6hle der Wunder)<\/em><\/figcaption><\/figure><\/div>\n\n\n<h2 class=\"wp-block-heading has-medium-font-size\"><strong>Sch\u00f6nheit und Geologie in perfekter Harmonie<\/strong><\/h2>\n\n\n\n<p>Die Gruta de las Maravillas entstand durch die erosiv-aufl\u00f6sende Wirkung des Wassers auf die Marmorfelsen des Cerro del Castillo. Dieser phreatische Hohlraum weist eine horizontale Entwicklung mit drei \u00fcbereinander liegenden Ebenen von Galerien auf, die eine detaillierte und vielf\u00e4ltige Erkundung der unterirdischen Landschaft erm\u00f6glichen. Die konstante Temperatur zwischen 16 und 19 Grad Celsius und die hohe relative Luftfeuchtigkeit, die zwischen 98 % und fast 100 % schwankt, schaffen ein g\u00fcnstiges Umfeld f\u00fcr die Erhaltung dieser nat\u00fcrlichen Formationen.<\/p>\n\n\n<div class=\"wp-block-image\">\n<figure class=\"aligncenter size-full\"><img loading=\"lazy\" decoding=\"async\" width=\"670\" height=\"300\" src=\"https:\/\/www.vacalia.com\/blog\/wp-content\/uploads\/2024\/07\/lago-gruta-de-las-maravillas.jpg\" alt=\"See der Gruta de las Maravillas (H\u00f6hle der Wunder)\" class=\"wp-image-5450\" srcset=\"https:\/\/www.vacalia.com\/blog\/wp-content\/uploads\/2024\/07\/lago-gruta-de-las-maravillas.jpg 670w, https:\/\/www.vacalia.com\/blog\/wp-content\/uploads\/2024\/07\/lago-gruta-de-las-maravillas-300x134.jpg 300w\" sizes=\"(max-width: 767px) 100vw, 670px\" \/><figcaption class=\"wp-element-caption\"><em>See der Gruta de las Maravillas (H\u00f6hle der Wunder)<\/em><\/figcaption><\/figure><\/div>\n\n\n<h2 class=\"wp-block-heading has-medium-font-size\"><strong>Praktische Informationen f\u00fcr Besucher<\/strong><\/h2>\n\n\n\n<p>Die Grotte der Wunder ist das ganze Jahr \u00fcber ge\u00f6ffnet, au\u00dfer am 24., 25. und 31. Dezember sowie am 1. und 6. Januar. Der Eintritt ist auf maximal 1.000 Personen pro Tag beschr\u00e4nkt, um die Erhaltung der St\u00e4tte zu gew\u00e4hrleisten.<\/p>\n\n\n\n<h2 class=\"wp-block-heading has-medium-font-size\"><strong>Gef\u00fchrte Touren<\/strong><\/h2>\n\n\n\n<p>Die Besichtigungen werden in gef\u00fchrten Gruppen durchgef\u00fchrt und dauern etwa 45 Minuten. Es ist ratsam, sich im Voraus telefonisch \u00fcber die Sonderbesichtigung der neuen R\u00e4ume zu informieren.<\/p>\n\n\n\n<h2 class=\"wp-block-heading has-medium-font-size\"><strong>Tipps f\u00fcr einen unvergesslichen Besuch<\/strong><\/h2>\n\n\n\n<ul class=\"wp-block-list\">\n<li><strong>Voranmeldung in der Grotte: Da die <\/strong>Anzahl der Besucher pro Tag begrenzt ist, ist es ratsam, den Besuch im Voraus zu planen und zu buchen.<\/li>\n\n\n\n<li><strong>Kleidung: <\/strong>Die Temperatur in der H\u00f6hle ist konstant, aber die hohe Luftfeuchtigkeit kann das Erlebnis k\u00fchl machen. Nehmen Sie eine leichte Jacke mit.<\/li>\n\n\n\n<li><strong>Genie\u00dfen Sie die Stille: <\/strong>Die Ruhe und Stille im Inneren der Grotte, die nur durch das Ger\u00e4usch des tropfenden Wassers unterbrochen wird, bietet eine einzigartige Gelegenheit, sich vom Au\u00dfenl\u00e4rm zu l\u00f6sen und in die unterirdische Stille einzutauchen.<\/li>\n\n\n\n<li><strong>Erkunden Sie das historische Erbe: <\/strong>Verbringen Sie Zeit mit dem Besuch von Denkm\u00e4lern und Museen.<\/li>\n\n\n\n<li><strong>Die Natur genie\u00dfen: <\/strong>Wandern auf den Pfaden des Naturparks.<\/li>\n\n\n\n<li><strong>Probieren Sie die lokale Gastronomie: <\/strong>Probieren Sie den iberischen Schinken und andere lokale Produkte.<\/li>\n<\/ul>\n\n\n<div class=\"wp-block-image\">\n<figure class=\"aligncenter size-full\"><img loading=\"lazy\" decoding=\"async\" width=\"670\" height=\"300\" src=\"https:\/\/www.vacalia.com\/blog\/wp-content\/uploads\/2024\/07\/interior-gruta-de-las-maravillas.jpg\" alt=\"Das Innere der Gruta de las Maravillas (H\u00f6hle der Wunder)\" class=\"wp-image-5451\" srcset=\"https:\/\/www.vacalia.com\/blog\/wp-content\/uploads\/2024\/07\/interior-gruta-de-las-maravillas.jpg 670w, https:\/\/www.vacalia.com\/blog\/wp-content\/uploads\/2024\/07\/interior-gruta-de-las-maravillas-300x134.jpg 300w\" sizes=\"(max-width: 767px) 100vw, 670px\" \/><figcaption class=\"wp-element-caption\"><em>Das Innere der Gruta de las Maravillas (H\u00f6hle der Wunder)<\/em><\/figcaption><\/figure><\/div>\n\n\n<p>Aracena ist ein Reiseziel, das Geschichte, Natur und Kultur in einer Umgebung von unvergleichlicher Sch\u00f6nheit vereint. Die Erkundung der wei\u00df get\u00fcnchten Stra\u00dfen, der historischen Monumente oder das Eintauchen in die Tiefen der ber\u00fchmten Grotte &#8211; Aracena verspricht ein unvergessliches Erlebnis f\u00fcr alle Besucher.<\/p>\n\n\n<div class=\"bannerBlog\"><div class=\"new-card-houses\">\n    <div class=\"likeOut likeDivOut\" style=\"display:none\">\n        <a data-id=\"4787\" class=\"likeOut_button_red likeBtnFav\"\n            aria-label=\"Megusta Vacalia\"><\/a>\n    <\/div>\n    <figure>\n        <img loading=\"lazy\" decoding=\"async\" \n            loading=\"lazy\" width=\"301\" height=\"200\"\n            src=\"\/\/media.vacalia.com\/photo\/reformatwebpfolder\/350\/200\/4787\/thumb-middle\/4787_1ff11a63946db9e39d4fc711dd7efb85.webp?v=21092023\"\n            alt=\"Las cumbres - Ferienhaus auf Islantilla\"\/>\n                                                                        <div class=\"circleDiscount\">-6%<\/div>\n                        <\/figure>\n    <p itemprop=\"address\"><i class=\"ico-marker\"><\/i>Islantilla, Huelva<\/p>\n    <h3 itemprop=\"name\">Las cumbres<\/h3>\n    <ul class=\"icon_list inline_list\">\n                              <li class=\"ico-pool\" title=\"Pool\">\n              <span itemprop=\"amenityFeature\">Pool<\/span>\n            <\/li>\n                          <li class=\"ico-guests\" title=\"F\u00fcr 4 G\u00e4ste in Islantilla.\">\n          <span itemprop=\"occupancy\">4<\/span>\n        <\/li>\n    <\/ul>\n            <span class=\"price\">Ab 71\u20ac \/ Nacht<\/span>\n                <a itemprop=\"url\" class=\"anchor\" href=\"https:\/\/www.vacalia.com\/de\/apartment-las-cumbres-lepe-h27494\" aria-label=\"Las cumbres\"><\/a>\n<\/div><div class=\"new-card-houses\">\n    <div class=\"likeOut likeDivOut\" style=\"display:none\">\n        <a data-id=\"4962\" class=\"likeOut_button_red likeBtnFav\"\n            aria-label=\"Megusta Vacalia\"><\/a>\n    <\/div>\n    <figure>\n        <img loading=\"lazy\" decoding=\"async\" \n            loading=\"lazy\" width=\"301\" height=\"200\"\n            src=\"\/\/media.vacalia.com\/photo\/reformatwebpfolder\/350\/200\/4962\/thumb-middle\/4962_bf80fe2ba29b6e58701b7047c8c83728.webp?v=21092023\"\n            alt=\"Delfin (punta umbria) - Ferienhaus auf Punta Umbr\u00eda\"\/>\n                                                                    <\/figure>\n    <p itemprop=\"address\"><i class=\"ico-marker\"><\/i>Punta Umbr\u00eda, Huelva<\/p>\n    <h3 itemprop=\"name\">Delfin (punta umbria)<\/h3>\n    <ul class=\"icon_list inline_list\">\n                              <li class=\"ico-wifi\" title=\"Wifi\">\n              <span itemprop=\"amenityFeature\">Wifi<\/span>\n            <\/li>\n                          <li class=\"ico-guests\" title=\"F\u00fcr 4 G\u00e4ste in Punta Umbr\u00eda.\">\n          <span itemprop=\"occupancy\">4<\/span>\n        <\/li>\n    <\/ul>\n            <span class=\"price\">Ab 102\u20ac \/ Nacht<\/span>\n                <a itemprop=\"url\" class=\"anchor\" href=\"https:\/\/www.vacalia.com\/de\/apartment-delfin-punta-umbria-punta-umbria-h27894\" aria-label=\"Delfin (punta umbria)\"><\/a>\n<\/div><\/div>\n","protected":false},"excerpt":{"rendered":"<p>Aracena: innere Sch\u00f6nheit und nat\u00fcrlicher Charme Im Herzen Andalusiens, n\u00f6rdlich der Provinz Huelva, liegt Aracena, ein Juwel von makellosem Wei\u00df und kulturellem Reichtum. Diese bezaubernde Gemeinde, die als Kulturgut ausgewiesen&hellip;<\/p>\n","protected":false},"author":1,"featured_media":5450,"comment_status":"closed","ping_status":"open","sticky":false,"template":"","format":"standard","meta":{"_monsterinsights_skip_tracking":false,"_monsterinsights_sitenote_active":false,"_monsterinsights_sitenote_note":"","_monsterinsights_sitenote_category":0,"footnotes":""},"categories":[1080,40,1098,1092],"tags":[],"class_list":["post-5455","post","type-post","status-publish","format-standard","has-post-thumbnail","hentry","category-andere-interessante-orte","category-allgemein","category-fuhrer","category-was-gibt-es-zu-sehen"],"_links":{"self":[{"href":"https:\/\/www.vacalia.com\/blog\/wp-json\/wp\/v2\/posts\/5455"}],"collection":[{"href":"https:\/\/www.vacalia.com\/blog\/wp-json\/wp\/v2\/posts"}],"about":[{"href":"https:\/\/www.vacalia.com\/blog\/wp-json\/wp\/v2\/types\/post"}],"author":[{"embeddable":true,"href":"https:\/\/www.vacalia.com\/blog\/wp-json\/wp\/v2\/users\/1"}],"replies":[{"embeddable":true,"href":"https:\/\/www.vacalia.com\/blog\/wp-json\/wp\/v2\/comments?post=5455"}],"version-history":[{"count":5,"href":"https:\/\/www.vacalia.com\/blog\/wp-json\/wp\/v2\/posts\/5455\/revisions"}],"predecessor-version":[{"id":7668,"href":"https:\/\/www.vacalia.com\/blog\/wp-json\/wp\/v2\/posts\/5455\/revisions\/7668"}],"wp:featuredmedia":[{"embeddable":true,"href":"https:\/\/www.vacalia.com\/blog\/wp-json\/wp\/v2\/media\/5450"}],"wp:attachment":[{"href":"https:\/\/www.vacalia.com\/blog\/wp-json\/wp\/v2\/media?parent=5455"}],"wp:term":[{"taxonomy":"category","embeddable":true,"href":"https:\/\/www.vacalia.com\/blog\/wp-json\/wp\/v2\/categories?post=5455"},{"taxonomy":"post_tag","embeddable":true,"href":"https:\/\/www.vacalia.com\/blog\/wp-json\/wp\/v2\/tags?post=5455"}],"curies":[{"name":"wp","href":"https:\/\/api.w.org\/{rel}","templated":true}]}}