{"id":5510,"date":"2024-08-07T12:51:13","date_gmt":"2024-08-07T10:51:13","guid":{"rendered":"https:\/\/www.vacalia.com\/blog\/?p=5510"},"modified":"2025-07-08T09:36:18","modified_gmt":"2025-07-08T07:36:18","slug":"descubriendo-bolbaite","status":"publish","type":"post","link":"https:\/\/www.vacalia.com\/blog\/es\/descubriendo-bolbaite\/","title":{"rendered":"Descubriendo Bolbaite"},"content":{"rendered":"\n<p>Hace poco tuvimos la suerte de descubrir este rinc\u00f3n m\u00e1gico de la <a href=\"https:\/\/www.vacalia.com\/es\/alojamiento-vacacional-valencia\" target=\"_blank\" rel=\"noreferrer noopener\"><strong>Comunidad Valenciana<\/strong><\/a>.&nbsp;<\/p>\n\n\n\n<p>Bolbaite es un pueblo acogedor, a tan solo 84 kil\u00f3metros de la ciudad de Valencia, muy interesante para visitar durante un d\u00eda. Es un lugar poco tur\u00edstico ideal para combinar con unas vacaciones en la costa valenciana.<\/p>\n\n\n\n<p>Es un lugar tranquilo, con poco m\u00e1s de 1.300 habitantes perfecto para desconectar. \u00a1Descubre con nosotros todo lo que necesitas para disfrutar al m\u00e1ximo de Bolbaite!<\/p>\n\n\n\n<h2 class=\"wp-block-heading has-medium-font-size\"><strong>C\u00f3mo llegar a Bolbaite:<\/strong><\/h2>\n\n\n\n<p>Desde <a href=\"https:\/\/www.vacalia.com\/es\/alojamiento-vacacional-alicante\" target=\"_blank\" rel=\"noreferrer noopener\"><strong>Alicante<\/strong><\/a> (1h 30 min aprox)<\/p>\n\n\n\n<ul class=\"wp-block-list\">\n<li>Por la A-31: Conduce hasta la salida 42, luego toma la CV-585 y CV-580 hacia Bolbaite.<\/li>\n\n\n\n<li>Por la A-7: Conduce hasta la A-35, toma la salida 42 y sigue por la CV-585 y CV-580 hasta Bolbaite.<\/li>\n<\/ul>\n\n\n\n<p>Desde Valencia (1h aprox)<\/p>\n\n\n\n<ul class=\"wp-block-list\">\n<li>Toma la A-7, sigue por la CV-590 y luego la CV-580 hacia Bolbaite.<\/li>\n<\/ul>\n\n\n\n<p>Hay un parking justo a la entrada de Bolbaite. Ah\u00ed puedes dejar el coche sin problemas.<\/p>\n\n\n\n<h2 class=\"wp-block-heading has-medium-font-size\"><strong>Un lugar con historia<\/strong><\/h2>\n\n\n\n<p>En Bolbaite destaca el imponente&nbsp;<strong>Castillo-palacio de los Cabanyelles, <\/strong>de origen musulm\u00e1n a cuyos pies se estableci\u00f3 una comunidad isl\u00e1mica, aprovechando la posici\u00f3n estrat\u00e9gica de un cerro rocoso. Con el tiempo, la poblaci\u00f3n dijo adi\u00f3s a los moriscos y fue repoblada por colonos de procedencia aragonesa. El Castillo-Palacio, representa un precioso vestigio de lo que fue el Siglo de Oro valenciano, cuando los Cabanyelles, se\u00f1ores de Bolbaite, gobernaban el reino de Valencia.&nbsp;<\/p>\n\n\n<div class=\"wp-block-image\">\n<figure class=\"aligncenter size-full\"><img fetchpriority=\"high\" decoding=\"async\" width=\"670\" height=\"300\" src=\"https:\/\/www.vacalia.com\/blog\/wp-content\/uploads\/2024\/08\/castillo-de-Bolbaite.jpg\" alt=\"Castillo-Palacio de los Cabanyelles en Bolbaite\" class=\"wp-image-5515\" srcset=\"https:\/\/www.vacalia.com\/blog\/wp-content\/uploads\/2024\/08\/castillo-de-Bolbaite.jpg 670w, https:\/\/www.vacalia.com\/blog\/wp-content\/uploads\/2024\/08\/castillo-de-Bolbaite-300x134.jpg 300w\" sizes=\"(max-width: 767px) 100vw, 670px\" \/><figcaption class=\"wp-element-caption\"><em>Castillo-Palacio de los Cabanyelles<\/em> <em>en Bolbaite<\/em><\/figcaption><\/figure><\/div>\n\n\n<p>El castillo est\u00e1 situado en la parte alta del pueblo, est\u00e1 asentado sobre la antigua fortaleza musulmana que dio origen al pueblo y todas las calles que lo rodean, conocidas como el Rabalet, que son de la misma \u00e9poca. El castillo ha sido declarado Bien de Inter\u00e9s Cultural.<\/p>\n\n\n\n<p>Junto a la fortaleza encontramos el&nbsp;<strong>lavadero y fuente de San Pancracio<\/strong>. De la encantadora&nbsp;<strong>Plaza de la Iglesia<\/strong>, presidida por una bella fuente y decorada por elegantes edificios se\u00f1oriales. Destacan la esbelta&nbsp;<strong>Casa Consistorial <\/strong>y la&nbsp;<strong>Iglesia San Francisco de Paula (siglo XVIII)<\/strong>, construida en 1521 con estilo renacentista y reconstruida en 1780 debido a un derrumbe sufrido a causa de un terremoto, con su imponente torre campanario.&nbsp;<\/p>\n\n\n<div class=\"wp-block-image\">\n<figure class=\"aligncenter size-full\"><img decoding=\"async\" width=\"670\" height=\"300\" src=\"https:\/\/www.vacalia.com\/blog\/wp-content\/uploads\/2024\/08\/iglesia-de-bolbaite.jpg\" alt=\"Iglesia San Francisco de Paula en Bolbaite\" class=\"wp-image-5514\" srcset=\"https:\/\/www.vacalia.com\/blog\/wp-content\/uploads\/2024\/08\/iglesia-de-bolbaite.jpg 670w, https:\/\/www.vacalia.com\/blog\/wp-content\/uploads\/2024\/08\/iglesia-de-bolbaite-300x134.jpg 300w\" sizes=\"(max-width: 767px) 100vw, 670px\" \/><figcaption class=\"wp-element-caption\"><em>Iglesia San Francisco de Paula en Bolbaite<\/em><\/figcaption><\/figure><\/div>\n\n\n<p>Junto a ella se encuentra el Ayuntamiento, no se sabe la fecha de construcci\u00f3n, aunque s\u00ed que se conoce que anteriormente era una escuela y fue reformado en 1953 para el uso como dependencias municipales.<\/p>\n\n\n\n<p>Fuera del casco urbano, en lo alto del Monte Bolantin, se encuentra la Ermita de Santa B\u00e1rbara, una construcci\u00f3n del S. XVII. Es la parte m\u00e1s alta del pueblo, donde se encuentra un merendero y una zona acondicionada para hacer barbacoas, as\u00ed como un restaurante. Sin duda una de las atracciones m\u00e1s interesantes de esta localidad.<\/p>\n\n\n\n<p>Bolbaite conserva todav\u00eda hoy la tradici\u00f3n artesanal del trabajo del mimbre y el esparto, as\u00ed como la elaboraci\u00f3n de \u201ccalique\u00f1os\u201d (peque\u00f1os puros).<\/p>\n\n\n\n<p>Frente al Castillo-Palacio de Bolbaite, junto al precipicio del r\u00edo, se alinean seis edificios de estilo fabril, con cubiertas a dos aguas. Este conjunto corresponde a seis secaderos de tabaco, que vivieron su \u00e9poca de mayor esplendor en las d\u00e9cadas de 1950 y 1960. Una vez secas, las hojas de tabaco se trasladaban a talleres con abundante mano de obra femenina, donde se enrollaban y se manufacturaban los cigarros.<\/p>\n\n\n<div class=\"wp-block-image\">\n<figure class=\"aligncenter size-full\"><img decoding=\"async\" width=\"670\" height=\"300\" src=\"https:\/\/www.vacalia.com\/blog\/wp-content\/uploads\/2024\/08\/secaderos-de-tabaco.jpg\" alt=\"Secaderos de tabaco de Bolbaite\" class=\"wp-image-5511\" srcset=\"https:\/\/www.vacalia.com\/blog\/wp-content\/uploads\/2024\/08\/secaderos-de-tabaco.jpg 670w, https:\/\/www.vacalia.com\/blog\/wp-content\/uploads\/2024\/08\/secaderos-de-tabaco-300x134.jpg 300w\" sizes=\"(max-width: 767px) 100vw, 670px\" \/><figcaption class=\"wp-element-caption\"><em>Secaderos de tabaco de Bolbaite<\/em><\/figcaption><\/figure><\/div>\n\n\n<p>El municipio de Bolbaite cuenta con parajes naturales de gran riqueza paisaj\u00edstica y ecol\u00f3gica, como el paraje de la Ermita de Santa B\u00e1rbara, el r\u00edo Sellent, el Puente Piedra y el \u201cGorgo Cadena\u201d.<\/p>\n\n\n\n<h2 class=\"wp-block-heading has-medium-font-size\"><strong>Gastronom\u00eda y fiestas<\/strong><\/h2>\n\n\n\n<p>En este municipio hay una rica gastronom\u00eda, donde los ingredientes son los propios productos de la zona. Se pueden degustar platos muy variados como gazpachos, arroz al horno, paellas, embutidos y carnes.<\/p>\n\n\n\n<p>Los hornos y panader\u00edas elaboran una exquisita reposter\u00eda tradicional donde destacan los \u201c<strong>mantecaos de almendra<\/strong>\u201d o \u201c<strong>pastissos de moniato<\/strong>\u201d.<\/p>\n\n\n\n<p>Bolbaite celebra en enero las&nbsp;<strong>fiestas de San Ant\u00f3n<\/strong>, donde se bendicen panes y animales en la Plaza de la Iglesia. Las <strong>Fallas<\/strong>&nbsp;se celebran el fin de semana previo al inicio oficial de las Fallas de Valencia. Las&nbsp;<strong>Fiestas Patronales<\/strong>&nbsp;tienen lugar en primavera, en honor a su patr\u00f3n \u201cSan Francisco de Paula\u201d, con desfile de&nbsp;<strong>Moros y Cristianos<\/strong>. En verano se celebra la Semana Cultural con muchas actividades culturales y deportivas. El 16 de agosto se celebra la festividad en honor a San Roque, y el 4 de diciembre se celebra Santa B\u00e1rbara, patrona de Bolbaite, con romer\u00edas de bajada y subida hasta la Ermita con la imagen de la Santa.<\/p>\n\n\n\n<h2 class=\"wp-block-heading has-medium-font-size\"><strong>\u00c1rea recreativa del R\u00edo de Bolbaite<\/strong><\/h2>\n\n\n\n<p>Esta&nbsp;preciosa zona recreativa&nbsp;con piscinas naturales es perfecta para comer algo o simplemente para pasar el rato con amigos o con la familia cerca del&nbsp;r\u00edo Sellent. Se trata de una zona alargada que sigue la forma del r\u00edo y dispone de varias mesas, aseos y hasta est\u00e1 equipada con duchas. Tambi\u00e9n dispone de fuentes y parking para bicis.&nbsp;<\/p>\n\n\n\n<p>Desde junio y hasta septiembre se tiene que pagar una tasa para acceder a la&nbsp;zona recreativa de Bolbaite. Se puede&nbsp;reservar la entrada al r\u00edo de Bolbaite&nbsp;online. El&nbsp;aforo&nbsp;es de 400 personas. 250 con entrada online y 150 con entrada en taquilla.<\/p>\n\n\n\n<h2 class=\"wp-block-heading has-medium-font-size\"><strong>Piscinas Naturales de Bolbaite<\/strong><\/h2>\n\n\n\n<p>Llegar a ellas es muy sencillo, simplemente tendr\u00e1s que caminar por la Calle del R\u00edo desde la plaza del ayuntamiento durante un minuto o menos. Est\u00e1n tan cerca del pueblo que es imposible no verlas. Si vas en coche simplemente aparca en el aparcamiento de las piscinas naturales y baja andando. Es un paseo realmente sencillo.<\/p>\n\n\n<div class=\"wp-block-image\">\n<figure class=\"aligncenter size-full\"><img loading=\"lazy\" decoding=\"async\" width=\"670\" height=\"300\" src=\"https:\/\/www.vacalia.com\/blog\/wp-content\/uploads\/2024\/08\/piscinas-naturales-de-bolbaite.jpg\" alt=\"\" class=\"wp-image-5512\" srcset=\"https:\/\/www.vacalia.com\/blog\/wp-content\/uploads\/2024\/08\/piscinas-naturales-de-bolbaite.jpg 670w, https:\/\/www.vacalia.com\/blog\/wp-content\/uploads\/2024\/08\/piscinas-naturales-de-bolbaite-300x134.jpg 300w\" sizes=\"(max-width: 767px) 100vw, 670px\" \/><figcaption class=\"wp-element-caption\"><em>Piscinas naturales de Bolbaite<\/em><\/figcaption><\/figure><\/div>\n\n\n<p>En Bolbaite, el ayuntamiento est\u00e1 a menos de 10 minutos a pie del r\u00edo Sellent, ofreciendo un encanto especial al pueblo. Una de las mejores iniciativas ha sido la creaci\u00f3n de una gran piscina natural en el r\u00edo, permitiendo a los visitantes disfrutar de un refrescante ba\u00f1o. Esta piscina natural se ha convertido en una de las mejores opciones para escapar del calor del verano y disfrutar de un entorno \u00fanico y natural.<\/p>\n\n\n\n<p>La \u00fanica restricci\u00f3n que existe es para las mascotas ya que es una zona en la que no se permite el ba\u00f1o ni el paseo libre de las mismas.<\/p>\n\n\n\n<p>Al pasar por Bolbaite, el r\u00edo Sellent atraviesa un lecho rocoso formando pozas naturales y peque\u00f1os saltos de agua, creando un paisaje de gran belleza y valor ambiental.<\/p>\n\n\n\n<p>Un poco m\u00e1s abajo se encuentra el Gorgo de la Cadena, la poza m\u00e1s grande, caracterizada por su puente de metal. Aqu\u00ed, el agua se embalsa de forma artificial para crear una gran piscina natural, ideal para disfrutar de un refrescante ba\u00f1o.<\/p>\n\n\n<div class=\"wp-block-image\">\n<figure class=\"aligncenter size-full\"><img loading=\"lazy\" decoding=\"async\" width=\"670\" height=\"300\" src=\"https:\/\/www.vacalia.com\/blog\/wp-content\/uploads\/2024\/08\/piscina-natural-de-bolbaite.jpg\" alt=\"\" class=\"wp-image-5513\" srcset=\"https:\/\/www.vacalia.com\/blog\/wp-content\/uploads\/2024\/08\/piscina-natural-de-bolbaite.jpg 670w, https:\/\/www.vacalia.com\/blog\/wp-content\/uploads\/2024\/08\/piscina-natural-de-bolbaite-300x134.jpg 300w\" sizes=\"(max-width: 767px) 100vw, 670px\" \/><figcaption class=\"wp-element-caption\"><em>Gorgo de la Cadena en Bolbaite<\/em><\/figcaption><\/figure><\/div>\n\n\n<p>Bolbaite y sus alrededores es una zona preciosa y altamente recomendable para conocer y disfrutar. Por lo que si este verano te encuentras alojado cerca no dudes en visitarlo.<\/p>\n\n\n<div class=\"bannerBlog\"><div class=\"new-card-houses\">\n    <div class=\"likeOut likeDivOut\" style=\"display:none\">\n        <a data-id=\"1453\" class=\"likeOut_button_red likeBtnFav\"\n            aria-label=\"Megusta Vacalia\"><\/a>\n    <\/div>\n    <figure>\n        <img loading=\"lazy\" decoding=\"async\" \n            loading=\"lazy\" width=\"301\" height=\"200\"\n            src=\"\/\/media.vacalia.com\/photo\/reformatwebpfolder\/350\/200\/1453\/thumb-middle\/1453_e951fa1d265705bbd930032f25057277.webp?v=21092023\"\n            alt=\"Portilet - Alquiler vacacional en Barx\"\/>\n                                                                        <div class=\"circleDiscount\">-4%<\/div>\n                        <\/figure>\n    <p itemprop=\"address\"><i class=\"ico-marker\"><\/i>Barx, Valencia<\/p>\n    <h3 itemprop=\"name\">Portilet<\/h3>\n    <ul class=\"icon_list inline_list\">\n                              <li class=\"ico-pool\" title=\"Piscina\">\n              <span itemprop=\"amenityFeature\">Piscina<\/span>\n            <\/li>\n                      <li class=\"ico-airConditioning\" title=\"Aire Acondicionado\">\n              <span itemprop=\"amenityFeature\">Aire Acondicionado<\/span>\n            <\/li>\n                          <li class=\"ico-guests\" title=\"Para 6 hu\u00e9spedes en Barx.\">\n          <span itemprop=\"occupancy\">6<\/span>\n        <\/li>\n    <\/ul>\n            <span class=\"price\">Desde 120\u20ac \/ noche<\/span>\n                <a itemprop=\"url\" class=\"anchor\" href=\"https:\/\/www.vacalia.com\/es\/villa-portilet-barx-h16298\" aria-label=\"Portilet\"><\/a>\n<\/div><div class=\"new-card-houses\">\n    <div class=\"likeOut likeDivOut\" style=\"display:none\">\n        <a data-id=\"960\" class=\"likeOut_button_red likeBtnFav\"\n            aria-label=\"Megusta Vacalia\"><\/a>\n    <\/div>\n    <figure>\n        <img loading=\"lazy\" decoding=\"async\" \n            loading=\"lazy\" width=\"301\" height=\"200\"\n            src=\"\/\/media.vacalia.com\/photo\/reformatwebpfolder\/350\/200\/960\/thumb-middle\/960_6580336c515c210e62fef5cf6f092cc5.webp?v=21092023\"\n            alt=\"El balc\u00f3n de la safor - llumicel - Alquiler vacacional en Ador\"\/>\n                                                                        <div class=\"circleDiscount\">-5%<\/div>\n                        <\/figure>\n    <p itemprop=\"address\"><i class=\"ico-marker\"><\/i>Ador, Valencia<\/p>\n    <h3 itemprop=\"name\">El balc\u00f3n de la safor - llumicel<\/h3>\n    <ul class=\"icon_list inline_list\">\n                              <li class=\"ico-pool\" title=\"Piscina\">\n              <span itemprop=\"amenityFeature\">Piscina<\/span>\n            <\/li>\n                      <li class=\"ico-wifi\" title=\"Wifi\">\n              <span itemprop=\"amenityFeature\">Wifi<\/span>\n            <\/li>\n                      <li class=\"ico-pets\" title=\"Mascotas\">\n              <span itemprop=\"amenityFeature\">Mascotas<\/span>\n            <\/li>\n                          <li class=\"ico-guests\" title=\"Para 8+2   hu\u00e9spedes en Ador.\">\n          <span itemprop=\"occupancy\">8+2  <\/span>\n        <\/li>\n    <\/ul>\n            <span class=\"price\">Desde 131\u20ac \/ noche<\/span>\n                <a itemprop=\"url\" class=\"anchor\" href=\"https:\/\/www.vacalia.com\/es\/villa-el-balcon-de-la-safor-llumicel-ador-h15635\" aria-label=\"El balc\u00f3n de la safor - llumicel\"><\/a>\n<\/div><\/div>\n","protected":false},"excerpt":{"rendered":"<p>Hace poco tuvimos la suerte de descubrir este rinc\u00f3n m\u00e1gico de la Comunidad Valenciana.&nbsp; Bolbaite es un pueblo acogedor, a tan solo 84 kil\u00f3metros de la ciudad de Valencia, muy&hellip;<\/p>\n","protected":false},"author":1,"featured_media":5513,"comment_status":"closed","ping_status":"open","sticky":false,"template":"","format":"standard","meta":{"_monsterinsights_skip_tracking":false,"_monsterinsights_sitenote_active":false,"_monsterinsights_sitenote_note":"","_monsterinsights_sitenote_category":0,"footnotes":""},"categories":[469,517,523,1,336],"tags":[],"class_list":["post-5510","post","type-post","status-publish","format-standard","has-post-thumbnail","hentry","category-valencia-es","category-que-hacer-en-valencia","category-que-ver-en-valencia","category-general-es","category-guias-de-valencia"],"_links":{"self":[{"href":"https:\/\/www.vacalia.com\/blog\/wp-json\/wp\/v2\/posts\/5510"}],"collection":[{"href":"https:\/\/www.vacalia.com\/blog\/wp-json\/wp\/v2\/posts"}],"about":[{"href":"https:\/\/www.vacalia.com\/blog\/wp-json\/wp\/v2\/types\/post"}],"author":[{"embeddable":true,"href":"https:\/\/www.vacalia.com\/blog\/wp-json\/wp\/v2\/users\/1"}],"replies":[{"embeddable":true,"href":"https:\/\/www.vacalia.com\/blog\/wp-json\/wp\/v2\/comments?post=5510"}],"version-history":[{"count":4,"href":"https:\/\/www.vacalia.com\/blog\/wp-json\/wp\/v2\/posts\/5510\/revisions"}],"predecessor-version":[{"id":7523,"href":"https:\/\/www.vacalia.com\/blog\/wp-json\/wp\/v2\/posts\/5510\/revisions\/7523"}],"wp:featuredmedia":[{"embeddable":true,"href":"https:\/\/www.vacalia.com\/blog\/wp-json\/wp\/v2\/media\/5513"}],"wp:attachment":[{"href":"https:\/\/www.vacalia.com\/blog\/wp-json\/wp\/v2\/media?parent=5510"}],"wp:term":[{"taxonomy":"category","embeddable":true,"href":"https:\/\/www.vacalia.com\/blog\/wp-json\/wp\/v2\/categories?post=5510"},{"taxonomy":"post_tag","embeddable":true,"href":"https:\/\/www.vacalia.com\/blog\/wp-json\/wp\/v2\/tags?post=5510"}],"curies":[{"name":"wp","href":"https:\/\/api.w.org\/{rel}","templated":true}]}}