{"id":599,"date":"2017-09-08T13:55:17","date_gmt":"2017-09-08T13:55:17","guid":{"rendered":"https:\/\/www.vacalia.com\/blog\/?p=599"},"modified":"2024-02-14T11:50:07","modified_gmt":"2024-02-14T10:50:07","slug":"museums-palma-de-mallorca","status":"publish","type":"post","link":"https:\/\/www.vacalia.com\/blog\/en\/museums-palma-de-mallorca\/","title":{"rendered":"Museums in Palma de Mallorca"},"content":{"rendered":"<p style=\"text-align: justify;\">Palma de Mallorca is, no doubt, one of the most cosmopolita cities of the whole Mediterranean Sea. Its long bay, crowded streets, or the wide leisure opportunities that both locals both tourists find in it, are just some of the wonders of this city.<\/p>\n<p style=\"text-align: justify;\"><a href=\"https:\/\/www.vacalia.com\"><img fetchpriority=\"high\" decoding=\"async\" class=\"alignnone size-full wp-image-607\" src=\"https:\/\/www.vacalia.com\/blog\/wp-content\/uploads\/2017\/09\/Captura11.png\" alt=\"Museums in Palma de Mallorca\" width=\"692\" height=\"463\" srcset=\"https:\/\/www.vacalia.com\/blog\/wp-content\/uploads\/2017\/09\/Captura11.png 692w, https:\/\/www.vacalia.com\/blog\/wp-content\/uploads\/2017\/09\/Captura11-300x201.png 300w\" sizes=\"(max-width: 767px) 100vw, 692px\" \/><\/a><\/p>\n<p style=\"text-align: justify;\"><!--more--><\/p>\n<p style=\"text-align: justify;\">Besides, not just in Palma, but the whole island is filled with one of its main special thing: its culture. Each year thousand of artists decide to visit it or stay in it and love it forever.<\/p>\n<p style=\"text-align: justify;\">Picasso, Mir\u00f3, Chopin, Leonard Cohne&#8230; These are just some of the names that have filled the majorcan streets through the years with its pieces and presence. No wonder then that art is one of the most preciated relics for the Majorcans.<\/p>\n<p style=\"text-align: justify;\">One of the easiest ways to see the art\u2019s path in Majorca is through the museus. Truth is, we\u2019ll find decens around the island but, in this post, we\u2019d like to focus in some museums from Palma.<\/p>\n<p style=\"text-align: justify;\">\n<h2 class=\"post-item__subtitle\" style=\"text-align: justify;\">Museu Fundaci\u00f3 Juan March | Museums in Palma de Mallorca<\/h2>\n<p style=\"text-align: justify;\">Some of the most representative authors from 20<sup>th<\/sup>\u00a0century Spain are represented in this museum (Picasso, Mir\u00f3, Juan Gris, Dal\u00ed&#8230;) with permanent collections, such as other temporary expositions dedicated to modernist pieces.<\/p>\n<p style=\"text-align: justify;\">The gorgeous building that hosts this museum in Palma de Mallorca is a wonder for the locals; not just for the amount of pieces of art that helds, but also for the charming and modern architectures that surrounds it.<\/p>\n<p style=\"text-align: justify;\"><a href=\"https:\/\/www.vacalia.com\"><img decoding=\"async\" class=\"alignnone size-full wp-image-601\" src=\"https:\/\/www.vacalia.com\/blog\/wp-content\/uploads\/2017\/09\/33.png\" alt=\"Museums in Palma de Mallorca\" width=\"691\" height=\"292\" srcset=\"https:\/\/www.vacalia.com\/blog\/wp-content\/uploads\/2017\/09\/33.png 691w, https:\/\/www.vacalia.com\/blog\/wp-content\/uploads\/2017\/09\/33-300x127.png 300w\" sizes=\"(max-width: 767px) 100vw, 691px\" \/><\/a><\/p>\n<p style=\"text-align: justify;\">\n<h2 class=\"post-item__subtitle\" style=\"text-align: justify;\">Fundaci\u00f3 Pilar i Joan Mir\u00f3 | Museums in Palma de Mallorca<\/h2>\n<p style=\"text-align: justify;\">Fundaci\u00f3 Pilar i Joan Mir\u00f3 was born as Joan Mir\u00f3 personal workspace and was given, along all the pices of art and other objects to the Foundation that they created to spread the art and its creation in an inmitate space connected with the contemporaneity.<\/p>\n<p style=\"text-align: justify;\">Mir\u00f3 wanted to help other artists by letting them a private space to develop their painting, music or writting.<\/p>\n<p style=\"text-align: justify;\">Nowadays the Fundaci\u00f3 Pilar i Joan Mir\u00f3 is more than a school open to artists, it\u2019s also a museum where we can discover his masterpieces, technichs and the enviroment that sorrounded him.<\/p>\n<p style=\"text-align: justify;\"><a href=\"https:\/\/www.vacalia.com\"><img decoding=\"async\" class=\"alignnone size-full wp-image-602\" src=\"https:\/\/www.vacalia.com\/blog\/wp-content\/uploads\/2017\/09\/56.png\" alt=\"Museums in Palma de Mallorca\" width=\"694\" height=\"434\" srcset=\"https:\/\/www.vacalia.com\/blog\/wp-content\/uploads\/2017\/09\/56.png 694w, https:\/\/www.vacalia.com\/blog\/wp-content\/uploads\/2017\/09\/56-300x188.png 300w\" sizes=\"(max-width: 767px) 100vw, 694px\" \/><\/a><\/p>\n<p style=\"text-align: justify;\">\n<h2 class=\"post-item__subtitle\" style=\"text-align: justify;\">Es Baluard | Museums in Palma de Mallorca<\/h2>\n<p style=\"text-align: justify;\">Es Baluard is a Modern and Contemporaneal Art Museum located in Palma that has more than 600 pieces of Balearic or International artists. Expositions, conferences and all kind of creative activities are perfomed to awake the cultural interest in everyone that visit it.<\/p>\n<p style=\"text-align: justify;\">The building is from the XVI Century and was born as a defense tower, though it was not until 1997 that its lands were given to Palma\u2019s council to build Es Blauard Museu d\u2019Art Modern i Contemporani de Palma.<\/p>\n<p style=\"text-align: justify;\"><a href=\"https:\/\/www.vacalia.com\"><img loading=\"lazy\" decoding=\"async\" class=\"alignnone size-full wp-image-604\" src=\"https:\/\/www.vacalia.com\/blog\/wp-content\/uploads\/2017\/09\/599.png\" alt=\"Museums in Palma de Mallorca\" width=\"692\" height=\"465\" srcset=\"https:\/\/www.vacalia.com\/blog\/wp-content\/uploads\/2017\/09\/599.png 692w, https:\/\/www.vacalia.com\/blog\/wp-content\/uploads\/2017\/09\/599-300x202.png 300w\" sizes=\"(max-width: 767px) 100vw, 692px\" \/><\/a><\/p>\n<p style=\"text-align: justify;\">\n<h2 class=\"post-item__subtitle\" style=\"text-align: justify;\">CaixaForum Palma | Museums in Palma de Mallorca<\/h2>\n<p style=\"text-align: justify;\">This museum belongs to Fundaci\u00f3n La Caixa and was founded in 1993 in a modernist hotel created by the cataln architect Dom\u00e9nech i Montaner. In 1987 the building was recovered by Fundaci\u00f3 La Caixa after some damages from the Civil War and the dictatorship. Nowadays it helds a permanent exposition by Anglada-Camarasa, besides temporary expositions, library, video-library and a newspaper archive.<\/p>\n<p style=\"text-align: justify;\"><a href=\"https:\/\/www.vacalia.com\"><img loading=\"lazy\" decoding=\"async\" class=\"alignnone size-full wp-image-603\" src=\"https:\/\/www.vacalia.com\/blog\/wp-content\/uploads\/2017\/09\/95.png\" alt=\"Museums in Palma de Mallorca\" width=\"690\" height=\"462\" srcset=\"https:\/\/www.vacalia.com\/blog\/wp-content\/uploads\/2017\/09\/95.png 690w, https:\/\/www.vacalia.com\/blog\/wp-content\/uploads\/2017\/09\/95-300x201.png 300w\" sizes=\"(max-width: 767px) 100vw, 690px\" \/><\/a><\/p>\n<p style=\"text-align: justify;\">\n<h2 class=\"post-item__subtitle\" style=\"text-align: justify;\">Museum of Mallorca | Museums from Palma de Mallorca<\/h2>\n<p style=\"text-align: justify;\">The Museum of Mallorca can be found in Casal de Can Aiamans, a building made by Miquel Llu\u00eds Ballester de Togores i Salas in 1634 that helds different collections based in archeology, fine arts, ethnography, decoration and industry<\/p>\n<p style=\"text-align: justify;\">The house has a barrocan style with gothic and islamic pieces that have lasted along the different centuries.<\/p>\n<p style=\"text-align: justify;\">The museum wants to foment the cultural and scientific knowledge through its different expositions that want to show the multiple changes that the island has suffered along the different centuries.<\/p>\n<p style=\"text-align: justify;\"><a href=\"https:\/\/www.vacalia.com\"><img loading=\"lazy\" decoding=\"async\" class=\"alignnone size-full wp-image-605\" src=\"https:\/\/www.vacalia.com\/blog\/wp-content\/uploads\/2017\/09\/9556.png\" alt=\"Museums in Palma de Mallorca\" width=\"692\" height=\"340\" srcset=\"https:\/\/www.vacalia.com\/blog\/wp-content\/uploads\/2017\/09\/9556.png 692w, https:\/\/www.vacalia.com\/blog\/wp-content\/uploads\/2017\/09\/9556-300x147.png 300w\" sizes=\"(max-width: 767px) 100vw, 692px\" \/><\/a><\/p>\n<p style=\"text-align: justify;\">\n<h2 class=\"post-item__subtitle\" style=\"text-align: justify;\">Museu d\u2019Hist\u00f2ria de la Ciutat | Museums in Palma de Mallorca<\/h2>\n<p style=\"text-align: justify;\">This building can be found in the emlemathic Castell de Bellver which is a Majorcan \u00a0monument itself.<\/p>\n<p style=\"text-align: justify;\">It\u2019s located 3km away from the center of Palma, in top of a small mountain with sea-views. Along its history it\u2019s served as royal residence, militar prison, money factury and, finally, as History of the City Museum.<\/p>\n<p style=\"text-align: justify;\">In it we\u2019ll find different permanent collections such as: Palma\u2019s Urban evolution, Despuig collection or Jovellanos Room, besides from other temporal collections. There\u2019re also other cultural activities that are made every once in a while to share the history of Palma with its visitors.<\/p>\n<p style=\"text-align: justify;\"><a href=\"https:\/\/www.vacalia.com\"><img loading=\"lazy\" decoding=\"async\" class=\"alignnone size-full wp-image-606\" src=\"https:\/\/www.vacalia.com\/blog\/wp-content\/uploads\/2017\/09\/5556.png\" alt=\"Museums in Palma de Mallorca\" width=\"693\" height=\"248\" srcset=\"https:\/\/www.vacalia.com\/blog\/wp-content\/uploads\/2017\/09\/5556.png 693w, https:\/\/www.vacalia.com\/blog\/wp-content\/uploads\/2017\/09\/5556-300x107.png 300w\" sizes=\"(max-width: 767px) 100vw, 693px\" \/><\/a><\/p>\n\n<div class=\"bannerBlog\"><div class=\"new-card-houses\">\n    <div class=\"likeOut likeDivOut\" style=\"display:none\">\n        <a data-id=\"2945\" class=\"likeOut_button_red likeBtnFav\"\n            aria-label=\"Megusta Vacalia\"><\/a>\n    <\/div>\n    <figure>\n        <img loading=\"lazy\" decoding=\"async\" \n            loading=\"lazy\" width=\"301\" height=\"200\"\n            src=\"\/\/media.vacalia.com\/photo\/reformatwebpfolder\/350\/200\/2945\/thumb-middle\/2945_dceb96c01468514b4fd34b681a0a9e26.webp?v=21092023\"\n            alt=\"Sa marina (covamarina) - Holiday rentals in ses Covetes\"\/>\n                                                                        <div class=\"circleDiscount\">-29%<\/div>\n                        <\/figure>\n    <p itemprop=\"address\"><i class=\"ico-marker\"><\/i>ses Covetes, Mallorca<\/p>\n    <h3 itemprop=\"name\">Sa marina (covamarina)<\/h3>\n    <ul class=\"icon_list inline_list\">\n                              <li class=\"ico-pool\" title=\"Pool\">\n              <span itemprop=\"amenityFeature\">Pool<\/span>\n            <\/li>\n                      <li class=\"ico-airConditioning\" title=\"Air conditioning\">\n              <span itemprop=\"amenityFeature\">Air conditioning<\/span>\n            <\/li>\n                      <li class=\"ico-wifi\" title=\"Wifi\">\n              <span itemprop=\"amenityFeature\">Wifi<\/span>\n            <\/li>\n                          <li class=\"ico-guests\" title=\"For 10 guests in Ses Covetes.\">\n          <span itemprop=\"occupancy\">10<\/span>\n        <\/li>\n    <\/ul>\n            <span class=\"price\">From 159\u20ac \/ night<\/span>\n                <a itemprop=\"url\" class=\"anchor\" href=\"https:\/\/www.vacalia.com\/en\/villa-sa-marina-covamarina-campos-h19996\" aria-label=\"Sa marina (covamarina)\"><\/a>\n<\/div><div class=\"new-card-houses\">\n    <div class=\"likeOut likeDivOut\" style=\"display:none\">\n        <a data-id=\"323\" class=\"likeOut_button_red likeBtnFav\"\n            aria-label=\"Megusta Vacalia\"><\/a>\n    <\/div>\n    <figure>\n        <img loading=\"lazy\" decoding=\"async\" \n            loading=\"lazy\" width=\"301\" height=\"200\"\n            src=\"\/\/media.vacalia.com\/photo\/reformatwebpfolder\/350\/200\/323\/thumb-middle\/323_f77a52e09729a40f9066f5c0217a459b.webp?v=21092023\"\n            alt=\"Finca son costa - Holiday rentals in Montu\u00efri\"\/>\n                                                                        <div class=\"circleDiscount\">-14%<\/div>\n                        <\/figure>\n    <p itemprop=\"address\"><i class=\"ico-marker\"><\/i>Montu\u00efri, Mallorca<\/p>\n    <h3 itemprop=\"name\">Finca son costa<\/h3>\n    <ul class=\"icon_list inline_list\">\n                              <li class=\"ico-pool\" title=\"Pool\">\n              <span itemprop=\"amenityFeature\">Pool<\/span>\n            <\/li>\n                      <li class=\"ico-wifi\" title=\"Wifi\">\n              <span itemprop=\"amenityFeature\">Wifi<\/span>\n            <\/li>\n                          <li class=\"ico-guests\" title=\"For 10 guests in Montu\u00efri.\">\n          <span itemprop=\"occupancy\">10<\/span>\n        <\/li>\n    <\/ul>\n            <span class=\"price\">From 378\u20ac \/ night<\/span>\n                <a itemprop=\"url\" class=\"anchor\" href=\"https:\/\/www.vacalia.com\/en\/villa-finca-son-costa-montuiri-h15112\" aria-label=\"Finca son costa\"><\/a>\n<\/div><\/div>\n","protected":false},"excerpt":{"rendered":"<p>Palma de Mallorca is, no doubt, one of the most cosmopolita cities of the whole Mediterranean Sea. Its long bay, crowded streets, or the wide leisure opportunities that both locals&hellip;<\/p>\n","protected":false},"author":2,"featured_media":0,"comment_status":"closed","ping_status":"open","sticky":false,"template":"","format":"standard","meta":{"_monsterinsights_skip_tracking":false,"_monsterinsights_sitenote_active":false,"_monsterinsights_sitenote_note":"","_monsterinsights_sitenote_category":0,"footnotes":""},"categories":[36],"tags":[],"class_list":["post-599","post","type-post","status-publish","format-standard","hentry","category-general-en"],"_links":{"self":[{"href":"https:\/\/www.vacalia.com\/blog\/wp-json\/wp\/v2\/posts\/599"}],"collection":[{"href":"https:\/\/www.vacalia.com\/blog\/wp-json\/wp\/v2\/posts"}],"about":[{"href":"https:\/\/www.vacalia.com\/blog\/wp-json\/wp\/v2\/types\/post"}],"author":[{"embeddable":true,"href":"https:\/\/www.vacalia.com\/blog\/wp-json\/wp\/v2\/users\/2"}],"replies":[{"embeddable":true,"href":"https:\/\/www.vacalia.com\/blog\/wp-json\/wp\/v2\/comments?post=599"}],"version-history":[{"count":3,"href":"https:\/\/www.vacalia.com\/blog\/wp-json\/wp\/v2\/posts\/599\/revisions"}],"predecessor-version":[{"id":4827,"href":"https:\/\/www.vacalia.com\/blog\/wp-json\/wp\/v2\/posts\/599\/revisions\/4827"}],"wp:attachment":[{"href":"https:\/\/www.vacalia.com\/blog\/wp-json\/wp\/v2\/media?parent=599"}],"wp:term":[{"taxonomy":"category","embeddable":true,"href":"https:\/\/www.vacalia.com\/blog\/wp-json\/wp\/v2\/categories?post=599"},{"taxonomy":"post_tag","embeddable":true,"href":"https:\/\/www.vacalia.com\/blog\/wp-json\/wp\/v2\/tags?post=599"}],"curies":[{"name":"wp","href":"https:\/\/api.w.org\/{rel}","templated":true}]}}