{"id":6377,"date":"2024-09-02T11:46:07","date_gmt":"2024-09-02T09:46:07","guid":{"rendered":"https:\/\/www.vacalia.com\/blog\/?p=6377"},"modified":"2025-07-08T11:46:38","modified_gmt":"2025-07-08T09:46:38","slug":"10-museos-que-no-puedes-perderte-mallorca","status":"publish","type":"post","link":"https:\/\/www.vacalia.com\/blog\/es\/10-museos-que-no-puedes-perderte-mallorca\/","title":{"rendered":"Los 10 museos que no puedes perderte en Mallorca"},"content":{"rendered":"\n<p>M\u00e1s all\u00e1 de las playas y el sol, la isla balear tambi\u00e9n es un tesoro de cultura e historia. Con una larga tradici\u00f3n art\u00edstica y cultural, <strong><a href=\"https:\/\/www.vacalia.com\/es\/alojamiento-vacacional-mallorca\" target=\"_blank\" rel=\"noreferrer noopener\">Mallorca<\/a><\/strong> ofrece mucho m\u00e1s que relax en sus calas: \u00a1tiene museos que te dejar\u00e1n boquiabierto! Desde arte contempor\u00e1neo hasta fascinantes lecciones de historia mar\u00edtima, hay algo para cada tipo de viajero. Si eres un amante del arte o simplemente buscas una forma diferente de explorar la isla, aqu\u00ed te traigo una selecci\u00f3n de <strong>los<\/strong> <strong>10 museos m\u00e1s interesantes de Mallorca<\/strong>. \u00a1Prep\u00e1rate para un viaje cultural!<\/p>\n\n\n\n<h2 class=\"wp-block-heading has-medium-font-size\"><strong>1. Es Baluard Museu d&#8217;Art Contemporani de Palma<\/strong><\/h2>\n\n\n\n<p><strong>Ubicaci\u00f3n<\/strong>: Palma<\/p>\n\n\n\n<p><strong>Lo que debes saber<\/strong>: Como referente en las Islas Baleares de la creaci\u00f3n art\u00edstica de los siglos XX y XXI, Es Baluard Museu d&#8217;Art Modern i Contemporani de Palma ha sido, desde su apertura en 2004, un espacio fundamental para el arte moderno y contempor\u00e1neo en la regi\u00f3n. El museo no solo ofrece una visi\u00f3n amplia de su vasta colecci\u00f3n, sino que tambi\u00e9n organiza de manera continua exposiciones de renombrados artistas internacionales. Adem\u00e1s, promueve la inclusi\u00f3n de diversas formas art\u00edsticas, como la m\u00fasica, el teatro, la performance, la poes\u00eda y el circo, vinculadas a los movimientos experimentales que han marcado las \u00faltimas d\u00e9cadas.<\/p>\n\n\n\n<p>En sus salas, los visitantes pueden admirar obras de grandes maestros como Picasso, Mir\u00f3, Barcel\u00f3, Sorolla, Rusi\u00f1ol, Mir<strong> <\/strong>y<strong> <\/strong>Anglada-Camarasa<strong>,<\/strong> junto a creaciones de artistas m\u00e1s contempor\u00e1neos como Calatrava<strong> <\/strong>y<strong> <\/strong>Rebecca Horn. Cada uno de estos artistas aporta su visi\u00f3n \u00fanica, haciendo del museo un lugar donde convergen m\u00faltiples estilos y sensibilidades art\u00edsticas.<\/p>\n\n\n\n<p><strong>Consejo viajero<\/strong>: Un consejo especial para quienes visiten el museo es tomarse un tiempo para explorar sus alrededores, especialmente durante el atardecer. El entorno del museo alberga varios conjuntos escult\u00f3ricos vanguardistas que realzan a\u00fan m\u00e1s la experiencia art\u00edstica. Adem\u00e1s, desde sus terrazas se pueden disfrutar de vistas espectaculares de la bah\u00eda de Palma y de la ciudad, que al caer el sol, se tornan simplemente extraordinarias.<\/p>\n\n\n<div class=\"wp-block-image\">\n<figure class=\"aligncenter size-full\"><img fetchpriority=\"high\" decoding=\"async\" width=\"670\" height=\"300\" src=\"https:\/\/www.vacalia.com\/blog\/wp-content\/uploads\/2024\/09\/Es-Baluard-Museu-dArt-Contemporani-de-Palma.jpg\" alt=\"Es Baluard Museu d'Art Contemporani en Palma\" class=\"wp-image-6378\" srcset=\"https:\/\/www.vacalia.com\/blog\/wp-content\/uploads\/2024\/09\/Es-Baluard-Museu-dArt-Contemporani-de-Palma.jpg 670w, https:\/\/www.vacalia.com\/blog\/wp-content\/uploads\/2024\/09\/Es-Baluard-Museu-dArt-Contemporani-de-Palma-300x134.jpg 300w, https:\/\/www.vacalia.com\/blog\/wp-content\/uploads\/2024\/09\/Es-Baluard-Museu-dArt-Contemporani-de-Palma-370x166.jpg 370w\" sizes=\"(max-width: 767px) 100vw, 670px\" \/><figcaption class=\"wp-element-caption\"><em>Es Baluard Museu d&#8217;Art Contemporani en Palma<\/em><\/figcaption><\/figure><\/div>\n\n\n<h2 class=\"wp-block-heading has-medium-font-size\"><strong>2. Fundaci\u00f3n Pilar y Joan Mir\u00f3<\/strong><\/h2>\n\n\n\n<p><strong>Ubicaci\u00f3n<\/strong>: Palma<\/p>\n\n\n\n<p><strong>Lo que debes saber<\/strong>: Joan Mir\u00f3, uno de los grandes genios del arte modernista, encontr\u00f3 en Mallorca su refugio creativo. La Fundaci\u00f3n Pilar y Joan Mir\u00f3 no solo te muestra algunas de sus obras m\u00e1s emblem\u00e1ticas, sino que tambi\u00e9n te permite ver su estudio original, mantenido tal y como \u00e9l lo ten\u00eda y como quiso que se mantuviera, donde el maestro cre\u00f3 muchas de sus obras. \u00a1Es como viajar al interior de su mente art\u00edstica!<\/p>\n\n\n\n<p><strong>Consejo viajero<\/strong>: La visita es muy interesante por el edificio del arquitecto Moneo y el entorno con sus espectaculares vistas. T\u00f3mate tu tiempo para pasear entre las esculturas y admirar las vistas al mar.<\/p>\n\n\n<div class=\"wp-block-image\">\n<figure class=\"aligncenter size-full\"><img decoding=\"async\" width=\"670\" height=\"300\" src=\"https:\/\/www.vacalia.com\/blog\/wp-content\/uploads\/2024\/09\/Fundacion-Pilar-y-Joan-Miro.jpg\" alt=\"Fundaci\u00f3n Pilar y Joan Mir\u00f3 en Palma\" class=\"wp-image-6379\" srcset=\"https:\/\/www.vacalia.com\/blog\/wp-content\/uploads\/2024\/09\/Fundacion-Pilar-y-Joan-Miro.jpg 670w, https:\/\/www.vacalia.com\/blog\/wp-content\/uploads\/2024\/09\/Fundacion-Pilar-y-Joan-Miro-300x134.jpg 300w, https:\/\/www.vacalia.com\/blog\/wp-content\/uploads\/2024\/09\/Fundacion-Pilar-y-Joan-Miro-370x166.jpg 370w\" sizes=\"(max-width: 767px) 100vw, 670px\" \/><figcaption class=\"wp-element-caption\"><em>Fundaci\u00f3n Pilar y Joan Mir\u00f3 en Palma<\/em><\/figcaption><\/figure><\/div>\n\n<div class=\"bannerBlog\"><div class=\"new-card-houses\">\n    <div class=\"likeOut likeDivOut\" style=\"display:none\">\n        <a data-id=\"1356\" class=\"likeOut_button_red likeBtnFav\"\n            aria-label=\"Megusta Vacalia\"><\/a>\n    <\/div>\n    <figure>\n        <img loading=\"lazy\" decoding=\"async\" \n            loading=\"lazy\" width=\"301\" height=\"200\"\n            src=\"\/\/media.vacalia.com\/photo\/reformatwebpfolder\/350\/200\/1356\/thumb-middle\/1356_43da5d4d5e102d8d27ec709fcf7f7a97.webp?v=21092023\"\n            alt=\"Can mar\u00e7al - Alquiler vacacional en sa Indioteria\"\/>\n                                                                        <div class=\"circleDiscount\">-10%<\/div>\n                        <\/figure>\n    <p itemprop=\"address\"><i class=\"ico-marker\"><\/i>sa Indioteria, Mallorca<\/p>\n    <h3 itemprop=\"name\">Can mar\u00e7al<\/h3>\n    <ul class=\"icon_list inline_list\">\n                              <li class=\"ico-pool\" title=\"Piscina\">\n              <span itemprop=\"amenityFeature\">Piscina<\/span>\n            <\/li>\n                      <li class=\"ico-airConditioning\" title=\"Aire Acondicionado\">\n              <span itemprop=\"amenityFeature\">Aire Acondicionado<\/span>\n            <\/li>\n                      <li class=\"ico-wifi\" title=\"Wifi\">\n              <span itemprop=\"amenityFeature\">Wifi<\/span>\n            <\/li>\n                          <li class=\"ico-guests\" title=\"Para 8 hu\u00e9spedes en Sa Indioteria.\">\n          <span itemprop=\"occupancy\">8<\/span>\n        <\/li>\n    <\/ul>\n            <span class=\"price\">Desde 188\u20ac \/ noche<\/span>\n                <a itemprop=\"url\" class=\"anchor\" href=\"https:\/\/www.vacalia.com\/es\/villa-can-maraal-palma-h16148\" aria-label=\"Can mar\u00e7al\"><\/a>\n<\/div><div class=\"new-card-houses\">\n    <div class=\"likeOut likeDivOut\" style=\"display:none\">\n        <a data-id=\"3642\" class=\"likeOut_button_red likeBtnFav\"\n            aria-label=\"Megusta Vacalia\"><\/a>\n    <\/div>\n    <figure>\n        <img loading=\"lazy\" decoding=\"async\" \n            loading=\"lazy\" width=\"301\" height=\"200\"\n            src=\"\/\/media.vacalia.com\/photo\/reformatwebpfolder\/350\/200\/3642\/thumb-middle\/3642_e28d1993a43088de300b9f20db5a81e8.webp?v=21092023\"\n            alt=\"Can tibela - Alquiler vacacional en Palmanyola\"\/>\n                                                                        <div class=\"circleDiscount\">-34%<\/div>\n                        <\/figure>\n    <p itemprop=\"address\"><i class=\"ico-marker\"><\/i>Palmanyola, Mallorca<\/p>\n    <h3 itemprop=\"name\">Can tibela<\/h3>\n    <ul class=\"icon_list inline_list\">\n                              <li class=\"ico-pool\" title=\"Piscina\">\n              <span itemprop=\"amenityFeature\">Piscina<\/span>\n            <\/li>\n                      <li class=\"ico-airConditioning\" title=\"Aire Acondicionado\">\n              <span itemprop=\"amenityFeature\">Aire Acondicionado<\/span>\n            <\/li>\n                      <li class=\"ico-wifi\" title=\"Wifi\">\n              <span itemprop=\"amenityFeature\">Wifi<\/span>\n            <\/li>\n                          <li class=\"ico-guests\" title=\"Para 10 hu\u00e9spedes en Palmanyola.\">\n          <span itemprop=\"occupancy\">10<\/span>\n        <\/li>\n    <\/ul>\n            <span class=\"price\">Desde 441\u20ac \/ noche<\/span>\n                <a itemprop=\"url\" class=\"anchor\" href=\"https:\/\/www.vacalia.com\/es\/villa-can-tibela-bunyola-h24615\" aria-label=\"Can tibela\"><\/a>\n<\/div><\/div>\n\n\n\n<h2 class=\"wp-block-heading has-medium-font-size\"><strong>3. Museu de Mallorca<\/strong><\/h2>\n\n\n\n<p><strong>Ubicaci\u00f3n<\/strong>: Palma<\/p>\n\n\n\n<p><strong>Lo que debes saber<\/strong>: Si quieres conocer la historia de Mallorca en un solo lugar, este es tu museo. Desde restos prehist\u00f3ricos hasta la \u00e9poca romana y medieval, el Museu de Mallorca te ofrece una visi\u00f3n completa de la rica historia de la isla. El edificio en s\u00ed es una joya arquitect\u00f3nica, una antigua mansi\u00f3n del siglo XVII que ya merece una visita.<\/p>\n\n\n\n<p><strong>Consejo viajero<\/strong>: Dedica al menos un par de horas para recorrer todas las salas con calma. Hay tantos detalles que no querr\u00e1s perderte nada.<\/p>\n\n\n<div class=\"wp-block-image\">\n<figure class=\"aligncenter size-full\"><img decoding=\"async\" width=\"670\" height=\"300\" src=\"https:\/\/www.vacalia.com\/blog\/wp-content\/uploads\/2024\/09\/Museu-de-Mallorca.jpg\" alt=\"Museu de Mallorca en Palma \" class=\"wp-image-6380\" srcset=\"https:\/\/www.vacalia.com\/blog\/wp-content\/uploads\/2024\/09\/Museu-de-Mallorca.jpg 670w, https:\/\/www.vacalia.com\/blog\/wp-content\/uploads\/2024\/09\/Museu-de-Mallorca-300x134.jpg 300w, https:\/\/www.vacalia.com\/blog\/wp-content\/uploads\/2024\/09\/Museu-de-Mallorca-370x166.jpg 370w\" sizes=\"(max-width: 767px) 100vw, 670px\" \/><figcaption class=\"wp-element-caption\"><em>Museu de Mallorca en Palma <\/em><\/figcaption><\/figure><\/div>\n\n\n<h2 class=\"wp-block-heading has-medium-font-size\"><strong>4. Museu Sa Bassa Blanca<\/strong><\/h2>\n\n\n\n<p><strong>Ubicaci\u00f3n<\/strong>: Alc\u00fadia<\/p>\n\n\n<div class=\"wp-block-image\">\n<figure class=\"aligncenter size-full\"><img loading=\"lazy\" decoding=\"async\" width=\"670\" height=\"300\" src=\"https:\/\/www.vacalia.com\/blog\/wp-content\/uploads\/2024\/09\/Museu-Sa-Bassa-Blanca.jpg\" alt=\"Museu Sa Bassa Blanca en Alc\u00fadia\" class=\"wp-image-6381\" srcset=\"https:\/\/www.vacalia.com\/blog\/wp-content\/uploads\/2024\/09\/Museu-Sa-Bassa-Blanca.jpg 670w, https:\/\/www.vacalia.com\/blog\/wp-content\/uploads\/2024\/09\/Museu-Sa-Bassa-Blanca-300x134.jpg 300w, https:\/\/www.vacalia.com\/blog\/wp-content\/uploads\/2024\/09\/Museu-Sa-Bassa-Blanca-370x166.jpg 370w\" sizes=\"(max-width: 767px) 100vw, 670px\" \/><figcaption class=\"wp-element-caption\"><em>Museu Sa Bassa Blanca en Alc\u00fadia<\/em><\/figcaption><\/figure><\/div>\n\n\n<p>El <strong>Museo Sa Bassa Blanca<\/strong>, fundado por los artistas Yannick Vu y Ben Jakober, es un verdadero ejemplo de c\u00f3mo el arte, la naturaleza y la arquitectura pueden convivir en armon\u00eda. Este espacio no solo ofrece una impresionante colecci\u00f3n de arte, sino que tambi\u00e9n invita al visitante a disfrutar de su entorno natural. Situado en un enclave geogr\u00e1fico espectacular, el museo permite vivir una experiencia sensorial \u00fanica, donde el arte se mezcla con los sonidos y paisajes de la naturaleza mallorquina. Adem\u00e1s, el enfoque del museo en fomentar el respeto por el medio ambiente convierte la visita en un viaje no solo cultural, sino tambi\u00e9n ecol\u00f3gico. Las vistas desde Sa Bassa Blanca, junto con sus jardines y el parque de esculturas al aire libre, hacen de este lugar un aut\u00e9ntico oasis art\u00edstico en la isla. El museo dispone de gu\u00edas que hablan diferentes idiomas, incluido el alem\u00e1n.&nbsp;<\/p>\n\n\n\n<p><strong>Consejo viajero<\/strong>: Lleva calzado c\u00f3modo, porque te vas a querer perder por el parque de esculturas durante un buen rato.<\/p>\n\n\n<div class=\"wp-block-image\">\n<figure class=\"aligncenter size-full\"><img loading=\"lazy\" decoding=\"async\" width=\"670\" height=\"300\" src=\"https:\/\/www.vacalia.com\/blog\/wp-content\/uploads\/2024\/09\/Museu-Sa-Bassa-Blanca-2.jpg\" alt=\"Museu Sa Bassa Blanca en Alc\u00fadia\" class=\"wp-image-6382\" srcset=\"https:\/\/www.vacalia.com\/blog\/wp-content\/uploads\/2024\/09\/Museu-Sa-Bassa-Blanca-2.jpg 670w, https:\/\/www.vacalia.com\/blog\/wp-content\/uploads\/2024\/09\/Museu-Sa-Bassa-Blanca-2-300x134.jpg 300w, https:\/\/www.vacalia.com\/blog\/wp-content\/uploads\/2024\/09\/Museu-Sa-Bassa-Blanca-2-370x166.jpg 370w\" sizes=\"(max-width: 767px) 100vw, 670px\" \/><figcaption class=\"wp-element-caption\"><em>Museu Sa Bassa Blanca en Alc\u00fadia<\/em><\/figcaption><\/figure><\/div>\n\n<div class=\"bannerBlog\"><div class=\"new-card-houses\">\n    <div class=\"likeOut likeDivOut\" style=\"display:none\">\n        <a data-id=\"1764\" class=\"likeOut_button_red likeBtnFav\"\n            aria-label=\"Megusta Vacalia\"><\/a>\n    <\/div>\n    <figure>\n        <img loading=\"lazy\" decoding=\"async\" \n            loading=\"lazy\" width=\"301\" height=\"200\"\n            src=\"\/\/media.vacalia.com\/photo\/reformatwebpfolder\/350\/200\/1764\/thumb-middle\/1764_827345b8de91730cac3cf694166cb17c.webp?v=21092023\"\n            alt=\"Salzes 5 - Alquiler vacacional en Port d&#039;Alc\u00fadia\"\/>\n                                                                        <div class=\"circleDiscount\">-10%<\/div>\n                        <\/figure>\n    <p itemprop=\"address\"><i class=\"ico-marker\"><\/i>Port d&#039;Alc\u00fadia, Mallorca<\/p>\n    <h3 itemprop=\"name\">Salzes 5<\/h3>\n    <ul class=\"icon_list inline_list\">\n                              <li class=\"ico-airConditioning\" title=\"Aire Acondicionado\">\n              <span itemprop=\"amenityFeature\">Aire Acondicionado<\/span>\n            <\/li>\n                      <li class=\"ico-wifi\" title=\"Wifi\">\n              <span itemprop=\"amenityFeature\">Wifi<\/span>\n            <\/li>\n                      <li class=\"ico-views\" title=\"Vistas\">\n              <span itemprop=\"amenityFeature\">Vistas<\/span>\n            <\/li>\n                          <li class=\"ico-guests\" title=\"Para 4+1   hu\u00e9spedes en Port D&#039;alc\u00fadia.\">\n          <span itemprop=\"occupancy\">4+1  <\/span>\n        <\/li>\n    <\/ul>\n            <span class=\"price\">Desde 170\u20ac \/ noche<\/span>\n                <a itemprop=\"url\" class=\"anchor\" href=\"https:\/\/www.vacalia.com\/es\/casa-vacacional-salzes-5-alcudia-h18614\" aria-label=\"Salzes 5\"><\/a>\n<\/div><div class=\"new-card-houses\">\n    <div class=\"likeOut likeDivOut\" style=\"display:none\">\n        <a data-id=\"1473\" class=\"likeOut_button_red likeBtnFav\"\n            aria-label=\"Megusta Vacalia\"><\/a>\n    <\/div>\n    <figure>\n        <img loading=\"lazy\" decoding=\"async\" \n            loading=\"lazy\" width=\"301\" height=\"200\"\n            src=\"\/\/media.vacalia.com\/photo\/reformatwebpfolder\/350\/200\/1473\/thumb-middle\/1473_2e47ce11c2fe3ac9e0e7f66f586d8aeb.webp?v=21092023\"\n            alt=\"Chillvista - Alquiler vacacional en Platja d&#039;Alc\u00fadia\"\/>\n                                                                        <div class=\"circleDiscount\">-3%<\/div>\n                        <\/figure>\n    <p itemprop=\"address\"><i class=\"ico-marker\"><\/i>Platja d&#039;Alc\u00fadia, Mallorca<\/p>\n    <h3 itemprop=\"name\">Chillvista<\/h3>\n    <ul class=\"icon_list inline_list\">\n                              <li class=\"ico-airConditioning\" title=\"Aire Acondicionado\">\n              <span itemprop=\"amenityFeature\">Aire Acondicionado<\/span>\n            <\/li>\n                      <li class=\"ico-wifi\" title=\"Wifi\">\n              <span itemprop=\"amenityFeature\">Wifi<\/span>\n            <\/li>\n                      <li class=\"ico-views\" title=\"Vistas\">\n              <span itemprop=\"amenityFeature\">Vistas<\/span>\n            <\/li>\n                          <li class=\"ico-guests\" title=\"Para 6 hu\u00e9spedes en Platja D&#039;alc\u00fadia.\">\n          <span itemprop=\"occupancy\">6<\/span>\n        <\/li>\n    <\/ul>\n            <span class=\"price\">Desde 158\u20ac \/ noche<\/span>\n                <a itemprop=\"url\" class=\"anchor\" href=\"https:\/\/www.vacalia.com\/es\/apartamento-chillvista-alcudia-h20189\" aria-label=\"Chillvista\"><\/a>\n<\/div><\/div>\n\n\n\n<h2 class=\"wp-block-heading has-medium-font-size\"><strong>5. Museu Fundaci\u00f3n Juan March<\/strong><\/h2>\n\n\n\n<p><strong>Ubicaci\u00f3n<\/strong>: Palma<\/p>\n\n\n\n<p><strong>Lo que debes saber<\/strong>: Este museo es el sue\u00f1o de cualquier amante del arte espa\u00f1ol. Cuenta con obras de T\u00e0pies, Mir\u00f3, Dal\u00ed, Chillida, Barcel\u00f3, Juan Gris, \u2026 entre otros. La entrada es gratuita. No solo es recomendable para ver las obras de arte sino tambi\u00e9n el propio edificio. La Fundaci\u00f3n Juan March se encuentra en un precioso edificio del siglo XVII en el coraz\u00f3n de Palma, lo que lo convierte en un punto ideal para combinar arte y paseo por la ciudad.<\/p>\n\n\n\n<p><strong>Consejo viajero<\/strong>: Aprovecha la visita para conocer otros edificios hist\u00f3ricos de Palma que est\u00e1n cerca, como la Catedral y el Palacio de la Almudaina.<\/p>\n\n\n<div class=\"wp-block-image\">\n<figure class=\"aligncenter size-full\"><img loading=\"lazy\" decoding=\"async\" width=\"670\" height=\"300\" src=\"https:\/\/www.vacalia.com\/blog\/wp-content\/uploads\/2024\/09\/museu-fundacion-juan-march.jpg\" alt=\"Museu Fundaci\u00f3n Juan March en Palma\" class=\"wp-image-6383\" srcset=\"https:\/\/www.vacalia.com\/blog\/wp-content\/uploads\/2024\/09\/museu-fundacion-juan-march.jpg 670w, https:\/\/www.vacalia.com\/blog\/wp-content\/uploads\/2024\/09\/museu-fundacion-juan-march-300x134.jpg 300w, https:\/\/www.vacalia.com\/blog\/wp-content\/uploads\/2024\/09\/museu-fundacion-juan-march-370x166.jpg 370w\" sizes=\"(max-width: 767px) 100vw, 670px\" \/><figcaption class=\"wp-element-caption\"><em>Museu Fundaci\u00f3n Juan March en Palma<\/em><\/figcaption><\/figure><\/div>\n\n\n<h2 class=\"wp-block-heading has-medium-font-size\"><strong>6. Museu de la Mar<\/strong><\/h2>\n\n\n\n<p><strong>Ubicaci\u00f3n<\/strong>: <strong><a href=\"https:\/\/www.vacalia.com\/es\/soller-mallorca-p1399\" target=\"_blank\" rel=\"noreferrer noopener\">S\u00f3ller<\/a><\/strong><\/p>\n\n\n\n<p><strong>Lo que debes saber<\/strong>: Este peque\u00f1o pero encantador museo te cuenta la historia mar\u00edtima de S\u00f3ller, un pueblo que siempre ha vivido en estrecha relaci\u00f3n con el mar. La colecci\u00f3n incluye desde antiguos mapas y herramientas de navegaci\u00f3n hasta maquetas de barcos, y te muestra c\u00f3mo la vida de los habitantes de S\u00f3ller ha estado marcada por el Mediterr\u00e1neo. Adem\u00e1s, el edificio est\u00e1 en lo alto de un acantilado, as\u00ed que las vistas al puerto son simplemente espectaculares.<\/p>\n\n\n\n<p><strong>Consejo viajero<\/strong>: Despu\u00e9s de la visita, date un paseo por el puerto de S\u00f3ller y disfruta de una comida junto al mar. \u00a1El pescado fresco aqu\u00ed es delicioso!<\/p>\n\n\n<div class=\"wp-block-image\">\n<figure class=\"aligncenter size-full\"><img loading=\"lazy\" decoding=\"async\" width=\"670\" height=\"300\" src=\"https:\/\/www.vacalia.com\/blog\/wp-content\/uploads\/2024\/09\/Museu-de-la-Mar.jpg\" alt=\"Museu de la Mar en S\u00f3ller\" class=\"wp-image-6384\" srcset=\"https:\/\/www.vacalia.com\/blog\/wp-content\/uploads\/2024\/09\/Museu-de-la-Mar.jpg 670w, https:\/\/www.vacalia.com\/blog\/wp-content\/uploads\/2024\/09\/Museu-de-la-Mar-300x134.jpg 300w, https:\/\/www.vacalia.com\/blog\/wp-content\/uploads\/2024\/09\/Museu-de-la-Mar-370x166.jpg 370w\" sizes=\"(max-width: 767px) 100vw, 670px\" \/><figcaption class=\"wp-element-caption\"><em>Museu de la Mar<\/em> <em>en S\u00f3ller<\/em><\/figcaption><\/figure><\/div>\n\n<div class=\"bannerBlog\"><div class=\"new-card-houses\">\n    <div class=\"likeOut likeDivOut\" style=\"display:none\">\n        <a data-id=\"2373\" class=\"likeOut_button_red likeBtnFav\"\n            aria-label=\"Megusta Vacalia\"><\/a>\n    <\/div>\n    <figure>\n        <img loading=\"lazy\" decoding=\"async\" \n            loading=\"lazy\" width=\"301\" height=\"200\"\n            src=\"\/\/media.vacalia.com\/photo\/reformatwebpfolder\/350\/200\/2373\/thumb-middle\/2373_0c5b1736614b289a27ed1d2b80a5f2fd.webp?v=21092023\"\n            alt=\"Can sucre - Alquiler vacacional en S\u00f3ller\"\/>\n                                                                        <div class=\"circleDiscount\">-20%<\/div>\n                        <\/figure>\n    <p itemprop=\"address\"><i class=\"ico-marker\"><\/i>S\u00f3ller, Mallorca<\/p>\n    <h3 itemprop=\"name\">Can sucre<\/h3>\n    <ul class=\"icon_list inline_list\">\n                              <li class=\"ico-pool\" title=\"Piscina\">\n              <span itemprop=\"amenityFeature\">Piscina<\/span>\n            <\/li>\n                      <li class=\"ico-airConditioning\" title=\"Aire Acondicionado\">\n              <span itemprop=\"amenityFeature\">Aire Acondicionado<\/span>\n            <\/li>\n                      <li class=\"ico-wifi\" title=\"Wifi\">\n              <span itemprop=\"amenityFeature\">Wifi<\/span>\n            <\/li>\n                          <li class=\"ico-guests\" title=\"Para 6 hu\u00e9spedes en S\u00f3ller.\">\n          <span itemprop=\"occupancy\">6<\/span>\n        <\/li>\n    <\/ul>\n            <span class=\"price\">Desde 140\u20ac \/ noche<\/span>\n                <a itemprop=\"url\" class=\"anchor\" href=\"https:\/\/www.vacalia.com\/es\/casa-vacacional-can-sucre-soller-h17978\" aria-label=\"Can sucre\"><\/a>\n<\/div><div class=\"new-card-houses\">\n    <div class=\"likeOut likeDivOut\" style=\"display:none\">\n        <a data-id=\"2420\" class=\"likeOut_button_red likeBtnFav\"\n            aria-label=\"Megusta Vacalia\"><\/a>\n    <\/div>\n    <figure>\n        <img loading=\"lazy\" decoding=\"async\" \n            loading=\"lazy\" width=\"301\" height=\"200\"\n            src=\"\/\/media.vacalia.com\/photo\/reformatwebpfolder\/350\/200\/2420\/thumb-middle\/2420_a2c12ba264a9d7585843224857a0437e.webp?v=21092023\"\n            alt=\"Son bou - Alquiler vacacional en S\u00f3ller\"\/>\n                                                                        <div class=\"circleDiscount\">-5%<\/div>\n                        <\/figure>\n    <p itemprop=\"address\"><i class=\"ico-marker\"><\/i>S\u00f3ller, Mallorca<\/p>\n    <h3 itemprop=\"name\">Son bou<\/h3>\n    <ul class=\"icon_list inline_list\">\n                              <li class=\"ico-pool\" title=\"Piscina\">\n              <span itemprop=\"amenityFeature\">Piscina<\/span>\n            <\/li>\n                      <li class=\"ico-wifi\" title=\"Wifi\">\n              <span itemprop=\"amenityFeature\">Wifi<\/span>\n            <\/li>\n                          <li class=\"ico-guests\" title=\"Para 2+1   hu\u00e9spedes en S\u00f3ller.\">\n          <span itemprop=\"occupancy\">2+1  <\/span>\n        <\/li>\n    <\/ul>\n            <span class=\"price\">Desde 278\u20ac \/ noche<\/span>\n                <a itemprop=\"url\" class=\"anchor\" href=\"https:\/\/www.vacalia.com\/es\/villa-son-bou-soller-h18179\" aria-label=\"Son bou\"><\/a>\n<\/div><\/div>\n\n\n\n<h2 class=\"wp-block-heading has-medium-font-size\"><strong>7. Museu del Cal\u00e7at <\/strong>i la Industria<\/h2>\n\n\n\n<p><strong>Ubicaci\u00f3n<\/strong>: <strong><a href=\"https:\/\/www.vacalia.com\/es\/inca-mallorca-p1325\" target=\"_blank\" rel=\"noreferrer noopener\">Inca<\/a><\/strong><\/p>\n\n\n\n<p><strong>Lo que debes saber<\/strong>: Si quieres conocer el lado m\u00e1s tradicional de Mallorca, este museo es una ventana a la historia de la industria del calzado y la piel en la isla. Inca ha sido hist\u00f3ricamente un centro de fabricaci\u00f3n de calzado, y este museo te muestra c\u00f3mo ha evolucionado la producci\u00f3n a lo largo de los siglos. Es un museo peque\u00f1o pero lleno de encanto, y te har\u00e1 apreciar los zapatos de una manera completamente nueva.<\/p>\n\n\n\n<p><strong>Consejo viajero<\/strong>: Si tienes tiempo, date una vuelta por las tiendas de calzado de Inca. \u00a1Seguro encuentras alg\u00fan par de zapatos hechos a mano que querr\u00e1s llevarte a casa!<\/p>\n\n\n<div class=\"wp-block-image\">\n<figure class=\"aligncenter size-full\"><img loading=\"lazy\" decoding=\"async\" width=\"670\" height=\"300\" src=\"https:\/\/www.vacalia.com\/blog\/wp-content\/uploads\/2024\/09\/Museu-del-Calcat-y-de-la-Piel.jpg\" alt=\"Museu del Cal\u00e7at i la Industria en Inca\" class=\"wp-image-6385\" srcset=\"https:\/\/www.vacalia.com\/blog\/wp-content\/uploads\/2024\/09\/Museu-del-Calcat-y-de-la-Piel.jpg 670w, https:\/\/www.vacalia.com\/blog\/wp-content\/uploads\/2024\/09\/Museu-del-Calcat-y-de-la-Piel-300x134.jpg 300w, https:\/\/www.vacalia.com\/blog\/wp-content\/uploads\/2024\/09\/Museu-del-Calcat-y-de-la-Piel-370x166.jpg 370w\" sizes=\"(max-width: 767px) 100vw, 670px\" \/><figcaption class=\"wp-element-caption\"><em>Museu del Cal\u00e7at i la Industria en Inca<\/em><\/figcaption><\/figure><\/div>\n\n<div class=\"bannerBlog\"><div class=\"new-card-houses\">\n    <div class=\"likeOut likeDivOut\" style=\"display:none\">\n        <a data-id=\"4041\" class=\"likeOut_button_red likeBtnFav\"\n            aria-label=\"Megusta Vacalia\"><\/a>\n    <\/div>\n    <figure>\n        <img loading=\"lazy\" decoding=\"async\" \n            loading=\"lazy\" width=\"301\" height=\"200\"\n            src=\"\/\/media.vacalia.com\/photo\/reformatwebpfolder\/350\/200\/4041\/thumb-middle\/4041_1c8244c3ab9a41551b84369ccede9617.webp?v=21092023\"\n            alt=\"Son figuerola - Alquiler vacacional en Inca\"\/>\n                                                                        <div class=\"circleDiscount\">-29%<\/div>\n                        <\/figure>\n    <p itemprop=\"address\"><i class=\"ico-marker\"><\/i>Inca, Mallorca<\/p>\n    <h3 itemprop=\"name\">Son figuerola<\/h3>\n    <ul class=\"icon_list inline_list\">\n                              <li class=\"ico-pool\" title=\"Piscina\">\n              <span itemprop=\"amenityFeature\">Piscina<\/span>\n            <\/li>\n                      <li class=\"ico-airConditioning\" title=\"Aire Acondicionado\">\n              <span itemprop=\"amenityFeature\">Aire Acondicionado<\/span>\n            <\/li>\n                      <li class=\"ico-wifi\" title=\"Wifi\">\n              <span itemprop=\"amenityFeature\">Wifi<\/span>\n            <\/li>\n                          <li class=\"ico-guests\" title=\"Para 8 hu\u00e9spedes en Inca.\">\n          <span itemprop=\"occupancy\">8<\/span>\n        <\/li>\n    <\/ul>\n            <span class=\"price\">Desde 182\u20ac \/ noche<\/span>\n                <a itemprop=\"url\" class=\"anchor\" href=\"https:\/\/www.vacalia.com\/es\/villa-son-figuerola-inca-h29407\" aria-label=\"Son figuerola\"><\/a>\n<\/div><div class=\"new-card-houses\">\n    <div class=\"likeOut likeDivOut\" style=\"display:none\">\n        <a data-id=\"370\" class=\"likeOut_button_red likeBtnFav\"\n            aria-label=\"Megusta Vacalia\"><\/a>\n    <\/div>\n    <figure>\n        <img loading=\"lazy\" decoding=\"async\" \n            loading=\"lazy\" width=\"301\" height=\"200\"\n            src=\"\/\/media.vacalia.com\/photo\/reformatwebpfolder\/350\/200\/370\/thumb-middle\/370_84fc8c0797e3c7bf8c9425026105776b.webp?v=21092023\"\n            alt=\"Can rafalino - Alquiler vacacional en Inca\"\/>\n                                                                        <div class=\"circleDiscount\">-10%<\/div>\n                        <\/figure>\n    <p itemprop=\"address\"><i class=\"ico-marker\"><\/i>Inca, Mallorca<\/p>\n    <h3 itemprop=\"name\">Can rafalino<\/h3>\n    <ul class=\"icon_list inline_list\">\n                              <li class=\"ico-pool\" title=\"Piscina\">\n              <span itemprop=\"amenityFeature\">Piscina<\/span>\n            <\/li>\n                      <li class=\"ico-airConditioning\" title=\"Aire Acondicionado\">\n              <span itemprop=\"amenityFeature\">Aire Acondicionado<\/span>\n            <\/li>\n                      <li class=\"ico-wifi\" title=\"Wifi\">\n              <span itemprop=\"amenityFeature\">Wifi<\/span>\n            <\/li>\n                      <li class=\"ico-pets\" title=\"Mascotas\">\n              <span itemprop=\"amenityFeature\">Mascotas<\/span>\n            <\/li>\n                          <li class=\"ico-guests\" title=\"Para 6 hu\u00e9spedes en Inca.\">\n          <span itemprop=\"occupancy\">6<\/span>\n        <\/li>\n    <\/ul>\n            <span class=\"price\">Desde 161\u20ac \/ noche<\/span>\n                <a itemprop=\"url\" class=\"anchor\" href=\"https:\/\/www.vacalia.com\/es\/villa-can-rafalino-inca-h15218\" aria-label=\"Can rafalino\"><\/a>\n<\/div><\/div>\n\n\n\n<h2 class=\"wp-block-heading has-medium-font-size\"><strong>8. Museo del Vidrio Gordiola<\/strong><\/h2>\n\n\n\n<p><strong>Ubicaci\u00f3n<\/strong>: <strong><a href=\"https:\/\/www.vacalia.com\/es\/algaida-p731\" target=\"_blank\" rel=\"noreferrer noopener\">Algaida<\/a><\/strong><\/p>\n\n\n\n<p><strong>Lo que debes saber<\/strong>: \u00bfTe fascina el arte del vidrio? Entonces no puedes perderte este museo. La f\u00e1brica de vidrio Gordiola lleva produciendo vidrio soplado desde el siglo XVIII, y hoy en d\u00eda puedes ver a los artesanos trabajar en vivo. Adem\u00e1s de las demostraciones, el museo exhibe piezas hist\u00f3ricas de vidrio de todas partes del mundo. El museo se encuentra en el interior de una peque\u00f1a fortaleza.&nbsp;<\/p>\n\n\n\n<p><strong>Consejo viajero<\/strong>: No te vayas sin comprar una pieza de vidrio como un aut\u00e9ntico recuerdo de artesan\u00eda de Mallorca.<\/p>\n\n\n<div class=\"wp-block-image\">\n<figure class=\"aligncenter size-full\"><img loading=\"lazy\" decoding=\"async\" width=\"670\" height=\"300\" src=\"https:\/\/www.vacalia.com\/blog\/wp-content\/uploads\/2024\/09\/Museo-del-Vidrio-Gordiola.jpg\" alt=\"Museo del Vidrio Gordiola en Algaida\" class=\"wp-image-6386\" srcset=\"https:\/\/www.vacalia.com\/blog\/wp-content\/uploads\/2024\/09\/Museo-del-Vidrio-Gordiola.jpg 670w, https:\/\/www.vacalia.com\/blog\/wp-content\/uploads\/2024\/09\/Museo-del-Vidrio-Gordiola-300x134.jpg 300w, https:\/\/www.vacalia.com\/blog\/wp-content\/uploads\/2024\/09\/Museo-del-Vidrio-Gordiola-370x166.jpg 370w\" sizes=\"(max-width: 767px) 100vw, 670px\" \/><figcaption class=\"wp-element-caption\"><em>Museo del Vidrio Gordiola en Algaida<\/em><\/figcaption><\/figure><\/div>\n\n<div class=\"bannerBlog\"><div class=\"new-card-houses\">\n    <div class=\"likeOut likeDivOut\" style=\"display:none\">\n        <a data-id=\"3561\" class=\"likeOut_button_red likeBtnFav\"\n            aria-label=\"Megusta Vacalia\"><\/a>\n    <\/div>\n    <figure>\n        <img loading=\"lazy\" decoding=\"async\" \n            loading=\"lazy\" width=\"301\" height=\"200\"\n            src=\"\/\/media.vacalia.com\/photo\/reformatwebpfolder\/350\/200\/3561\/thumb-middle\/3561_3662d16d9913270fec0429b89d5a1927.webp?v=21092023\"\n            alt=\"Sa teulera de pina - Alquiler vacacional en Pina\"\/>\n                                                                        <div class=\"circleDiscount\">-5%<\/div>\n                        <\/figure>\n    <p itemprop=\"address\"><i class=\"ico-marker\"><\/i>Pina, Mallorca<\/p>\n    <h3 itemprop=\"name\">Sa teulera de pina<\/h3>\n    <ul class=\"icon_list inline_list\">\n                              <li class=\"ico-pool\" title=\"Piscina\">\n              <span itemprop=\"amenityFeature\">Piscina<\/span>\n            <\/li>\n                      <li class=\"ico-airConditioning\" title=\"Aire Acondicionado\">\n              <span itemprop=\"amenityFeature\">Aire Acondicionado<\/span>\n            <\/li>\n                      <li class=\"ico-wifi\" title=\"Wifi\">\n              <span itemprop=\"amenityFeature\">Wifi<\/span>\n            <\/li>\n                      <li class=\"ico-pets\" title=\"Mascotas\">\n              <span itemprop=\"amenityFeature\">Mascotas<\/span>\n            <\/li>\n                          <li class=\"ico-guests\" title=\"Para 6 hu\u00e9spedes en Pina.\">\n          <span itemprop=\"occupancy\">6<\/span>\n        <\/li>\n    <\/ul>\n            <span class=\"price\">Desde 198\u20ac \/ noche<\/span>\n                <a itemprop=\"url\" class=\"anchor\" href=\"https:\/\/www.vacalia.com\/es\/villa-sa-teulera-de-pina-algaida-h24197\" aria-label=\"Sa teulera de pina\"><\/a>\n<\/div><div class=\"new-card-houses\">\n    <div class=\"likeOut likeDivOut\" style=\"display:none\">\n        <a data-id=\"2710\" class=\"likeOut_button_red likeBtnFav\"\n            aria-label=\"Megusta Vacalia\"><\/a>\n    <\/div>\n    <figure>\n        <img loading=\"lazy\" decoding=\"async\" \n            loading=\"lazy\" width=\"301\" height=\"200\"\n            src=\"\/\/media.vacalia.com\/photo\/reformatwebpfolder\/350\/200\/2710\/thumb-middle\/2710_f3ab520931dbfbab72fc909d6cecf584.webp?v=21092023\"\n            alt=\"Gina - Alquiler vacacional en Algaida\"\/>\n                                                                        <div class=\"circleDiscount\">-29%<\/div>\n                        <\/figure>\n    <p itemprop=\"address\"><i class=\"ico-marker\"><\/i>Algaida, Mallorca<\/p>\n    <h3 itemprop=\"name\">Gina<\/h3>\n    <ul class=\"icon_list inline_list\">\n                              <li class=\"ico-pool\" title=\"Piscina\">\n              <span itemprop=\"amenityFeature\">Piscina<\/span>\n            <\/li>\n                      <li class=\"ico-airConditioning\" title=\"Aire Acondicionado\">\n              <span itemprop=\"amenityFeature\">Aire Acondicionado<\/span>\n            <\/li>\n                      <li class=\"ico-wifi\" title=\"Wifi\">\n              <span itemprop=\"amenityFeature\">Wifi<\/span>\n            <\/li>\n                          <li class=\"ico-guests\" title=\"Para 8 hu\u00e9spedes en Algaida.\">\n          <span itemprop=\"occupancy\">8<\/span>\n        <\/li>\n    <\/ul>\n            <span class=\"price\">Desde 164\u20ac \/ noche<\/span>\n                <a itemprop=\"url\" class=\"anchor\" href=\"https:\/\/www.vacalia.com\/es\/villa-gina-algaida-h19010\" aria-label=\"Gina\"><\/a>\n<\/div><\/div>\n\n\n\n<h2 class=\"wp-block-heading has-medium-font-size\"><strong>9. Museu Etnol\u00f2gic de Muro<\/strong><\/h2>\n\n\n\n<p><strong>Ubicaci\u00f3n<\/strong>: Muro<\/p>\n\n\n\n<p><strong>Lo que debes saber<\/strong>: La secci\u00f3n etnol\u00f3gica del Museo de Mallorca, ubicada en una casa cedida en 1965 por el arquitecto Gabriel Alomar i Esteve, exhibe herramientas agr\u00edcolas, cer\u00e1mica popular y una farmacia del siglo XIX. La planta baja recrea una casa tradicional, mientras que la superior muestra utensilios de campo y cer\u00e1mica. En el corral hay una noria restaurada y objetos de transporte animal. Un segundo edificio, m\u00e1s modesto, alberga herramientas de oficios tradicionales como herrer\u00eda y zapater\u00eda.<\/p>\n\n\n\n<p><strong>Consejo viajero<\/strong>: Muro es un pueblo residencial con tiendas y servicios para el d\u00eda a d\u00eda. Los domingos tiene un mercado de productos frescos, y algunos mi\u00e9rcoles por la noche, un mercado en la playa de Muro ofrece artesan\u00eda local.<\/p>\n\n\n<div class=\"wp-block-image\">\n<figure class=\"aligncenter size-full\"><img loading=\"lazy\" decoding=\"async\" width=\"670\" height=\"300\" src=\"https:\/\/www.vacalia.com\/blog\/wp-content\/uploads\/2024\/09\/Museu-Etnologic-de-Muro.jpg\" alt=\"Museu Etnol\u00f2gic de Muro\" class=\"wp-image-6387\" srcset=\"https:\/\/www.vacalia.com\/blog\/wp-content\/uploads\/2024\/09\/Museu-Etnologic-de-Muro.jpg 670w, https:\/\/www.vacalia.com\/blog\/wp-content\/uploads\/2024\/09\/Museu-Etnologic-de-Muro-300x134.jpg 300w, https:\/\/www.vacalia.com\/blog\/wp-content\/uploads\/2024\/09\/Museu-Etnologic-de-Muro-370x166.jpg 370w\" sizes=\"(max-width: 767px) 100vw, 670px\" \/><figcaption class=\"wp-element-caption\"><em>Museu Etnol\u00f2gic de Muro<\/em><\/figcaption><\/figure><\/div>\n\n<div class=\"bannerBlog\"><div class=\"new-card-houses\">\n    <div class=\"likeOut likeDivOut\" style=\"display:none\">\n        <a data-id=\"1456\" class=\"likeOut_button_red likeBtnFav\"\n            aria-label=\"Megusta Vacalia\"><\/a>\n    <\/div>\n    <figure>\n        <img loading=\"lazy\" decoding=\"async\" \n            loading=\"lazy\" width=\"301\" height=\"200\"\n            src=\"\/\/media.vacalia.com\/photo\/reformatwebpfolder\/350\/200\/1456\/thumb-middle\/1456_71f3e19e80b40558efb1f77254630345.webp?v=21092023\"\n            alt=\"Villa isabel - Alquiler vacacional en Platja de Muro\"\/>\n                                                                        <div class=\"circleDiscount\">-4%<\/div>\n                        <\/figure>\n    <p itemprop=\"address\"><i class=\"ico-marker\"><\/i>Platja de Muro, Mallorca<\/p>\n    <h3 itemprop=\"name\">Villa isabel<\/h3>\n    <ul class=\"icon_list inline_list\">\n                              <li class=\"ico-airConditioning\" title=\"Aire Acondicionado\">\n              <span itemprop=\"amenityFeature\">Aire Acondicionado<\/span>\n            <\/li>\n                      <li class=\"ico-wifi\" title=\"Wifi\">\n              <span itemprop=\"amenityFeature\">Wifi<\/span>\n            <\/li>\n                          <li class=\"ico-guests\" title=\"Para 8 hu\u00e9spedes en Platja De Muro.\">\n          <span itemprop=\"occupancy\">8<\/span>\n        <\/li>\n    <\/ul>\n            <span class=\"price\">Desde 250\u20ac \/ noche<\/span>\n                <a itemprop=\"url\" class=\"anchor\" href=\"https:\/\/www.vacalia.com\/es\/casa-vacacional-villa-isabel-muro-h16301\" aria-label=\"Villa isabel\"><\/a>\n<\/div><div class=\"new-card-houses\">\n    <div class=\"likeOut likeDivOut\" style=\"display:none\">\n        <a data-id=\"2403\" class=\"likeOut_button_red likeBtnFav\"\n            aria-label=\"Megusta Vacalia\"><\/a>\n    <\/div>\n    <figure>\n        <img loading=\"lazy\" decoding=\"async\" \n            loading=\"lazy\" width=\"301\" height=\"200\"\n            src=\"\/\/media.vacalia.com\/photo\/reformatwebpfolder\/350\/200\/2403\/thumb-middle\/2403_f6a889196b5762733d7873c6e1a9e2d2.webp?v=21092023\"\n            alt=\"Sa marjal - Alquiler vacacional en Muro\"\/>\n                                                                        <div class=\"circleDiscount\">-10%<\/div>\n                        <\/figure>\n    <p itemprop=\"address\"><i class=\"ico-marker\"><\/i>Muro, Mallorca<\/p>\n    <h3 itemprop=\"name\">Sa marjal<\/h3>\n    <ul class=\"icon_list inline_list\">\n                              <li class=\"ico-pool\" title=\"Piscina\">\n              <span itemprop=\"amenityFeature\">Piscina<\/span>\n            <\/li>\n                      <li class=\"ico-wifi\" title=\"Wifi\">\n              <span itemprop=\"amenityFeature\">Wifi<\/span>\n            <\/li>\n                          <li class=\"ico-guests\" title=\"Para 3 hu\u00e9spedes en Muro.\">\n          <span itemprop=\"occupancy\">3<\/span>\n        <\/li>\n    <\/ul>\n            <span class=\"price\">Desde 134\u20ac \/ noche<\/span>\n                <a itemprop=\"url\" class=\"anchor\" href=\"https:\/\/www.vacalia.com\/es\/casa-vacacional-sa-marjal-muro-h18227\" aria-label=\"Sa marjal\"><\/a>\n<\/div><\/div>\n\n\n\n<h2 class=\"wp-block-heading has-medium-font-size\"><strong>10. Museu Dioces\u00e0 de Mallorca<\/strong><\/h2>\n\n\n\n<p><strong>Ubicaci\u00f3n<\/strong>: Palma<\/p>\n\n\n\n<p><strong>Lo que debes saber<\/strong>: El Museo Diocesano de Mallorca, inaugurado en 1916 y renovado en 2007, alberga una colecci\u00f3n de arte religioso desde el paleocristianismo hasta el siglo XX. Est\u00e1 ubicado en el palacio episcopal y cuenta con unas 200 obras procedentes de conventos, iglesias y donaciones. La exposici\u00f3n incluye pintura, escultura, cer\u00e1mica, mobiliario y un espacio dedicado a Antoni Gaud\u00ed<strong>.<\/strong> Adem\u00e1s, ofrece exposiciones temporales, visitas guiadas y talleres educativos.<\/p>\n\n\n\n<p><strong>Consejo viajero<\/strong>: Aprovecha las visitas guiadas si est\u00e1n disponibles, ya que te ofrecer\u00e1n una comprensi\u00f3n m\u00e1s profunda de las piezas y su relevancia en la historia.<\/p>\n\n\n<div class=\"wp-block-image\">\n<figure class=\"aligncenter size-full\"><img loading=\"lazy\" decoding=\"async\" width=\"670\" height=\"300\" src=\"https:\/\/www.vacalia.com\/blog\/wp-content\/uploads\/2024\/09\/Museu-Diocesa-de-Mallorca-1.jpg\" alt=\"Museu Dioces\u00e0 de Mallorca en Palma\" class=\"wp-image-6389\" srcset=\"https:\/\/www.vacalia.com\/blog\/wp-content\/uploads\/2024\/09\/Museu-Diocesa-de-Mallorca-1.jpg 670w, https:\/\/www.vacalia.com\/blog\/wp-content\/uploads\/2024\/09\/Museu-Diocesa-de-Mallorca-1-300x134.jpg 300w, https:\/\/www.vacalia.com\/blog\/wp-content\/uploads\/2024\/09\/Museu-Diocesa-de-Mallorca-1-370x166.jpg 370w\" sizes=\"(max-width: 767px) 100vw, 670px\" \/><figcaption class=\"wp-element-caption\"><em>Museu Dioces\u00e0 de Mallorca en Palma<\/em><\/figcaption><\/figure><\/div>\n\n<div class=\"bannerBlog\"><div class=\"new-card-houses\">\n    <div class=\"likeOut likeDivOut\" style=\"display:none\">\n        <a data-id=\"5660\" class=\"likeOut_button_red likeBtnFav\"\n            aria-label=\"Megusta Vacalia\"><\/a>\n    <\/div>\n    <figure>\n        <img loading=\"lazy\" decoding=\"async\" \n            loading=\"lazy\" width=\"301\" height=\"200\"\n            src=\"\/\/media.vacalia.com\/photo\/reformatwebpfolder\/350\/200\/5660\/thumb-middle\/5660_3dddca77e5d2e5d6ccdab8a6a7cfef74.webp?v=21092023\"\n            alt=\"Residencial suites valldemossa - Alquiler vacacional en Valldemossa\"\/>\n                                                                        <div class=\"circleDiscount\">-15%<\/div>\n                        <\/figure>\n    <p itemprop=\"address\"><i class=\"ico-marker\"><\/i>Valldemossa, Mallorca<\/p>\n    <h3 itemprop=\"name\">Residencial suites valldemossa<\/h3>\n    <ul class=\"icon_list inline_list\">\n                              <li class=\"ico-airConditioning\" title=\"Aire Acondicionado\">\n              <span itemprop=\"amenityFeature\">Aire Acondicionado<\/span>\n            <\/li>\n                      <li class=\"ico-wifi\" title=\"Wifi\">\n              <span itemprop=\"amenityFeature\">Wifi<\/span>\n            <\/li>\n                          <li class=\"ico-guests\" title=\"Para 4+1   hu\u00e9spedes en Valldemossa.\">\n          <span itemprop=\"occupancy\">4+1  <\/span>\n        <\/li>\n    <\/ul>\n            <span class=\"price\">Desde 133\u20ac \/ noche<\/span>\n                <a itemprop=\"url\" class=\"anchor\" href=\"https:\/\/www.vacalia.com\/es\/apartamento-residencial-suites-valldemossa-valldemossa-h32407\" aria-label=\"Residencial suites valldemossa\"><\/a>\n<\/div><div class=\"new-card-houses\">\n    <div class=\"likeOut likeDivOut\" style=\"display:none\">\n        <a data-id=\"391\" class=\"likeOut_button_red likeBtnFav\"\n            aria-label=\"Megusta Vacalia\"><\/a>\n    <\/div>\n    <figure>\n        <img loading=\"lazy\" decoding=\"async\" \n            loading=\"lazy\" width=\"301\" height=\"200\"\n            src=\"\/\/media.vacalia.com\/photo\/reformatwebpfolder\/350\/200\/391\/thumb-middle\/391_8d71f694cf5b87f19d29671624d3b7e9.webp?v=21092023\"\n            alt=\"Can cirerol - Alquiler vacacional en Portocolom\"\/>\n                                                                        <div class=\"circleDiscount\">-6%<\/div>\n                        <\/figure>\n    <p itemprop=\"address\"><i class=\"ico-marker\"><\/i>Portocolom, Mallorca<\/p>\n    <h3 itemprop=\"name\">Can cirerol<\/h3>\n    <ul class=\"icon_list inline_list\">\n                              <li class=\"ico-pool\" title=\"Piscina\">\n              <span itemprop=\"amenityFeature\">Piscina<\/span>\n            <\/li>\n                      <li class=\"ico-wifi\" title=\"Wifi\">\n              <span itemprop=\"amenityFeature\">Wifi<\/span>\n            <\/li>\n                          <li class=\"ico-guests\" title=\"Para 9 hu\u00e9spedes en Portocolom.\">\n          <span itemprop=\"occupancy\">9<\/span>\n        <\/li>\n    <\/ul>\n            <span class=\"price\">Desde 293\u20ac \/ noche<\/span>\n                <a itemprop=\"url\" class=\"anchor\" href=\"https:\/\/www.vacalia.com\/es\/villa-can-cirerol-felanitx-h15260\" aria-label=\"Can cirerol\"><\/a>\n<\/div><\/div>\n","protected":false},"excerpt":{"rendered":"<p>M\u00e1s all\u00e1 de las playas y el sol, la isla balear tambi\u00e9n es un tesoro de cultura e historia. Con una larga tradici\u00f3n art\u00edstica y cultural, Mallorca ofrece mucho m\u00e1s&hellip;<\/p>\n","protected":false},"author":1,"featured_media":6439,"comment_status":"closed","ping_status":"open","sticky":false,"template":"","format":"standard","meta":{"_monsterinsights_skip_tracking":false,"_monsterinsights_sitenote_active":false,"_monsterinsights_sitenote_note":"","_monsterinsights_sitenote_category":0,"footnotes":""},"categories":[373,442,1,412],"tags":[],"class_list":["post-6377","post","type-post","status-publish","format-standard","has-post-thumbnail","hentry","category-mallorca-es","category-que-ver-en-mallorca","category-general-es","category-guias-de-mallorca"],"_links":{"self":[{"href":"https:\/\/www.vacalia.com\/blog\/wp-json\/wp\/v2\/posts\/6377"}],"collection":[{"href":"https:\/\/www.vacalia.com\/blog\/wp-json\/wp\/v2\/posts"}],"about":[{"href":"https:\/\/www.vacalia.com\/blog\/wp-json\/wp\/v2\/types\/post"}],"author":[{"embeddable":true,"href":"https:\/\/www.vacalia.com\/blog\/wp-json\/wp\/v2\/users\/1"}],"replies":[{"embeddable":true,"href":"https:\/\/www.vacalia.com\/blog\/wp-json\/wp\/v2\/comments?post=6377"}],"version-history":[{"count":5,"href":"https:\/\/www.vacalia.com\/blog\/wp-json\/wp\/v2\/posts\/6377\/revisions"}],"predecessor-version":[{"id":7626,"href":"https:\/\/www.vacalia.com\/blog\/wp-json\/wp\/v2\/posts\/6377\/revisions\/7626"}],"wp:featuredmedia":[{"embeddable":true,"href":"https:\/\/www.vacalia.com\/blog\/wp-json\/wp\/v2\/media\/6439"}],"wp:attachment":[{"href":"https:\/\/www.vacalia.com\/blog\/wp-json\/wp\/v2\/media?parent=6377"}],"wp:term":[{"taxonomy":"category","embeddable":true,"href":"https:\/\/www.vacalia.com\/blog\/wp-json\/wp\/v2\/categories?post=6377"},{"taxonomy":"post_tag","embeddable":true,"href":"https:\/\/www.vacalia.com\/blog\/wp-json\/wp\/v2\/tags?post=6377"}],"curies":[{"name":"wp","href":"https:\/\/api.w.org\/{rel}","templated":true}]}}