{"id":6392,"date":"2024-09-02T11:51:10","date_gmt":"2024-09-02T09:51:10","guid":{"rendered":"https:\/\/www.vacalia.com\/blog\/?p=6392"},"modified":"2024-09-02T11:51:14","modified_gmt":"2024-09-02T09:51:14","slug":"10-museums-you-cant-miss-in-mallorca","status":"publish","type":"post","link":"https:\/\/www.vacalia.com\/blog\/en\/10-museums-you-cant-miss-in-mallorca\/","title":{"rendered":"The 10 museums you can&#8217;t miss in Mallorca"},"content":{"rendered":"\n<p>Beyond beaches and sun, the Balearic island is also a treasure trove of culture and history. With a long tradition of art and culture, <strong><a href=\"https:\/\/www.vacalia.com\/en\/holiday-home-mallorca\" target=\"_blank\" rel=\"noreferrer noopener\">Mallorca<\/a><\/strong> offers much more than just relaxing in its coves: it has museums that will blow your mind! From contemporary art to fascinating maritime history lessons, there is something for every type of traveller. Whether you&#8217;re an art lover or simply looking for a different way to explore the island, here&#8217;s a selection of <strong>the 10 most interesting museums in Mallorca <\/strong>&#8211; get ready for a cultural trip!<\/p>\n\n\n\n<h3 class=\"wp-block-heading\"><strong>1. Es Baluard Museum of Contemporary Art of Palma<\/strong><\/h3>\n\n\n\n<p><strong>Location<\/strong>: Palma<\/p>\n\n\n\n<p><strong>What you should know<\/strong>: As a benchmark in the Balearic Islands for artistic creation in the 20th and 21st centuries, Es Baluard Museu d&#8217;Art Modern i Contemporani de Palma<strong> <\/strong>has been, since its opening in 2004, a fundamental space for modern and contemporary art in the region. The museum not only offers a broad overview of its vast collection, but also continuously organises exhibitions of renowned international artists. In addition, it promotes the inclusion of diverse art forms, such as music, theatre, performance, poetry and circus, linked to the experimental movements that have marked the last decades.<\/p>\n\n\n\n<p>In its rooms, visitors can admire works by great masters such as Picasso, Mir\u00f3, Barcel\u00f3, Sorolla, Rusi\u00f1ol, Mir and Anglada-Camarasa, alongside creations by more contemporary artists such as Calatrava and Rebecca Horn. Each of these artists brings their unique vision, making the museum a place where multiple artistic styles and sensibilities converge.<\/p>\n\n\n\n<p><strong>Traveller&#8217;s tip<\/strong>: A special tip for visitors to the museum is to take time to explore the museum&#8217;s surroundings, especially at sunset. The museum&#8217;s surroundings are home to several avant-garde sculptural ensembles that further enhance the artistic experience. In addition, from its terraces you can enjoy spectacular views of the bay of Palma and the city, which become simply extraordinary at sunset.<\/p>\n\n\n<div class=\"wp-block-image\">\n<figure class=\"aligncenter size-full\"><img fetchpriority=\"high\" decoding=\"async\" width=\"670\" height=\"300\" src=\"https:\/\/www.vacalia.com\/blog\/wp-content\/uploads\/2024\/09\/Es-Baluard-Museu-dArt-Contemporani-de-Palma.jpg\" alt=\"Es Baluard Museum of Contemporary Art in Palma\" class=\"wp-image-6378\" srcset=\"https:\/\/www.vacalia.com\/blog\/wp-content\/uploads\/2024\/09\/Es-Baluard-Museu-dArt-Contemporani-de-Palma.jpg 670w, https:\/\/www.vacalia.com\/blog\/wp-content\/uploads\/2024\/09\/Es-Baluard-Museu-dArt-Contemporani-de-Palma-300x134.jpg 300w, https:\/\/www.vacalia.com\/blog\/wp-content\/uploads\/2024\/09\/Es-Baluard-Museu-dArt-Contemporani-de-Palma-370x166.jpg 370w\" sizes=\"(max-width: 767px) 100vw, 670px\" \/><figcaption class=\"wp-element-caption\"><em>Es Baluard Museum of Contemporary Art in Palma<\/em><\/figcaption><\/figure><\/div>\n\n\n<h3 class=\"wp-block-heading\"><strong>2. Pilar and Joan Mir\u00f3 Foundation<\/strong><\/h3>\n\n\n\n<p><strong>Location<\/strong>: Palma<\/p>\n\n\n\n<p><strong>What you should know<\/strong>: Joan Mir\u00f3, one of the great geniuses of modernist art, found his creative refuge in Mallorca. The Pilar and Joan Mir\u00f3 Foundation not only shows you some of his most emblematic works, but also allows you to see his original studio, kept just as he had it and as he wanted it to be kept, where the master created many of his works. It&#8217;s like travelling inside his artistic mind!<\/p>\n\n\n\n<p><strong>Traveller&#8217;s tip<\/strong>: The visit is very interesting because of the building by the architect Moneo and the surroundings with its spectacular views. Take the time to stroll among the sculptures and admire the sea views.<\/p>\n\n\n<div class=\"wp-block-image\">\n<figure class=\"aligncenter size-full\"><img decoding=\"async\" width=\"670\" height=\"300\" src=\"https:\/\/www.vacalia.com\/blog\/wp-content\/uploads\/2024\/09\/Fundacion-Pilar-y-Joan-Miro.jpg\" alt=\"Pilar and Joan Mir\u00f3 Foundation en Palma\" class=\"wp-image-6379\" srcset=\"https:\/\/www.vacalia.com\/blog\/wp-content\/uploads\/2024\/09\/Fundacion-Pilar-y-Joan-Miro.jpg 670w, https:\/\/www.vacalia.com\/blog\/wp-content\/uploads\/2024\/09\/Fundacion-Pilar-y-Joan-Miro-300x134.jpg 300w, https:\/\/www.vacalia.com\/blog\/wp-content\/uploads\/2024\/09\/Fundacion-Pilar-y-Joan-Miro-370x166.jpg 370w\" sizes=\"(max-width: 767px) 100vw, 670px\" \/><figcaption class=\"wp-element-caption\"><em>Pilar and Joan Mir\u00f3 Foundation in Palma<\/em><\/figcaption><\/figure><\/div>\n\n<div class=\"bannerBlog\"><div class=\"new-card-houses\">\n    <div class=\"likeOut likeDivOut\" style=\"display:none\">\n        <a data-id=\"1356\" class=\"likeOut_button_red likeBtnFav\"\n            aria-label=\"Megusta Vacalia\"><\/a>\n    <\/div>\n    <figure>\n        <img loading=\"lazy\" decoding=\"async\" \n            loading=\"lazy\" width=\"301\" height=\"200\"\n            src=\"\/\/media.vacalia.com\/photo\/reformatwebpfolder\/350\/200\/1356\/thumb-middle\/1356_43da5d4d5e102d8d27ec709fcf7f7a97.webp?v=21092023\"\n            alt=\"Can mar\u00e7al - Holiday rentals in sa Indioteria\"\/>\n                                                                        <div class=\"circleDiscount\">-10%<\/div>\n                        <\/figure>\n    <p itemprop=\"address\"><i class=\"ico-marker\"><\/i>sa Indioteria, Mallorca<\/p>\n    <h3 itemprop=\"name\">Can mar\u00e7al<\/h3>\n    <ul class=\"icon_list inline_list\">\n                              <li class=\"ico-pool\" title=\"Pool\">\n              <span itemprop=\"amenityFeature\">Pool<\/span>\n            <\/li>\n                      <li class=\"ico-airConditioning\" title=\"Air conditioning\">\n              <span itemprop=\"amenityFeature\">Air conditioning<\/span>\n            <\/li>\n                      <li class=\"ico-wifi\" title=\"Wifi\">\n              <span itemprop=\"amenityFeature\">Wifi<\/span>\n            <\/li>\n                          <li class=\"ico-guests\" title=\"For 8 guests in Sa Indioteria.\">\n          <span itemprop=\"occupancy\">8<\/span>\n        <\/li>\n    <\/ul>\n            <span class=\"price\">From 188\u20ac \/ night<\/span>\n                <a itemprop=\"url\" class=\"anchor\" href=\"https:\/\/www.vacalia.com\/en\/villa-can-maraal-palma-h16147\" aria-label=\"Can mar\u00e7al\"><\/a>\n<\/div><div class=\"new-card-houses\">\n    <div class=\"likeOut likeDivOut\" style=\"display:none\">\n        <a data-id=\"5609\" class=\"likeOut_button_red likeBtnFav\"\n            aria-label=\"Megusta Vacalia\"><\/a>\n    <\/div>\n    <figure>\n        <img loading=\"lazy\" decoding=\"async\" \n            loading=\"lazy\" width=\"301\" height=\"200\"\n            src=\"\/\/media.vacalia.com\/photo\/reformatwebpfolder\/350\/200\/5609\/thumb-middle\/5609_25af0b21c8ceb311a257eea05ef2c492.webp?v=21092023\"\n            alt=\"Imagine villa - Holiday rentals in Palma\"\/>\n                                                                        <div class=\"circleDiscount\">-19%<\/div>\n                        <\/figure>\n    <p itemprop=\"address\"><i class=\"ico-marker\"><\/i>Palma, Mallorca<\/p>\n    <h3 itemprop=\"name\">Imagine villa<\/h3>\n    <ul class=\"icon_list inline_list\">\n                              <li class=\"ico-pool\" title=\"Pool\">\n              <span itemprop=\"amenityFeature\">Pool<\/span>\n            <\/li>\n                      <li class=\"ico-airConditioning\" title=\"Air conditioning\">\n              <span itemprop=\"amenityFeature\">Air conditioning<\/span>\n            <\/li>\n                      <li class=\"ico-wifi\" title=\"Wifi\">\n              <span itemprop=\"amenityFeature\">Wifi<\/span>\n            <\/li>\n                          <li class=\"ico-guests\" title=\"For 10 guests in Palma.\">\n          <span itemprop=\"occupancy\">10<\/span>\n        <\/li>\n    <\/ul>\n            <span class=\"price\">From 311\u20ac \/ night<\/span>\n                <a itemprop=\"url\" class=\"anchor\" href=\"https:\/\/www.vacalia.com\/en\/villa-imagine-villa-palma-h32103\" aria-label=\"Imagine villa\"><\/a>\n<\/div><\/div>\n\n\n\n<h3 class=\"wp-block-heading\"><strong>3. \u00abMuseu de Mallorca\u00bb<\/strong><\/h3>\n\n\n\n<p><strong>Location<\/strong>: Palma<\/p>\n\n\n\n<p><strong>What you should know<\/strong>: If you want to get to know the history of Mallorca in one place, this is the museum for you. From prehistoric remains to Roman and medieval times, the Museu de Mallorca gives you a complete overview of the island&#8217;s rich history. The building itself is an architectural gem, an old mansion from the 17th century that is well worth a visit.<\/p>\n\n\n\n<p><strong>Traveller&#8217;s tip<\/strong>: Take at least a couple of hours to walk through all the rooms at your leisure. There are so many details that you won&#8217;t want to miss anything.<\/p>\n\n\n<div class=\"wp-block-image\">\n<figure class=\"aligncenter size-full\"><img decoding=\"async\" width=\"670\" height=\"300\" src=\"https:\/\/www.vacalia.com\/blog\/wp-content\/uploads\/2024\/09\/Museu-de-Mallorca.jpg\" alt=\"&quot;Museu de Mallorca&quot; in Palma\" class=\"wp-image-6380\" srcset=\"https:\/\/www.vacalia.com\/blog\/wp-content\/uploads\/2024\/09\/Museu-de-Mallorca.jpg 670w, https:\/\/www.vacalia.com\/blog\/wp-content\/uploads\/2024\/09\/Museu-de-Mallorca-300x134.jpg 300w, https:\/\/www.vacalia.com\/blog\/wp-content\/uploads\/2024\/09\/Museu-de-Mallorca-370x166.jpg 370w\" sizes=\"(max-width: 767px) 100vw, 670px\" \/><figcaption class=\"wp-element-caption\"><em>\u00abMuseu de Mallorca\u00bb in Palma <\/em><\/figcaption><\/figure><\/div>\n\n\n<h3 class=\"wp-block-heading\"><strong>4. Sa Bassa Blanca Museum<\/strong><\/h3>\n\n\n\n<p><strong>Location<\/strong>: Alcudia<\/p>\n\n\n<div class=\"wp-block-image\">\n<figure class=\"aligncenter size-full\"><img loading=\"lazy\" decoding=\"async\" width=\"670\" height=\"300\" src=\"https:\/\/www.vacalia.com\/blog\/wp-content\/uploads\/2024\/09\/Museu-Sa-Bassa-Blanca.jpg\" alt=\"Sa Bassa Blanca Museum in Alcudia\" class=\"wp-image-6381\" srcset=\"https:\/\/www.vacalia.com\/blog\/wp-content\/uploads\/2024\/09\/Museu-Sa-Bassa-Blanca.jpg 670w, https:\/\/www.vacalia.com\/blog\/wp-content\/uploads\/2024\/09\/Museu-Sa-Bassa-Blanca-300x134.jpg 300w, https:\/\/www.vacalia.com\/blog\/wp-content\/uploads\/2024\/09\/Museu-Sa-Bassa-Blanca-370x166.jpg 370w\" sizes=\"(max-width: 767px) 100vw, 670px\" \/><figcaption class=\"wp-element-caption\"><em>Sa Bassa Blanca Museum in Alcudia<\/em><\/figcaption><\/figure><\/div>\n\n\n<p><strong>What you should know<\/strong>: The Sa Bassa Blanca Museum, founded by artists Yannick Vu and Ben Jakober, is a true example of how art, nature and architecture can coexist in harmony. This space not only offers an impressive art collection, but also invites visitors to enjoy its natural surroundings. Located in a spectacular geographical enclave, the museum offers a unique sensory experience, where art blends with the sounds and landscapes of Mallorcan nature. In addition, the museum&#8217;s focus on promoting respect for the environment makes the visit not only a cultural but also an ecological journey. The views from Sa Bassa Blanca, along with its gardens and open-air sculpture park, make this place a true artistic oasis on the island. The museum has guides who speak different languages, including German.&nbsp;<\/p>\n\n\n\n<p><strong>Traveller&#8217;s tip<\/strong>: Wear comfortable shoes, because you&#8217;ll want to get lost in the sculpture park for a while.<\/p>\n\n\n<div class=\"wp-block-image\">\n<figure class=\"aligncenter size-full\"><img loading=\"lazy\" decoding=\"async\" width=\"670\" height=\"300\" src=\"https:\/\/www.vacalia.com\/blog\/wp-content\/uploads\/2024\/09\/Museu-Sa-Bassa-Blanca-2.jpg\" alt=\"Sa Bassa Blanca Museum in Alcudia\" class=\"wp-image-6382\" srcset=\"https:\/\/www.vacalia.com\/blog\/wp-content\/uploads\/2024\/09\/Museu-Sa-Bassa-Blanca-2.jpg 670w, https:\/\/www.vacalia.com\/blog\/wp-content\/uploads\/2024\/09\/Museu-Sa-Bassa-Blanca-2-300x134.jpg 300w, https:\/\/www.vacalia.com\/blog\/wp-content\/uploads\/2024\/09\/Museu-Sa-Bassa-Blanca-2-370x166.jpg 370w\" sizes=\"(max-width: 767px) 100vw, 670px\" \/><figcaption class=\"wp-element-caption\"><em>Sa Bassa Blanca Museum in Alcudia<\/em><\/figcaption><\/figure><\/div>\n\n<div class=\"bannerBlog\"><div class=\"new-card-houses\">\n    <div class=\"likeOut likeDivOut\" style=\"display:none\">\n        <a data-id=\"28\" class=\"likeOut_button_red likeBtnFav\"\n            aria-label=\"Megusta Vacalia\"><\/a>\n    <\/div>\n    <figure>\n        <img loading=\"lazy\" decoding=\"async\" \n            loading=\"lazy\" width=\"301\" height=\"200\"\n            src=\"\/\/media.vacalia.com\/photo\/reformatwebpfolder\/350\/200\/28\/thumb-middle\/28_c02af283cdca9e6db79f9a6f3c0b6491.webp?v=21092023\"\n            alt=\"Can corr\u00f3 - Holiday rentals in Alc\u00fadia\"\/>\n                                                                        <div class=\"circleDiscount\">-3%<\/div>\n                        <\/figure>\n    <p itemprop=\"address\"><i class=\"ico-marker\"><\/i>Alc\u00fadia, Mallorca<\/p>\n    <h3 itemprop=\"name\">Can corr\u00f3<\/h3>\n    <ul class=\"icon_list inline_list\">\n                              <li class=\"ico-pool\" title=\"Pool\">\n              <span itemprop=\"amenityFeature\">Pool<\/span>\n            <\/li>\n                      <li class=\"ico-airConditioning\" title=\"Air conditioning\">\n              <span itemprop=\"amenityFeature\">Air conditioning<\/span>\n            <\/li>\n                      <li class=\"ico-wifi\" title=\"Wifi\">\n              <span itemprop=\"amenityFeature\">Wifi<\/span>\n            <\/li>\n                          <li class=\"ico-guests\" title=\"For 8 guests in Alc\u00fadia.\">\n          <span itemprop=\"occupancy\">8<\/span>\n        <\/li>\n    <\/ul>\n            <span class=\"price\">From 209\u20ac \/ night<\/span>\n                <a itemprop=\"url\" class=\"anchor\" href=\"https:\/\/www.vacalia.com\/en\/villa-can-corro-alcudia-h14545\" aria-label=\"Can corr\u00f3\"><\/a>\n<\/div><div class=\"new-card-houses\">\n    <div class=\"likeOut likeDivOut\" style=\"display:none\">\n        <a data-id=\"1473\" class=\"likeOut_button_red likeBtnFav\"\n            aria-label=\"Megusta Vacalia\"><\/a>\n    <\/div>\n    <figure>\n        <img loading=\"lazy\" decoding=\"async\" \n            loading=\"lazy\" width=\"301\" height=\"200\"\n            src=\"\/\/media.vacalia.com\/photo\/reformatwebpfolder\/350\/200\/1473\/thumb-middle\/1473_2e47ce11c2fe3ac9e0e7f66f586d8aeb.webp?v=21092023\"\n            alt=\"Chillvista - Holiday rentals in Platja d&#039;Alc\u00fadia\"\/>\n                                                                        <div class=\"circleDiscount\">-3%<\/div>\n                        <\/figure>\n    <p itemprop=\"address\"><i class=\"ico-marker\"><\/i>Platja d&#039;Alc\u00fadia, Mallorca<\/p>\n    <h3 itemprop=\"name\">Chillvista<\/h3>\n    <ul class=\"icon_list inline_list\">\n                              <li class=\"ico-airConditioning\" title=\"Air conditioning\">\n              <span itemprop=\"amenityFeature\">Air conditioning<\/span>\n            <\/li>\n                      <li class=\"ico-wifi\" title=\"Wifi\">\n              <span itemprop=\"amenityFeature\">Wifi<\/span>\n            <\/li>\n                      <li class=\"ico-views\" title=\"View\">\n              <span itemprop=\"amenityFeature\">View<\/span>\n            <\/li>\n                          <li class=\"ico-guests\" title=\"For 6 guests in Platja D&#039;alc\u00fadia.\">\n          <span itemprop=\"occupancy\">6<\/span>\n        <\/li>\n    <\/ul>\n            <span class=\"price\">From 158\u20ac \/ night<\/span>\n                <a itemprop=\"url\" class=\"anchor\" href=\"https:\/\/www.vacalia.com\/en\/apartment-chillvista-alcudia-h20188\" aria-label=\"Chillvista\"><\/a>\n<\/div><\/div>\n\n\n\n<h3 class=\"wp-block-heading\"><strong>5. Juan March Foundation Museum<\/strong><\/h3>\n\n\n\n<p><strong>Location<\/strong>: Palma<\/p>\n\n\n\n<p><strong>What you should know<\/strong>: This museum is a Spanish art lover&#8217;s dream. It has works by T\u00e0pies, Mir\u00f3, Dal\u00ed, Chillida, Barcel\u00f3, Juan Gris, &#8230; among others. Admission is free. It is recommended not only to see the works of art but also the building itself. The Juan March Foundation is located in a beautiful 17th century building in the heart of Palma, which makes it an ideal place to combine art and a stroll through the city.<\/p>\n\n\n\n<p><strong>Traveller&#8217;s tip<\/strong>: Make the most of your visit to see other historic buildings in Palma that are nearby, such as the Cathedral and the Almudaina Palace.<\/p>\n\n\n<div class=\"wp-block-image\">\n<figure class=\"aligncenter size-full\"><img loading=\"lazy\" decoding=\"async\" width=\"670\" height=\"300\" src=\"https:\/\/www.vacalia.com\/blog\/wp-content\/uploads\/2024\/09\/museu-fundacion-juan-march.jpg\" alt=\"Juan March Foundation Museum in Palma\" class=\"wp-image-6383\" srcset=\"https:\/\/www.vacalia.com\/blog\/wp-content\/uploads\/2024\/09\/museu-fundacion-juan-march.jpg 670w, https:\/\/www.vacalia.com\/blog\/wp-content\/uploads\/2024\/09\/museu-fundacion-juan-march-300x134.jpg 300w, https:\/\/www.vacalia.com\/blog\/wp-content\/uploads\/2024\/09\/museu-fundacion-juan-march-370x166.jpg 370w\" sizes=\"(max-width: 767px) 100vw, 670px\" \/><figcaption class=\"wp-element-caption\"><em>Juan March Foundation Museum in Palma<\/em><\/figcaption><\/figure><\/div>\n\n\n<h3 class=\"wp-block-heading\"><strong>6. \u00abMuseu de la Mar\u00bb<\/strong><\/h3>\n\n\n\n<p><strong>Location<\/strong>: <strong><a href=\"https:\/\/www.vacalia.com\/en\/soller-mallorca-p1399\" target=\"_blank\" rel=\"noreferrer noopener\">S\u00f3ller<\/a><\/strong><\/p>\n\n\n\n<p><strong>What you should know<\/strong>: This small but charming museum tells you about the maritime history of S\u00f3ller, a town that has always lived in close contact with the sea. The collection includes everything from old maps and navigational tools to model ships, and shows you how the life of the inhabitants of S\u00f3ller has been marked by the Mediterranean. What&#8217;s more, the building is on top of a cliff, so the views of the harbour are simply spectacular.<\/p>\n\n\n\n<p><strong>Traveller&#8217;s tip<\/strong>: After your visit, take a stroll through the port of S\u00f3ller and enjoy a meal by the sea &#8211; the fresh fish here is delicious!<\/p>\n\n\n<div class=\"wp-block-image\">\n<figure class=\"aligncenter size-full\"><img loading=\"lazy\" decoding=\"async\" width=\"670\" height=\"300\" src=\"https:\/\/www.vacalia.com\/blog\/wp-content\/uploads\/2024\/09\/Museu-de-la-Mar.jpg\" alt=\"&quot;Museu de la Mar&quot; in S\u00f3ller\" class=\"wp-image-6384\" srcset=\"https:\/\/www.vacalia.com\/blog\/wp-content\/uploads\/2024\/09\/Museu-de-la-Mar.jpg 670w, https:\/\/www.vacalia.com\/blog\/wp-content\/uploads\/2024\/09\/Museu-de-la-Mar-300x134.jpg 300w, https:\/\/www.vacalia.com\/blog\/wp-content\/uploads\/2024\/09\/Museu-de-la-Mar-370x166.jpg 370w\" sizes=\"(max-width: 767px) 100vw, 670px\" \/><figcaption class=\"wp-element-caption\"><em>\u00abMuseu de la Mar\u00bb in S\u00f3ller<\/em><\/figcaption><\/figure><\/div>\n\n<div class=\"bannerBlog\"><div class=\"new-card-houses\">\n    <div class=\"likeOut likeDivOut\" style=\"display:none\">\n        <a data-id=\"2373\" class=\"likeOut_button_red likeBtnFav\"\n            aria-label=\"Megusta Vacalia\"><\/a>\n    <\/div>\n    <figure>\n        <img loading=\"lazy\" decoding=\"async\" \n            loading=\"lazy\" width=\"301\" height=\"200\"\n            src=\"\/\/media.vacalia.com\/photo\/reformatwebpfolder\/350\/200\/2373\/thumb-middle\/2373_0c5b1736614b289a27ed1d2b80a5f2fd.webp?v=21092023\"\n            alt=\"Can sucre - Holiday rentals in S\u00f3ller\"\/>\n                                                                        <div class=\"circleDiscount\">-20%<\/div>\n                        <\/figure>\n    <p itemprop=\"address\"><i class=\"ico-marker\"><\/i>S\u00f3ller, Mallorca<\/p>\n    <h3 itemprop=\"name\">Can sucre<\/h3>\n    <ul class=\"icon_list inline_list\">\n                              <li class=\"ico-pool\" title=\"Pool\">\n              <span itemprop=\"amenityFeature\">Pool<\/span>\n            <\/li>\n                      <li class=\"ico-airConditioning\" title=\"Air conditioning\">\n              <span itemprop=\"amenityFeature\">Air conditioning<\/span>\n            <\/li>\n                      <li class=\"ico-wifi\" title=\"Wifi\">\n              <span itemprop=\"amenityFeature\">Wifi<\/span>\n            <\/li>\n                          <li class=\"ico-guests\" title=\"For 6 guests in S\u00f3ller.\">\n          <span itemprop=\"occupancy\">6<\/span>\n        <\/li>\n    <\/ul>\n            <span class=\"price\">From 140\u20ac \/ night<\/span>\n                <a itemprop=\"url\" class=\"anchor\" href=\"https:\/\/www.vacalia.com\/en\/holiday-house-can-sucre-soller-h17977\" aria-label=\"Can sucre\"><\/a>\n<\/div><div class=\"new-card-houses\">\n    <div class=\"likeOut likeDivOut\" style=\"display:none\">\n        <a data-id=\"2420\" class=\"likeOut_button_red likeBtnFav\"\n            aria-label=\"Megusta Vacalia\"><\/a>\n    <\/div>\n    <figure>\n        <img loading=\"lazy\" decoding=\"async\" \n            loading=\"lazy\" width=\"301\" height=\"200\"\n            src=\"\/\/media.vacalia.com\/photo\/reformatwebpfolder\/350\/200\/2420\/thumb-middle\/2420_a2c12ba264a9d7585843224857a0437e.webp?v=21092023\"\n            alt=\"Son bou - Holiday rentals in S\u00f3ller\"\/>\n                                                                        <div class=\"circleDiscount\">-5%<\/div>\n                        <\/figure>\n    <p itemprop=\"address\"><i class=\"ico-marker\"><\/i>S\u00f3ller, Mallorca<\/p>\n    <h3 itemprop=\"name\">Son bou<\/h3>\n    <ul class=\"icon_list inline_list\">\n                              <li class=\"ico-pool\" title=\"Pool\">\n              <span itemprop=\"amenityFeature\">Pool<\/span>\n            <\/li>\n                      <li class=\"ico-wifi\" title=\"Wifi\">\n              <span itemprop=\"amenityFeature\">Wifi<\/span>\n            <\/li>\n                          <li class=\"ico-guests\" title=\"For 2+1   guests in S\u00f3ller.\">\n          <span itemprop=\"occupancy\">2+1  <\/span>\n        <\/li>\n    <\/ul>\n            <span class=\"price\">From 278\u20ac \/ night<\/span>\n                <a itemprop=\"url\" class=\"anchor\" href=\"https:\/\/www.vacalia.com\/en\/villa-son-bou-soller-h18178\" aria-label=\"Son bou\"><\/a>\n<\/div><\/div>\n\n\n\n<h3 class=\"wp-block-heading\"><strong>7. Footwear and Industry Museum<\/strong><\/h3>\n\n\n\n<p><strong>Location<\/strong>: <strong><a href=\"https:\/\/www.vacalia.com\/en\/inca-mallorca-p1325\" target=\"_blank\" rel=\"noreferrer noopener\">Inca<\/a><\/strong><\/p>\n\n\n\n<p><strong>What you should know<\/strong>: If you want to get to know the more traditional side of Mallorca, this museum is a window into the history of the footwear and leather industry on the island. Inca has historically been a centre of shoe manufacturing, and this museum shows you how production has evolved over the centuries. It&#8217;s a small but charming museum, and will make you appreciate shoes in a whole new way.<\/p>\n\n\n\n<p><strong>Travel tip<\/strong>: If you have time, take a stroll around Inca&#8217;s shoe shops &#8211; you&#8217;re bound to find a pair of handmade shoes you&#8217;ll want to take home with you!<\/p>\n\n\n<div class=\"wp-block-image\">\n<figure class=\"aligncenter size-full\"><img loading=\"lazy\" decoding=\"async\" width=\"670\" height=\"300\" src=\"https:\/\/www.vacalia.com\/blog\/wp-content\/uploads\/2024\/09\/Museu-del-Calcat-y-de-la-Piel.jpg\" alt=\"Footwear and Industry Museum in Inca\" class=\"wp-image-6385\" srcset=\"https:\/\/www.vacalia.com\/blog\/wp-content\/uploads\/2024\/09\/Museu-del-Calcat-y-de-la-Piel.jpg 670w, https:\/\/www.vacalia.com\/blog\/wp-content\/uploads\/2024\/09\/Museu-del-Calcat-y-de-la-Piel-300x134.jpg 300w, https:\/\/www.vacalia.com\/blog\/wp-content\/uploads\/2024\/09\/Museu-del-Calcat-y-de-la-Piel-370x166.jpg 370w\" sizes=\"(max-width: 767px) 100vw, 670px\" \/><figcaption class=\"wp-element-caption\"><em>Footwear and Industry Museum in Inca<\/em><\/figcaption><\/figure><\/div>\n\n<div class=\"bannerBlog\"><div class=\"new-card-houses\">\n    <div class=\"likeOut likeDivOut\" style=\"display:none\">\n        <a data-id=\"2664\" class=\"likeOut_button_red likeBtnFav\"\n            aria-label=\"Megusta Vacalia\"><\/a>\n    <\/div>\n    <figure>\n        <img loading=\"lazy\" decoding=\"async\" \n            loading=\"lazy\" width=\"301\" height=\"200\"\n            src=\"\/\/media.vacalia.com\/photo\/reformatwebpfolder\/350\/200\/2664\/thumb-middle\/2664_bda949434b36e80b7ed83c11718a3d79.webp?v=21092023\"\n            alt=\"Son vivot - n\u00ba5 d\u00faplex apto - adults only - Holiday rentals in Inca\"\/>\n                                                                        <div class=\"circleDiscount\">-10%<\/div>\n                        <\/figure>\n    <p itemprop=\"address\"><i class=\"ico-marker\"><\/i>Inca, Mallorca<\/p>\n    <h3 itemprop=\"name\">Son vivot - n\u00ba5 d\u00faplex apto - adults only<\/h3>\n    <ul class=\"icon_list inline_list\">\n                              <li class=\"ico-pool\" title=\"Pool\">\n              <span itemprop=\"amenityFeature\">Pool<\/span>\n            <\/li>\n                      <li class=\"ico-airConditioning\" title=\"Air conditioning\">\n              <span itemprop=\"amenityFeature\">Air conditioning<\/span>\n            <\/li>\n                      <li class=\"ico-wifi\" title=\"Wifi\">\n              <span itemprop=\"amenityFeature\">Wifi<\/span>\n            <\/li>\n                          <li class=\"ico-guests\" title=\"For 4+1   guests in Inca.\">\n          <span itemprop=\"occupancy\">4+1  <\/span>\n        <\/li>\n    <\/ul>\n            <span class=\"price\">From 95\u20ac \/ night<\/span>\n                <a itemprop=\"url\" class=\"anchor\" href=\"https:\/\/www.vacalia.com\/en\/holiday-house-son-vivot-n-5-duplex-apto-adults-only-inca-h18958\" aria-label=\"Son vivot - n\u00ba5 d\u00faplex apto - adults only\"><\/a>\n<\/div><div class=\"new-card-houses\">\n    <div class=\"likeOut likeDivOut\" style=\"display:none\">\n        <a data-id=\"5571\" class=\"likeOut_button_red likeBtnFav\"\n            aria-label=\"Megusta Vacalia\"><\/a>\n    <\/div>\n    <figure>\n        <img loading=\"lazy\" decoding=\"async\" \n            loading=\"lazy\" width=\"301\" height=\"200\"\n            src=\"\/\/media.vacalia.com\/photo\/reformatwebpfolder\/350\/200\/5571\/thumb-middle\/5571_24125e834ade6abe0f7a12eb8840b451.webp?v=21092023\"\n            alt=\"Can lluent - Holiday rentals in Inca\"\/>\n                                                                        <div class=\"circleDiscount\">-30%<\/div>\n                        <\/figure>\n    <p itemprop=\"address\"><i class=\"ico-marker\"><\/i>Inca, Mallorca<\/p>\n    <h3 itemprop=\"name\">Can lluent<\/h3>\n    <ul class=\"icon_list inline_list\">\n                              <li class=\"ico-pool\" title=\"Pool\">\n              <span itemprop=\"amenityFeature\">Pool<\/span>\n            <\/li>\n                      <li class=\"ico-airConditioning\" title=\"Air conditioning\">\n              <span itemprop=\"amenityFeature\">Air conditioning<\/span>\n            <\/li>\n                      <li class=\"ico-wifi\" title=\"Wifi\">\n              <span itemprop=\"amenityFeature\">Wifi<\/span>\n            <\/li>\n                          <li class=\"ico-guests\" title=\"For 6 guests in Inca.\">\n          <span itemprop=\"occupancy\">6<\/span>\n        <\/li>\n    <\/ul>\n            <span class=\"price\">From 109\u20ac \/ night<\/span>\n                <a itemprop=\"url\" class=\"anchor\" href=\"https:\/\/www.vacalia.com\/en\/villa-can-lluent-inca-h32124\" aria-label=\"Can lluent\"><\/a>\n<\/div><\/div>\n\n\n\n<h3 class=\"wp-block-heading\"><strong>8. Gordiola Glass Museum<\/strong><\/h3>\n\n\n\n<p><strong>Location<\/strong>: <strong><a href=\"https:\/\/www.vacalia.com\/en\/algaida-p731\" target=\"_blank\" rel=\"noreferrer noopener\">Algaida<\/a><\/strong><\/p>\n\n\n\n<p><strong>What you should know<\/strong>: Are you fascinated by glass art? Then this museum is not to be missed. The Gordiola glass factory has been producing blown glass since the 18th century, and today you can watch the craftsmen at work live. In addition to demonstrations, the museum exhibits historical pieces of glass from all over the world. The museum is housed inside a small fortress.&nbsp;<\/p>\n\n\n\n<p><strong>Traveller&#8217;s tip<\/strong>: Don&#8217;t leave without buying a piece of glass as an authentic Mallorcan handicraft souvenir.<\/p>\n\n\n<div class=\"wp-block-image\">\n<figure class=\"aligncenter size-full\"><img loading=\"lazy\" decoding=\"async\" width=\"670\" height=\"300\" src=\"https:\/\/www.vacalia.com\/blog\/wp-content\/uploads\/2024\/09\/Museo-del-Vidrio-Gordiola.jpg\" alt=\"Gordiola Glass Museum in Algaida\" class=\"wp-image-6386\" srcset=\"https:\/\/www.vacalia.com\/blog\/wp-content\/uploads\/2024\/09\/Museo-del-Vidrio-Gordiola.jpg 670w, https:\/\/www.vacalia.com\/blog\/wp-content\/uploads\/2024\/09\/Museo-del-Vidrio-Gordiola-300x134.jpg 300w, https:\/\/www.vacalia.com\/blog\/wp-content\/uploads\/2024\/09\/Museo-del-Vidrio-Gordiola-370x166.jpg 370w\" sizes=\"(max-width: 767px) 100vw, 670px\" \/><figcaption class=\"wp-element-caption\"><em>Gordiola Glass Museum in Algaida<\/em><\/figcaption><\/figure><\/div>\n\n<div class=\"bannerBlog\"><div class=\"new-card-houses\">\n    <div class=\"likeOut likeDivOut\" style=\"display:none\">\n        <a data-id=\"4803\" class=\"likeOut_button_red likeBtnFav\"\n            aria-label=\"Megusta Vacalia\"><\/a>\n    <\/div>\n    <figure>\n        <img loading=\"lazy\" decoding=\"async\" \n            loading=\"lazy\" width=\"301\" height=\"200\"\n            src=\"\/\/media.vacalia.com\/photo\/reformatwebpfolder\/350\/200\/4803\/thumb-middle\/4803_177e6f0be98b2917c373536dc2d2df59.webp?v=21092023\"\n            alt=\"Sa xigala - Holiday rentals in Algaida\"\/>\n                                                                        <div class=\"circleDiscount\">-10%<\/div>\n                        <\/figure>\n    <p itemprop=\"address\"><i class=\"ico-marker\"><\/i>Algaida, Mallorca<\/p>\n    <h3 itemprop=\"name\">Sa xigala<\/h3>\n    <ul class=\"icon_list inline_list\">\n                              <li class=\"ico-pool\" title=\"Pool\">\n              <span itemprop=\"amenityFeature\">Pool<\/span>\n            <\/li>\n                      <li class=\"ico-airConditioning\" title=\"Air conditioning\">\n              <span itemprop=\"amenityFeature\">Air conditioning<\/span>\n            <\/li>\n                      <li class=\"ico-wifi\" title=\"Wifi\">\n              <span itemprop=\"amenityFeature\">Wifi<\/span>\n            <\/li>\n                          <li class=\"ico-guests\" title=\"For 6 guests in Algaida.\">\n          <span itemprop=\"occupancy\">6<\/span>\n        <\/li>\n    <\/ul>\n            <span class=\"price\">From 175\u20ac \/ night<\/span>\n                <a itemprop=\"url\" class=\"anchor\" href=\"https:\/\/www.vacalia.com\/en\/villa-sa-xigala-algaida-h27901\" aria-label=\"Sa xigala\"><\/a>\n<\/div><div class=\"new-card-houses\">\n    <div class=\"likeOut likeDivOut\" style=\"display:none\">\n        <a data-id=\"3561\" class=\"likeOut_button_red likeBtnFav\"\n            aria-label=\"Megusta Vacalia\"><\/a>\n    <\/div>\n    <figure>\n        <img loading=\"lazy\" decoding=\"async\" \n            loading=\"lazy\" width=\"301\" height=\"200\"\n            src=\"\/\/media.vacalia.com\/photo\/reformatwebpfolder\/350\/200\/3561\/thumb-middle\/3561_3662d16d9913270fec0429b89d5a1927.webp?v=21092023\"\n            alt=\"Sa teulera de pina - Holiday rentals in Pina\"\/>\n                                                                        <div class=\"circleDiscount\">-5%<\/div>\n                        <\/figure>\n    <p itemprop=\"address\"><i class=\"ico-marker\"><\/i>Pina, Mallorca<\/p>\n    <h3 itemprop=\"name\">Sa teulera de pina<\/h3>\n    <ul class=\"icon_list inline_list\">\n                              <li class=\"ico-pool\" title=\"Pool\">\n              <span itemprop=\"amenityFeature\">Pool<\/span>\n            <\/li>\n                      <li class=\"ico-airConditioning\" title=\"Air conditioning\">\n              <span itemprop=\"amenityFeature\">Air conditioning<\/span>\n            <\/li>\n                      <li class=\"ico-wifi\" title=\"Wifi\">\n              <span itemprop=\"amenityFeature\">Wifi<\/span>\n            <\/li>\n                      <li class=\"ico-pets\" title=\"Pets\">\n              <span itemprop=\"amenityFeature\">Pets<\/span>\n            <\/li>\n                          <li class=\"ico-guests\" title=\"For 6 guests in Pina.\">\n          <span itemprop=\"occupancy\">6<\/span>\n        <\/li>\n    <\/ul>\n            <span class=\"price\">From 198\u20ac \/ night<\/span>\n                <a itemprop=\"url\" class=\"anchor\" href=\"https:\/\/www.vacalia.com\/en\/villa-sa-teulera-de-pina-algaida-h24196\" aria-label=\"Sa teulera de pina\"><\/a>\n<\/div><\/div>\n\n\n\n<h3 class=\"wp-block-heading\"><strong>9. Ethnological Museum of Muro<\/strong><\/h3>\n\n\n\n<p><strong>Location<\/strong>: Muro<\/p>\n\n\n\n<p><strong>What you should know<\/strong>: The ethnological section of the Museum of Mallorca, located in a house donated in 1965 by the architect Gabriel Alomar i Esteve, exhibits agricultural tools, popular ceramics and a 19th-century pharmacy. The ground floor recreates a traditional house, while the upper floor displays farming tools and pottery. In the farmyard there is a restored waterwheel and objects used for animal transport. A second, more modest building houses tools from traditional trades such as blacksmithing and shoemaking.<\/p>\n\n\n\n<p><strong>Traveller&#8217;s tip<\/strong>: Muro is a residential town with shops and services for everyday life. On Sundays there is a fresh produce market, and on some Wednesday evenings, a market on Muro beach offers local crafts.<\/p>\n\n\n<div class=\"wp-block-image\">\n<figure class=\"aligncenter size-full\"><img loading=\"lazy\" decoding=\"async\" width=\"670\" height=\"300\" src=\"https:\/\/www.vacalia.com\/blog\/wp-content\/uploads\/2024\/09\/Museu-Etnologic-de-Muro.jpg\" alt=\"Ethnological Museum of Muro\" class=\"wp-image-6387\" srcset=\"https:\/\/www.vacalia.com\/blog\/wp-content\/uploads\/2024\/09\/Museu-Etnologic-de-Muro.jpg 670w, https:\/\/www.vacalia.com\/blog\/wp-content\/uploads\/2024\/09\/Museu-Etnologic-de-Muro-300x134.jpg 300w, https:\/\/www.vacalia.com\/blog\/wp-content\/uploads\/2024\/09\/Museu-Etnologic-de-Muro-370x166.jpg 370w\" sizes=\"(max-width: 767px) 100vw, 670px\" \/><figcaption class=\"wp-element-caption\"><em>Ethnological Museum of Muro<\/em><\/figcaption><\/figure><\/div>\n\n<div class=\"bannerBlog\"><div class=\"new-card-houses\">\n    <div class=\"likeOut likeDivOut\" style=\"display:none\">\n        <a data-id=\"2403\" class=\"likeOut_button_red likeBtnFav\"\n            aria-label=\"Megusta Vacalia\"><\/a>\n    <\/div>\n    <figure>\n        <img loading=\"lazy\" decoding=\"async\" \n            loading=\"lazy\" width=\"301\" height=\"200\"\n            src=\"\/\/media.vacalia.com\/photo\/reformatwebpfolder\/350\/200\/2403\/thumb-middle\/2403_f6a889196b5762733d7873c6e1a9e2d2.webp?v=21092023\"\n            alt=\"Sa marjal - Holiday rentals in Muro\"\/>\n                                                                        <div class=\"circleDiscount\">-10%<\/div>\n                        <\/figure>\n    <p itemprop=\"address\"><i class=\"ico-marker\"><\/i>Muro, Mallorca<\/p>\n    <h3 itemprop=\"name\">Sa marjal<\/h3>\n    <ul class=\"icon_list inline_list\">\n                              <li class=\"ico-pool\" title=\"Pool\">\n              <span itemprop=\"amenityFeature\">Pool<\/span>\n            <\/li>\n                      <li class=\"ico-wifi\" title=\"Wifi\">\n              <span itemprop=\"amenityFeature\">Wifi<\/span>\n            <\/li>\n                          <li class=\"ico-guests\" title=\"For 3 guests in Muro.\">\n          <span itemprop=\"occupancy\">3<\/span>\n        <\/li>\n    <\/ul>\n            <span class=\"price\">From 134\u20ac \/ night<\/span>\n                <a itemprop=\"url\" class=\"anchor\" href=\"https:\/\/www.vacalia.com\/en\/holiday-house-sa-marjal-muro-h18226\" aria-label=\"Sa marjal\"><\/a>\n<\/div><div class=\"new-card-houses\">\n    <div class=\"likeOut likeDivOut\" style=\"display:none\">\n        <a data-id=\"1456\" class=\"likeOut_button_red likeBtnFav\"\n            aria-label=\"Megusta Vacalia\"><\/a>\n    <\/div>\n    <figure>\n        <img loading=\"lazy\" decoding=\"async\" \n            loading=\"lazy\" width=\"301\" height=\"200\"\n            src=\"\/\/media.vacalia.com\/photo\/reformatwebpfolder\/350\/200\/1456\/thumb-middle\/1456_71f3e19e80b40558efb1f77254630345.webp?v=21092023\"\n            alt=\"Villa isabel - Holiday rentals in Platja de Muro\"\/>\n                                                                        <div class=\"circleDiscount\">-4%<\/div>\n                        <\/figure>\n    <p itemprop=\"address\"><i class=\"ico-marker\"><\/i>Platja de Muro, Mallorca<\/p>\n    <h3 itemprop=\"name\">Villa isabel<\/h3>\n    <ul class=\"icon_list inline_list\">\n                              <li class=\"ico-airConditioning\" title=\"Air conditioning\">\n              <span itemprop=\"amenityFeature\">Air conditioning<\/span>\n            <\/li>\n                      <li class=\"ico-wifi\" title=\"Wifi\">\n              <span itemprop=\"amenityFeature\">Wifi<\/span>\n            <\/li>\n                          <li class=\"ico-guests\" title=\"For 8 guests in Platja De Muro.\">\n          <span itemprop=\"occupancy\">8<\/span>\n        <\/li>\n    <\/ul>\n            <span class=\"price\">From 250\u20ac \/ night<\/span>\n                <a itemprop=\"url\" class=\"anchor\" href=\"https:\/\/www.vacalia.com\/en\/holiday-house-villa-isabel-muro-h16300\" aria-label=\"Villa isabel\"><\/a>\n<\/div><\/div>\n\n\n\n<h3 class=\"wp-block-heading\"><strong>10. Diocesan Museum of Mallorca<\/strong><\/h3>\n\n\n\n<p><strong>Location<\/strong>: Palma<\/p>\n\n\n\n<p><strong>What you should know<\/strong>: The Diocesan Museum of Mallorca, inaugurated in 1916 and renovated in 2007, houses a collection of religious art from Paleo-Christianity to the 20th century. It is located in the Episcopal palace and has some 200 works from convents, churches and donations. The exhibition includes paintings, sculpture, ceramics, furniture and a space dedicated to Antoni Gaud\u00ed. It also offers temporary exhibitions, guided tours and educational workshops.<\/p>\n\n\n\n<p><strong>Traveller&#8217;s tip<\/strong>: Take advantage of guided tours if available, as they will give you a deeper understanding of the pieces and their relevance to history.<\/p>\n\n\n<div class=\"wp-block-image\">\n<figure class=\"aligncenter size-full\"><img loading=\"lazy\" decoding=\"async\" width=\"670\" height=\"300\" src=\"https:\/\/www.vacalia.com\/blog\/wp-content\/uploads\/2024\/09\/Museu-Diocesa-de-Mallorca-1.jpg\" alt=\"Diocesan Museum of Mallorca in Palma\" class=\"wp-image-6389\" srcset=\"https:\/\/www.vacalia.com\/blog\/wp-content\/uploads\/2024\/09\/Museu-Diocesa-de-Mallorca-1.jpg 670w, https:\/\/www.vacalia.com\/blog\/wp-content\/uploads\/2024\/09\/Museu-Diocesa-de-Mallorca-1-300x134.jpg 300w, https:\/\/www.vacalia.com\/blog\/wp-content\/uploads\/2024\/09\/Museu-Diocesa-de-Mallorca-1-370x166.jpg 370w\" sizes=\"(max-width: 767px) 100vw, 670px\" \/><figcaption class=\"wp-element-caption\"><em>Diocesan Museum of Mallorca in Palma<\/em><\/figcaption><\/figure><\/div>\n\n<div class=\"bannerBlog\"><div class=\"new-card-houses\">\n    <div class=\"likeOut likeDivOut\" style=\"display:none\">\n        <a data-id=\"1369\" class=\"likeOut_button_red likeBtnFav\"\n            aria-label=\"Megusta Vacalia\"><\/a>\n    <\/div>\n    <figure>\n        <img loading=\"lazy\" decoding=\"async\" \n            loading=\"lazy\" width=\"301\" height=\"200\"\n            src=\"\/\/media.vacalia.com\/photo\/reformatwebpfolder\/350\/200\/1369\/thumb-middle\/03-1-C1350LGM09.webp?v=21092023\"\n            alt=\"Casa fiol - Holiday rentals in Cala d&#039;Or\"\/>\n                                                                        <div class=\"circleDiscount\">-29%<\/div>\n                        <\/figure>\n    <p itemprop=\"address\"><i class=\"ico-marker\"><\/i>Cala d&#039;Or, Mallorca<\/p>\n    <h3 itemprop=\"name\">Casa fiol<\/h3>\n    <ul class=\"icon_list inline_list\">\n                              <li class=\"ico-pool\" title=\"Pool\">\n              <span itemprop=\"amenityFeature\">Pool<\/span>\n            <\/li>\n                      <li class=\"ico-airConditioning\" title=\"Air conditioning\">\n              <span itemprop=\"amenityFeature\">Air conditioning<\/span>\n            <\/li>\n                      <li class=\"ico-wifi\" title=\"Wifi\">\n              <span itemprop=\"amenityFeature\">Wifi<\/span>\n            <\/li>\n                          <li class=\"ico-guests\" title=\"For 6 guests in Cala D&#039;or.\">\n          <span itemprop=\"occupancy\">6<\/span>\n        <\/li>\n    <\/ul>\n            <span class=\"price\">From 134\u20ac \/ night<\/span>\n                <a itemprop=\"url\" class=\"anchor\" href=\"https:\/\/www.vacalia.com\/en\/holiday-house-casa-fiol-santanyi-h16171\" aria-label=\"Casa fiol\"><\/a>\n<\/div><div class=\"new-card-houses\">\n    <div class=\"likeOut likeDivOut\" style=\"display:none\">\n        <a data-id=\"3020\" class=\"likeOut_button_red likeBtnFav\"\n            aria-label=\"Megusta Vacalia\"><\/a>\n    <\/div>\n    <figure>\n        <img loading=\"lazy\" decoding=\"async\" \n            loading=\"lazy\" width=\"301\" height=\"200\"\n            src=\"\/\/media.vacalia.com\/photo\/reformatwebpfolder\/350\/200\/3020\/thumb-middle\/3020_842b5c95b9b4ab9228f98026c56ddc98.webp?v=21092023\"\n            alt=\"Bellpuig - Holiday rentals in Art\u00e0\"\/>\n                                                                        <div class=\"circleDiscount\">-5%<\/div>\n                        <\/figure>\n    <p itemprop=\"address\"><i class=\"ico-marker\"><\/i>Art\u00e0, Mallorca<\/p>\n    <h3 itemprop=\"name\">Bellpuig<\/h3>\n    <ul class=\"icon_list inline_list\">\n                              <li class=\"ico-pool\" title=\"Pool\">\n              <span itemprop=\"amenityFeature\">Pool<\/span>\n            <\/li>\n                      <li class=\"ico-wifi\" title=\"Wifi\">\n              <span itemprop=\"amenityFeature\">Wifi<\/span>\n            <\/li>\n                          <li class=\"ico-guests\" title=\"For 8 guests in Art\u00e0.\">\n          <span itemprop=\"occupancy\">8<\/span>\n        <\/li>\n    <\/ul>\n            <span class=\"price\">From 222\u20ac \/ night<\/span>\n                <a itemprop=\"url\" class=\"anchor\" href=\"https:\/\/www.vacalia.com\/en\/villa-bellpuig-arta-h20185\" aria-label=\"Bellpuig\"><\/a>\n<\/div><\/div>\n","protected":false},"excerpt":{"rendered":"<p>Beyond beaches and sun, the Balearic island is also a treasure trove of culture and history. With a long tradition of art and culture, Mallorca offers much more than just&hellip;<\/p>\n","protected":false},"author":1,"featured_media":0,"comment_status":"closed","ping_status":"open","sticky":false,"template":"","format":"standard","meta":{"_monsterinsights_skip_tracking":false,"_monsterinsights_sitenote_active":false,"_monsterinsights_sitenote_note":"","_monsterinsights_sitenote_category":0,"footnotes":""},"categories":[377,36,414,450],"tags":[],"class_list":["post-6392","post","type-post","status-publish","format-standard","hentry","category-mallorca-en","category-general-en","category-mallorca-guides","category-what-to-see-in-mallorca"],"_links":{"self":[{"href":"https:\/\/www.vacalia.com\/blog\/wp-json\/wp\/v2\/posts\/6392"}],"collection":[{"href":"https:\/\/www.vacalia.com\/blog\/wp-json\/wp\/v2\/posts"}],"about":[{"href":"https:\/\/www.vacalia.com\/blog\/wp-json\/wp\/v2\/types\/post"}],"author":[{"embeddable":true,"href":"https:\/\/www.vacalia.com\/blog\/wp-json\/wp\/v2\/users\/1"}],"replies":[{"embeddable":true,"href":"https:\/\/www.vacalia.com\/blog\/wp-json\/wp\/v2\/comments?post=6392"}],"version-history":[{"count":4,"href":"https:\/\/www.vacalia.com\/blog\/wp-json\/wp\/v2\/posts\/6392\/revisions"}],"predecessor-version":[{"id":6400,"href":"https:\/\/www.vacalia.com\/blog\/wp-json\/wp\/v2\/posts\/6392\/revisions\/6400"}],"wp:attachment":[{"href":"https:\/\/www.vacalia.com\/blog\/wp-json\/wp\/v2\/media?parent=6392"}],"wp:term":[{"taxonomy":"category","embeddable":true,"href":"https:\/\/www.vacalia.com\/blog\/wp-json\/wp\/v2\/categories?post=6392"},{"taxonomy":"post_tag","embeddable":true,"href":"https:\/\/www.vacalia.com\/blog\/wp-json\/wp\/v2\/tags?post=6392"}],"curies":[{"name":"wp","href":"https:\/\/api.w.org\/{rel}","templated":true}]}}