{"id":6396,"date":"2024-09-02T11:52:10","date_gmt":"2024-09-02T09:52:10","guid":{"rendered":"https:\/\/www.vacalia.com\/blog\/?p=6396"},"modified":"2024-09-02T11:53:28","modified_gmt":"2024-09-02T09:53:28","slug":"10-museen-die-sie-auf-mallorca-nicht-verpassen-durfen","status":"publish","type":"post","link":"https:\/\/www.vacalia.com\/blog\/10-museen-die-sie-auf-mallorca-nicht-verpassen-durfen\/","title":{"rendered":"Die 10 Museen, die Sie auf Mallorca nicht verpassen d\u00fcrfen"},"content":{"rendered":"\n<p>Neben Str\u00e4nden und Sonne ist die Baleareninsel auch eine Schatzkammer der Kultur und Geschichte. Mit einer langen Tradition der Kunst und Kultur bietet <strong><a href=\"https:\/\/www.vacalia.com\/de\/mallorca-urlaub\" target=\"_blank\" rel=\"noreferrer noopener\">Mallorca<\/a><\/strong> viel mehr als nur Entspannung in seinen Buchten: Es gibt Museen, die Sie umhauen werden! Von zeitgen\u00f6ssischer Kunst bis hin zu faszinierenden Lektionen zur Seefahrtsgeschichte gibt es f\u00fcr jeden Reisenden etwas. Ob Sie ein Kunstliebhaber sind oder einfach nach einer anderen M\u00f6glichkeit suchen, die Insel zu erkunden, hier ist eine Auswahl <strong>der 10 interessantesten Museen auf Mallorca<\/strong> \u2013 machen Sie sich bereit f\u00fcr eine Kulturreise!<\/p>\n\n\n\n<h3 class=\"wp-block-heading\"><strong>1. Es Baluard Museum f\u00fcr zeitgen\u00f6ssische Kunst von Palma<\/strong><\/h3>\n\n\n\n<p><strong>Ort<\/strong>: Palma<\/p>\n\n\n\n<p><strong>Was Sie wissen sollten<\/strong>: Als Ma\u00dfstab f\u00fcr k\u00fcnstlerisches Schaffen im 20. und 21. Jahrhundert auf den Balearen ist das Es Baluard Museu d&#8217;Art Modern i Contemporani de Palma seit seiner Er\u00f6ffnung im Jahr 2004 ein grundlegender Ort f\u00fcr moderne und zeitgen\u00f6ssische Kunst in der Region. Das Museum bietet nicht nur einen umfassenden \u00dcberblick \u00fcber seine umfangreiche Sammlung, sondern organisiert auch kontinuierlich Ausstellungen renommierter internationaler K\u00fcnstler. Dar\u00fcber hinaus f\u00f6rdert es die Einbeziehung verschiedener Kunstformen wie Musik, Theater, Performance, Poesie und Zirkus, die mit den experimentellen Bewegungen verbunden sind, die die letzten Jahrzehnte gepr\u00e4gt haben.<\/p>\n\n\n\n<p>In seinen R\u00e4umen k\u00f6nnen Besucher Werke gro\u00dfer Meister wie Picasso, Mir\u00f3, Barcel\u00f3, Sorolla, Rusi\u00f1ol, Mir und Anglada-Camarasa sowie Kreationen zeitgen\u00f6ssischerer K\u00fcnstler wie Calatrava und Rebecca Horn bewundern. Jeder dieser K\u00fcnstler bringt seine einzigartige Vision mit ein und macht das Museum zu einem Ort, an dem mehrere k\u00fcnstlerische Stile und Empfindsamkeiten zusammenkommen.<\/p>\n\n\n\n<p><strong>Reisetipp<\/strong>: Ein besonderer Tipp f\u00fcr Museumsbesucher ist, sich Zeit zu nehmen, um die Umgebung des Museums zu erkunden, insbesondere bei Sonnenuntergang. In der Umgebung des Museums befinden sich mehrere avantgardistische Skulpturenensembles, die das k\u00fcnstlerische Erlebnis noch verst\u00e4rken. Dar\u00fcber hinaus k\u00f6nnen Sie von den Terrassen aus einen spektakul\u00e4ren Blick auf die Bucht von Palma und die Stadt genie\u00dfen, der bei Sonnenuntergang einfach au\u00dfergew\u00f6hnlich wird.<\/p>\n\n\n<div class=\"wp-block-image\">\n<figure class=\"aligncenter size-full\"><img fetchpriority=\"high\" decoding=\"async\" width=\"670\" height=\"300\" src=\"https:\/\/www.vacalia.com\/blog\/wp-content\/uploads\/2024\/09\/Es-Baluard-Museu-dArt-Contemporani-de-Palma.jpg\" alt=\"Es Baluard Museum f\u00fcr zeitgen\u00f6ssische Kunst in Palma\" class=\"wp-image-6378\" srcset=\"https:\/\/www.vacalia.com\/blog\/wp-content\/uploads\/2024\/09\/Es-Baluard-Museu-dArt-Contemporani-de-Palma.jpg 670w, https:\/\/www.vacalia.com\/blog\/wp-content\/uploads\/2024\/09\/Es-Baluard-Museu-dArt-Contemporani-de-Palma-300x134.jpg 300w, https:\/\/www.vacalia.com\/blog\/wp-content\/uploads\/2024\/09\/Es-Baluard-Museu-dArt-Contemporani-de-Palma-370x166.jpg 370w\" sizes=\"(max-width: 767px) 100vw, 670px\" \/><figcaption class=\"wp-element-caption\"><em>Es Baluard Museum f\u00fcr zeitgen\u00f6ssische Kunst in Palma<\/em><\/figcaption><\/figure><\/div>\n\n\n<h3 class=\"wp-block-heading\"><strong>2. Pilar und Joan Mir\u00f3 Stiftung<\/strong><\/h3>\n\n\n\n<p><strong>Ort<\/strong>: Palma<\/p>\n\n\n\n<p><strong>Was Sie wissen sollten<\/strong>: Joan Mir\u00f3, eines der gro\u00dfen Genies der modernen Kunst, fand seine kreative Zuflucht auf Mallorca. Die Pilar und Joan Mir\u00f3 Stiftung zeigt Ihnen nicht nur einige seiner bedeutendsten Werke, sondern erm\u00f6glicht Ihnen auch, sein urspr\u00fcngliches Atelier zu besichtigen, das so erhalten ist, wie er es hatte und wie er es haben wollte, und in dem der Meister viele seiner Werke schuf. Es ist, als w\u00fcrde man in seinen k\u00fcnstlerischen Geist reisen!<\/p>\n\n\n\n<p><strong>Reisetipp<\/strong>: Der Besuch ist wegen des Geb\u00e4udes des Architekten Moneo und der Umgebung mit ihrer spektakul\u00e4ren Aussicht sehr interessant. Nehmen Sie sich die Zeit, zwischen den Skulpturen umherzuschlendern und den Meerblick zu bewundern.<\/p>\n\n\n<div class=\"wp-block-image\">\n<figure class=\"aligncenter size-full\"><img decoding=\"async\" width=\"670\" height=\"300\" src=\"https:\/\/www.vacalia.com\/blog\/wp-content\/uploads\/2024\/09\/Fundacion-Pilar-y-Joan-Miro.jpg\" alt=\"Pilar und Joan Mir\u00f3 Stiftung in Palma\" class=\"wp-image-6379\" srcset=\"https:\/\/www.vacalia.com\/blog\/wp-content\/uploads\/2024\/09\/Fundacion-Pilar-y-Joan-Miro.jpg 670w, https:\/\/www.vacalia.com\/blog\/wp-content\/uploads\/2024\/09\/Fundacion-Pilar-y-Joan-Miro-300x134.jpg 300w, https:\/\/www.vacalia.com\/blog\/wp-content\/uploads\/2024\/09\/Fundacion-Pilar-y-Joan-Miro-370x166.jpg 370w\" sizes=\"(max-width: 767px) 100vw, 670px\" \/><figcaption class=\"wp-element-caption\"><em>Pilar und Joan Mir\u00f3 Stiftung in Palma<\/em><\/figcaption><\/figure><\/div>\n\n<div class=\"bannerBlog\"><div class=\"new-card-houses\">\n    <div class=\"likeOut likeDivOut\" style=\"display:none\">\n        <a data-id=\"5609\" class=\"likeOut_button_red likeBtnFav\"\n            aria-label=\"Megusta Vacalia\"><\/a>\n    <\/div>\n    <figure>\n        <img loading=\"lazy\" decoding=\"async\" \n            loading=\"lazy\" width=\"301\" height=\"200\"\n            src=\"\/\/media.vacalia.com\/photo\/reformatwebpfolder\/350\/200\/5609\/thumb-middle\/5609_25af0b21c8ceb311a257eea05ef2c492.webp?v=21092023\"\n            alt=\"Imagine villa - Ferienhaus auf Palma\"\/>\n                                                                        <div class=\"circleDiscount\">-19%<\/div>\n                        <\/figure>\n    <p itemprop=\"address\"><i class=\"ico-marker\"><\/i>Palma, Mallorca<\/p>\n    <h3 itemprop=\"name\">Imagine villa<\/h3>\n    <ul class=\"icon_list inline_list\">\n                              <li class=\"ico-pool\" title=\"Pool\">\n              <span itemprop=\"amenityFeature\">Pool<\/span>\n            <\/li>\n                      <li class=\"ico-airConditioning\" title=\"Klimaanlage\">\n              <span itemprop=\"amenityFeature\">Klimaanlage<\/span>\n            <\/li>\n                      <li class=\"ico-wifi\" title=\"Wifi\">\n              <span itemprop=\"amenityFeature\">Wifi<\/span>\n            <\/li>\n                          <li class=\"ico-guests\" title=\"F\u00fcr 10 G\u00e4ste in Palma.\">\n          <span itemprop=\"occupancy\">10<\/span>\n        <\/li>\n    <\/ul>\n            <span class=\"price\">Ab 311\u20ac \/ Nacht<\/span>\n                <a itemprop=\"url\" class=\"anchor\" href=\"https:\/\/www.vacalia.com\/de\/villa-imagine-villa-palma-h32104\" aria-label=\"Imagine villa\"><\/a>\n<\/div><div class=\"new-card-houses\">\n    <div class=\"likeOut likeDivOut\" style=\"display:none\">\n        <a data-id=\"3642\" class=\"likeOut_button_red likeBtnFav\"\n            aria-label=\"Megusta Vacalia\"><\/a>\n    <\/div>\n    <figure>\n        <img loading=\"lazy\" decoding=\"async\" \n            loading=\"lazy\" width=\"301\" height=\"200\"\n            src=\"\/\/media.vacalia.com\/photo\/reformatwebpfolder\/350\/200\/3642\/thumb-middle\/3642_e28d1993a43088de300b9f20db5a81e8.webp?v=21092023\"\n            alt=\"Can tibela - Ferienhaus auf Palmanyola\"\/>\n                                                                        <div class=\"circleDiscount\">-34%<\/div>\n                        <\/figure>\n    <p itemprop=\"address\"><i class=\"ico-marker\"><\/i>Palmanyola, Mallorca<\/p>\n    <h3 itemprop=\"name\">Can tibela<\/h3>\n    <ul class=\"icon_list inline_list\">\n                              <li class=\"ico-pool\" title=\"Pool\">\n              <span itemprop=\"amenityFeature\">Pool<\/span>\n            <\/li>\n                      <li class=\"ico-airConditioning\" title=\"Klimaanlage\">\n              <span itemprop=\"amenityFeature\">Klimaanlage<\/span>\n            <\/li>\n                      <li class=\"ico-wifi\" title=\"Wifi\">\n              <span itemprop=\"amenityFeature\">Wifi<\/span>\n            <\/li>\n                          <li class=\"ico-guests\" title=\"F\u00fcr 10 G\u00e4ste in Palmanyola.\">\n          <span itemprop=\"occupancy\">10<\/span>\n        <\/li>\n    <\/ul>\n            <span class=\"price\">Ab 441\u20ac \/ Nacht<\/span>\n                <a itemprop=\"url\" class=\"anchor\" href=\"https:\/\/www.vacalia.com\/de\/villa-can-tibela-bunyola-h24618\" aria-label=\"Can tibela\"><\/a>\n<\/div><\/div>\n\n\n\n<h3 class=\"wp-block-heading\"><strong>3. \u00abMuseu de Mallorca\u00bb<\/strong><\/h3>\n\n\n\n<p><strong>Ort<\/strong>: Palma<\/p>\n\n\n\n<p><strong>Was Sie wissen sollten<\/strong>: Wenn Sie die Geschichte Mallorcas an einem Ort kennenlernen m\u00f6chten, ist dies Ihr Museum. Von pr\u00e4historischen \u00dcberresten bis zur r\u00f6mischen und mittelalterlichen Zeit bietet Ihnen das \u00abMuseu de Mallorca\u00bb<strong> <\/strong>a einen vollst\u00e4ndigen Einblick in die reiche Geschichte der Insel. Das Geb\u00e4ude selbst ist ein architektonisches Juwel, ein altes Herrenhaus aus dem 17. Jahrhundert, das bereits einen Besuch wert ist.<\/p>\n\n\n\n<p><strong>Reisetipp<\/strong>: Nehmen Sie sich mindestens ein paar Stunden Zeit, um alle R\u00e4ume in Ruhe zu erkunden. Es gibt so viele Details, dass Sie nichts verpassen m\u00f6chten.<\/p>\n\n\n<div class=\"wp-block-image\">\n<figure class=\"aligncenter size-full\"><img decoding=\"async\" width=\"670\" height=\"300\" src=\"https:\/\/www.vacalia.com\/blog\/wp-content\/uploads\/2024\/09\/Museu-de-Mallorca.jpg\" alt=\"&quot;Museu de Mallorca&quot; in Palma\" class=\"wp-image-6380\" srcset=\"https:\/\/www.vacalia.com\/blog\/wp-content\/uploads\/2024\/09\/Museu-de-Mallorca.jpg 670w, https:\/\/www.vacalia.com\/blog\/wp-content\/uploads\/2024\/09\/Museu-de-Mallorca-300x134.jpg 300w, https:\/\/www.vacalia.com\/blog\/wp-content\/uploads\/2024\/09\/Museu-de-Mallorca-370x166.jpg 370w\" sizes=\"(max-width: 767px) 100vw, 670px\" \/><figcaption class=\"wp-element-caption\"><em>\u00abMuseu de Mallorca\u00bb in Palma <\/em><\/figcaption><\/figure><\/div>\n\n\n<h3 class=\"wp-block-heading\"><strong>4. Sa Bassa Blanca Museum<\/strong><\/h3>\n\n\n\n<p><strong>Ort<\/strong>: Alc\u00fadia<\/p>\n\n\n<div class=\"wp-block-image\">\n<figure class=\"aligncenter size-full\"><img loading=\"lazy\" decoding=\"async\" width=\"670\" height=\"300\" src=\"https:\/\/www.vacalia.com\/blog\/wp-content\/uploads\/2024\/09\/Museu-Sa-Bassa-Blanca.jpg\" alt=\"Sa Bassa Blanca Museum in Alc\u00fadia\" class=\"wp-image-6381\" srcset=\"https:\/\/www.vacalia.com\/blog\/wp-content\/uploads\/2024\/09\/Museu-Sa-Bassa-Blanca.jpg 670w, https:\/\/www.vacalia.com\/blog\/wp-content\/uploads\/2024\/09\/Museu-Sa-Bassa-Blanca-300x134.jpg 300w, https:\/\/www.vacalia.com\/blog\/wp-content\/uploads\/2024\/09\/Museu-Sa-Bassa-Blanca-370x166.jpg 370w\" sizes=\"(max-width: 767px) 100vw, 670px\" \/><figcaption class=\"wp-element-caption\"><em>Sa Bassa Blanca Museum in Alc\u00fadia<\/em><\/figcaption><\/figure><\/div>\n\n\n<p><strong>Was Sie wissen sollten<\/strong>: Das von den K\u00fcnstlern Yannick Vu und Ben Jakober gegr\u00fcndete Sa Bassa Blanca Museum ist ein wahres Beispiel daf\u00fcr, wie Kunst, Natur und Architektur in Harmonie koexistieren k\u00f6nnen. Dieser Ort bietet nicht nur eine beeindruckende Kunstsammlung, sondern l\u00e4dt die Besucher auch ein, seine nat\u00fcrliche Umgebung zu genie\u00dfen. Das Museum befindet sich in einer spektakul\u00e4ren geografischen Enklave und bietet ein einzigartiges Sinneserlebnis, bei dem sich Kunst mit den Ger\u00e4uschen und Landschaften der mallorquinischen Natur vermischt. Dar\u00fcber hinaus macht der Fokus des Museums auf die F\u00f6rderung des Respekts f\u00fcr die Umwelt den Besuch nicht nur zu einer kulturellen, sondern auch zu einer \u00f6kologischen Reise. Die Aussicht von Sa Bassa Blanca zusammen mit seinen G\u00e4rten und dem Skulpturenpark unter freiem Himmel machen diesen Ort zu einer wahren k\u00fcnstlerischen Oase auf der Insel. Das Museum verf\u00fcgt \u00fcber F\u00fchrer, die verschiedene Sprachen sprechen, darunter Deutsch.<\/p>\n\n\n\n<p><strong>Reisetipp<\/strong>: Tragen Sie bequeme Schuhe, denn Sie werden sich eine Weile im Skulpturenpark verlaufen wollen.<\/p>\n\n\n<div class=\"wp-block-image\">\n<figure class=\"aligncenter size-full\"><img loading=\"lazy\" decoding=\"async\" width=\"670\" height=\"300\" src=\"https:\/\/www.vacalia.com\/blog\/wp-content\/uploads\/2024\/09\/Museu-Sa-Bassa-Blanca-2.jpg\" alt=\"Sa Bassa Blanca Museum in Alc\u00fadia\" class=\"wp-image-6382\" srcset=\"https:\/\/www.vacalia.com\/blog\/wp-content\/uploads\/2024\/09\/Museu-Sa-Bassa-Blanca-2.jpg 670w, https:\/\/www.vacalia.com\/blog\/wp-content\/uploads\/2024\/09\/Museu-Sa-Bassa-Blanca-2-300x134.jpg 300w, https:\/\/www.vacalia.com\/blog\/wp-content\/uploads\/2024\/09\/Museu-Sa-Bassa-Blanca-2-370x166.jpg 370w\" sizes=\"(max-width: 767px) 100vw, 670px\" \/><figcaption class=\"wp-element-caption\"><em>Sa Bassa Blanca Museum in Alc\u00fadia<\/em><\/figcaption><\/figure><\/div>\n\n<div class=\"bannerBlog\"><div class=\"new-card-houses\">\n    <div class=\"likeOut likeDivOut\" style=\"display:none\">\n        <a data-id=\"1473\" class=\"likeOut_button_red likeBtnFav\"\n            aria-label=\"Megusta Vacalia\"><\/a>\n    <\/div>\n    <figure>\n        <img loading=\"lazy\" decoding=\"async\" \n            loading=\"lazy\" width=\"301\" height=\"200\"\n            src=\"\/\/media.vacalia.com\/photo\/reformatwebpfolder\/350\/200\/1473\/thumb-middle\/1473_2e47ce11c2fe3ac9e0e7f66f586d8aeb.webp?v=21092023\"\n            alt=\"Chillvista - Ferienhaus auf Platja d&#039;Alc\u00fadia\"\/>\n                                                                        <div class=\"circleDiscount\">-3%<\/div>\n                        <\/figure>\n    <p itemprop=\"address\"><i class=\"ico-marker\"><\/i>Platja d&#039;Alc\u00fadia, Mallorca<\/p>\n    <h3 itemprop=\"name\">Chillvista<\/h3>\n    <ul class=\"icon_list inline_list\">\n                              <li class=\"ico-airConditioning\" title=\"Klimaanlage\">\n              <span itemprop=\"amenityFeature\">Klimaanlage<\/span>\n            <\/li>\n                      <li class=\"ico-wifi\" title=\"Wifi\">\n              <span itemprop=\"amenityFeature\">Wifi<\/span>\n            <\/li>\n                      <li class=\"ico-views\" title=\"Ausblick\">\n              <span itemprop=\"amenityFeature\">Ausblick<\/span>\n            <\/li>\n                          <li class=\"ico-guests\" title=\"F\u00fcr 6 G\u00e4ste in Platja D&#039;alc\u00fadia.\">\n          <span itemprop=\"occupancy\">6<\/span>\n        <\/li>\n    <\/ul>\n            <span class=\"price\">Ab 158\u20ac \/ Nacht<\/span>\n                <a itemprop=\"url\" class=\"anchor\" href=\"https:\/\/www.vacalia.com\/de\/apartment-chillvista-alcudia-h20187\" aria-label=\"Chillvista\"><\/a>\n<\/div><div class=\"new-card-houses\">\n    <div class=\"likeOut likeDivOut\" style=\"display:none\">\n        <a data-id=\"2894\" class=\"likeOut_button_red likeBtnFav\"\n            aria-label=\"Megusta Vacalia\"><\/a>\n    <\/div>\n    <figure>\n        <img loading=\"lazy\" decoding=\"async\" \n            loading=\"lazy\" width=\"301\" height=\"200\"\n            src=\"\/\/media.vacalia.com\/photo\/reformatwebpfolder\/350\/200\/2894\/thumb-middle\/2894_c2ed0fcc92777db68e206fcc278c52e6.webp?v=21092023\"\n            alt=\"Can garreta - Ferienhaus auf Port d&#039;Alc\u00fadia\"\/>\n                                                                        <div class=\"circleDiscount\">-10%<\/div>\n                        <\/figure>\n    <p itemprop=\"address\"><i class=\"ico-marker\"><\/i>Port d&#039;Alc\u00fadia, Mallorca<\/p>\n    <h3 itemprop=\"name\">Can garreta<\/h3>\n    <ul class=\"icon_list inline_list\">\n                              <li class=\"ico-airConditioning\" title=\"Klimaanlage\">\n              <span itemprop=\"amenityFeature\">Klimaanlage<\/span>\n            <\/li>\n                      <li class=\"ico-wifi\" title=\"Wifi\">\n              <span itemprop=\"amenityFeature\">Wifi<\/span>\n            <\/li>\n                          <li class=\"ico-guests\" title=\"F\u00fcr 6 G\u00e4ste in Port D&#039;alc\u00fadia.\">\n          <span itemprop=\"occupancy\">6<\/span>\n        <\/li>\n    <\/ul>\n            <span class=\"price\">Ab 160\u20ac \/ Nacht<\/span>\n                <a itemprop=\"url\" class=\"anchor\" href=\"https:\/\/www.vacalia.com\/de\/ferienhaus-can-garreta-alcudia-h19785\" aria-label=\"Can garreta\"><\/a>\n<\/div><\/div>\n\n\n\n<h3 class=\"wp-block-heading\"><strong>5. Juan March Foundation Museum<\/strong><\/h3>\n\n\n\n<p><strong>Standort<\/strong>: Palma<\/p>\n\n\n\n<p><strong>Was Sie wissen sollten<\/strong>: Dieses Museum ist der Traum eines jeden spanischen Kunstliebhabers. Es zeigt Werke von T\u00e0pies, Mir\u00f3, Dal\u00ed, Chillida, Barcel\u00f3, Juan Gris, &#8230; und anderen. Der Eintritt ist frei. Es empfiehlt sich, nicht nur die Kunstwerke, sondern auch das Geb\u00e4ude selbst zu besichtigen. Die Juan March Foundation befindet sich in einem wundersch\u00f6nen Geb\u00e4ude aus dem 17. Jahrhundert im Herzen von Palma, was es zu einem idealen Ort macht, um Kunst und einen Spaziergang durch die Stadt zu verbinden.<\/p>\n\n\n\n<p><strong>Reisetipp<\/strong>: Nutzen Sie Ihren Besuch, um andere historische Geb\u00e4ude in Palma in der N\u00e4he zu besichtigen, wie die Kathedrale und den Almudaina-Palast.<\/p>\n\n\n<div class=\"wp-block-image\">\n<figure class=\"aligncenter size-full\"><img loading=\"lazy\" decoding=\"async\" width=\"670\" height=\"300\" src=\"https:\/\/www.vacalia.com\/blog\/wp-content\/uploads\/2024\/09\/museu-fundacion-juan-march.jpg\" alt=\"Juan March Foundation Museum in Palma\" class=\"wp-image-6383\" srcset=\"https:\/\/www.vacalia.com\/blog\/wp-content\/uploads\/2024\/09\/museu-fundacion-juan-march.jpg 670w, https:\/\/www.vacalia.com\/blog\/wp-content\/uploads\/2024\/09\/museu-fundacion-juan-march-300x134.jpg 300w, https:\/\/www.vacalia.com\/blog\/wp-content\/uploads\/2024\/09\/museu-fundacion-juan-march-370x166.jpg 370w\" sizes=\"(max-width: 767px) 100vw, 670px\" \/><figcaption class=\"wp-element-caption\"><em>Juan March Foundation Museum in Palma<\/em><\/figcaption><\/figure><\/div>\n\n\n<h3 class=\"wp-block-heading\"><strong>6. \u00abMuseu de la Mar\u00bb<\/strong><\/h3>\n\n\n\n<p><strong>Ort<\/strong>: <strong><a href=\"https:\/\/www.vacalia.com\/de\/soller-mallorca-p1399\" target=\"_blank\" rel=\"noreferrer noopener\">S\u00f3ller<\/a><\/strong><\/p>\n\n\n\n<p><strong>Was Sie wissen sollten<\/strong>: Dieses kleine, aber charmante Museum erz\u00e4hlt Ihnen die maritime Geschichte von S\u00f3ller, einer Stadt, die schon immer in engem Kontakt mit dem Meer gelebt hat. Die Sammlung umfasst alles von alten Karten und Navigationsinstrumenten bis hin zu Schiffsmodellen und zeigt Ihnen, wie das Leben der Einwohner von S\u00f3ller vom Mittelmeer gepr\u00e4gt wurde. Dar\u00fcber hinaus befindet sich das Geb\u00e4ude auf einer Klippe, sodass die Aussicht auf den Hafen einfach spektakul\u00e4r ist.<\/p>\n\n\n\n<p><strong>Reisetipp<\/strong>: Machen Sie nach Ihrem Besuch einen Spaziergang durch den Hafen von S\u00f3ller und genie\u00dfen Sie eine Mahlzeit am Meer \u2013 der frische Fisch hier ist k\u00f6stlich!<\/p>\n\n\n<div class=\"wp-block-image\">\n<figure class=\"aligncenter size-full\"><img loading=\"lazy\" decoding=\"async\" width=\"670\" height=\"300\" src=\"https:\/\/www.vacalia.com\/blog\/wp-content\/uploads\/2024\/09\/Museu-de-la-Mar.jpg\" alt=\"&quot;Museu de la Mar&quot; in S\u00f3ller\" class=\"wp-image-6384\" srcset=\"https:\/\/www.vacalia.com\/blog\/wp-content\/uploads\/2024\/09\/Museu-de-la-Mar.jpg 670w, https:\/\/www.vacalia.com\/blog\/wp-content\/uploads\/2024\/09\/Museu-de-la-Mar-300x134.jpg 300w, https:\/\/www.vacalia.com\/blog\/wp-content\/uploads\/2024\/09\/Museu-de-la-Mar-370x166.jpg 370w\" sizes=\"(max-width: 767px) 100vw, 670px\" \/><figcaption class=\"wp-element-caption\"><em>\u00abMuseu de la Mar\u00bb in S\u00f3ller<\/em><\/figcaption><\/figure><\/div>\n\n<div class=\"bannerBlog\"><div class=\"new-card-houses\">\n    <div class=\"likeOut likeDivOut\" style=\"display:none\">\n        <a data-id=\"2420\" class=\"likeOut_button_red likeBtnFav\"\n            aria-label=\"Megusta Vacalia\"><\/a>\n    <\/div>\n    <figure>\n        <img loading=\"lazy\" decoding=\"async\" \n            loading=\"lazy\" width=\"301\" height=\"200\"\n            src=\"\/\/media.vacalia.com\/photo\/reformatwebpfolder\/350\/200\/2420\/thumb-middle\/2420_a2c12ba264a9d7585843224857a0437e.webp?v=21092023\"\n            alt=\"Son bou - Ferienhaus auf S\u00f3ller\"\/>\n                                                                        <div class=\"circleDiscount\">-5%<\/div>\n                        <\/figure>\n    <p itemprop=\"address\"><i class=\"ico-marker\"><\/i>S\u00f3ller, Mallorca<\/p>\n    <h3 itemprop=\"name\">Son bou<\/h3>\n    <ul class=\"icon_list inline_list\">\n                              <li class=\"ico-pool\" title=\"Pool\">\n              <span itemprop=\"amenityFeature\">Pool<\/span>\n            <\/li>\n                      <li class=\"ico-wifi\" title=\"Wifi\">\n              <span itemprop=\"amenityFeature\">Wifi<\/span>\n            <\/li>\n                          <li class=\"ico-guests\" title=\"F\u00fcr 2+1   G\u00e4ste in S\u00f3ller.\">\n          <span itemprop=\"occupancy\">2+1  <\/span>\n        <\/li>\n    <\/ul>\n            <span class=\"price\">Ab 278\u20ac \/ Nacht<\/span>\n                <a itemprop=\"url\" class=\"anchor\" href=\"https:\/\/www.vacalia.com\/de\/villa-son-bou-soller-h18177\" aria-label=\"Son bou\"><\/a>\n<\/div><div class=\"new-card-houses\">\n    <div class=\"likeOut likeDivOut\" style=\"display:none\">\n        <a data-id=\"2373\" class=\"likeOut_button_red likeBtnFav\"\n            aria-label=\"Megusta Vacalia\"><\/a>\n    <\/div>\n    <figure>\n        <img loading=\"lazy\" decoding=\"async\" \n            loading=\"lazy\" width=\"301\" height=\"200\"\n            src=\"\/\/media.vacalia.com\/photo\/reformatwebpfolder\/350\/200\/2373\/thumb-middle\/2373_0c5b1736614b289a27ed1d2b80a5f2fd.webp?v=21092023\"\n            alt=\"Can sucre - Ferienhaus auf S\u00f3ller\"\/>\n                                                                        <div class=\"circleDiscount\">-20%<\/div>\n                        <\/figure>\n    <p itemprop=\"address\"><i class=\"ico-marker\"><\/i>S\u00f3ller, Mallorca<\/p>\n    <h3 itemprop=\"name\">Can sucre<\/h3>\n    <ul class=\"icon_list inline_list\">\n                              <li class=\"ico-pool\" title=\"Pool\">\n              <span itemprop=\"amenityFeature\">Pool<\/span>\n            <\/li>\n                      <li class=\"ico-airConditioning\" title=\"Klimaanlage\">\n              <span itemprop=\"amenityFeature\">Klimaanlage<\/span>\n            <\/li>\n                      <li class=\"ico-wifi\" title=\"Wifi\">\n              <span itemprop=\"amenityFeature\">Wifi<\/span>\n            <\/li>\n                          <li class=\"ico-guests\" title=\"F\u00fcr 6 G\u00e4ste in S\u00f3ller.\">\n          <span itemprop=\"occupancy\">6<\/span>\n        <\/li>\n    <\/ul>\n            <span class=\"price\">Ab 140\u20ac \/ Nacht<\/span>\n                <a itemprop=\"url\" class=\"anchor\" href=\"https:\/\/www.vacalia.com\/de\/ferienhaus-can-sucre-soller-h17976\" aria-label=\"Can sucre\"><\/a>\n<\/div><\/div>\n\n\n\n<h3 class=\"wp-block-heading\"><strong>7. Museum f\u00fcr Schuhwerk und Industrie<\/strong><\/h3>\n\n\n\n<p><strong>Ort<\/strong>: <strong><a href=\"https:\/\/www.vacalia.com\/de\/inca-mallorca-p1325\" target=\"_blank\" rel=\"noreferrer noopener\">Inca<\/a><\/strong><\/p>\n\n\n\n<p><strong>Was Sie wissen sollten<\/strong>: Wenn Sie die traditionellere Seite Mallorcas kennenlernen m\u00f6chten, ist dieses Museum ein Fenster in die Geschichte der Schuh- und Lederindustrie auf der Insel. Inca war historisch ein Zentrum der Schuhherstellung und dieses Museum zeigt Ihnen, wie sich die Produktion im Laufe der Jahrhunderte entwickelt hat. Es ist ein kleines, aber charmantes Museum und wird Ihnen Schuhe auf eine ganz neue Art und Weise n\u00e4herbringen.<\/p>\n\n\n\n<p><strong>Reisetipp<\/strong>: Wenn Sie Zeit haben, machen Sie einen Spaziergang durch Incas Schuhgesch\u00e4fte \u2013 Sie werden bestimmt ein Paar handgefertigte Schuhe finden, das Sie mit nach Hause nehmen m\u00f6chten!<\/p>\n\n\n<div class=\"wp-block-image\">\n<figure class=\"aligncenter size-full\"><img loading=\"lazy\" decoding=\"async\" width=\"670\" height=\"300\" src=\"https:\/\/www.vacalia.com\/blog\/wp-content\/uploads\/2024\/09\/Museu-del-Calcat-y-de-la-Piel.jpg\" alt=\"Museum f\u00fcr Schuhwerk und Industrie in Inca\" class=\"wp-image-6385\" srcset=\"https:\/\/www.vacalia.com\/blog\/wp-content\/uploads\/2024\/09\/Museu-del-Calcat-y-de-la-Piel.jpg 670w, https:\/\/www.vacalia.com\/blog\/wp-content\/uploads\/2024\/09\/Museu-del-Calcat-y-de-la-Piel-300x134.jpg 300w, https:\/\/www.vacalia.com\/blog\/wp-content\/uploads\/2024\/09\/Museu-del-Calcat-y-de-la-Piel-370x166.jpg 370w\" sizes=\"(max-width: 767px) 100vw, 670px\" \/><figcaption class=\"wp-element-caption\"><em>Museum f\u00fcr Schuhwerk und Industrie in Inca<\/em><\/figcaption><\/figure><\/div>\n\n<div class=\"bannerBlog\"><div class=\"new-card-houses\">\n    <div class=\"likeOut likeDivOut\" style=\"display:none\">\n        <a data-id=\"4041\" class=\"likeOut_button_red likeBtnFav\"\n            aria-label=\"Megusta Vacalia\"><\/a>\n    <\/div>\n    <figure>\n        <img loading=\"lazy\" decoding=\"async\" \n            loading=\"lazy\" width=\"301\" height=\"200\"\n            src=\"\/\/media.vacalia.com\/photo\/reformatwebpfolder\/350\/200\/4041\/thumb-middle\/4041_1c8244c3ab9a41551b84369ccede9617.webp?v=21092023\"\n            alt=\"Son figuerola - Ferienhaus auf Inca\"\/>\n                                                                        <div class=\"circleDiscount\">-29%<\/div>\n                        <\/figure>\n    <p itemprop=\"address\"><i class=\"ico-marker\"><\/i>Inca, Mallorca<\/p>\n    <h3 itemprop=\"name\">Son figuerola<\/h3>\n    <ul class=\"icon_list inline_list\">\n                              <li class=\"ico-pool\" title=\"Pool\">\n              <span itemprop=\"amenityFeature\">Pool<\/span>\n            <\/li>\n                      <li class=\"ico-airConditioning\" title=\"Klimaanlage\">\n              <span itemprop=\"amenityFeature\">Klimaanlage<\/span>\n            <\/li>\n                      <li class=\"ico-wifi\" title=\"Wifi\">\n              <span itemprop=\"amenityFeature\">Wifi<\/span>\n            <\/li>\n                          <li class=\"ico-guests\" title=\"F\u00fcr 8 G\u00e4ste in Inca.\">\n          <span itemprop=\"occupancy\">8<\/span>\n        <\/li>\n    <\/ul>\n            <span class=\"price\">Ab 182\u20ac \/ Nacht<\/span>\n                <a itemprop=\"url\" class=\"anchor\" href=\"https:\/\/www.vacalia.com\/de\/villa-son-figuerola-inca-h29410\" aria-label=\"Son figuerola\"><\/a>\n<\/div><div class=\"new-card-houses\">\n    <div class=\"likeOut likeDivOut\" style=\"display:none\">\n        <a data-id=\"2880\" class=\"likeOut_button_red likeBtnFav\"\n            aria-label=\"Megusta Vacalia\"><\/a>\n    <\/div>\n    <figure>\n        <img loading=\"lazy\" decoding=\"async\" \n            loading=\"lazy\" width=\"301\" height=\"200\"\n            src=\"\/\/media.vacalia.com\/photo\/reformatwebpfolder\/350\/200\/2880\/thumb-middle\/2880_c0f7b028022edf51e0f269e4e1032ae4.webp?v=21092023\"\n            alt=\"Talaiot 25 - Ferienhaus auf Inca\"\/>\n                                                                        <div class=\"circleDiscount\">-11%<\/div>\n                        <\/figure>\n    <p itemprop=\"address\"><i class=\"ico-marker\"><\/i>Inca, Mallorca<\/p>\n    <h3 itemprop=\"name\">Talaiot 25<\/h3>\n    <ul class=\"icon_list inline_list\">\n                              <li class=\"ico-pool\" title=\"Pool\">\n              <span itemprop=\"amenityFeature\">Pool<\/span>\n            <\/li>\n                      <li class=\"ico-airConditioning\" title=\"Klimaanlage\">\n              <span itemprop=\"amenityFeature\">Klimaanlage<\/span>\n            <\/li>\n                      <li class=\"ico-wifi\" title=\"Wifi\">\n              <span itemprop=\"amenityFeature\">Wifi<\/span>\n            <\/li>\n                      <li class=\"ico-pets\" title=\"Haustiere\">\n              <span itemprop=\"amenityFeature\">Haustiere<\/span>\n            <\/li>\n                          <li class=\"ico-guests\" title=\"F\u00fcr 8 G\u00e4ste in Inca.\">\n          <span itemprop=\"occupancy\">8<\/span>\n        <\/li>\n    <\/ul>\n            <span class=\"price\">Ab 177\u20ac \/ Nacht<\/span>\n                <a itemprop=\"url\" class=\"anchor\" href=\"https:\/\/www.vacalia.com\/de\/villa-talaiot-25-inca-h19830\" aria-label=\"Talaiot 25\"><\/a>\n<\/div><\/div>\n\n\n\n<h3 class=\"wp-block-heading\"><strong>8. Gordiola Glasmuseum<\/strong><\/h3>\n\n\n\n<p><strong>Ort<\/strong>: <strong><a href=\"https:\/\/www.vacalia.com\/de\/algaida-p731\" target=\"_blank\" rel=\"noreferrer noopener\">Algaida<\/a><\/strong><\/p>\n\n\n\n<p><strong>Was Sie wissen sollten<\/strong>: Sind Sie fasziniert von Glaskunst? Dann sollten Sie dieses Museum nicht verpassen. Die Glasfabrik Gordiola produziert seit dem 18. Jahrhundert geblasenes Glas und heute k\u00f6nnen Sie den Handwerkern bei der Arbeit zusehen. Neben Vorf\u00fchrungen stellt das Museum historische Glasst\u00fccke aus aller Welt aus. Das Museum ist in einer kleinen Festung untergebracht.<\/p>\n\n\n\n<p><strong>Reisetipp<\/strong>: Gehen Sie nicht, ohne ein St\u00fcck Glas als authentisches mallorquinisches Kunsthandwerks-Souvenir zu kaufen.<\/p>\n\n\n<div class=\"wp-block-image\">\n<figure class=\"aligncenter size-full\"><img loading=\"lazy\" decoding=\"async\" width=\"670\" height=\"300\" src=\"https:\/\/www.vacalia.com\/blog\/wp-content\/uploads\/2024\/09\/Museo-del-Vidrio-Gordiola.jpg\" alt=\"Gordiola Glasmuseum in Algaida\" class=\"wp-image-6386\" srcset=\"https:\/\/www.vacalia.com\/blog\/wp-content\/uploads\/2024\/09\/Museo-del-Vidrio-Gordiola.jpg 670w, https:\/\/www.vacalia.com\/blog\/wp-content\/uploads\/2024\/09\/Museo-del-Vidrio-Gordiola-300x134.jpg 300w, https:\/\/www.vacalia.com\/blog\/wp-content\/uploads\/2024\/09\/Museo-del-Vidrio-Gordiola-370x166.jpg 370w\" sizes=\"(max-width: 767px) 100vw, 670px\" \/><figcaption class=\"wp-element-caption\"><em>Gordiola Glasmuseum in Algaida<\/em><\/figcaption><\/figure><\/div>\n\n<div class=\"bannerBlog\"><div class=\"new-card-houses\">\n    <div class=\"likeOut likeDivOut\" style=\"display:none\">\n        <a data-id=\"4803\" class=\"likeOut_button_red likeBtnFav\"\n            aria-label=\"Megusta Vacalia\"><\/a>\n    <\/div>\n    <figure>\n        <img loading=\"lazy\" decoding=\"async\" \n            loading=\"lazy\" width=\"301\" height=\"200\"\n            src=\"\/\/media.vacalia.com\/photo\/reformatwebpfolder\/350\/200\/4803\/thumb-middle\/4803_177e6f0be98b2917c373536dc2d2df59.webp?v=21092023\"\n            alt=\"Sa xigala - Ferienhaus auf Algaida\"\/>\n                                                                        <div class=\"circleDiscount\">-10%<\/div>\n                        <\/figure>\n    <p itemprop=\"address\"><i class=\"ico-marker\"><\/i>Algaida, Mallorca<\/p>\n    <h3 itemprop=\"name\">Sa xigala<\/h3>\n    <ul class=\"icon_list inline_list\">\n                              <li class=\"ico-pool\" title=\"Pool\">\n              <span itemprop=\"amenityFeature\">Pool<\/span>\n            <\/li>\n                      <li class=\"ico-airConditioning\" title=\"Klimaanlage\">\n              <span itemprop=\"amenityFeature\">Klimaanlage<\/span>\n            <\/li>\n                      <li class=\"ico-wifi\" title=\"Wifi\">\n              <span itemprop=\"amenityFeature\">Wifi<\/span>\n            <\/li>\n                          <li class=\"ico-guests\" title=\"F\u00fcr 6 G\u00e4ste in Algaida.\">\n          <span itemprop=\"occupancy\">6<\/span>\n        <\/li>\n    <\/ul>\n            <span class=\"price\">Ab 175\u20ac \/ Nacht<\/span>\n                <a itemprop=\"url\" class=\"anchor\" href=\"https:\/\/www.vacalia.com\/de\/villa-sa-xigala-algaida-h27902\" aria-label=\"Sa xigala\"><\/a>\n<\/div><div class=\"new-card-houses\">\n    <div class=\"likeOut likeDivOut\" style=\"display:none\">\n        <a data-id=\"2710\" class=\"likeOut_button_red likeBtnFav\"\n            aria-label=\"Megusta Vacalia\"><\/a>\n    <\/div>\n    <figure>\n        <img loading=\"lazy\" decoding=\"async\" \n            loading=\"lazy\" width=\"301\" height=\"200\"\n            src=\"\/\/media.vacalia.com\/photo\/reformatwebpfolder\/350\/200\/2710\/thumb-middle\/2710_f3ab520931dbfbab72fc909d6cecf584.webp?v=21092023\"\n            alt=\"Gina - Ferienhaus auf Algaida\"\/>\n                                                                        <div class=\"circleDiscount\">-29%<\/div>\n                        <\/figure>\n    <p itemprop=\"address\"><i class=\"ico-marker\"><\/i>Algaida, Mallorca<\/p>\n    <h3 itemprop=\"name\">Gina<\/h3>\n    <ul class=\"icon_list inline_list\">\n                              <li class=\"ico-pool\" title=\"Pool\">\n              <span itemprop=\"amenityFeature\">Pool<\/span>\n            <\/li>\n                      <li class=\"ico-airConditioning\" title=\"Klimaanlage\">\n              <span itemprop=\"amenityFeature\">Klimaanlage<\/span>\n            <\/li>\n                      <li class=\"ico-wifi\" title=\"Wifi\">\n              <span itemprop=\"amenityFeature\">Wifi<\/span>\n            <\/li>\n                          <li class=\"ico-guests\" title=\"F\u00fcr 8 G\u00e4ste in Algaida.\">\n          <span itemprop=\"occupancy\">8<\/span>\n        <\/li>\n    <\/ul>\n            <span class=\"price\">Ab 164\u20ac \/ Nacht<\/span>\n                <a itemprop=\"url\" class=\"anchor\" href=\"https:\/\/www.vacalia.com\/de\/villa-gina-algaida-h19008\" aria-label=\"Gina\"><\/a>\n<\/div><\/div>\n\n\n\n<h3 class=\"wp-block-heading\"><strong>9. Ethnologisches Museum von Muro<\/strong><\/h3>\n\n\n\n<p><strong>Ort<\/strong>: Muro<\/p>\n\n\n\n<p><strong>Was Sie wissen sollten<\/strong>: Die ethnologische Abteilung des Museums von Mallorca, die in einem 1965 vom Architekten Gabriel Alomar i Esteve gestifteten Haus untergebracht ist, stellt landwirtschaftliche Ger\u00e4te, volkst\u00fcmliche Keramik und eine Apotheke aus dem 19. Jahrhundert aus. Das Erdgeschoss ist einem traditionellen Haus nachempfunden, w\u00e4hrend im Obergeschoss landwirtschaftliche Ger\u00e4te und T\u00f6pferwaren ausgestellt sind. Auf dem Hof \u200b\u200bbefinden sich ein restauriertes Wasserrad und Gegenst\u00e4nde, die zum Transport von Tieren verwendet wurden. Ein zweites, bescheideneres Geb\u00e4ude beherbergt Werkzeuge aus traditionellen Berufen wie Schmiede- und Schuhmacherhandwerk.<\/p>\n\n\n\n<p><strong>Reisetipp<\/strong>: Muro ist eine Wohnstadt mit Gesch\u00e4ften und Dienstleistungen f\u00fcr den Alltag. Sonntags gibt es einen Markt mit frischen Produkten und an manchen Mittwochabenden bietet ein Markt am Strand von Muro lokales Kunsthandwerk an.<\/p>\n\n\n<div class=\"wp-block-image\">\n<figure class=\"aligncenter size-full\"><img loading=\"lazy\" decoding=\"async\" width=\"670\" height=\"300\" src=\"https:\/\/www.vacalia.com\/blog\/wp-content\/uploads\/2024\/09\/Museu-Etnologic-de-Muro.jpg\" alt=\"Ethnologisches Museum von Muro\" class=\"wp-image-6387\" srcset=\"https:\/\/www.vacalia.com\/blog\/wp-content\/uploads\/2024\/09\/Museu-Etnologic-de-Muro.jpg 670w, https:\/\/www.vacalia.com\/blog\/wp-content\/uploads\/2024\/09\/Museu-Etnologic-de-Muro-300x134.jpg 300w, https:\/\/www.vacalia.com\/blog\/wp-content\/uploads\/2024\/09\/Museu-Etnologic-de-Muro-370x166.jpg 370w\" sizes=\"(max-width: 767px) 100vw, 670px\" \/><figcaption class=\"wp-element-caption\"><em>Ethnologisches Museum von Muro<\/em><\/figcaption><\/figure><\/div>\n\n<div class=\"bannerBlog\"><div class=\"new-card-houses\">\n    <div class=\"likeOut likeDivOut\" style=\"display:none\">\n        <a data-id=\"1456\" class=\"likeOut_button_red likeBtnFav\"\n            aria-label=\"Megusta Vacalia\"><\/a>\n    <\/div>\n    <figure>\n        <img loading=\"lazy\" decoding=\"async\" \n            loading=\"lazy\" width=\"301\" height=\"200\"\n            src=\"\/\/media.vacalia.com\/photo\/reformatwebpfolder\/350\/200\/1456\/thumb-middle\/1456_71f3e19e80b40558efb1f77254630345.webp?v=21092023\"\n            alt=\"Villa isabel - Ferienhaus auf Platja de Muro\"\/>\n                                                                        <div class=\"circleDiscount\">-4%<\/div>\n                        <\/figure>\n    <p itemprop=\"address\"><i class=\"ico-marker\"><\/i>Platja de Muro, Mallorca<\/p>\n    <h3 itemprop=\"name\">Villa isabel<\/h3>\n    <ul class=\"icon_list inline_list\">\n                              <li class=\"ico-airConditioning\" title=\"Klimaanlage\">\n              <span itemprop=\"amenityFeature\">Klimaanlage<\/span>\n            <\/li>\n                      <li class=\"ico-wifi\" title=\"Wifi\">\n              <span itemprop=\"amenityFeature\">Wifi<\/span>\n            <\/li>\n                          <li class=\"ico-guests\" title=\"F\u00fcr 8 G\u00e4ste in Platja De Muro.\">\n          <span itemprop=\"occupancy\">8<\/span>\n        <\/li>\n    <\/ul>\n            <span class=\"price\">Ab 250\u20ac \/ Nacht<\/span>\n                <a itemprop=\"url\" class=\"anchor\" href=\"https:\/\/www.vacalia.com\/de\/ferienhaus-villa-isabel-muro-h16299\" aria-label=\"Villa isabel\"><\/a>\n<\/div><div class=\"new-card-houses\">\n    <div class=\"likeOut likeDivOut\" style=\"display:none\">\n        <a data-id=\"2390\" class=\"likeOut_button_red likeBtnFav\"\n            aria-label=\"Megusta Vacalia\"><\/a>\n    <\/div>\n    <figure>\n        <img loading=\"lazy\" decoding=\"async\" \n            loading=\"lazy\" width=\"301\" height=\"200\"\n            src=\"\/\/media.vacalia.com\/photo\/reformatwebpfolder\/350\/200\/2390\/thumb-middle\/2390_43e93245d43f3c256e99bf0988b5b0f9.webp?v=21092023\"\n            alt=\"Son auba - Ferienhaus auf Muro\"\/>\n                                                                        <div class=\"circleDiscount\">-4%<\/div>\n                        <\/figure>\n    <p itemprop=\"address\"><i class=\"ico-marker\"><\/i>Muro, Mallorca<\/p>\n    <h3 itemprop=\"name\">Son auba<\/h3>\n    <ul class=\"icon_list inline_list\">\n                              <li class=\"ico-pool\" title=\"Pool\">\n              <span itemprop=\"amenityFeature\">Pool<\/span>\n            <\/li>\n                      <li class=\"ico-wifi\" title=\"Wifi\">\n              <span itemprop=\"amenityFeature\">Wifi<\/span>\n            <\/li>\n                          <li class=\"ico-guests\" title=\"F\u00fcr 8 G\u00e4ste in Muro.\">\n          <span itemprop=\"occupancy\">8<\/span>\n        <\/li>\n    <\/ul>\n            <span class=\"price\">Ab 179\u20ac \/ Nacht<\/span>\n                <a itemprop=\"url\" class=\"anchor\" href=\"https:\/\/www.vacalia.com\/de\/villa-son-auba-muro-h18351\" aria-label=\"Son auba\"><\/a>\n<\/div><\/div>\n\n\n\n<h3 class=\"wp-block-heading\"><strong>10. Di\u00f6zesanmuseum von Mallorca<\/strong><\/h3>\n\n\n\n<p><strong>Ort<\/strong>: Palma<\/p>\n\n\n\n<p><strong>Was Sie wissen sollten<\/strong>: Das 1916 eingeweihte und 2007 renovierte Di\u00f6zesanmuseum von Mallorca beherbergt eine Sammlung religi\u00f6ser Kunst vom Fr\u00fchchristentum bis zum 20. Jahrhundert. Es befindet sich im Bischofspalast und verf\u00fcgt \u00fcber rund 200 Werke aus Kl\u00f6stern, Kirchen und Spenden. Die Ausstellung umfasst Gem\u00e4lde, Skulpturen, Keramik, M\u00f6bel und einen Antoni Gaud\u00ed gewidmeten Raum. Es bietet auch tempor\u00e4re Ausstellungen, F\u00fchrungen und p\u00e4dagogische Workshops.<\/p>\n\n\n\n<p><strong>Reisetipp<\/strong>: Nehmen Sie, wenn m\u00f6glich, an F\u00fchrungen teil, da diese Ihnen ein tieferes Verst\u00e4ndnis der St\u00fccke und ihrer Bedeutung f\u00fcr die Geschichte vermitteln.<\/p>\n\n\n<div class=\"wp-block-image\">\n<figure class=\"aligncenter size-full\"><img loading=\"lazy\" decoding=\"async\" width=\"670\" height=\"300\" src=\"https:\/\/www.vacalia.com\/blog\/wp-content\/uploads\/2024\/09\/Museu-Diocesa-de-Mallorca-1.jpg\" alt=\"Di\u00f6zesanmuseum von Mallorca in Palma\" class=\"wp-image-6389\" srcset=\"https:\/\/www.vacalia.com\/blog\/wp-content\/uploads\/2024\/09\/Museu-Diocesa-de-Mallorca-1.jpg 670w, https:\/\/www.vacalia.com\/blog\/wp-content\/uploads\/2024\/09\/Museu-Diocesa-de-Mallorca-1-300x134.jpg 300w, https:\/\/www.vacalia.com\/blog\/wp-content\/uploads\/2024\/09\/Museu-Diocesa-de-Mallorca-1-370x166.jpg 370w\" sizes=\"(max-width: 767px) 100vw, 670px\" \/><figcaption class=\"wp-element-caption\"><em>Di\u00f6zesanmuseum von Mallorca in Palma<\/em><\/figcaption><\/figure><\/div>\n\n<div class=\"bannerBlog\"><div class=\"new-card-houses\">\n    <div class=\"likeOut likeDivOut\" style=\"display:none\">\n        <a data-id=\"3432\" class=\"likeOut_button_red likeBtnFav\"\n            aria-label=\"Megusta Vacalia\"><\/a>\n    <\/div>\n    <figure>\n        <img loading=\"lazy\" decoding=\"async\" \n            loading=\"lazy\" width=\"301\" height=\"200\"\n            src=\"\/\/media.vacalia.com\/photo\/reformatwebpfolder\/350\/200\/3432\/thumb-middle\/3432_a810e8d0b36ff19147bc868968c4aad9.webp?v=21092023\"\n            alt=\"Can jaume fuster - Ferienhaus auf B\u00fager\"\/>\n                                                                        <div class=\"circleDiscount\">-29%<\/div>\n                        <\/figure>\n    <p itemprop=\"address\"><i class=\"ico-marker\"><\/i>B\u00fager, Mallorca<\/p>\n    <h3 itemprop=\"name\">Can jaume fuster<\/h3>\n    <ul class=\"icon_list inline_list\">\n                              <li class=\"ico-pool\" title=\"Pool\">\n              <span itemprop=\"amenityFeature\">Pool<\/span>\n            <\/li>\n                      <li class=\"ico-airConditioning\" title=\"Klimaanlage\">\n              <span itemprop=\"amenityFeature\">Klimaanlage<\/span>\n            <\/li>\n                      <li class=\"ico-wifi\" title=\"Wifi\">\n              <span itemprop=\"amenityFeature\">Wifi<\/span>\n            <\/li>\n                          <li class=\"ico-guests\" title=\"F\u00fcr 6 G\u00e4ste in B\u00fager.\">\n          <span itemprop=\"occupancy\">6<\/span>\n        <\/li>\n    <\/ul>\n            <span class=\"price\">Ab 127\u20ac \/ Nacht<\/span>\n                <a itemprop=\"url\" class=\"anchor\" href=\"https:\/\/www.vacalia.com\/de\/villa-can-jaume-fuster-buger-h23659\" aria-label=\"Can jaume fuster\"><\/a>\n<\/div><div class=\"new-card-houses\">\n    <div class=\"likeOut likeDivOut\" style=\"display:none\">\n        <a data-id=\"1664\" class=\"likeOut_button_red likeBtnFav\"\n            aria-label=\"Megusta Vacalia\"><\/a>\n    <\/div>\n    <figure>\n        <img loading=\"lazy\" decoding=\"async\" \n            loading=\"lazy\" width=\"301\" height=\"200\"\n            src=\"\/\/media.vacalia.com\/photo\/reformatwebpfolder\/350\/200\/1664\/thumb-middle\/1664_2f20d64163d50b2a80dcdbcfdca679c7.webp?v=21092023\"\n            alt=\"Villa berry - Ferienhaus auf Santa Pon\u00e7a\"\/>\n                                                                        <div class=\"circleDiscount\">-5%<\/div>\n                        <\/figure>\n    <p itemprop=\"address\"><i class=\"ico-marker\"><\/i>Santa Pon\u00e7a, Mallorca<\/p>\n    <h3 itemprop=\"name\">Villa berry<\/h3>\n    <ul class=\"icon_list inline_list\">\n                              <li class=\"ico-pool\" title=\"Pool\">\n              <span itemprop=\"amenityFeature\">Pool<\/span>\n            <\/li>\n                      <li class=\"ico-airConditioning\" title=\"Klimaanlage\">\n              <span itemprop=\"amenityFeature\">Klimaanlage<\/span>\n            <\/li>\n                      <li class=\"ico-wifi\" title=\"Wifi\">\n              <span itemprop=\"amenityFeature\">Wifi<\/span>\n            <\/li>\n                          <li class=\"ico-guests\" title=\"F\u00fcr 4 G\u00e4ste in Santa Pon\u00e7a.\">\n          <span itemprop=\"occupancy\">4<\/span>\n        <\/li>\n    <\/ul>\n            <span class=\"price\">Ab 189\u20ac \/ Nacht<\/span>\n                <a itemprop=\"url\" class=\"anchor\" href=\"https:\/\/www.vacalia.com\/de\/villa-villa-berry-calvia-h16659\" aria-label=\"Villa berry\"><\/a>\n<\/div><\/div>\n","protected":false},"excerpt":{"rendered":"<p>Neben Str\u00e4nden und Sonne ist die Baleareninsel auch eine Schatzkammer der Kultur und Geschichte. Mit einer langen Tradition der Kunst und Kultur bietet Mallorca viel mehr als nur Entspannung in&hellip;<\/p>\n","protected":false},"author":1,"featured_media":0,"comment_status":"closed","ping_status":"open","sticky":false,"template":"","format":"standard","meta":{"_monsterinsights_skip_tracking":false,"_monsterinsights_sitenote_active":false,"_monsterinsights_sitenote_note":"","_monsterinsights_sitenote_category":0,"footnotes":""},"categories":[379,40,416,454],"tags":[],"class_list":["post-6396","post","type-post","status-publish","format-standard","hentry","category-mallorca-de","category-allgemein","category-mallorca-fuhrer","category-was-kann-man-auf-mallorca-sehen"],"_links":{"self":[{"href":"https:\/\/www.vacalia.com\/blog\/wp-json\/wp\/v2\/posts\/6396"}],"collection":[{"href":"https:\/\/www.vacalia.com\/blog\/wp-json\/wp\/v2\/posts"}],"about":[{"href":"https:\/\/www.vacalia.com\/blog\/wp-json\/wp\/v2\/types\/post"}],"author":[{"embeddable":true,"href":"https:\/\/www.vacalia.com\/blog\/wp-json\/wp\/v2\/users\/1"}],"replies":[{"embeddable":true,"href":"https:\/\/www.vacalia.com\/blog\/wp-json\/wp\/v2\/comments?post=6396"}],"version-history":[{"count":2,"href":"https:\/\/www.vacalia.com\/blog\/wp-json\/wp\/v2\/posts\/6396\/revisions"}],"predecessor-version":[{"id":6402,"href":"https:\/\/www.vacalia.com\/blog\/wp-json\/wp\/v2\/posts\/6396\/revisions\/6402"}],"wp:attachment":[{"href":"https:\/\/www.vacalia.com\/blog\/wp-json\/wp\/v2\/media?parent=6396"}],"wp:term":[{"taxonomy":"category","embeddable":true,"href":"https:\/\/www.vacalia.com\/blog\/wp-json\/wp\/v2\/categories?post=6396"},{"taxonomy":"post_tag","embeddable":true,"href":"https:\/\/www.vacalia.com\/blog\/wp-json\/wp\/v2\/tags?post=6396"}],"curies":[{"name":"wp","href":"https:\/\/api.w.org\/{rel}","templated":true}]}}