{"id":6403,"date":"2024-09-06T10:26:33","date_gmt":"2024-09-06T08:26:33","guid":{"rendered":"https:\/\/www.vacalia.com\/blog\/?p=6403"},"modified":"2025-07-08T11:47:34","modified_gmt":"2025-07-08T09:47:34","slug":"mejores-lugares-ver-puesta-de-sol-ibiza","status":"publish","type":"post","link":"https:\/\/www.vacalia.com\/blog\/es\/mejores-lugares-ver-puesta-de-sol-ibiza\/","title":{"rendered":"Los mejores lugares para ver la puesta de sol en Ibiza"},"content":{"rendered":"\n<p>Si est\u00e1s planeando un viaje a <strong>Ibiza<\/strong>, debes saber que no puedes irte sin haber disfrutado de sus espectaculares puestas de sol. Prep\u00e1rate para encontrar algunos de los mejores lugares para ver c\u00f3mo el sol baja lentamente sobre el Mediterr\u00e1neo, regal\u00e1ndote un momento inolvidable.&nbsp;<\/p>\n\n\n\n<p>Y ya sabes, si buscas una <strong><a href=\"https:\/\/www.vacalia.com\/es\/alojamiento-vacacional-ibiza\" target=\"_blank\" rel=\"noreferrer noopener\">casa de alquiler vacacional en Ibiza<\/a><\/strong> no dudes en buscar en nuestra web un alojamiento cerca de estas ubicaciones.<\/p>\n\n\n\n<h2 class=\"wp-block-heading has-medium-font-size\"><strong>Caf\u00e9 del Mar<\/strong><\/h2>\n\n\n\n<p>Es probable que ya hayas o\u00eddo hablar de este exclusivo lugar en <strong><a href=\"https:\/\/www.vacalia.com\/es\/sant-antoni-de-portmany-ibiza-p1366\" target=\"_blank\" rel=\"noreferrer noopener\">San Antonio<\/a><\/strong>. Caf\u00e9 del Mar no es solo un sitio para ver la puesta de sol, es casi una instituci\u00f3n en Ibiza. Desde 1980, este bar ha atra\u00eddo gente de todo el mundo que buscan disfrutar de una experiencia sensorial completa: m\u00fasica chill-out, un ambiente relajado y, por supuesto, un atardecer incre\u00edble.<\/p>\n\n\n\n<p>Llega con tiempo, pide algo de beber y acom\u00f3date para presenciar una de las puestas de sol m\u00e1s espectaculares de la isla, mientras la m\u00fasica acompa\u00f1a el final del d\u00eda.&nbsp;<\/p>\n\n\n\n<p>El ambiente es muy especial, ideal tanto para quienes viajan solos, en pareja o con amigos. Adem\u00e1s, no es raro ver alguna que otra ovaci\u00f3n cuando el sol finalmente desaparece en el horizonte.&nbsp;<\/p>\n\n\n<div class=\"wp-block-image\">\n<figure class=\"aligncenter size-full\"><img fetchpriority=\"high\" decoding=\"async\" width=\"670\" height=\"300\" src=\"https:\/\/www.vacalia.com\/blog\/wp-content\/uploads\/2024\/09\/atardecer-en-cafe-del-mar.jpg\" alt=\"Atardecer en Caf\u00e9 del Mar\" class=\"wp-image-6404\" srcset=\"https:\/\/www.vacalia.com\/blog\/wp-content\/uploads\/2024\/09\/atardecer-en-cafe-del-mar.jpg 670w, https:\/\/www.vacalia.com\/blog\/wp-content\/uploads\/2024\/09\/atardecer-en-cafe-del-mar-300x134.jpg 300w, https:\/\/www.vacalia.com\/blog\/wp-content\/uploads\/2024\/09\/atardecer-en-cafe-del-mar-370x166.jpg 370w\" sizes=\"(max-width: 767px) 100vw, 670px\" \/><figcaption class=\"wp-element-caption\"><em>Atardecer en Caf\u00e9 del Mar<\/em><\/figcaption><\/figure><\/div>\n\n\n<h2 class=\"wp-block-heading has-medium-font-size\"><strong>Cala Tarida<\/strong><\/h2>\n\n\n\n<p>En el coraz\u00f3n de Ibiza se encuentra una cala que, a primera vista, parece com\u00fan, pero guarda un encanto especial. Su playa de arena blanca, acompa\u00f1ada de aguas en tonos turquesa, ofrece un ambiente joven y tranquilo ideal para desconectar. La facilidad de acceso, junto con un parking gratuito cercano, facilita la visita a este lugar paradis\u00edaco.&nbsp;<\/p>\n\n\n\n<p>Adem\u00e1s, hay un chiringuito con precios accesibles que complementa la experiencia. Sin embargo, lo m\u00e1s fascinante est\u00e1 al cruzar unas rocas hacia la izquierda, donde se revela un oasis de paz con casas de pescadores y una entrada tranquila al mar, perfecta para el esn\u00f3rquel.&nbsp;<\/p>\n\n\n<div class=\"wp-block-image\">\n<figure class=\"aligncenter size-full\"><img decoding=\"async\" width=\"670\" height=\"300\" src=\"https:\/\/www.vacalia.com\/blog\/wp-content\/uploads\/2024\/09\/atardecer-en-cala-tarida.jpg\" alt=\"Atardecer en Cala Tarida\" class=\"wp-image-6405\" srcset=\"https:\/\/www.vacalia.com\/blog\/wp-content\/uploads\/2024\/09\/atardecer-en-cala-tarida.jpg 670w, https:\/\/www.vacalia.com\/blog\/wp-content\/uploads\/2024\/09\/atardecer-en-cala-tarida-300x134.jpg 300w, https:\/\/www.vacalia.com\/blog\/wp-content\/uploads\/2024\/09\/atardecer-en-cala-tarida-370x166.jpg 370w\" sizes=\"(max-width: 767px) 100vw, 670px\" \/><figcaption class=\"wp-element-caption\"><em>Atardecer en Cala Tarida<\/em><\/figcaption><\/figure><\/div>\n\n\n<h2 class=\"wp-block-heading has-medium-font-size\"><strong>Es Vedr\u00e0<\/strong><\/h2>\n\n\n\n<p>Es Vedr\u00e0 es otro de los lugares m\u00e1s famosos de Ibiza para ver la puesta de sol. Esta enorme roca que emerge del mar frente a la costa tiene un magnetismo especial.&nbsp;<\/p>\n\n\n\n<p>Lo ideal es que te acerques a la Torre des Savinar, tambi\u00e9n conocida como la \u00abTorre del Pirata\u00bb, un lugar elevado desde el que tendr\u00e1s una vista perfecta del islote.&nbsp;<\/p>\n\n\n\n<p>Para llegar puedes dejar el coche en un parking de tierra y simplemente caminar durante 15 minutos. En temporada alta el parking se llena r\u00e1pidamente por lo que te recomendamos llegar con tiempo. Ll\u00e9vate un picnic o algo para beber, si\u00e9ntate y prep\u00e1rate para un espect\u00e1culo visual.&nbsp;<\/p>\n\n\n<div class=\"wp-block-image\">\n<figure class=\"aligncenter size-full\"><img decoding=\"async\" width=\"670\" height=\"300\" src=\"https:\/\/www.vacalia.com\/blog\/wp-content\/uploads\/2024\/09\/atardecer-en-es-vedra.jpg\" alt=\"Atardecer en Es Vedr\u00e0\" class=\"wp-image-6406\" srcset=\"https:\/\/www.vacalia.com\/blog\/wp-content\/uploads\/2024\/09\/atardecer-en-es-vedra.jpg 670w, https:\/\/www.vacalia.com\/blog\/wp-content\/uploads\/2024\/09\/atardecer-en-es-vedra-300x134.jpg 300w, https:\/\/www.vacalia.com\/blog\/wp-content\/uploads\/2024\/09\/atardecer-en-es-vedra-370x166.jpg 370w\" sizes=\"(max-width: 767px) 100vw, 670px\" \/><figcaption class=\"wp-element-caption\"><em>Atardecer en Es Vedr\u00e0<\/em><\/figcaption><\/figure><\/div>\n\n\n<h2 class=\"wp-block-heading has-medium-font-size\"><strong>Golden Buddha<\/strong><\/h2>\n\n\n\n<p>Golden Buddha es un ic\u00f3nico restaurante en Ibiza, conocido por ofrecer una de las mejores experiencias al atardecer en la isla.&nbsp;<\/p>\n\n\n\n<p>Ubicado en San Antonio, su amplia terraza frente al mar te permite disfrutar de una espectacular puesta de sol, convirtiendo cada cena en un momento inolvidable. Con un ambiente chill-out y relajado, es el lugar perfecto para deleitarte con c\u00f3cteles mientras ves c\u00f3mo el sol se sumerge en el Mediterr\u00e1neo, todo acompa\u00f1ado de una deliciosa selecci\u00f3n de platos mediterr\u00e1neos e internacionales.&nbsp;<\/p>\n\n\n\n<p>La combinaci\u00f3n de gastronom\u00eda y las m\u00e1gicas vistas hacen de Golden Buddha un destino imprescindible en Ibiza<\/p>\n\n\n<div class=\"wp-block-image\">\n<figure class=\"aligncenter size-full\"><img loading=\"lazy\" decoding=\"async\" width=\"670\" height=\"300\" src=\"https:\/\/www.vacalia.com\/blog\/wp-content\/uploads\/2024\/09\/atardecer-en-golden-buddha.jpg\" alt=\"Atardecer en Golden Buddha\" class=\"wp-image-6407\" srcset=\"https:\/\/www.vacalia.com\/blog\/wp-content\/uploads\/2024\/09\/atardecer-en-golden-buddha.jpg 670w, https:\/\/www.vacalia.com\/blog\/wp-content\/uploads\/2024\/09\/atardecer-en-golden-buddha-300x134.jpg 300w, https:\/\/www.vacalia.com\/blog\/wp-content\/uploads\/2024\/09\/atardecer-en-golden-buddha-370x166.jpg 370w\" sizes=\"(max-width: 767px) 100vw, 670px\" \/><figcaption class=\"wp-element-caption\"><em>Atardecer en Golden Buddha<\/em><\/figcaption><\/figure><\/div>\n\n\n<h2 class=\"wp-block-heading has-medium-font-size\"><strong>Mirador Las Puertas del Cielo<\/strong><\/h2>\n\n\n\n<p>En el lado noroeste de Ibiza, cerca de Santa Agn\u00e8s, se encuentra un mirador conocido como Las Puertas del Cielo, un nombre que ya te da una pista de lo especial que es este lugar. Este punto elevado ofrece una vista espectacular.<\/p>\n\n\n\n<p>Este es un lugar donde puedes estar en total contacto con la naturaleza, lejos del bullicio de las zonas m\u00e1s tur\u00edsticas. Al no ser tan conocido como otros puntos de la isla, es m\u00e1s f\u00e1cil encontrar un rinc\u00f3n tranquilo para disfrutar de la puesta de sol en soledad o con pocas personas alrededor. Si lo tuyo son los paisajes salvajes y la tranquilidad, este mirador te conquistar\u00e1.<\/p>\n\n\n<div class=\"wp-block-image\">\n<figure class=\"aligncenter size-full\"><img loading=\"lazy\" decoding=\"async\" width=\"670\" height=\"300\" src=\"https:\/\/www.vacalia.com\/blog\/wp-content\/uploads\/2024\/09\/atardecer-en-puertas-del-cielo.jpg\" alt=\"Atardecer en el mirador Las Puertas del Cielo\" class=\"wp-image-6408\" srcset=\"https:\/\/www.vacalia.com\/blog\/wp-content\/uploads\/2024\/09\/atardecer-en-puertas-del-cielo.jpg 670w, https:\/\/www.vacalia.com\/blog\/wp-content\/uploads\/2024\/09\/atardecer-en-puertas-del-cielo-300x134.jpg 300w, https:\/\/www.vacalia.com\/blog\/wp-content\/uploads\/2024\/09\/atardecer-en-puertas-del-cielo-370x166.jpg 370w\" sizes=\"(max-width: 767px) 100vw, 670px\" \/><figcaption class=\"wp-element-caption\"><em>Atardecer en el mirador Las Puertas del Cielo<\/em><\/figcaption><\/figure><\/div>\n\n\n<h2 class=\"wp-block-heading has-medium-font-size\"><strong>Cala Benirr\u00e1s<\/strong><\/h2>\n\n\n\n<p>\u00bfTe imaginas ver la puesta de sol al ritmo de los tambores? En Cala Benirr\u00e1s, esta experiencia es posible. Cada domingo al atardecer, locales y visitantes se re\u00fanen en la playa para disfrutar de un espect\u00e1culo \u00fanico: la <strong>fiesta de los tambores<\/strong>. Los percusionistas comienzan a tocar mientras el sol desciende lentamente, creando un ambiente muy aut\u00e9ntico.<\/p>\n\n\n\n<p>Esta cala, situada en el norte de la isla, es una de las m\u00e1s bonitas de Ibiza.&nbsp; Aunque se llena bastante los domingos por la tarde, la puesta de sol es simplemente m\u00e1gica. Si buscas una experiencia m\u00e1s animada y social, donde la m\u00fasica y la naturaleza se unen, Benirr\u00e1s es el lugar perfecto.<\/p>\n\n\n<div class=\"wp-block-image\">\n<figure class=\"aligncenter size-full\"><img loading=\"lazy\" decoding=\"async\" width=\"670\" height=\"300\" src=\"https:\/\/www.vacalia.com\/blog\/wp-content\/uploads\/2024\/09\/atardecer-en-cala-de-benirras.jpg\" alt=\"Atardecer en Cala Benirr\u00e1s\" class=\"wp-image-6409\" srcset=\"https:\/\/www.vacalia.com\/blog\/wp-content\/uploads\/2024\/09\/atardecer-en-cala-de-benirras.jpg 670w, https:\/\/www.vacalia.com\/blog\/wp-content\/uploads\/2024\/09\/atardecer-en-cala-de-benirras-300x134.jpg 300w, https:\/\/www.vacalia.com\/blog\/wp-content\/uploads\/2024\/09\/atardecer-en-cala-de-benirras-370x166.jpg 370w\" sizes=\"(max-width: 767px) 100vw, 670px\" \/><figcaption class=\"wp-element-caption\"><em>Atardecer en Cala Benirr\u00e1s<\/em><\/figcaption><\/figure><\/div>\n\n\n<h2 class=\"wp-block-heading has-medium-font-size\"><strong>Cala Comte<\/strong><\/h2>\n\n\n\n<p>Cala Comte o tambi\u00e9n Cala Conta no puede faltar en una lista de lugares para ver el atardecer en Ibiza ya que es una de las calas favoritas de los ibicencos. Esta cala, situada en la costa oeste, ofrece una de las vistas m\u00e1s impresionantes de la puesta de sol. Pero si llegas pronto tambi\u00e9n puedes disfrutar de una playa de arena blanca con muy poco oleaje y llena de peces en la orilla. Ideal para relajarse.<\/p>\n\n\n\n<p>En esta cala, hay parking de tierra a 100 metros y varios chiringuitos en los que puedes comer o beber algo. Recomendamos llegar con bastante antelaci\u00f3n porque se llena r\u00e1pido en temporada alta.<\/p>\n\n\n<div class=\"wp-block-image\">\n<figure class=\"aligncenter size-full\"><img loading=\"lazy\" decoding=\"async\" width=\"670\" height=\"300\" src=\"https:\/\/www.vacalia.com\/blog\/wp-content\/uploads\/2024\/09\/atardecer-en-cala-comte.jpg\" alt=\"Atardecer en Cala Comte\" class=\"wp-image-6410\" srcset=\"https:\/\/www.vacalia.com\/blog\/wp-content\/uploads\/2024\/09\/atardecer-en-cala-comte.jpg 670w, https:\/\/www.vacalia.com\/blog\/wp-content\/uploads\/2024\/09\/atardecer-en-cala-comte-300x134.jpg 300w, https:\/\/www.vacalia.com\/blog\/wp-content\/uploads\/2024\/09\/atardecer-en-cala-comte-370x166.jpg 370w\" sizes=\"(max-width: 767px) 100vw, 670px\" \/><figcaption class=\"wp-element-caption\"><em>Atardecer en Cala Comte<\/em><\/figcaption><\/figure><\/div>\n\n\n<h2 class=\"wp-block-heading has-medium-font-size\"><strong>Kumharas<\/strong><\/h2>\n\n\n\n<p>Para cerrar esta lista, no pod\u00eda faltar Kumharas, un local con un aire bohemio y relajado situado en la bah\u00eda de San Antonio. Este espacio multicultural combina m\u00fasica en directo, cocina internacional y un ambiente de lo m\u00e1s desenfadado. Es ideal para disfrutar de una puesta de sol con amigos mientras suena m\u00fasica de fondo y el ambiente se va encendiendo poco a poco. Sin duda uno de los mejores lugares para ver el atardecer en Ibiza, con buena m\u00fasica, buenos c\u00f3cteles y comida internacional. Es el lugar perfecto si buscas una puesta de sol con gran ambiente. <strong>\u00a1Os esperamos!<\/strong><\/p>\n\n\n<div class=\"wp-block-image\">\n<figure class=\"aligncenter size-full\"><img loading=\"lazy\" decoding=\"async\" width=\"670\" height=\"300\" src=\"https:\/\/www.vacalia.com\/blog\/wp-content\/uploads\/2024\/09\/atardecer-en-kumharas-1.jpg\" alt=\"Atardecer en Kumharas\" class=\"wp-image-6412\" srcset=\"https:\/\/www.vacalia.com\/blog\/wp-content\/uploads\/2024\/09\/atardecer-en-kumharas-1.jpg 670w, https:\/\/www.vacalia.com\/blog\/wp-content\/uploads\/2024\/09\/atardecer-en-kumharas-1-300x134.jpg 300w, https:\/\/www.vacalia.com\/blog\/wp-content\/uploads\/2024\/09\/atardecer-en-kumharas-1-370x166.jpg 370w\" sizes=\"(max-width: 767px) 100vw, 670px\" \/><figcaption class=\"wp-element-caption\"><em>Atardecer en Kumharas<\/em><\/figcaption><\/figure><\/div>\n\n<div class=\"bannerBlog\"><div class=\"new-card-houses\">\n    <div class=\"likeOut likeDivOut\" style=\"display:none\">\n        <a data-id=\"4177\" class=\"likeOut_button_red likeBtnFav\"\n            aria-label=\"Megusta Vacalia\"><\/a>\n    <\/div>\n    <figure>\n        <img loading=\"lazy\" decoding=\"async\" \n            loading=\"lazy\" width=\"301\" height=\"200\"\n            src=\"\/\/media.vacalia.com\/photo\/reformatwebpfolder\/350\/200\/4177\/thumb-middle\/4177_d6233c9bd6a7cac9a6e99c493e8324ad.webp?v=21092023\"\n            alt=\"Can savasana - Alquiler vacacional en Sant Antoni de Portmany\"\/>\n                                                                    <\/figure>\n    <p itemprop=\"address\"><i class=\"ico-marker\"><\/i>Sant Antoni de Portmany, Ibiza<\/p>\n    <h3 itemprop=\"name\">Can savasana<\/h3>\n    <ul class=\"icon_list inline_list\">\n                              <li class=\"ico-pool\" title=\"Piscina\">\n              <span itemprop=\"amenityFeature\">Piscina<\/span>\n            <\/li>\n                      <li class=\"ico-airConditioning\" title=\"Aire Acondicionado\">\n              <span itemprop=\"amenityFeature\">Aire Acondicionado<\/span>\n            <\/li>\n                      <li class=\"ico-wifi\" title=\"Wifi\">\n              <span itemprop=\"amenityFeature\">Wifi<\/span>\n            <\/li>\n                      <li class=\"ico-views\" title=\"Vistas\">\n              <span itemprop=\"amenityFeature\">Vistas<\/span>\n            <\/li>\n                      <li class=\"ico-pets\" title=\"Mascotas\">\n              <span itemprop=\"amenityFeature\">Mascotas<\/span>\n            <\/li>\n                          <li class=\"ico-guests\" title=\"Para 10 hu\u00e9spedes en Sant Antoni De Portmany.\">\n          <span itemprop=\"occupancy\">10<\/span>\n        <\/li>\n    <\/ul>\n            <span class=\"price\">Desde 1191\u20ac \/ noche<\/span>\n                <a itemprop=\"url\" class=\"anchor\" href=\"https:\/\/www.vacalia.com\/es\/villa-can-savasana-sant-antoni-de-portmany-h27263\" aria-label=\"Can savasana\"><\/a>\n<\/div><div class=\"new-card-houses\">\n    <div class=\"likeOut likeDivOut\" style=\"display:none\">\n        <a data-id=\"4305\" class=\"likeOut_button_red likeBtnFav\"\n            aria-label=\"Megusta Vacalia\"><\/a>\n    <\/div>\n    <figure>\n        <img loading=\"lazy\" decoding=\"async\" \n            loading=\"lazy\" width=\"301\" height=\"200\"\n            src=\"\/\/media.vacalia.com\/photo\/reformatwebpfolder\/350\/200\/4305\/thumb-middle\/4305_2225d3db9f76e8b1b47d29113ec0ec22.webp?v=21092023\"\n            alt=\"Villa perla blanca - Alquiler vacacional en Jes\u00fas\"\/>\n                                                                    <\/figure>\n    <p itemprop=\"address\"><i class=\"ico-marker\"><\/i>Jes\u00fas, Ibiza<\/p>\n    <h3 itemprop=\"name\">Villa perla blanca<\/h3>\n    <ul class=\"icon_list inline_list\">\n                              <li class=\"ico-pool\" title=\"Piscina\">\n              <span itemprop=\"amenityFeature\">Piscina<\/span>\n            <\/li>\n                      <li class=\"ico-airConditioning\" title=\"Aire Acondicionado\">\n              <span itemprop=\"amenityFeature\">Aire Acondicionado<\/span>\n            <\/li>\n                      <li class=\"ico-wifi\" title=\"Wifi\">\n              <span itemprop=\"amenityFeature\">Wifi<\/span>\n            <\/li>\n                      <li class=\"ico-views\" title=\"Vistas\">\n              <span itemprop=\"amenityFeature\">Vistas<\/span>\n            <\/li>\n                          <li class=\"ico-guests\" title=\"Para 6 hu\u00e9spedes en Jes\u00fas.\">\n          <span itemprop=\"occupancy\">6<\/span>\n        <\/li>\n    <\/ul>\n            <span class=\"price\">Desde 1389\u20ac \/ noche<\/span>\n                <a itemprop=\"url\" class=\"anchor\" href=\"https:\/\/www.vacalia.com\/es\/villa-villa-perla-blanca-santa-eularia-des-riu-h26583\" aria-label=\"Villa perla blanca\"><\/a>\n<\/div><\/div>\n","protected":false},"excerpt":{"rendered":"<p>Si est\u00e1s planeando un viaje a Ibiza, debes saber que no puedes irte sin haber disfrutado de sus espectaculares puestas de sol. Prep\u00e1rate para encontrar algunos de los mejores lugares&hellip;<\/p>\n","protected":false},"author":1,"featured_media":6406,"comment_status":"closed","ping_status":"open","sticky":false,"template":"","format":"standard","meta":{"_monsterinsights_skip_tracking":false,"_monsterinsights_sitenote_active":false,"_monsterinsights_sitenote_note":"","_monsterinsights_sitenote_category":0,"footnotes":""},"categories":[897,957,927],"tags":[],"class_list":["post-6403","post","type-post","status-publish","format-standard","has-post-thumbnail","hentry","category-ibiza-es","category-que-ver-en-ibiza","category-guias-de-ibiza"],"_links":{"self":[{"href":"https:\/\/www.vacalia.com\/blog\/wp-json\/wp\/v2\/posts\/6403"}],"collection":[{"href":"https:\/\/www.vacalia.com\/blog\/wp-json\/wp\/v2\/posts"}],"about":[{"href":"https:\/\/www.vacalia.com\/blog\/wp-json\/wp\/v2\/types\/post"}],"author":[{"embeddable":true,"href":"https:\/\/www.vacalia.com\/blog\/wp-json\/wp\/v2\/users\/1"}],"replies":[{"embeddable":true,"href":"https:\/\/www.vacalia.com\/blog\/wp-json\/wp\/v2\/comments?post=6403"}],"version-history":[{"count":4,"href":"https:\/\/www.vacalia.com\/blog\/wp-json\/wp\/v2\/posts\/6403\/revisions"}],"predecessor-version":[{"id":7628,"href":"https:\/\/www.vacalia.com\/blog\/wp-json\/wp\/v2\/posts\/6403\/revisions\/7628"}],"wp:featuredmedia":[{"embeddable":true,"href":"https:\/\/www.vacalia.com\/blog\/wp-json\/wp\/v2\/media\/6406"}],"wp:attachment":[{"href":"https:\/\/www.vacalia.com\/blog\/wp-json\/wp\/v2\/media?parent=6403"}],"wp:term":[{"taxonomy":"category","embeddable":true,"href":"https:\/\/www.vacalia.com\/blog\/wp-json\/wp\/v2\/categories?post=6403"},{"taxonomy":"post_tag","embeddable":true,"href":"https:\/\/www.vacalia.com\/blog\/wp-json\/wp\/v2\/tags?post=6403"}],"curies":[{"name":"wp","href":"https:\/\/api.w.org\/{rel}","templated":true}]}}