{"id":642,"date":"2017-09-18T14:18:22","date_gmt":"2017-09-18T14:18:22","guid":{"rendered":"https:\/\/www.vacalia.com\/blog\/?p=642"},"modified":"2024-02-14T11:31:44","modified_gmt":"2024-02-14T10:31:44","slug":"alquilar-una-finca-mallorca-es-el-mejor-lugar","status":"publish","type":"post","link":"https:\/\/www.vacalia.com\/blog\/es\/alquilar-una-finca-mallorca-es-el-mejor-lugar\/","title":{"rendered":"Si buscas alquilar una finca, Mallorca es el mejor lugar"},"content":{"rendered":"<p style=\"text-align: justify;\">Mallorca es un destino tur\u00edstico excepcional que los \u00faltimos a\u00f1os ha tenido un gran impacto y anualmente sigue en alza. Prueba de ello son las cifras: este verano de 2017 est\u00e1 rompiendo cifras r\u00e9cord en la llegada de turistas que quieren disfrutar de la isla y, en este post, queremos decirte que si buscas alquilar una finca, Mallorca es el mejor lugar para hacerlo.<\/p>\n<p style=\"text-align: justify;\"><a href=\"https:\/\/www.vacalia.com\"><img fetchpriority=\"high\" decoding=\"async\" class=\"alignnone size-large wp-image-650\" src=\"https:\/\/www.vacalia.com\/blog\/wp-content\/uploads\/2017\/09\/architecture-road-street-house-town-view-779560-pxhere.com-1-1024x682.jpg\" alt=\"alquilar una finca, mallorca\" width=\"1024\" height=\"682\" srcset=\"https:\/\/www.vacalia.com\/blog\/wp-content\/uploads\/2017\/09\/architecture-road-street-house-town-view-779560-pxhere.com-1-1024x682.jpg 1024w, https:\/\/www.vacalia.com\/blog\/wp-content\/uploads\/2017\/09\/architecture-road-street-house-town-view-779560-pxhere.com-1-300x200.jpg 300w, https:\/\/www.vacalia.com\/blog\/wp-content\/uploads\/2017\/09\/architecture-road-street-house-town-view-779560-pxhere.com-1-768x512.jpg 768w, https:\/\/www.vacalia.com\/blog\/wp-content\/uploads\/2017\/09\/architecture-road-street-house-town-view-779560-pxhere.com-1-1050x700.jpg 1050w, https:\/\/www.vacalia.com\/blog\/wp-content\/uploads\/2017\/09\/architecture-road-street-house-town-view-779560-pxhere.com-1.jpg 1280w\" sizes=\"(max-width: 1024px) 100vw, 1024px\" \/><\/a><\/p>\n<p style=\"text-align: justify;\"><!--more--><\/p>\n<p style=\"text-align: justify;\">Quien haya estado en la isla sabr\u00e1 que las siguientes razones para visitarla son ciertas, y es que ni siquiera un d\u00eda de lluvia podr\u00eda quitar la belleza a esta peque\u00f1a roca del Mediterr\u00e1neo.<\/p>\n<h2 class=\"post-item__subtitle\" style=\"text-align: justify;\">Motivos por los que alquilar una finca en Mallorca<\/h2>\n<ol style=\"text-align: justify;\">\n<li><strong>Temperaturas suaves durante todo el a\u00f1o.<\/strong> Gracias a su ubicaci\u00f3n y a estar rodeada de mar, Mallorca es ideal para todos en cualquier epoca del a\u00f1o. Si bien es cierto que este verano ha sido peculiarmente m\u00e1s caluroso de lo normal en comparaci\u00f3n con a\u00f1os pasados y durante el invierno nev\u00f3, lo normal en Mallorca es que las temperaturas oscilen entre los 17 y los 25 grados. Este clima favorece el realizar actividades diferentes a las cl\u00e1sicas de sol y playa tales como: senderismo, ciclismo, excursiones, visitas culturales&#8230; Desde Vacalia os recomendamos venir especialmente durante los meses de Mayo, Septiembre y Octubre ya que disfrutar\u00e9is de un clima perfecto que os permitir\u00e1 tanto ir a la playa como descansar al fresco.<\/li>\n<\/ol>\n<p style=\"text-align: justify;\"><a href=\"https:\/\/www.vacalia.com\"><img decoding=\"async\" class=\"alignnone size-large wp-image-648\" src=\"https:\/\/www.vacalia.com\/blog\/wp-content\/uploads\/2017\/09\/hand-plant-leaf-flower-green-weather-1023822-pxhere.com_-1024x682.jpg\" alt=\"alquilar una finca, mallorca\" width=\"1024\" height=\"682\" srcset=\"https:\/\/www.vacalia.com\/blog\/wp-content\/uploads\/2017\/09\/hand-plant-leaf-flower-green-weather-1023822-pxhere.com_-1024x682.jpg 1024w, https:\/\/www.vacalia.com\/blog\/wp-content\/uploads\/2017\/09\/hand-plant-leaf-flower-green-weather-1023822-pxhere.com_-300x200.jpg 300w, https:\/\/www.vacalia.com\/blog\/wp-content\/uploads\/2017\/09\/hand-plant-leaf-flower-green-weather-1023822-pxhere.com_-768x512.jpg 768w, https:\/\/www.vacalia.com\/blog\/wp-content\/uploads\/2017\/09\/hand-plant-leaf-flower-green-weather-1023822-pxhere.com_-1050x700.jpg 1050w, https:\/\/www.vacalia.com\/blog\/wp-content\/uploads\/2017\/09\/hand-plant-leaf-flower-green-weather-1023822-pxhere.com_.jpg 1280w\" sizes=\"(max-width: 1024px) 100vw, 1024px\" \/><\/a><\/p>\n<ol style=\"text-align: justify;\" start=\"2\">\n<li><strong>No hay barreras ni de idiomas ni de nacionalidades.<\/strong> Los mallorquines son unos perfectos anfitriones y ello hace que cada vez m\u00e1s gente vuelva a la isla. Su cultura encandila tanto que todo aquel que la visita quiera conocerla e incluso hac\u00e9rsela propia. Son tantas las mezclas de nacionalidades \u00a1que nunca te sentir\u00e1s como un extra\u00f1o! Adem\u00e1s el turismo representa una parte importante del PIB de las Baleares, lo cual indica que la mayor parte de ellos trabajen directa o indirectamente en este sector. \u00bfQu\u00e9 queremos decir con esto? \u00a1Pues que el idioma no ser\u00e1 un problema para nadie! Casi todos los mallorquines entienden o hablan ingl\u00e9s y una peque\u00f1a parte de ellos tambi\u00e9n alem\u00e1n.<\/li>\n<\/ol>\n<p style=\"text-align: justify;\"><a href=\"https:\/\/www.vacalia.com\"><img decoding=\"async\" class=\"alignnone size-full wp-image-649\" src=\"https:\/\/www.vacalia.com\/blog\/wp-content\/uploads\/2017\/09\/beach-landscape-sea-water-sand-ocean-765088-pxhere.com_.jpg\" alt=\"alquilar una finca, mallorca\" width=\"720\" height=\"480\" srcset=\"https:\/\/www.vacalia.com\/blog\/wp-content\/uploads\/2017\/09\/beach-landscape-sea-water-sand-ocean-765088-pxhere.com_.jpg 720w, https:\/\/www.vacalia.com\/blog\/wp-content\/uploads\/2017\/09\/beach-landscape-sea-water-sand-ocean-765088-pxhere.com_-300x200.jpg 300w\" sizes=\"(max-width: 767px) 100vw, 720px\" \/><\/a><\/p>\n<ol style=\"text-align: justify;\" start=\"3\">\n<li><strong>Deportes n\u00e1uticos.<\/strong> Mallorca es un lugar ideal para realizar turismo activo en familia. Si os gustan los deportes acu\u00e1ticos, estar\u00e9is en el cielo. Kayak, Flyboard, Snorkel, Paddlesurf&#8230; Estos son solo algunos de los deportes que podr\u00e9is realizar, aunque la oferta es incre\u00edblemente extensa. No os qued\u00e9is solo con la parte de arena y sombrilla, \u00a1aprovechad todo el mar!<\/li>\n<\/ol>\n<p style=\"text-align: justify;\"><a href=\"https:\/\/www.vacalia.com\"><img loading=\"lazy\" decoding=\"async\" class=\"alignnone size-large wp-image-646\" src=\"https:\/\/www.vacalia.com\/blog\/wp-content\/uploads\/2017\/09\/work-sea-water-nature-outdoor-ocean-872701-pxhere.com_-1024x725.jpg\" alt=\"alquilar una finca, mallorca\" width=\"1024\" height=\"725\" srcset=\"https:\/\/www.vacalia.com\/blog\/wp-content\/uploads\/2017\/09\/work-sea-water-nature-outdoor-ocean-872701-pxhere.com_-1024x725.jpg 1024w, https:\/\/www.vacalia.com\/blog\/wp-content\/uploads\/2017\/09\/work-sea-water-nature-outdoor-ocean-872701-pxhere.com_-300x212.jpg 300w, https:\/\/www.vacalia.com\/blog\/wp-content\/uploads\/2017\/09\/work-sea-water-nature-outdoor-ocean-872701-pxhere.com_-768x544.jpg 768w, https:\/\/www.vacalia.com\/blog\/wp-content\/uploads\/2017\/09\/work-sea-water-nature-outdoor-ocean-872701-pxhere.com_-1050x744.jpg 1050w, https:\/\/www.vacalia.com\/blog\/wp-content\/uploads\/2017\/09\/work-sea-water-nature-outdoor-ocean-872701-pxhere.com_.jpg 1271w\" sizes=\"(max-width: 1024px) 100vw, 1024px\" \/><\/a><\/p>\n<ol style=\"text-align: justify;\" start=\"4\">\n<li><strong>Serra de Tramuntana, Patrimonio de la Humanidad.<\/strong> La Serra de Tramuntana est\u00e1 declarada Patrimonio de la Humanidad por la UNESCO desde el 2011. Sus incre\u00edbles construcciones de piedra en seco o los paisajes que inundan sus poblados bosques, son solo algunas de las maravillas que encontrar\u00e9is si decid\u00eds pasa un d\u00eda de excursi\u00f3n por estos bonitos parajes de Mallorca. Adem\u00e1s, entre la naturaleza encontrar\u00e9is tambi\u00e9n pueblos de encanto en los que seguro que har\u00e9is m\u00e1s de una parada como, por ejemplo, S\u00f3ller con sus incre\u00edbles naranjos que florecen en primavera, Pollen\u00e7a con sus bonitas calas y su coqueto pueblo o Banyalbufar que tiene un vino excelente as\u00ed como los reconocidos \u201ctomates de ramallet\u201d. En general es ideal si buscas alquilar una finca en Mallorca.<\/li>\n<\/ol>\n<p style=\"text-align: justify;\"><a href=\"https:\/\/www.vacalia.com\"><img loading=\"lazy\" decoding=\"async\" class=\"alignnone size-large wp-image-645\" src=\"https:\/\/www.vacalia.com\/blog\/wp-content\/uploads\/2017\/09\/landscape-sea-walking-mountain-road-hiking-836019-pxhere.com_-1024x768.jpg\" alt=\"alquilar una finca, mallorca\" width=\"1024\" height=\"768\" srcset=\"https:\/\/www.vacalia.com\/blog\/wp-content\/uploads\/2017\/09\/landscape-sea-walking-mountain-road-hiking-836019-pxhere.com_-1024x768.jpg 1024w, https:\/\/www.vacalia.com\/blog\/wp-content\/uploads\/2017\/09\/landscape-sea-walking-mountain-road-hiking-836019-pxhere.com_-300x225.jpg 300w, https:\/\/www.vacalia.com\/blog\/wp-content\/uploads\/2017\/09\/landscape-sea-walking-mountain-road-hiking-836019-pxhere.com_-768x576.jpg 768w, https:\/\/www.vacalia.com\/blog\/wp-content\/uploads\/2017\/09\/landscape-sea-walking-mountain-road-hiking-836019-pxhere.com_-1050x788.jpg 1050w, https:\/\/www.vacalia.com\/blog\/wp-content\/uploads\/2017\/09\/landscape-sea-walking-mountain-road-hiking-836019-pxhere.com_.jpg 1200w\" sizes=\"(max-width: 1024px) 100vw, 1024px\" \/><\/a><\/p>\n<h2 class=\"post-item__subtitle\" style=\"text-align: justify;\">Y mucho m\u00e1s, por lo que si buscas alquilar una finca, Mallorca tiene las mejores<\/h2>\n<p style=\"text-align: justify;\">Las fincas de Mallorca tienen ese encanto mediterr\u00e1neo que no encontrar\u00e9is en ning\u00fan otro lugar. Te recomendamos que <strong><a href=\"https:\/\/www.vacalia.com\">visites nuestra p\u00e1gina web <\/a><\/strong>y tu mismo ver\u00e1s de lo que te estamos hablando.<\/p>\n\n<div class=\"bannerBlog\"><div class=\"new-card-houses\">\n    <div class=\"likeOut likeDivOut\" style=\"display:none\">\n        <a data-id=\"2511\" class=\"likeOut_button_red likeBtnFav\"\n            aria-label=\"Megusta Vacalia\"><\/a>\n    <\/div>\n    <figure>\n        <img loading=\"lazy\" decoding=\"async\" \n            loading=\"lazy\" width=\"301\" height=\"200\"\n            src=\"\/\/media.vacalia.com\/photo\/reformatwebpfolder\/350\/200\/2511\/thumb-middle\/2511_74d830576d1a3b50394cf787599e5716.webp?v=21092023\"\n            alt=\"Can diana - Alquiler vacacional en Campanet\"\/>\n                                                                        <div class=\"circleDiscount\">-7%<\/div>\n                        <\/figure>\n    <p itemprop=\"address\"><i class=\"ico-marker\"><\/i>Campanet, Mallorca<\/p>\n    <h3 itemprop=\"name\">Can diana<\/h3>\n    <ul class=\"icon_list inline_list\">\n                              <li class=\"ico-pool\" title=\"Piscina\">\n              <span itemprop=\"amenityFeature\">Piscina<\/span>\n            <\/li>\n                      <li class=\"ico-airConditioning\" title=\"Aire Acondicionado\">\n              <span itemprop=\"amenityFeature\">Aire Acondicionado<\/span>\n            <\/li>\n                      <li class=\"ico-wifi\" title=\"Wifi\">\n              <span itemprop=\"amenityFeature\">Wifi<\/span>\n            <\/li>\n                          <li class=\"ico-guests\" title=\"Para 6 hu\u00e9spedes en Campanet.\">\n          <span itemprop=\"occupancy\">6<\/span>\n        <\/li>\n    <\/ul>\n            <span class=\"price\">Desde 127\u20ac \/ noche<\/span>\n                <a itemprop=\"url\" class=\"anchor\" href=\"https:\/\/www.vacalia.com\/es\/villa-can-diana-campanet-h18383\" aria-label=\"Can diana\"><\/a>\n<\/div><div class=\"new-card-houses\">\n    <div class=\"likeOut likeDivOut\" style=\"display:none\">\n        <a data-id=\"3125\" class=\"likeOut_button_red likeBtnFav\"\n            aria-label=\"Megusta Vacalia\"><\/a>\n    <\/div>\n    <figure>\n        <img loading=\"lazy\" decoding=\"async\" \n            loading=\"lazy\" width=\"301\" height=\"200\"\n            src=\"\/\/media.vacalia.com\/photo\/reformatwebpfolder\/350\/200\/3125\/thumb-middle\/3125_87d0745e8400e86ad2ee3a72ce8497d9.webp?v=21092023\"\n            alt=\"Sun of alcanada - Alquiler vacacional en Port d&#039;Alc\u00fadia\"\/>\n                                                                        <div class=\"circleDiscount\">-14%<\/div>\n                        <\/figure>\n    <p itemprop=\"address\"><i class=\"ico-marker\"><\/i>Port d&#039;Alc\u00fadia, Mallorca<\/p>\n    <h3 itemprop=\"name\">Sun of alcanada<\/h3>\n    <ul class=\"icon_list inline_list\">\n                              <li class=\"ico-airConditioning\" title=\"Aire Acondicionado\">\n              <span itemprop=\"amenityFeature\">Aire Acondicionado<\/span>\n            <\/li>\n                      <li class=\"ico-wifi\" title=\"Wifi\">\n              <span itemprop=\"amenityFeature\">Wifi<\/span>\n            <\/li>\n                      <li class=\"ico-views\" title=\"Vistas\">\n              <span itemprop=\"amenityFeature\">Vistas<\/span>\n            <\/li>\n                          <li class=\"ico-guests\" title=\"Para 3 hu\u00e9spedes en Port D&#039;alc\u00fadia.\">\n          <span itemprop=\"occupancy\">3<\/span>\n        <\/li>\n    <\/ul>\n            <span class=\"price\">Desde 91\u20ac \/ noche<\/span>\n                <a itemprop=\"url\" class=\"anchor\" href=\"https:\/\/www.vacalia.com\/es\/apartamento-sun-of-alcanada-alcudia-h20540\" aria-label=\"Sun of alcanada\"><\/a>\n<\/div><\/div>\n","protected":false},"excerpt":{"rendered":"<p>Mallorca es un destino tur\u00edstico excepcional que los \u00faltimos a\u00f1os ha tenido un gran impacto y anualmente sigue en alza. Prueba de ello son las cifras: este verano de 2017&hellip;<\/p>\n","protected":false},"author":2,"featured_media":0,"comment_status":"closed","ping_status":"open","sticky":false,"template":"","format":"standard","meta":{"_monsterinsights_skip_tracking":false,"_monsterinsights_sitenote_active":false,"_monsterinsights_sitenote_note":"","_monsterinsights_sitenote_category":0,"footnotes":""},"categories":[1],"tags":[],"class_list":["post-642","post","type-post","status-publish","format-standard","hentry","category-general-es"],"_links":{"self":[{"href":"https:\/\/www.vacalia.com\/blog\/wp-json\/wp\/v2\/posts\/642"}],"collection":[{"href":"https:\/\/www.vacalia.com\/blog\/wp-json\/wp\/v2\/posts"}],"about":[{"href":"https:\/\/www.vacalia.com\/blog\/wp-json\/wp\/v2\/types\/post"}],"author":[{"embeddable":true,"href":"https:\/\/www.vacalia.com\/blog\/wp-json\/wp\/v2\/users\/2"}],"replies":[{"embeddable":true,"href":"https:\/\/www.vacalia.com\/blog\/wp-json\/wp\/v2\/comments?post=642"}],"version-history":[{"count":4,"href":"https:\/\/www.vacalia.com\/blog\/wp-json\/wp\/v2\/posts\/642\/revisions"}],"predecessor-version":[{"id":4800,"href":"https:\/\/www.vacalia.com\/blog\/wp-json\/wp\/v2\/posts\/642\/revisions\/4800"}],"wp:attachment":[{"href":"https:\/\/www.vacalia.com\/blog\/wp-json\/wp\/v2\/media?parent=642"}],"wp:term":[{"taxonomy":"category","embeddable":true,"href":"https:\/\/www.vacalia.com\/blog\/wp-json\/wp\/v2\/categories?post=642"},{"taxonomy":"post_tag","embeddable":true,"href":"https:\/\/www.vacalia.com\/blog\/wp-json\/wp\/v2\/tags?post=642"}],"curies":[{"name":"wp","href":"https:\/\/api.w.org\/{rel}","templated":true}]}}