{"id":6469,"date":"2024-09-20T09:36:32","date_gmt":"2024-09-20T07:36:32","guid":{"rendered":"https:\/\/www.vacalia.com\/blog\/?p=6469"},"modified":"2025-07-08T09:12:11","modified_gmt":"2025-07-08T07:12:11","slug":"10-pueblos-interesantes-de-almeria","status":"publish","type":"post","link":"https:\/\/www.vacalia.com\/blog\/es\/10-pueblos-interesantes-de-almeria\/","title":{"rendered":"Descubre los 10 pueblos m\u00e1s interesantes de la provincia de Almer\u00eda"},"content":{"rendered":"\n<p>Si hay algo que enamora de <strong><a href=\"https:\/\/www.vacalia.com\/es\/alquiler-vacacional-almeria\" target=\"_blank\" rel=\"noreferrer noopener\">Almer\u00eda<\/a><\/strong>, adem\u00e1s de sus paisajes de pel\u00edcula y su costa infinita, son sus peque\u00f1os pueblos llenos de encanto. A veces parece que se han detenido en el tiempo, con callejuelas estrechas, casitas blancas y gente dispuesta a regalarte una sonrisa. Hoy os traigo una lista con los 10 pueblos m\u00e1s interesantes de esta provincia, ideal para que organiz\u00e1is una buena ruta y descubr\u00e1is lo mejor de Almer\u00eda. \u00a1Vamos all\u00e1!<\/p>\n\n\n\n<h2 class=\"wp-block-heading has-medium-font-size\"><strong>1. Moj\u00e1car<\/strong><\/h2>\n\n\n\n<p>Empecemos por uno de los grandes cl\u00e1sicos: Moj\u00e1car. Este precioso pueblo est\u00e1 situado sobre una colina y destaca por sus bonitas casas blancas. Moj\u00e1car es de esos sitios que te atrapan desde el primer momento. Sus calles estrechas te invitan a perderte mientras descubres plazas y rincones con encanto que parecen sacados de una postal. Adem\u00e1s, por suerte est\u00e1 a un paso de Moj\u00e1car Playa, donde hay que pegarse un chapuz\u00f3n.<\/p>\n\n\n\n<p><strong>Consejo viajero:<\/strong> Sube hasta el mirador de la Plaza Nueva para disfrutar de unas vistas espectaculares del Valle de las Pir\u00e1mides.<\/p>\n\n\n<div class=\"wp-block-image\">\n<figure class=\"aligncenter size-full\"><img fetchpriority=\"high\" decoding=\"async\" width=\"670\" height=\"300\" src=\"https:\/\/www.vacalia.com\/blog\/wp-content\/uploads\/2024\/09\/mojacar.jpg\" alt=\"Moj\u00e1car\" class=\"wp-image-6470\" srcset=\"https:\/\/www.vacalia.com\/blog\/wp-content\/uploads\/2024\/09\/mojacar.jpg 670w, https:\/\/www.vacalia.com\/blog\/wp-content\/uploads\/2024\/09\/mojacar-300x134.jpg 300w, https:\/\/www.vacalia.com\/blog\/wp-content\/uploads\/2024\/09\/mojacar-370x166.jpg 370w\" sizes=\"(max-width: 767px) 100vw, 670px\" \/><figcaption class=\"wp-element-caption\">Moj\u00e1car<\/figcaption><\/figure><\/div>\n\n\n<h2 class=\"wp-block-heading has-medium-font-size\"><strong>2. N\u00edjar<\/strong><\/h2>\n\n\n\n<p>N\u00edjar, el municipio m\u00e1s grande de la provincia de Almer\u00eda, se extiende desde Sierra Alhamilla hasta <a href=\"https:\/\/www.vacalia.com\/es\/cabo-de-gata-almeria-p1490\" data-type=\"link\" data-id=\"https:\/\/www.vacalia.com\/es\/cabo-de-gata-almeria-p1490\"><strong>Cabo de Gata<\/strong><\/a>, ofreciendo una gran diversidad de paisajes. Es famoso por sus playas, su n\u00facleo urbano de origen \u00e1rabe y, sobre todo, por su rica tradici\u00f3n artesanal. La artesan\u00eda de N\u00edjar incluye productos de cer\u00e1mica, jarapas y esparto, con influencias fenicias y \u00e1rabes. Los artesanos locales a\u00fan elaboran piezas de cer\u00e1mica en talleres tradicionales, mientras que las jarapas, coloridas telas de origen musulm\u00e1n, y el esparto, usado para cestas y decoraciones, siguen siendo populares. Los visitantes pueden ver a los artesanos trabajar y adquirir estos productos locales.<\/p>\n\n\n\n<p><strong>Si eres fan de los espacios naturales:<\/strong> N\u00edjar es la puerta de entrada al Parque Natural de Cabo de Gata-N\u00edjar, uno de los para\u00edsos m\u00e1s salvajes y v\u00edrgenes de la costa espa\u00f1ola. Se trata de una parada obligatoria.<\/p>\n\n\n<div class=\"wp-block-image\">\n<figure class=\"aligncenter size-full\"><img decoding=\"async\" width=\"670\" height=\"300\" src=\"https:\/\/www.vacalia.com\/blog\/wp-content\/uploads\/2024\/09\/nijar.jpg\" alt=\"N\u00edjar\" class=\"wp-image-6471\" srcset=\"https:\/\/www.vacalia.com\/blog\/wp-content\/uploads\/2024\/09\/nijar.jpg 670w, https:\/\/www.vacalia.com\/blog\/wp-content\/uploads\/2024\/09\/nijar-300x134.jpg 300w, https:\/\/www.vacalia.com\/blog\/wp-content\/uploads\/2024\/09\/nijar-370x166.jpg 370w\" sizes=\"(max-width: 767px) 100vw, 670px\" \/><figcaption class=\"wp-element-caption\">N\u00edjar<\/figcaption><\/figure><\/div>\n\n\n<h2 class=\"wp-block-heading has-medium-font-size\"><strong>3. V\u00e9lez-Blanco<\/strong><\/h2>\n\n\n\n<p>Cuando lleg\u00e1is a V\u00e9lez-Blanco, lo primero que os recibe es su imponente castillo renacentista, que parece vigilar el pueblo desde lo alto. Este pueblo es historia pura, con su castillo, sus iglesias y sus casas se\u00f1oriales. Es rico en yacimientos arqueol\u00f3gicos, como la Cueva de Ambrosio (Neol\u00edtico) y la Cueva de los Letreros, donde se encuentra la famosa pintura del \u201cIndalo\u201d, s\u00edmbolo de Almer\u00eda.<strong>&nbsp;<\/strong><\/p>\n\n\n\n<p><strong>Dato curioso:<\/strong> El patio del Castillo de V\u00e9lez-Blanco se expone en el Museo Metropolitano de Nueva York. \u00a1Una joya que cruz\u00f3 el charco!<\/p>\n\n\n<div class=\"wp-block-image\">\n<figure class=\"aligncenter size-full\"><img decoding=\"async\" width=\"670\" height=\"300\" src=\"https:\/\/www.vacalia.com\/blog\/wp-content\/uploads\/2024\/09\/Velez-Blanco.jpg\" alt=\"V\u00e9lez-Blanco\" class=\"wp-image-6472\" srcset=\"https:\/\/www.vacalia.com\/blog\/wp-content\/uploads\/2024\/09\/Velez-Blanco.jpg 670w, https:\/\/www.vacalia.com\/blog\/wp-content\/uploads\/2024\/09\/Velez-Blanco-300x134.jpg 300w, https:\/\/www.vacalia.com\/blog\/wp-content\/uploads\/2024\/09\/Velez-Blanco-370x166.jpg 370w\" sizes=\"(max-width: 767px) 100vw, 670px\" \/><figcaption class=\"wp-element-caption\">V\u00e9lez-Blanco<\/figcaption><\/figure><\/div>\n\n\n<h2 class=\"wp-block-heading has-medium-font-size\"><strong>4. Sorbas<\/strong><\/h2>\n\n\n\n<p>Sorbas es de esos lugares que parecen desafiar las leyes de la f\u00edsica. Este pueblo se encuentra literalmente colgado sobre el borde de un barranco, con las casas asom\u00e1ndose al vac\u00edo. Pasear por sus estrechas calles es una experiencia \u00fanica.<\/p>\n\n\n\n<p><strong>Para los amantes de la espeleolog\u00eda<\/strong>: las Cuevas de Sorbas son otra parada obligatoria. Estas formaciones subterr\u00e1neas son un espect\u00e1culo para los ojos, con estalactitas y estalagmitas que os dejar\u00e1n con la boca abierta. Pero lo m\u00e1s llamativo son las paredes, cubiertas de cristales de yeso que brillan con la luz. Visitar las Cuevas de Sorbas es una aventura accesible para todos, con rutas que permiten explorar sus pasadizos y galer\u00edas.&nbsp;<\/p>\n\n\n<div class=\"wp-block-image\">\n<figure class=\"aligncenter size-full\"><img loading=\"lazy\" decoding=\"async\" width=\"670\" height=\"300\" src=\"https:\/\/www.vacalia.com\/blog\/wp-content\/uploads\/2024\/09\/Sorbas.jpg\" alt=\"Sorbas\" class=\"wp-image-6473\" srcset=\"https:\/\/www.vacalia.com\/blog\/wp-content\/uploads\/2024\/09\/Sorbas.jpg 670w, https:\/\/www.vacalia.com\/blog\/wp-content\/uploads\/2024\/09\/Sorbas-300x134.jpg 300w, https:\/\/www.vacalia.com\/blog\/wp-content\/uploads\/2024\/09\/Sorbas-370x166.jpg 370w\" sizes=\"(max-width: 767px) 100vw, 670px\" \/><figcaption class=\"wp-element-caption\">Sorbas<\/figcaption><\/figure><\/div>\n\n\n<h2 class=\"wp-block-heading has-medium-font-size\"><strong>5. Carboneras<\/strong><\/h2>\n\n\n\n<p>Este municipio del litoral levantino almeriense, dentro del Parque Natural Cabo de Gata-N\u00edjar, destaca por su paisaje \u00e1rido, semides\u00e9rtico y volc\u00e1nico. Aunque es conocido sobre todo por sus playas, como la famosa Playa de los Muertos una de las m\u00e1s espectaculares de Espa\u00f1a, Carboneras tiene mucho m\u00e1s que ofrecer.<\/p>\n\n\n\n<p>Es el primer espacio protegido andaluz terrestre-mar\u00edtimo, con monta\u00f1as volc\u00e1nicas, una franja costera con dunas, playas, salinas y una milla marina de gran riqueza. El pueblo, originado en el siglo XVI con la construcci\u00f3n del Castillo de San Andr\u00e9s, es un conjunto de casas blancas junto al mar, ideal para disfrutar del sol, la playa, la tranquilidad y un clima excelente.<\/p>\n\n\n\n<p><strong>Si te gusta la naturaleza<\/strong>: Carboneras es tambi\u00e9n una excelente base para explorar el Cabo de Gata.<\/p>\n\n\n<div class=\"wp-block-image\">\n<figure class=\"aligncenter size-full\"><img loading=\"lazy\" decoding=\"async\" width=\"670\" height=\"300\" src=\"https:\/\/www.vacalia.com\/blog\/wp-content\/uploads\/2024\/09\/carboneras.jpg\" alt=\"Carboneras\" class=\"wp-image-6474\" srcset=\"https:\/\/www.vacalia.com\/blog\/wp-content\/uploads\/2024\/09\/carboneras.jpg 670w, https:\/\/www.vacalia.com\/blog\/wp-content\/uploads\/2024\/09\/carboneras-300x134.jpg 300w, https:\/\/www.vacalia.com\/blog\/wp-content\/uploads\/2024\/09\/carboneras-370x166.jpg 370w\" sizes=\"(max-width: 767px) 100vw, 670px\" \/><figcaption class=\"wp-element-caption\">Carboneras<\/figcaption><\/figure><\/div>\n\n\n<h2 class=\"wp-block-heading has-medium-font-size\"><strong>6. Lucainena de las Torres<\/strong><\/h2>\n\n\n\n<p>Lucainena de las Torres, situada en Sierra Alhamilla y dedicada tradicionalmente a la agricultura, especialmente a la uva, tiene un rico pasado hist\u00f3rico. Este peque\u00f1o pueblo est\u00e1 rodeado de sierras y valles que parecen no tener fin. Es perfecto para perderse entre sus casas blancas y disfrutar de una tranquilidad que a veces es dif\u00edcil de encontrar.<\/p>\n\n\n\n<p><strong>Plan muy recomendable:<\/strong> hacer la V\u00eda Verde de Lucainena, una ruta que sigue el antiguo trazado ferroviario y que os permitir\u00e1 descubrir paisajes impresionantes.<\/p>\n\n\n<div class=\"wp-block-image\">\n<figure class=\"aligncenter size-full\"><img loading=\"lazy\" decoding=\"async\" width=\"670\" height=\"300\" src=\"https:\/\/www.vacalia.com\/blog\/wp-content\/uploads\/2024\/09\/Lucainena-de-las-Torres.jpg\" alt=\"Lucainena de las Torres\" class=\"wp-image-6475\" srcset=\"https:\/\/www.vacalia.com\/blog\/wp-content\/uploads\/2024\/09\/Lucainena-de-las-Torres.jpg 670w, https:\/\/www.vacalia.com\/blog\/wp-content\/uploads\/2024\/09\/Lucainena-de-las-Torres-300x134.jpg 300w, https:\/\/www.vacalia.com\/blog\/wp-content\/uploads\/2024\/09\/Lucainena-de-las-Torres-370x166.jpg 370w\" sizes=\"(max-width: 767px) 100vw, 670px\" \/><figcaption class=\"wp-element-caption\">Lucainena de las Torres<\/figcaption><\/figure><\/div>\n\n\n<h2 class=\"wp-block-heading has-medium-font-size\"><strong>7. Laujar de Andarax<\/strong><\/h2>\n\n\n\n<p>En plena Alpujarra Almeriense encontramos Laujar de Andarax, un pueblo rodeado de monta\u00f1as, olivares y vi\u00f1edos que forman parte del club \u201cPueblos m\u00e1s Bonitos de Espa\u00f1a\u201d. Es un lugar lleno de historia y cultura, con una rica herencia morisca que se refleja en su arquitectura y en su gastronom\u00eda. Adem\u00e1s, desde aqu\u00ed parten rutas de senderismo que te llevar\u00e1n a descubrir la belleza de la Sierra Nevada almeriense.<\/p>\n\n\n\n<p><strong>Para los amantes del buen vino:<\/strong> Laujar de Andarax es una parada obligatoria, ya que es una de las zonas vitivin\u00edcolas m\u00e1s importantes de Almer\u00eda.<\/p>\n\n\n<div class=\"wp-block-image\">\n<figure class=\"aligncenter size-full\"><img loading=\"lazy\" decoding=\"async\" width=\"670\" height=\"300\" src=\"https:\/\/www.vacalia.com\/blog\/wp-content\/uploads\/2024\/09\/Laujar-de-Andarax.jpg\" alt=\"Laujar de Andarax\" class=\"wp-image-6476\" srcset=\"https:\/\/www.vacalia.com\/blog\/wp-content\/uploads\/2024\/09\/Laujar-de-Andarax.jpg 670w, https:\/\/www.vacalia.com\/blog\/wp-content\/uploads\/2024\/09\/Laujar-de-Andarax-300x134.jpg 300w, https:\/\/www.vacalia.com\/blog\/wp-content\/uploads\/2024\/09\/Laujar-de-Andarax-370x166.jpg 370w\" sizes=\"(max-width: 767px) 100vw, 670px\" \/><figcaption class=\"wp-element-caption\">Laujar de Andarax<\/figcaption><\/figure><\/div>\n\n\n<h2 class=\"wp-block-heading has-medium-font-size\"><strong>8. Tabernas<\/strong><\/h2>\n\n\n\n<p>Cuando hablamos de Tabernas, no podemos dejar de mencionar su famoso desierto, el \u00fanico desierto propiamente dicho de Europa. Pero adem\u00e1s de los paisajes \u00e1ridos que parecen sacados de una pel\u00edcula del Oeste, este pueblo tiene su propio encanto. Aqu\u00ed encontrar\u00e1s el Oasys MiniHollywood, un parque tem\u00e1tico que os transportar\u00e1 directamente a las pel\u00edculas de vaqueros que se rodaban en la zona. Ideal si os encantan las pel\u00edculas de vaqueros o viaj\u00e1is con ni\u00f1os.<\/p>\n\n\n\n<p><strong>Para senderistas:<\/strong> el desierto de Tabernas es un lugar incre\u00edble para hacer rutas de senderismo y descubrir un paisaje completamente distinto al resto de la provincia.<\/p>\n\n\n<div class=\"wp-block-image\">\n<figure class=\"aligncenter size-full\"><img loading=\"lazy\" decoding=\"async\" width=\"670\" height=\"300\" src=\"https:\/\/www.vacalia.com\/blog\/wp-content\/uploads\/2024\/09\/Tabernas.jpg\" alt=\"Tabernas\" class=\"wp-image-6477\" srcset=\"https:\/\/www.vacalia.com\/blog\/wp-content\/uploads\/2024\/09\/Tabernas.jpg 670w, https:\/\/www.vacalia.com\/blog\/wp-content\/uploads\/2024\/09\/Tabernas-300x134.jpg 300w, https:\/\/www.vacalia.com\/blog\/wp-content\/uploads\/2024\/09\/Tabernas-370x166.jpg 370w\" sizes=\"(max-width: 767px) 100vw, 670px\" \/><figcaption class=\"wp-element-caption\">Tabernas<\/figcaption><\/figure><\/div>\n\n\n<h2 class=\"wp-block-heading has-medium-font-size\"><strong>9. Ser\u00f3n<\/strong><\/h2>\n\n\n\n<p>Ser\u00f3n es famoso por sus deliciosos jamones serranos, pero este pueblo ofrece mucho m\u00e1s. Situado en plena Sierra de los Filabres, Ser\u00f3n es ideal para los amantes de la naturaleza, con rutas de senderismo que os llevar\u00e1n a descubrir paisajes verdes y frondosos. Su casco antiguo es un lugar perfecto para perderse y disfrutar de la tranquilidad de un pueblo t\u00edpico andaluz.<\/p>\n\n\n\n<p><strong>Apunte gastron\u00f3mico:<\/strong> No os olvides de probar el jam\u00f3n de Ser\u00f3n, \u00a1os aseguro que no os arrepentir\u00e9is!<\/p>\n\n\n<div class=\"wp-block-image\">\n<figure class=\"aligncenter size-full\"><img loading=\"lazy\" decoding=\"async\" width=\"670\" height=\"300\" src=\"https:\/\/www.vacalia.com\/blog\/wp-content\/uploads\/2024\/09\/Seron.jpg\" alt=\"Ser\u00f3n\" class=\"wp-image-6478\" srcset=\"https:\/\/www.vacalia.com\/blog\/wp-content\/uploads\/2024\/09\/Seron.jpg 670w, https:\/\/www.vacalia.com\/blog\/wp-content\/uploads\/2024\/09\/Seron-300x134.jpg 300w, https:\/\/www.vacalia.com\/blog\/wp-content\/uploads\/2024\/09\/Seron-370x166.jpg 370w\" sizes=\"(max-width: 767px) 100vw, 670px\" \/><figcaption class=\"wp-element-caption\">Ser\u00f3n<\/figcaption><\/figure><\/div>\n\n\n<h2 class=\"wp-block-heading has-medium-font-size\"><strong>10. Alhama de Almer\u00eda<\/strong><\/h2>\n\n\n\n<p>Este municipio, de origen \u00e1rabe, se asienta en una atalaya con vistas al Valle del Andarax y presenta el t\u00edpico trazado urbano almeriense con calles estrechas y casas sin tejado. Entre sus atractivos destacan el caf\u00e9 La Tertulia, la Iglesia de San Nicol\u00e1s y un puente de origen romano. Aunque vinculado a la \u00e9poca musulmana, se han encontrado restos romanos. Tras la expulsi\u00f3n de los moriscos y a\u00f1os de abandono, resurgi\u00f3 en el siglo XIX gracias a la miner\u00eda y la agricultura, impulsando el cultivo de la uva de Ohanes y la construcci\u00f3n de un balneario.<\/p>\n\n\n\n<p><strong>Famosa por su gastronom\u00eda<\/strong>: Entre sus platos m\u00e1s destacados se encuentran embutidos, carnes y guisos. Tambi\u00e9n destacan sus dulces, como los roscos de Semana Santa o los mantecados de miel y rosquillas.<\/p>\n\n\n<div class=\"wp-block-image\">\n<figure class=\"aligncenter size-full\"><img loading=\"lazy\" decoding=\"async\" width=\"670\" height=\"300\" src=\"https:\/\/www.vacalia.com\/blog\/wp-content\/uploads\/2024\/09\/Alhama-de-Almeria.jpg\" alt=\"Alhama de Almer\u00eda\" class=\"wp-image-6479\" srcset=\"https:\/\/www.vacalia.com\/blog\/wp-content\/uploads\/2024\/09\/Alhama-de-Almeria.jpg 670w, https:\/\/www.vacalia.com\/blog\/wp-content\/uploads\/2024\/09\/Alhama-de-Almeria-300x134.jpg 300w, https:\/\/www.vacalia.com\/blog\/wp-content\/uploads\/2024\/09\/Alhama-de-Almeria-370x166.jpg 370w\" sizes=\"(max-width: 767px) 100vw, 670px\" \/><figcaption class=\"wp-element-caption\">Alhama de Almer\u00eda<\/figcaption><\/figure><\/div>\n\n<div class=\"bannerBlog\"><div class=\"new-card-houses\">\n    <div class=\"likeOut likeDivOut\" style=\"display:none\">\n        <a data-id=\"5605\" class=\"likeOut_button_red likeBtnFav\"\n            aria-label=\"Megusta Vacalia\"><\/a>\n    <\/div>\n    <figure>\n        <img loading=\"lazy\" decoding=\"async\" \n            loading=\"lazy\" width=\"301\" height=\"200\"\n            src=\"\/\/media.vacalia.com\/photo\/reformatwebpfolder\/350\/200\/5605\/thumb-middle\/5605_0da48990f518d0aa9eb5badf5c7c1775.webp?v=21092023\"\n            alt=\"El ciruelo beach&amp;pool - Alquiler vacacional en Aguadulce\"\/>\n                                                                        <div class=\"circleDiscount\">-10%<\/div>\n                        <\/figure>\n    <p itemprop=\"address\"><i class=\"ico-marker\"><\/i>Aguadulce, Almer\u00eda<\/p>\n    <h3 itemprop=\"name\">El ciruelo beach&amp;pool<\/h3>\n    <ul class=\"icon_list inline_list\">\n                              <li class=\"ico-pool\" title=\"Piscina\">\n              <span itemprop=\"amenityFeature\">Piscina<\/span>\n            <\/li>\n                      <li class=\"ico-airConditioning\" title=\"Aire Acondicionado\">\n              <span itemprop=\"amenityFeature\">Aire Acondicionado<\/span>\n            <\/li>\n                      <li class=\"ico-wifi\" title=\"Wifi\">\n              <span itemprop=\"amenityFeature\">Wifi<\/span>\n            <\/li>\n                          <li class=\"ico-guests\" title=\"Para 4 hu\u00e9spedes en Aguadulce.\">\n          <span itemprop=\"occupancy\">4<\/span>\n        <\/li>\n    <\/ul>\n            <span class=\"price\">Desde 61\u20ac \/ noche<\/span>\n                <a itemprop=\"url\" class=\"anchor\" href=\"https:\/\/www.vacalia.com\/es\/apartamento-el-ciruelo-beach-pool-roquetas-de-mar-h6\" aria-label=\"El ciruelo beach&amp;pool\"><\/a>\n<\/div><div class=\"new-card-houses\">\n    <div class=\"likeOut likeDivOut\" style=\"display:none\">\n        <a data-id=\"5118\" class=\"likeOut_button_red likeBtnFav\"\n            aria-label=\"Megusta Vacalia\"><\/a>\n    <\/div>\n    <figure>\n        <img loading=\"lazy\" decoding=\"async\" \n            loading=\"lazy\" width=\"301\" height=\"200\"\n            src=\"\/\/media.vacalia.com\/photo\/reformatwebpfolder\/350\/200\/5118\/thumb-middle\/5118_0cb184f067b84340e71d1bbc85b92480.webp?v=21092023\"\n            alt=\"Casa jenny - Alquiler vacacional en Pozo del Esparto\"\/>\n                                                                    <\/figure>\n    <p itemprop=\"address\"><i class=\"ico-marker\"><\/i>Pozo del Esparto, Almer\u00eda<\/p>\n    <h3 itemprop=\"name\">Casa jenny<\/h3>\n    <ul class=\"icon_list inline_list\">\n                              <li class=\"ico-pool\" title=\"Piscina\">\n              <span itemprop=\"amenityFeature\">Piscina<\/span>\n            <\/li>\n                      <li class=\"ico-airConditioning\" title=\"Aire Acondicionado\">\n              <span itemprop=\"amenityFeature\">Aire Acondicionado<\/span>\n            <\/li>\n                      <li class=\"ico-wifi\" title=\"Wifi\">\n              <span itemprop=\"amenityFeature\">Wifi<\/span>\n            <\/li>\n                      <li class=\"ico-views\" title=\"Vistas\">\n              <span itemprop=\"amenityFeature\">Vistas<\/span>\n            <\/li>\n                          <li class=\"ico-guests\" title=\"Para 4 hu\u00e9spedes en Pozo Del Esparto.\">\n          <span itemprop=\"occupancy\">4<\/span>\n        <\/li>\n    <\/ul>\n            <span class=\"price\">Desde 65\u20ac \/ noche<\/span>\n                <a itemprop=\"url\" class=\"anchor\" href=\"https:\/\/www.vacalia.com\/es\/apartamento-casa-jenny-pulpi-h32227\" aria-label=\"Casa jenny\"><\/a>\n<\/div><\/div>\n","protected":false},"excerpt":{"rendered":"<p>Si hay algo que enamora de Almer\u00eda, adem\u00e1s de sus paisajes de pel\u00edcula y su costa infinita, son sus peque\u00f1os pueblos llenos de encanto. A veces parece que se han&hellip;<\/p>\n","protected":false},"author":1,"featured_media":6473,"comment_status":"closed","ping_status":"open","sticky":false,"template":"","format":"standard","meta":{"_monsterinsights_skip_tracking":false,"_monsterinsights_sitenote_active":false,"_monsterinsights_sitenote_note":"","_monsterinsights_sitenote_category":0,"footnotes":""},"categories":[1076,1082,1,1094],"tags":[],"class_list":["post-6469","post","type-post","status-publish","format-standard","has-post-thumbnail","hentry","category-otros-lugares-de-interes","category-que-hacer","category-general-es","category-guias-es"],"_links":{"self":[{"href":"https:\/\/www.vacalia.com\/blog\/wp-json\/wp\/v2\/posts\/6469"}],"collection":[{"href":"https:\/\/www.vacalia.com\/blog\/wp-json\/wp\/v2\/posts"}],"about":[{"href":"https:\/\/www.vacalia.com\/blog\/wp-json\/wp\/v2\/types\/post"}],"author":[{"embeddable":true,"href":"https:\/\/www.vacalia.com\/blog\/wp-json\/wp\/v2\/users\/1"}],"replies":[{"embeddable":true,"href":"https:\/\/www.vacalia.com\/blog\/wp-json\/wp\/v2\/comments?post=6469"}],"version-history":[{"count":5,"href":"https:\/\/www.vacalia.com\/blog\/wp-json\/wp\/v2\/posts\/6469\/revisions"}],"predecessor-version":[{"id":7496,"href":"https:\/\/www.vacalia.com\/blog\/wp-json\/wp\/v2\/posts\/6469\/revisions\/7496"}],"wp:featuredmedia":[{"embeddable":true,"href":"https:\/\/www.vacalia.com\/blog\/wp-json\/wp\/v2\/media\/6473"}],"wp:attachment":[{"href":"https:\/\/www.vacalia.com\/blog\/wp-json\/wp\/v2\/media?parent=6469"}],"wp:term":[{"taxonomy":"category","embeddable":true,"href":"https:\/\/www.vacalia.com\/blog\/wp-json\/wp\/v2\/categories?post=6469"},{"taxonomy":"post_tag","embeddable":true,"href":"https:\/\/www.vacalia.com\/blog\/wp-json\/wp\/v2\/tags?post=6469"}],"curies":[{"name":"wp","href":"https:\/\/api.w.org\/{rel}","templated":true}]}}