{"id":6609,"date":"2024-09-27T09:14:15","date_gmt":"2024-09-27T07:14:15","guid":{"rendered":"https:\/\/www.vacalia.com\/blog\/?p=6609"},"modified":"2024-09-27T09:14:17","modified_gmt":"2024-09-27T07:14:17","slug":"wanderrouten-in-granada","status":"publish","type":"post","link":"https:\/\/www.vacalia.com\/blog\/wanderrouten-in-granada\/","title":{"rendered":"Wanderrouten in Granada"},"content":{"rendered":"\n<p><strong>Granada<\/strong>, im Herzen <strong>Andalusiens <\/strong>gelegen, ist ein Naturparadies f\u00fcr Wanderfreunde. Mit ihren einzigartigen Landschaften, die majest\u00e4tische Berge, alte historische Wege und atemberaubende Schluchten miteinander verbinden, bietet diese Provinz M\u00f6glichkeiten f\u00fcr Wanderer aller Schwierigkeitsgrade. Von leichten Wanderungen durch Schluchten bis hin zu anspruchsvollen Aufstiegen zu den h\u00f6chsten Gipfeln der Iberischen Halbinsel &#8211; Granada garantiert auf Schritt und Tritt ein unvergessliches Erlebnis.<\/p>\n\n\n\n<p>Wenn Sie auf der Suche nach einem Ort sind, an dem Sie sich mit der Natur verbinden k\u00f6nnen, ist Granada zu jeder Jahreszeit ideal, aber im Herbst ist es besonders magisch. In dieser Jahreszeit verwandeln sich die Landschaften in Gold- und Ockert\u00f6ne und bieten ein visuelles Spektakel, das jeden Weg begleitet. Auf den Wanderwegen k\u00f6nnen Sie versteckte T\u00e4ler erkunden, Fl\u00fcsse \u00fcberqueren und Aussichtspunkte mit atemberaubenden Aussichten erreichen.<\/p>\n\n\n\n<p>Ob Sie nun ein ruhiges Abenteuer oder eine extreme Herausforderung suchen, Granada erwartet Sie mit einer Vielzahl von Routen, die dazu einladen, die nat\u00fcrliche und kulturelle Vielfalt dieses andalusischen Juwels zu entdecken. Ziehen Sie Ihre Wanderschuhe an und machen Sie sich bereit, dieses Traumziel f\u00fcr Wanderer zu erkunden! Im Folgenden stellen wir Ihnen f\u00fcnf der bedeutendsten Wanderrouten der Provinz vor.<\/p>\n\n\n<div class=\"wp-block-image\">\n<figure class=\"aligncenter size-full\"><img fetchpriority=\"high\" decoding=\"async\" width=\"670\" height=\"300\" src=\"https:\/\/www.vacalia.com\/blog\/wp-content\/uploads\/2024\/09\/Senderismo-en-Granada.jpg\" alt=\"Wandern in Granada\" class=\"wp-image-6605\" srcset=\"https:\/\/www.vacalia.com\/blog\/wp-content\/uploads\/2024\/09\/Senderismo-en-Granada.jpg 670w, https:\/\/www.vacalia.com\/blog\/wp-content\/uploads\/2024\/09\/Senderismo-en-Granada-300x134.jpg 300w, https:\/\/www.vacalia.com\/blog\/wp-content\/uploads\/2024\/09\/Senderismo-en-Granada-370x166.jpg 370w\" sizes=\"(max-width: 767px) 100vw, 670px\" \/><figcaption class=\"wp-element-caption\"><em>Wandern in Granada<\/em><\/figcaption><\/figure><\/div>\n\n\n<h3 class=\"wp-block-heading\"><strong>1. La Vereda de la Estrella<\/strong><\/h3>\n\n\n\n<h6 class=\"wp-block-heading\"><strong>Schwierigkeitsgrad: mittel<\/strong><\/h6>\n\n\n\n<p>Die <strong>Vereda de la Estrella<\/strong> ist eine der ber\u00fchmtesten Routen der <strong>Sierra Nevada <\/strong>und ein klassisches Ziel f\u00fcr Wanderer in Granada. Dieser Rundweg von etwa 17 Kilometern L\u00e4nge bietet eine atemberaubende Landschaft, vor allem im Winter, wenn die schneebedeckten Gipfel der Umgebung eine magische Note verleihen.<\/p>\n\n\n\n<p>Der Ausgangspunkt liegt am Zusammenfluss der Fl\u00fcsse <strong>Genil <\/strong>und <strong>San Juan<\/strong>. Man geht den Hang des Flusses Genil hinauf, bis man die Minen und die Schutzh\u00fctte <strong>Cueva Secreta<\/strong> erreicht. Um dorthin zu gelangen, muss man das malerische Dorf <strong>G\u00fc\u00e9jar-Sierra<\/strong> durchqueren, bis man das <strong>Restaurant Barranco San Juan<\/strong> erreicht, wo man sein Auto auf einem kleinen Parkplatz abstellen kann.<\/p>\n\n\n\n<p>Entlang des Weges finden Sie mehrere interessante Punkte. Einer der herausragendsten ist der hundertj\u00e4hrige Kastanienbaum, der als <strong>\u00abEl Abuelo\u00bb<\/strong> bekannt ist. Au\u00dferdem haben Sie einen spektakul\u00e4ren Blick auf die Berge <strong>Alcazaba <\/strong>und <strong>Mulhac\u00e9n<\/strong>, die beiden h\u00f6chsten Gipfel der Halbinsel. Sie k\u00f6nnen auch die alten Minen in der Gegend besichtigen. F\u00fcr die Abenteuerlustigen besteht die M\u00f6glichkeit, einen Abstecher zu den <strong>Cortijos del Hornillo<\/strong> zu machen, von wo aus man einen atemberaubenden Blick auf den <strong>Pico Veleta<\/strong> hat, bevor man den Weg zur\u00fcck zu den <strong>Casas de la Hortichuela<\/strong> einschl\u00e4gt.<\/p>\n\n\n<div class=\"wp-block-image\">\n<figure class=\"aligncenter size-full\"><img decoding=\"async\" width=\"670\" height=\"300\" src=\"https:\/\/www.vacalia.com\/blog\/wp-content\/uploads\/2024\/09\/el-abuelo-la-vereda-de-la-estrella.jpg\" alt=\"La Vereda de la Estrella\" class=\"wp-image-6599\" srcset=\"https:\/\/www.vacalia.com\/blog\/wp-content\/uploads\/2024\/09\/el-abuelo-la-vereda-de-la-estrella.jpg 670w, https:\/\/www.vacalia.com\/blog\/wp-content\/uploads\/2024\/09\/el-abuelo-la-vereda-de-la-estrella-300x134.jpg 300w, https:\/\/www.vacalia.com\/blog\/wp-content\/uploads\/2024\/09\/el-abuelo-la-vereda-de-la-estrella-370x166.jpg 370w\" sizes=\"(max-width: 767px) 100vw, 670px\" \/><figcaption class=\"wp-element-caption\"><strong><em>La Vereda de la Estrella<\/em><\/strong><\/figcaption><\/figure><\/div>\n\n\n<h3 class=\"wp-block-heading\"><strong>2. Los Cahorros de Monachil<\/strong><\/h3>\n\n\n\n<h6 class=\"wp-block-heading\"><strong>Schwierigkeitsgrad: mittel<\/strong><\/h6>\n\n\n\n<p>Eine weitere der beliebtesten Routen in Granada ist <strong>Los Cahorros de Monachil<\/strong>, ein Erlebnis, das Natur und Abenteuer verbindet. Diese 7 km lange Route folgt dem Lauf des Monachil-Flusses und f\u00fchrt durch einen wundersch\u00f6nen Auenwald und \u00fcber mehrere H\u00e4ngebr\u00fccken. Die l\u00e4ngste und ber\u00fchmteste dieser Br\u00fccken, die sich neben einem Wasserfall befindet, bietet ein aufregendes Erlebnis f\u00fcr Wanderer.<\/p>\n\n\n\n<p>Die Route kann von zwei Punkten aus gestartet werden. Der erste, <strong>El Puntarr\u00f3n<\/strong>, befindet sich im oberen Teil von <strong>Monachil<\/strong>, w\u00e4hrend der zweite, der <strong>Sendero del R\u00edo<\/strong>, im unteren Teil, der beliebtere und landschaftlich sch\u00f6nere ist. Unterwegs haben Sie die M\u00f6glichkeit, Klettergebiete zu erkunden und atemberaubende Aussichten zu genie\u00dfen. Die Route f\u00fchrt auch an der <strong>Cueva de las Palomas<\/strong> vorbei, einer einzigartigen Felsformation, die zwischen zwei W\u00e4nden eingezw\u00e4ngt ist.<\/p>\n\n\n\n<p>Entlang der Strecke finden Sie Abschnitte, die mit Handl\u00e4ufen und Seilen ausgestattet sind, die das Vorankommen in den kompliziertesten Bereichen erleichtern. Dies ist eine ideale Route f\u00fcr alle, die ein abwechslungsreiches Erlebnis suchen, bei dem sich Natur und Abenteuer in einer spektakul\u00e4ren Landschaft verbinden.<\/p>\n\n\n<div class=\"wp-block-image\">\n<figure class=\"aligncenter size-full\"><img decoding=\"async\" width=\"670\" height=\"300\" src=\"https:\/\/www.vacalia.com\/blog\/wp-content\/uploads\/2024\/09\/Los-Cahorros-de-Monachil.jpg\" alt=\"Los Cahorros de Monachil\" class=\"wp-image-6600\" srcset=\"https:\/\/www.vacalia.com\/blog\/wp-content\/uploads\/2024\/09\/Los-Cahorros-de-Monachil.jpg 670w, https:\/\/www.vacalia.com\/blog\/wp-content\/uploads\/2024\/09\/Los-Cahorros-de-Monachil-300x134.jpg 300w, https:\/\/www.vacalia.com\/blog\/wp-content\/uploads\/2024\/09\/Los-Cahorros-de-Monachil-370x166.jpg 370w\" sizes=\"(max-width: 767px) 100vw, 670px\" \/><figcaption class=\"wp-element-caption\"><em>Los Cahorros de Monachil<\/em><\/figcaption><\/figure><\/div>\n\n\n<h3 class=\"wp-block-heading\"><strong>3. Barranco de Poqueira Route<\/strong><\/h3>\n\n\n\n<h6 class=\"wp-block-heading\"><strong>Schwierigkeitsgrad: mittel<\/strong><\/h6>\n\n\n\n<p>Die <strong>Barranco de Poqueira Route<\/strong> ist ein Rundweg von etwa 11 Kilometern L\u00e4nge, der die malerischen Alpujarra-D\u00f6rfer <strong>Pampaneira<\/strong>, <strong>Bubi\u00f3n <\/strong>und <strong>Capileira <\/strong>in der <strong>Alpujarra Granadina<\/strong> miteinander verbindet. Auf dieser Wanderung genie\u00dft der Wanderer spektakul\u00e4re Ausblicke auf den <strong>Mulhac\u00e9n<\/strong>, den h\u00f6chsten Gipfel der Iberischen Halbinsel, w\u00e4hrend er durch traditionelle wei\u00dfe D\u00f6rfer mit ihren charakteristischen flachen \u00abTerraos\u00bb und blumengeschm\u00fcckten Balkonen wandert.<\/p>\n\n\n\n<p>Der Weg schl\u00e4ngelt sich durch Landschaften mit jahrhundertealten Kastanienhainen und alten maurischen Bew\u00e4sserungskan\u00e4len und bietet eine einzigartige Kombination aus Geschichte und Natur. Die Route ist ges\u00e4umt von kleinen Br\u00fccken \u00fcber den Fluss <strong>Poqueira <\/strong>sowie von Wasserf\u00e4llen und \u00fcppigen W\u00e4ldern. Es handelt sich um eine anspruchsvolle, aber landschaftlich sehr reizvolle Strecke, vor allem im Herbst und Winter, wenn die Landschaft eine einzigartige Atmosph\u00e4re annimmt.<\/p>\n\n\n\n<p>Diese Route ist ideal f\u00fcr alle, die in die Kultur und die Natur der Alpujarra eintauchen m\u00f6chten und dabei eine Strecke genie\u00dfen m\u00f6chten, die zwischen sonnigen und schattigen Bereichen wechselt, was sie zu jeder Jahreszeit zu einem perfekten Ziel macht.<\/p>\n\n\n<div class=\"wp-block-image\">\n<figure class=\"aligncenter size-full\"><img loading=\"lazy\" decoding=\"async\" width=\"670\" height=\"300\" src=\"https:\/\/www.vacalia.com\/blog\/wp-content\/uploads\/2024\/09\/Ruta-del-Barranco-de-Poqueira.jpg\" alt=\"Barranco de Poqueira Route\" class=\"wp-image-6601\" srcset=\"https:\/\/www.vacalia.com\/blog\/wp-content\/uploads\/2024\/09\/Ruta-del-Barranco-de-Poqueira.jpg 670w, https:\/\/www.vacalia.com\/blog\/wp-content\/uploads\/2024\/09\/Ruta-del-Barranco-de-Poqueira-300x134.jpg 300w, https:\/\/www.vacalia.com\/blog\/wp-content\/uploads\/2024\/09\/Ruta-del-Barranco-de-Poqueira-370x166.jpg 370w\" sizes=\"(max-width: 767px) 100vw, 670px\" \/><figcaption class=\"wp-element-caption\"><em>Barranco de Poqueira Route<\/em><\/figcaption><\/figure><\/div>\n\n\n<h3 class=\"wp-block-heading\"><strong>4. Gipfel von Mulhac\u00e9n<\/strong><\/h3>\n\n\n\n<h6 class=\"wp-block-heading\"><strong>Schwierigkeitsgrad: hoch<\/strong><\/h6>\n\n\n\n<p>Die Besteigung des Mulhac\u00e9n-Gipfels ist eine Herausforderung, die jeder Wanderfreund erleben sollte. Die klassische Route beginnt in <strong>La Cebadilla<\/strong> und f\u00fchrt bis zum <strong>Refugio de Poqueira<\/strong>, so dass die Wanderung auf zwei Tage aufgeteilt werden kann. Am ersten Tag folgt man, nachdem man Br\u00fccken und verlassene Bauernh\u00e4user \u00fcberquert hat, dem Verlauf der Schlucht <strong>Barranco de Poqueira<\/strong> bis zur Schutzh\u00fctte. Dieser erste Abschnitt hat einen H\u00f6henunterschied von 600 Metern und dauert etwa 4-5 Stunden.<\/p>\n\n\n\n<p>Der zweite Tag beginnt mit dem Aufstieg zum <strong>Mulhac\u00e9n <\/strong>\u00fcber die Mulhac\u00e9n-Schlucht, deren rechtem Ufer wir bis zur <strong>Caldera-H\u00fctte<\/strong> folgen. Von hier aus f\u00fchrt ein steiler Anstieg von 2 Kilometern zum Gipfel des Mulhac\u00e9n, der mit 3.482 Metern \u00fcber dem Meeresspiegel der h\u00f6chste Punkt der Iberischen Halbinsel ist. Vom Gipfel aus hat man einen atemberaubenden Blick auf das Meer im S\u00fcden und die Berge der Sierra Nevada rundherum.<\/p>\n\n\n\n<p>Der Abstieg erfolgt \u00fcber die <strong>Loma del Mulhac\u00e9n<\/strong>, mit einer Querfeldein-Option f\u00fcr die Abenteuerlustigen. Diese Route ist nicht nur eine k\u00f6rperliche Herausforderung, sondern auch ein einzigartiges visuelles Erlebnis.<\/p>\n\n\n<div class=\"wp-block-image\">\n<figure class=\"aligncenter size-full\"><img loading=\"lazy\" decoding=\"async\" width=\"670\" height=\"300\" src=\"https:\/\/www.vacalia.com\/blog\/wp-content\/uploads\/2024\/09\/Pico-del-Mulhacen.jpg\" alt=\"Gipfel von Mulhac\u00e9n\" class=\"wp-image-6602\" srcset=\"https:\/\/www.vacalia.com\/blog\/wp-content\/uploads\/2024\/09\/Pico-del-Mulhacen.jpg 670w, https:\/\/www.vacalia.com\/blog\/wp-content\/uploads\/2024\/09\/Pico-del-Mulhacen-300x134.jpg 300w, https:\/\/www.vacalia.com\/blog\/wp-content\/uploads\/2024\/09\/Pico-del-Mulhacen-370x166.jpg 370w\" sizes=\"(max-width: 767px) 100vw, 670px\" \/><figcaption class=\"wp-element-caption\"><em>Gipfel von Mulhac\u00e9n<\/em><\/figcaption><\/figure><\/div>\n\n\n<h3 class=\"wp-block-heading\"><strong>5. Barranco de la Luna<\/strong><\/h3>\n\n\n\n<h6 class=\"wp-block-heading\"><strong>Schwierigkeitsgrad: mittel<\/strong><\/h6>\n\n\n\n<p>Der <strong>Barranco de la Luna<\/strong> im <strong>Lecr\u00edn-Tal<\/strong> ist eine kurze, aber spektakul\u00e4re Route, ideal f\u00fcr Wasserwanderer. Die etwa 4 km lange Strecke f\u00fchrt durch eine 700 m lange Schlucht, die vom Wasser gegraben wurde. Die hohen und schmalen W\u00e4nde lassen kaum Sonnenlicht durch, was einen beeindruckenden visuellen Effekt erzeugt.<\/p>\n\n\n\n<p>Die Wanderung folgt dem Lauf des Flusses, so dass man auf einigen Abschnitten im Wasser gehen muss. Dies macht den Weg zu einer perfekten Route f\u00fcr die hei\u00dfen Fr\u00fchlings- und Sommermonate. Entlang des Weges findet man h\u00e4ufig Fossilien in den erodierten W\u00e4nden, was dem Erlebnis eine historische und geologische Note verleiht.<\/p>\n\n\n\n<p>Der Ausgangspunkt ist der Friedhof von Saleres, und die Route f\u00fchrt \u00fcber Wege zwischen Obstb\u00e4umen bis zum Fluss. Obwohl es sich um eine kurze Strecke handelt, l\u00e4dt der Charme der Umgebung dazu ein, an mehreren Stellen anzuhalten und die Landschaft zu genie\u00dfen. Die Route endet, wenn Sie die Schlucht \u00fcber einige in den Fels gehauene Stufen verlassen und zum Ausgangspunkt zur\u00fcckkehren.<\/p>\n\n\n<div class=\"wp-block-image\">\n<figure class=\"aligncenter size-full\"><img loading=\"lazy\" decoding=\"async\" width=\"670\" height=\"300\" src=\"https:\/\/www.vacalia.com\/blog\/wp-content\/uploads\/2024\/09\/Barranco-de-la-Luna.jpg\" alt=\"Barranco de la Luna\" class=\"wp-image-6603\" srcset=\"https:\/\/www.vacalia.com\/blog\/wp-content\/uploads\/2024\/09\/Barranco-de-la-Luna.jpg 670w, https:\/\/www.vacalia.com\/blog\/wp-content\/uploads\/2024\/09\/Barranco-de-la-Luna-300x134.jpg 300w, https:\/\/www.vacalia.com\/blog\/wp-content\/uploads\/2024\/09\/Barranco-de-la-Luna-370x166.jpg 370w\" sizes=\"(max-width: 767px) 100vw, 670px\" \/><figcaption class=\"wp-element-caption\"><em>Barranco de la Luna<\/em><\/figcaption><\/figure><\/div>","protected":false},"excerpt":{"rendered":"<p>Granada, im Herzen Andalusiens gelegen, ist ein Naturparadies f\u00fcr Wanderfreunde. Mit ihren einzigartigen Landschaften, die majest\u00e4tische Berge, alte historische Wege und atemberaubende Schluchten miteinander verbinden, bietet diese Provinz M\u00f6glichkeiten f\u00fcr&hellip;<\/p>\n","protected":false},"author":1,"featured_media":6605,"comment_status":"closed","ping_status":"open","sticky":false,"template":"","format":"standard","meta":{"_monsterinsights_skip_tracking":false,"_monsterinsights_sitenote_active":false,"_monsterinsights_sitenote_note":"","_monsterinsights_sitenote_category":0,"footnotes":""},"categories":[1080,40,1098,1086],"tags":[],"class_list":["post-6609","post","type-post","status-publish","format-standard","has-post-thumbnail","hentry","category-andere-interessante-orte","category-allgemein","category-fuhrer","category-was-ist-zu-tun"],"_links":{"self":[{"href":"https:\/\/www.vacalia.com\/blog\/wp-json\/wp\/v2\/posts\/6609"}],"collection":[{"href":"https:\/\/www.vacalia.com\/blog\/wp-json\/wp\/v2\/posts"}],"about":[{"href":"https:\/\/www.vacalia.com\/blog\/wp-json\/wp\/v2\/types\/post"}],"author":[{"embeddable":true,"href":"https:\/\/www.vacalia.com\/blog\/wp-json\/wp\/v2\/users\/1"}],"replies":[{"embeddable":true,"href":"https:\/\/www.vacalia.com\/blog\/wp-json\/wp\/v2\/comments?post=6609"}],"version-history":[{"count":3,"href":"https:\/\/www.vacalia.com\/blog\/wp-json\/wp\/v2\/posts\/6609\/revisions"}],"predecessor-version":[{"id":6615,"href":"https:\/\/www.vacalia.com\/blog\/wp-json\/wp\/v2\/posts\/6609\/revisions\/6615"}],"wp:featuredmedia":[{"embeddable":true,"href":"https:\/\/www.vacalia.com\/blog\/wp-json\/wp\/v2\/media\/6605"}],"wp:attachment":[{"href":"https:\/\/www.vacalia.com\/blog\/wp-json\/wp\/v2\/media?parent=6609"}],"wp:term":[{"taxonomy":"category","embeddable":true,"href":"https:\/\/www.vacalia.com\/blog\/wp-json\/wp\/v2\/categories?post=6609"},{"taxonomy":"post_tag","embeddable":true,"href":"https:\/\/www.vacalia.com\/blog\/wp-json\/wp\/v2\/tags?post=6609"}],"curies":[{"name":"wp","href":"https:\/\/api.w.org\/{rel}","templated":true}]}}