{"id":6633,"date":"2024-10-04T10:39:09","date_gmt":"2024-10-04T08:39:09","guid":{"rendered":"https:\/\/www.vacalia.com\/blog\/?p=6633"},"modified":"2025-07-08T11:54:21","modified_gmt":"2025-07-08T09:54:21","slug":"cadiz-was-man-im-oktober-sehen-und-unternehmen-kann","status":"publish","type":"post","link":"https:\/\/www.vacalia.com\/blog\/cadiz-was-man-im-oktober-sehen-und-unternehmen-kann\/","title":{"rendered":"C\u00e1diz, was man im Oktober sehen und unternehmen kann"},"content":{"rendered":"\n<p><strong><a href=\"https:\/\/www.vacalia.com\/de\/cadiz-urlaub\" target=\"_blank\" rel=\"noreferrer noopener\">C\u00e1diz<\/a><\/strong>, eine der \u00e4ltesten St\u00e4dte Westeuropas, ist das ganze Jahr \u00fcber ein ideales Ziel f\u00fcr einen Besuch. Der Oktober bietet jedoch ein einzigartiges Erlebnis: Die Stadt ist nach dem sommerlichen Trubel ruhiger, und es gibt eine gro\u00dfe Vielfalt an Veranstaltungen und Aktivit\u00e4ten.&nbsp;<\/p>\n\n\n\n<p>Die Temperaturen in C\u00e1diz liegen im Oktober zwischen 18\u00b0C und 25\u00b0C und sind damit ideal, um die Stadt ohne die br\u00fctende Hitze des Sommers zu erkunden. Allerdings kann es zu Regenschauern kommen, daher ist es ratsam, wasserfeste Kleidung zu tragen und die Wettervorhersage im Auge zu behalten.<\/p>\n\n\n\n<p>C\u00e1diz ist wegen seiner Str\u00e4nde, seiner Kultur, seiner Geschichte und seiner Gastronomie ein Muss f\u00fcr Reisende im Herbst, und auf Vacalia finden Sie eine gro\u00dfe Auswahl an Ferienunterk\u00fcnften.<\/p>\n\n\n\n<h2 class=\"wp-block-heading\"><strong>1. Genie\u00dfen Sie die Str\u00e4nde ohne den sommerlichen Trubel.<\/strong><\/h2>\n\n\n\n<p>Eine der Hauptattraktionen von C\u00e1diz sind die kilometerlangen Str\u00e4nde, und im Oktober kann man sie auch ohne die Menschenmassen im Juli und August genie\u00dfen. Die Temperaturen sind zwar milder, aber immer noch warm genug, um einen entspannten Tag am Meer zu verbringen. Hier sind einige Empfehlungen:<\/p>\n\n\n\n<h3 class=\"wp-block-heading has-medium-font-size\"><strong>Strand Caleta<\/strong><\/h3>\n\n\n\n<p>In der Altstadt von C\u00e1diz gelegen, ist dies einer der malerischsten Str\u00e4nde, mit den Festungen von Santa Catalina und San Sebasti\u00e1n, die die Bucht flankieren. Im Oktober herrscht an diesem Strand eine viel entspanntere Atmosph\u00e4re, ideal f\u00fcr gem\u00fctliche Spazierg\u00e4nge und zum Genie\u00dfen der Sonnenunterg\u00e4nge.<\/p>\n\n\n<div class=\"wp-block-image\">\n<figure class=\"aligncenter size-full\"><img fetchpriority=\"high\" decoding=\"async\" width=\"670\" height=\"300\" src=\"https:\/\/www.vacalia.com\/blog\/wp-content\/uploads\/2024\/10\/playa-de-la-caleta.jpg\" alt=\"Strand Caleta, C\u00e1diz\" class=\"wp-image-6622\" srcset=\"https:\/\/www.vacalia.com\/blog\/wp-content\/uploads\/2024\/10\/playa-de-la-caleta.jpg 670w, https:\/\/www.vacalia.com\/blog\/wp-content\/uploads\/2024\/10\/playa-de-la-caleta-300x134.jpg 300w, https:\/\/www.vacalia.com\/blog\/wp-content\/uploads\/2024\/10\/playa-de-la-caleta-370x166.jpg 370w\" sizes=\"(max-width: 767px) 100vw, 670px\" \/><figcaption class=\"wp-element-caption\"><strong><em>Strand Caleta, C\u00e1diz<\/em><\/strong><\/figcaption><\/figure><\/div>\n\n\n<h3 class=\"wp-block-heading has-medium-font-size\"><strong>Playa de la Victoria<\/strong><\/h3>\n\n\n\n<p>Mit einer Ausdehnung von mehr als 2,5 km ist er einer der beliebtesten Stadtstr\u00e4nde Spaniens. Dieser Strand verf\u00fcgt \u00fcber eine gro\u00dfe Promenade, die ideal ist, um die Landschaft zu Fu\u00df zu genie\u00dfen.<\/p>\n\n\n\n<p>Der Oktober kann auch ein guter Monat f\u00fcr Wassersportarten wie <strong>Surfen <\/strong>oder <strong>Paddelsurfen <\/strong>sein, da die Wellen langsam st\u00e4rker werden und das Wasser noch etwas von der Sommerhitze beh\u00e4lt.<\/p>\n\n\n<div class=\"wp-block-image\">\n<figure class=\"aligncenter size-full\"><img decoding=\"async\" width=\"670\" height=\"300\" src=\"https:\/\/www.vacalia.com\/blog\/wp-content\/uploads\/2024\/10\/playa-victoria.jpg\" alt=\"Playa de la Victoria, C\u00e1diz\" class=\"wp-image-6623\" srcset=\"https:\/\/www.vacalia.com\/blog\/wp-content\/uploads\/2024\/10\/playa-victoria.jpg 670w, https:\/\/www.vacalia.com\/blog\/wp-content\/uploads\/2024\/10\/playa-victoria-300x134.jpg 300w, https:\/\/www.vacalia.com\/blog\/wp-content\/uploads\/2024\/10\/playa-victoria-370x166.jpg 370w\" sizes=\"(max-width: 767px) 100vw, 670px\" \/><figcaption class=\"wp-element-caption\"><strong><em>Playa de la Victoria, C\u00e1diz<\/em><\/strong><\/figcaption><\/figure><\/div>\n\n\n<h2 class=\"wp-block-heading\"><strong>2. Kennenlernen der Altstadt von C\u00e1diz<\/strong><\/h2>\n\n\n\n<p>Die Altstadt von C\u00e1diz ist ein wahrer historischer Schatz. Ihre engen Gassen, belebten Pl\u00e4tze und alten Geb\u00e4ude versetzen Sie in eine andere Zeit. Und das Beste ist, dass das Wetter im Oktober perfekt ist, um sie zu erkunden, ohne die schw\u00fcle Hitze des Sommers.<\/p>\n\n\n\n<p>Einige Orte, die man gesehen haben muss, sind:<\/p>\n\n\n\n<h3 class=\"wp-block-heading has-medium-font-size\"><strong>Die Kathedrale von C\u00e1diz<\/strong><\/h3>\n\n\n\n<p>Die als <em>\u00abSanta Cruz sobre el mar\u00bb <\/em>bekannte Kathedrale aus dem Jahr 1722 ist einer der sch\u00f6nsten Orte in C\u00e1diz. Vers\u00e4umen Sie es nicht, den Torre del Reloj (Uhrenturm) zu besteigen, um einen atemberaubenden Panoramablick \u00fcber die Stadt und das Meer zu genie\u00dfen.<\/p>\n\n\n\n<h3 class=\"wp-block-heading has-medium-font-size\"><strong>R\u00f6misches Theater<\/strong><\/h3>\n\n\n\n<p>Dieses Theater, das \u00e4lteste auf der Iberischen Halbinsel, stammt aus dem 1. Jahrhundert v. Chr. Jh. v. Chr. Es ist auch eines der gr\u00f6\u00dften, das sch\u00e4tzungsweise mehr als 10.000 Zuschauer fassen konnte.<\/p>\n\n\n<div class=\"wp-block-image\">\n<figure class=\"aligncenter size-full\"><img decoding=\"async\" width=\"670\" height=\"300\" src=\"https:\/\/www.vacalia.com\/blog\/wp-content\/uploads\/2024\/10\/teatro-romano-cadiz.jpg\" alt=\"R\u00f6misches Theater von C\u00e1diz\" class=\"wp-image-6624\" srcset=\"https:\/\/www.vacalia.com\/blog\/wp-content\/uploads\/2024\/10\/teatro-romano-cadiz.jpg 670w, https:\/\/www.vacalia.com\/blog\/wp-content\/uploads\/2024\/10\/teatro-romano-cadiz-300x134.jpg 300w, https:\/\/www.vacalia.com\/blog\/wp-content\/uploads\/2024\/10\/teatro-romano-cadiz-370x166.jpg 370w\" sizes=\"(max-width: 767px) 100vw, 670px\" \/><figcaption class=\"wp-element-caption\"><strong><em>R\u00f6misches Theater von C\u00e1diz<\/em><\/strong><\/figcaption><\/figure><\/div>\n\n\n<h3 class=\"wp-block-heading has-medium-font-size\"><strong>Plaza de San Juan de Dios<\/strong><\/h3>\n\n\n\n<p>Das Herz der Altstadt ist sehr weitl\u00e4ufig und beherbergt interessante Geb\u00e4ude wie das Rathaus und die Kirche San Juan de Dios, die ihm seinen Namen gibt. Von hier aus k\u00f6nnen Sie einen entspannten Spaziergang machen und auf einer der vielen Terrassen einen Kaffee trinken.<\/p>\n\n\n\n<h2 class=\"wp-block-heading\"><strong>3. Besuchen Sie den Zentralmarkt und probieren Sie die Gastronomie von C\u00e1diz.<\/strong><\/h2>\n\n\n\n<p>Ein Besuch in C\u00e1diz ist nicht m\u00f6glich, ohne einen obligatorischen Tapas-Stopp auf dem Markt einzulegen. Es ist ein charmanter Ort, voller Bars und Lokale, die eine gro\u00dfe Vielfalt an Produkten anbieten, perfekt, um einen Snack in mehreren von ihnen zu genie\u00dfen.&nbsp;<\/p>\n\n\n<div class=\"wp-block-image\">\n<figure class=\"aligncenter size-full is-resized\"><img loading=\"lazy\" decoding=\"async\" width=\"670\" height=\"300\" src=\"https:\/\/www.vacalia.com\/blog\/wp-content\/uploads\/2024\/10\/mercado-cental-cadiz.jpg\" alt=\"Zentralmarkt von Cadiz\" class=\"wp-image-6625\" style=\"width:670px;height:auto\" srcset=\"https:\/\/www.vacalia.com\/blog\/wp-content\/uploads\/2024\/10\/mercado-cental-cadiz.jpg 670w, https:\/\/www.vacalia.com\/blog\/wp-content\/uploads\/2024\/10\/mercado-cental-cadiz-300x134.jpg 300w, https:\/\/www.vacalia.com\/blog\/wp-content\/uploads\/2024\/10\/mercado-cental-cadiz-370x166.jpg 370w\" sizes=\"(max-width: 767px) 100vw, 670px\" \/><figcaption class=\"wp-element-caption\"><em><strong>Zentralmarkt von Cadiz<\/strong><\/em><\/figcaption><\/figure><\/div>\n\n\n<p>Im Oktober beginnt <strong>in Sanl\u00facar die Krabbensaison<\/strong>. Der Zentralmarkt ist der ideale Ort, um frische Meeresfr\u00fcchte zu g\u00fcnstigeren Preisen als im Sommer zu genie\u00dfen. Au\u00dferdem kann man die Garnelen mit einem Glas Manzanilla, dem typischen Wein der Region, begleiten.<\/p>\n\n\n<div class=\"wp-block-image\">\n<figure class=\"aligncenter size-full is-resized\"><img loading=\"lazy\" decoding=\"async\" width=\"670\" height=\"300\" src=\"https:\/\/www.vacalia.com\/blog\/wp-content\/uploads\/2024\/10\/marisco-mercado-cental-cadiz.jpg\" alt=\"Zentralmarkt von Cadiz\" class=\"wp-image-6626\" style=\"width:670px;height:auto\" srcset=\"https:\/\/www.vacalia.com\/blog\/wp-content\/uploads\/2024\/10\/marisco-mercado-cental-cadiz.jpg 670w, https:\/\/www.vacalia.com\/blog\/wp-content\/uploads\/2024\/10\/marisco-mercado-cental-cadiz-300x134.jpg 300w, https:\/\/www.vacalia.com\/blog\/wp-content\/uploads\/2024\/10\/marisco-mercado-cental-cadiz-370x166.jpg 370w\" sizes=\"(max-width: 767px) 100vw, 670px\" \/><figcaption class=\"wp-element-caption\"><em>Zentralmarkt von Cadiz<\/em><\/figcaption><\/figure><\/div>\n\n\n<p>Ein Bummel \u00fcber die Obst- und Fischst\u00e4nde ist ein Muss, denn die Preise sind f\u00fcr die angebotene Qualit\u00e4t mehr als angemessen.&nbsp;<\/p>\n\n\n\n<p>Auf dem Markt d\u00fcrfen Sie sich Fisch und Meeresfr\u00fcchte nicht entgehen lassen, von der ber\u00fchmten <strong>Tortillita de Camarones (Krabbenomelett) <\/strong>bis zum <strong>gebratenen Fisch<\/strong>. Verpassen Sie nicht die Gelegenheit, typische Gerichte wie den <strong>marinierten Dornhai <\/strong>zu probieren, den wir Ihnen besonders empfehlen, auf die typischste Art und Weise zu probieren, n\u00e4mlich in einer der Friteusen, in einem \u00abPapel\u00f3n\u00bb aus verschiedenen Fischsorten.<\/p>\n\n\n<div class=\"wp-block-image\">\n<figure class=\"aligncenter size-full\"><img loading=\"lazy\" decoding=\"async\" width=\"670\" height=\"300\" src=\"https:\/\/www.vacalia.com\/blog\/wp-content\/uploads\/2024\/10\/tortillita-de-camarones.jpg\" alt=\"Tortillitas de camarones (Krabbenomelett)\" class=\"wp-image-6627\" srcset=\"https:\/\/www.vacalia.com\/blog\/wp-content\/uploads\/2024\/10\/tortillita-de-camarones.jpg 670w, https:\/\/www.vacalia.com\/blog\/wp-content\/uploads\/2024\/10\/tortillita-de-camarones-300x134.jpg 300w, https:\/\/www.vacalia.com\/blog\/wp-content\/uploads\/2024\/10\/tortillita-de-camarones-370x166.jpg 370w\" sizes=\"(max-width: 767px) 100vw, 670px\" \/><figcaption class=\"wp-element-caption\"><strong><em>Tortillitas de camarones<\/em><\/strong> <strong><em>(Krabbenomelett)<\/em><\/strong><\/figcaption><\/figure><\/div>\n\n\n<h2 class=\"wp-block-heading\"><strong>4. Besuchen Sie Herbstveranstaltungen und Feste.<\/strong><\/h2>\n\n\n\n<p>Der Oktober ist ein Monat voller Veranstaltungen und Feste in C\u00e1diz, bei denen Kultur, Musik und Gastronomie mit Begeisterung zelebriert werden. Hier sind einige der herausragendsten Veranstaltungen:<\/p>\n\n\n\n<h3 class=\"wp-block-heading has-medium-font-size\"><strong>Festival Iberoamericano de Teatro (FIT)<\/strong><\/h3>\n\n\n\n<p>Seit 1986 findet das Festival Iberoamericano de Teatro de C\u00e1diz (FIT) j\u00e4hrlich auf verschiedenen B\u00fchnen der Stadt statt. Mitte Oktober f\u00fcllt sich die Stadt mit Theater, Tanz und Auff\u00fchrungen von K\u00fcnstlern aus Spanien und Lateinamerika. Die Auff\u00fchrungen finden in verschiedenen Theatern und unter freiem Himmel statt, so dass Sie die Kultur genie\u00dfen k\u00f6nnen, w\u00e4hrend Sie die Stadt erkunden.<\/p>\n\n\n\n<h3 class=\"wp-block-heading has-medium-font-size\"><strong>Tapas-Route<\/strong><\/h3>\n\n\n\n<p>Der Oktober ist auch eine hervorragende Zeit, um die Tapas-Routen zu genie\u00dfen, die in der Stadt organisiert werden. In diesem Monat bieten viele Bars und Restaurants spezielle Tapas an, die das Beste der lokalen K\u00fcche repr\u00e4sentieren. Dies ist die perfekte Gelegenheit, um die Aromen von C\u00e1diz auf ungezwungene und unterhaltsame Weise zu probieren.<\/p>\n\n\n\n<h3 class=\"wp-block-heading has-medium-font-size\"><strong>Feiern Sie den Kolumbus-Tag auf dem Guadalquivir-Fluss<\/strong><\/h3>\n\n\n\n<p>Jedes Jahr am 12. Oktober wird in C\u00e1diz der Kolumbus-Tag gefeiert, insbesondere in Sanl\u00facar de Barrameda, wo die Karavellen von Christoph Kolumbus in See stachen. An diesem Tag finden zahlreiche Aktivit\u00e4ten statt, wie z. B. Umz\u00fcge, Pferderennen am Strand und gef\u00fchrte Touren, die an die Geschichte der Entdeckung Amerikas erinnern und f\u00fcr die ganze Familie geeignet sind.<\/p>\n\n\n\n<h2 class=\"wp-block-heading\"><strong>5. Exkursionen in die Umgebung<\/strong><\/h2>\n\n\n\n<p>Wenn Sie \u00fcber die Stadtgrenzen hinaus auf Entdeckungsreise gehen m\u00f6chten, ist C\u00e1diz auch ein hervorragender Ausgangspunkt, um andere Reize der Provinz zu entdecken. Hier sind ein paar Ideen:<\/p>\n\n\n\n<h3 class=\"wp-block-heading has-medium-font-size\"><strong>Jerez de la Frontera<\/strong><\/h3>\n\n\n\n<p>Nur 30 Autominuten von C\u00e1diz entfernt ist <strong><a href=\"https:\/\/www.vacalia.com\/de\/jerez-de-la-frontera-cadiz-p1416\" target=\"_blank\" rel=\"noreferrer noopener\">Jerez de la Frontera<\/a><\/strong> ber\u00fchmt f\u00fcr seinen Sherry-Wein, Flamenco und andalusische Pferde. Im Oktober k\u00f6nnen Sie eine der Bodegas besuchen und bei einer Weinverkostung mehr \u00fcber die Weinherstellung erfahren. Wir empfehlen Ihnen auch den Besuch einer Pferdeshow oder einer Flamenco-Nacht.<\/p>\n\n\n\n<h3 class=\"wp-block-heading has-medium-font-size\"><strong>Naturpark der Bucht von C\u00e1diz<\/strong><\/h3>\n\n\n\n<p>Er liegt in einem feuchten Gebiet an der Atlantikk\u00fcste und beherbergt gesch\u00fctzte Gebiete wie die <strong>S\u00fcmpfe von Sancti Petri <\/strong>und die <strong>Insel Trocadero<\/strong>, die reich an ph\u00f6nizischer und r\u00f6mischer Geschichte ist. Zu den \u00d6kosystemen geh\u00f6ren Str\u00e4nde, S\u00fcmpfe und Pinienw\u00e4lder, in denen Arten wie das Cham\u00e4leon und verschiedene Zugv\u00f6gel leben. Die Salzwiesen, die in der Vergangenheit eine wichtige Rolle f\u00fcr den Lebensunterhalt der Bev\u00f6lkerung spielten, werden heute von Fischerei und Aquakultur genutzt. Der Park bietet Aktivit\u00e4ten wie Bootsfahrten, Reiten und Tauchen sowie lokale Produkte wie Meeresfr\u00fcchte und Krabbenomeletts.<\/p>\n\n\n<div class=\"wp-block-image\">\n<figure class=\"aligncenter size-full\"><img loading=\"lazy\" decoding=\"async\" width=\"670\" height=\"300\" src=\"https:\/\/www.vacalia.com\/blog\/wp-content\/uploads\/2024\/10\/parque-natural-bahia-de-cadiz.jpg\" alt=\"Naturpark der Bucht von C\u00e1diz\" class=\"wp-image-6628\" srcset=\"https:\/\/www.vacalia.com\/blog\/wp-content\/uploads\/2024\/10\/parque-natural-bahia-de-cadiz.jpg 670w, https:\/\/www.vacalia.com\/blog\/wp-content\/uploads\/2024\/10\/parque-natural-bahia-de-cadiz-300x134.jpg 300w, https:\/\/www.vacalia.com\/blog\/wp-content\/uploads\/2024\/10\/parque-natural-bahia-de-cadiz-370x166.jpg 370w\" sizes=\"(max-width: 767px) 100vw, 670px\" \/><figcaption class=\"wp-element-caption\"><strong><em>Naturpark der Bucht von C\u00e1diz<\/em><\/strong><\/figcaption><\/figure><\/div>\n\n\n<h3 class=\"wp-block-heading has-medium-font-size\"><strong>Route der Wei\u00dfen D\u00f6rfer<\/strong><\/h3>\n\n\n\n<p>Die Wei\u00dfen D\u00f6rfer von C\u00e1diz, die Sie auf Ihrer Route nicht verpassen sollten, sind unserer Meinung nach Setenil de las Bodegas, Torre Alh\u00e1quime, Olvera, Zahara de la Sierra, Grazalema, <strong><a href=\"https:\/\/www.vacalia.com\/de\/benamahoma-cadiz-p1415\" target=\"_blank\" rel=\"noreferrer noopener\">Benamahoma<\/a><\/strong>, El Bosque und <strong><a href=\"https:\/\/www.vacalia.com\/de\/arcos-de-la-frontera-cadiz-p1408\" target=\"_blank\" rel=\"noreferrer noopener\">Arcos de la Frontera<\/a><\/strong>. Jedes hat seinen eigenen Charme, aber was sie eint, ist das Wesen ihrer Urspr\u00fcnge als befestigte D\u00f6rfer an der Grenze zwischen Christen und Moslems, was ihnen ein besonderes Flair verleiht, und der Oktober mit seinem milden Klima ist ideal, um diese Gegend zu erkunden.<\/p>\n\n\n<div class=\"bannerBlog\"><div class=\"new-card-houses\">\n    <div class=\"likeOut likeDivOut\" style=\"display:none\">\n        <a data-id=\"3780\" class=\"likeOut_button_red likeBtnFav\"\n            aria-label=\"Megusta Vacalia\"><\/a>\n    <\/div>\n    <figure>\n        <img loading=\"lazy\" decoding=\"async\" \n            loading=\"lazy\" width=\"301\" height=\"200\"\n            src=\"\/\/media.vacalia.com\/photo\/reformatwebpfolder\/350\/200\/3780\/thumb-middle\/3780_785872df1c9c6412487b1a281018f9cc.webp?v=21092023\"\n            alt=\"Atico costa do\u00f1ana - Ferienhaus auf Sanl\u00facar de Barrameda\"\/>\n                                                                        <div class=\"circleDiscount\">-15%<\/div>\n                        <\/figure>\n    <p itemprop=\"address\"><i class=\"ico-marker\"><\/i>Sanl\u00facar de Barrameda, C\u00e1diz<\/p>\n    <h3 itemprop=\"name\">Atico costa do\u00f1ana<\/h3>\n    <ul class=\"icon_list inline_list\">\n                              <li class=\"ico-airConditioning\" title=\"Klimaanlage\">\n              <span itemprop=\"amenityFeature\">Klimaanlage<\/span>\n            <\/li>\n                      <li class=\"ico-wifi\" title=\"Wifi\">\n              <span itemprop=\"amenityFeature\">Wifi<\/span>\n            <\/li>\n                      <li class=\"ico-views\" title=\"Ausblick\">\n              <span itemprop=\"amenityFeature\">Ausblick<\/span>\n            <\/li>\n                          <li class=\"ico-guests\" title=\"F\u00fcr 4+2   G\u00e4ste in Sanl\u00facar De Barrameda.\">\n          <span itemprop=\"occupancy\">4+2  <\/span>\n        <\/li>\n    <\/ul>\n            <span class=\"price\">Ab 122\u20ac \/ Nacht<\/span>\n                <a itemprop=\"url\" class=\"anchor\" href=\"https:\/\/www.vacalia.com\/de\/apartment-atico-costa-donana-sanlucar-de-barrameda-h25022\" aria-label=\"Atico costa do\u00f1ana\"><\/a>\n<\/div><div class=\"new-card-houses\">\n    <div class=\"likeOut likeDivOut\" style=\"display:none\">\n        <a data-id=\"4530\" class=\"likeOut_button_red likeBtnFav\"\n            aria-label=\"Megusta Vacalia\"><\/a>\n    <\/div>\n    <figure>\n        <img loading=\"lazy\" decoding=\"async\" \n            loading=\"lazy\" width=\"301\" height=\"200\"\n            src=\"\/\/media.vacalia.com\/photo\/reformatwebpfolder\/350\/200\/4530\/thumb-middle\/4530_3fca1f8c2b044c14e936e968587a27f1.webp?v=21092023\"\n            alt=\"Casa ocon - Ferienhaus auf Conil de la Frontera\"\/>\n                                                                        <div class=\"circleDiscount\">-5%<\/div>\n                        <\/figure>\n    <p itemprop=\"address\"><i class=\"ico-marker\"><\/i>Conil de la Frontera, C\u00e1diz<\/p>\n    <h3 itemprop=\"name\">Casa ocon<\/h3>\n    <ul class=\"icon_list inline_list\">\n                              <li class=\"ico-airConditioning\" title=\"Klimaanlage\">\n              <span itemprop=\"amenityFeature\">Klimaanlage<\/span>\n            <\/li>\n                      <li class=\"ico-wifi\" title=\"Wifi\">\n              <span itemprop=\"amenityFeature\">Wifi<\/span>\n            <\/li>\n                          <li class=\"ico-guests\" title=\"F\u00fcr 3+2   G\u00e4ste in Conil De La Frontera.\">\n          <span itemprop=\"occupancy\">3+2  <\/span>\n        <\/li>\n    <\/ul>\n            <span class=\"price\">Ab 87\u20ac \/ Nacht<\/span>\n                <a itemprop=\"url\" class=\"anchor\" href=\"https:\/\/www.vacalia.com\/de\/ferienhaus-casa-ocon-conil-de-la-frontera-h26654\" aria-label=\"Casa ocon\"><\/a>\n<\/div><\/div>\n","protected":false},"excerpt":{"rendered":"<p>C\u00e1diz, eine der \u00e4ltesten St\u00e4dte Westeuropas, ist das ganze Jahr \u00fcber ein ideales Ziel f\u00fcr einen Besuch. Der Oktober bietet jedoch ein einzigartiges Erlebnis: Die Stadt ist nach dem sommerlichen&hellip;<\/p>\n","protected":false},"author":1,"featured_media":6642,"comment_status":"closed","ping_status":"open","sticky":false,"template":"","format":"standard","meta":{"_monsterinsights_skip_tracking":false,"_monsterinsights_sitenote_active":false,"_monsterinsights_sitenote_note":"","_monsterinsights_sitenote_category":0,"footnotes":""},"categories":[689,40,709,721,739,745],"tags":[],"class_list":["post-6633","post","type-post","status-publish","format-standard","has-post-thumbnail","hentry","category-cadiz-de","category-allgemein","category-fremdenfuehrer-von-cadiz","category-gastronomie-von-cadiz","category-was-kann-man-in-cadiz-machen","category-was-kann-man-in-cadiz-sehen"],"_links":{"self":[{"href":"https:\/\/www.vacalia.com\/blog\/wp-json\/wp\/v2\/posts\/6633"}],"collection":[{"href":"https:\/\/www.vacalia.com\/blog\/wp-json\/wp\/v2\/posts"}],"about":[{"href":"https:\/\/www.vacalia.com\/blog\/wp-json\/wp\/v2\/types\/post"}],"author":[{"embeddable":true,"href":"https:\/\/www.vacalia.com\/blog\/wp-json\/wp\/v2\/users\/1"}],"replies":[{"embeddable":true,"href":"https:\/\/www.vacalia.com\/blog\/wp-json\/wp\/v2\/comments?post=6633"}],"version-history":[{"count":4,"href":"https:\/\/www.vacalia.com\/blog\/wp-json\/wp\/v2\/posts\/6633\/revisions"}],"predecessor-version":[{"id":7638,"href":"https:\/\/www.vacalia.com\/blog\/wp-json\/wp\/v2\/posts\/6633\/revisions\/7638"}],"wp:featuredmedia":[{"embeddable":true,"href":"https:\/\/www.vacalia.com\/blog\/wp-json\/wp\/v2\/media\/6642"}],"wp:attachment":[{"href":"https:\/\/www.vacalia.com\/blog\/wp-json\/wp\/v2\/media?parent=6633"}],"wp:term":[{"taxonomy":"category","embeddable":true,"href":"https:\/\/www.vacalia.com\/blog\/wp-json\/wp\/v2\/categories?post=6633"},{"taxonomy":"post_tag","embeddable":true,"href":"https:\/\/www.vacalia.com\/blog\/wp-json\/wp\/v2\/tags?post=6633"}],"curies":[{"name":"wp","href":"https:\/\/api.w.org\/{rel}","templated":true}]}}