{"id":6712,"date":"2024-10-18T10:41:53","date_gmt":"2024-10-18T08:41:53","guid":{"rendered":"https:\/\/www.vacalia.com\/blog\/?p=6712"},"modified":"2024-10-18T10:52:38","modified_gmt":"2024-10-18T08:52:38","slug":"feria-del-pimenton-felanitx-mallorca","status":"publish","type":"post","link":"https:\/\/www.vacalia.com\/blog\/es\/feria-del-pimenton-felanitx-mallorca\/","title":{"rendered":"La Feria del Piment\u00f3n en Felanitx, Mallorca"},"content":{"rendered":"\n<p><strong><a href=\"https:\/\/www.vacalia.com\/es\/alojamiento-vacacional-mallorca\" target=\"_blank\" rel=\"noreferrer noopener\">Mallorca<\/a><\/strong> es conocida por sus playas y sus paisajes, pero tambi\u00e9n tiene una faceta menos conocida: su tradici\u00f3n agr\u00edcola y gastron\u00f3mica. Entre los eventos que mejor reflejan este patrimonio se encuentra la <strong>Feria del Piment\u00f3n<\/strong>, una celebraci\u00f3n que combina tradici\u00f3n, gastronom\u00eda y cultura local en un solo evento.&nbsp;<\/p>\n\n\n\n<h3 class=\"wp-block-heading\"><strong>\u00bfQu\u00e9 es la Feria del Piment\u00f3n?<\/strong><\/h3>\n\n\n\n<p>La <strong>Feria del Piment\u00f3n<\/strong> en Mallorca es una celebraci\u00f3n anual dedicada a uno de los ingredientes m\u00e1s ic\u00f3nicos de la gastronom\u00eda mallorquina: el piment\u00f3n. Este condimento no solo es esencial en la preparaci\u00f3n de platos t\u00edpicos, sino que tambi\u00e9n tiene un lugar especial en la cultura agr\u00edcola de la isla. La feria es una oportunidad para honrar la cosecha de pimientos y su transformaci\u00f3n en piment\u00f3n, adem\u00e1s de fomentar la preservaci\u00f3n de esta tradici\u00f3n entre las nuevas generaciones.<\/p>\n\n\n\n<p>En Mallorca, el piment\u00f3n se usa principalmente en la elaboraci\u00f3n de productos como la <strong>sobrasada<\/strong>, uno de los embutidos m\u00e1s famosos de la isla. Sin el piment\u00f3n, la sobrasada no tendr\u00eda su caracter\u00edstico color rojo ni su sabor picante, que tanto gusta a los mallorquines y a los visitantes.<\/p>\n\n\n<div class=\"wp-block-image\">\n<figure class=\"aligncenter size-full is-resized\"><img fetchpriority=\"high\" decoding=\"async\" width=\"670\" height=\"300\" src=\"https:\/\/www.vacalia.com\/blog\/wp-content\/uploads\/2024\/10\/Feria-del-pimenton-Felantix.jpg\" alt=\"Feria del Piment\u00f3n - Felanitx, Mallorca\" class=\"wp-image-6714\" style=\"width:670px;height:auto\" srcset=\"https:\/\/www.vacalia.com\/blog\/wp-content\/uploads\/2024\/10\/Feria-del-pimenton-Felantix.jpg 670w, https:\/\/www.vacalia.com\/blog\/wp-content\/uploads\/2024\/10\/Feria-del-pimenton-Felantix-300x134.jpg 300w, https:\/\/www.vacalia.com\/blog\/wp-content\/uploads\/2024\/10\/Feria-del-pimenton-Felantix-370x166.jpg 370w\" sizes=\"(max-width: 767px) 100vw, 670px\" \/><figcaption class=\"wp-element-caption\"><em>Feria del Piment\u00f3n en Mallorca<\/em><\/figcaption><\/figure><\/div>\n\n\n<h3 class=\"wp-block-heading\"><strong>Cu\u00e1ndo y d\u00f3nde se celebra la Feria del Piment\u00f3n<\/strong><\/h3>\n\n\n\n<p>La Feria del Piment\u00f3n llamada <strong>\u201cFira del Pebre bord\u201d<\/strong> se celebra cada <strong>mes de octubre<\/strong> en el encantador pueblo de <strong><a href=\"https:\/\/www.vacalia.com\/es\/felanitx-mallorca-p1318\" target=\"_blank\" rel=\"noreferrer noopener\">Felanitx<\/a><\/strong>, una localidad situada en el sureste de Mallorca, famosa por su tradici\u00f3n agr\u00edcola y vin\u00edcola. El evento suele tener lugar a mediados de octubre, coincidiendo con la recolecci\u00f3n de los pimientos y el inicio del proceso de secado y molienda que dar\u00e1 lugar al piment\u00f3n.<\/p>\n\n\n\n<p>Felanitx, a unos 50 km de Palma de Mallorca, es un lugar que conserva mucho de su encanto rural, con estrechas calles adoquinadas, casas tradicionales de piedra y una atm\u00f3sfera tranquila que lo convierte en el escenario perfecto para una feria tan singular.<\/p>\n\n\n<div class=\"wp-block-image\">\n<figure class=\"aligncenter size-full\"><img decoding=\"async\" width=\"670\" height=\"300\" src=\"https:\/\/www.vacalia.com\/blog\/wp-content\/uploads\/2024\/10\/Felantix.jpg\" alt=\"Felanitx, Mallorca\" class=\"wp-image-6715\" srcset=\"https:\/\/www.vacalia.com\/blog\/wp-content\/uploads\/2024\/10\/Felantix.jpg 670w, https:\/\/www.vacalia.com\/blog\/wp-content\/uploads\/2024\/10\/Felantix-300x134.jpg 300w, https:\/\/www.vacalia.com\/blog\/wp-content\/uploads\/2024\/10\/Felantix-370x166.jpg 370w\" sizes=\"(max-width: 767px) 100vw, 670px\" \/><figcaption class=\"wp-element-caption\"><em>Felanitx, Mallorca<\/em><\/figcaption><\/figure><\/div>\n\n\n<h3 class=\"wp-block-heading\"><strong>En qu\u00e9 consiste el evento<\/strong><\/h3>\n\n\n\n<p>La <strong>Feria del Piment\u00f3n<\/strong> es mucho m\u00e1s que una simple exposici\u00f3n de productos. Es un evento que involucra a toda la comunidad local, desde agricultores y productores de piment\u00f3n hasta artesanos y cocineros.&nbsp;<\/p>\n\n\n\n<h6 class=\"wp-block-heading\"><strong>1. Mercado agr\u00edcola y gastron\u00f3mico<\/strong><\/h6>\n\n\n\n<p>El coraz\u00f3n de la feria es su mercado agr\u00edcola, donde se pueden comprar pimientos frescos, productos elaborados con piment\u00f3n (como la sobrasada), aceites, conservas y otros productos artesanales. Adem\u00e1s, es una excelente oportunidad para conocer de cerca a los productores locales y aprender sobre el proceso de cultivo y secado de los pimientos.<\/p>\n\n\n\n<h6 class=\"wp-block-heading\"><strong>2. Degustaciones y cocina en vivo<\/strong><\/h6>\n\n\n\n<p>Uno de los principales atractivos de la feria son las <strong>degustaciones gastron\u00f3micas<\/strong>. Los cocineros locales preparan platos tradicionales utilizando el piment\u00f3n como ingrediente principal. No te puedes perder la oportunidad de probar la sobrasada reci\u00e9n hecha, acompa\u00f1ada de un buen trozo de pan mallorqu\u00edn. Adem\u00e1s, se organizan demostraciones de cocina en vivo donde chefs de la zona muestran sus habilidades y comparten recetas basadas en este ingrediente.<\/p>\n\n\n\n<h6 class=\"wp-block-heading\"><strong>3. Actividades culturales y tradicionales<\/strong><\/h6>\n\n\n\n<p>La feria tambi\u00e9n cuenta con un variado programa de actividades culturales que incluyen bailes tradicionales, m\u00fasica en vivo y exposiciones de arte local. En <strong><a href=\"https:\/\/www.vacalia.com\/es\/alquiler-vacacional-felanitx\" target=\"_blank\" rel=\"noreferrer noopener\">Felanitx<\/a><\/strong>, al igual que en muchas localidades de Mallorca y de otras regiones de Espa\u00f1a, se mantiene viva una antigua tradici\u00f3n popular: \u201clos gigantes\u201d. Estos gigantes, conocidos localmente como <em>\u00ab<\/em><strong><em>gegants<\/em><\/strong><em>\u00ab<\/em>, son grandes figuras humanas que suelen representar a personajes hist\u00f3ricos o populares. Se construyen con marcos ligeros de madera y cart\u00f3n, y son llevados por personas en su interior, que los hacen bailar durante las fiestas locales.<\/p>\n\n\n\n<h6 class=\"wp-block-heading\"><strong>4. Talleres y concursos<\/strong><\/h6>\n\n\n\n<p>Para aquellos interesados en aprender m\u00e1s sobre la elaboraci\u00f3n del piment\u00f3n, se organizan talleres donde los visitantes pueden participar en el proceso de secado y molienda. Adem\u00e1s, la feria suele incluir <strong>concursos de piment\u00f3n<\/strong>, donde los productores locales compiten por el t\u00edtulo del mejor piment\u00f3n de la temporada.<\/p>\n\n\n<div class=\"bannerBlog\"><div class=\"new-card-houses\">\n    <div class=\"likeOut likeDivOut\" style=\"display:none\">\n        <a data-id=\"1534\" class=\"likeOut_button_red likeBtnFav\"\n            aria-label=\"Megusta Vacalia\"><\/a>\n    <\/div>\n    <figure>\n        <img loading=\"lazy\" decoding=\"async\" \n            loading=\"lazy\" width=\"301\" height=\"200\"\n            src=\"\/\/media.vacalia.com\/photo\/reformatwebpfolder\/350\/200\/1534\/thumb-middle\/1534_4e21a425f4e5580aeb49d5f32ff83a56.webp?v=21092023\"\n            alt=\"Cas faroler - Alquiler vacacional en Portocolom\"\/>\n                                                                        <div class=\"circleDiscount\">-9%<\/div>\n                        <\/figure>\n    <p itemprop=\"address\"><i class=\"ico-marker\"><\/i>Portocolom, Mallorca<\/p>\n    <h3 itemprop=\"name\">Cas faroler<\/h3>\n    <ul class=\"icon_list inline_list\">\n                              <li class=\"ico-airConditioning\" title=\"Aire Acondicionado\">\n              <span itemprop=\"amenityFeature\">Aire Acondicionado<\/span>\n            <\/li>\n                      <li class=\"ico-wifi\" title=\"Wifi\">\n              <span itemprop=\"amenityFeature\">Wifi<\/span>\n            <\/li>\n                          <li class=\"ico-guests\" title=\"Para 4 hu\u00e9spedes en Portocolom.\">\n          <span itemprop=\"occupancy\">4<\/span>\n        <\/li>\n    <\/ul>\n            <span class=\"price\">Desde 118\u20ac \/ noche<\/span>\n                <a itemprop=\"url\" class=\"anchor\" href=\"https:\/\/www.vacalia.com\/es\/casa-vacacional-cas-faroler-felanitx-h16421\" aria-label=\"Cas faroler\"><\/a>\n<\/div><div class=\"new-card-houses\">\n    <div class=\"likeOut likeDivOut\" style=\"display:none\">\n        <a data-id=\"1320\" class=\"likeOut_button_red likeBtnFav\"\n            aria-label=\"Megusta Vacalia\"><\/a>\n    <\/div>\n    <figure>\n        <img loading=\"lazy\" decoding=\"async\" \n            loading=\"lazy\" width=\"301\" height=\"200\"\n            src=\"\/\/media.vacalia.com\/photo\/reformatwebpfolder\/350\/200\/1320\/thumb-middle\/1320_8ece187c714a26ccb6c4884911477ea9.webp?v=21092023\"\n            alt=\"Cas conco - Alquiler vacacional en s&#039;Horta\"\/>\n                                                                        <div class=\"circleDiscount\">-4%<\/div>\n                        <\/figure>\n    <p itemprop=\"address\"><i class=\"ico-marker\"><\/i>s&#039;Horta, Mallorca<\/p>\n    <h3 itemprop=\"name\">Cas conco<\/h3>\n    <ul class=\"icon_list inline_list\">\n                              <li class=\"ico-pool\" title=\"Piscina\">\n              <span itemprop=\"amenityFeature\">Piscina<\/span>\n            <\/li>\n                      <li class=\"ico-airConditioning\" title=\"Aire Acondicionado\">\n              <span itemprop=\"amenityFeature\">Aire Acondicionado<\/span>\n            <\/li>\n                      <li class=\"ico-wifi\" title=\"Wifi\">\n              <span itemprop=\"amenityFeature\">Wifi<\/span>\n            <\/li>\n                          <li class=\"ico-guests\" title=\"Para 10 hu\u00e9spedes en S&#039;horta.\">\n          <span itemprop=\"occupancy\">10<\/span>\n        <\/li>\n    <\/ul>\n            <span class=\"price\">Desde 334\u20ac \/ noche<\/span>\n                <a itemprop=\"url\" class=\"anchor\" href=\"https:\/\/www.vacalia.com\/es\/villa-cas-conco-felanitx-h16079\" aria-label=\"Cas conco\"><\/a>\n<\/div><\/div>\n\n\n\n<h3 class=\"wp-block-heading\"><strong>Consejos para disfrutar de la Feria del Piment\u00f3n<\/strong><\/h3>\n\n\n\n<p>Si planeas asistir a la Feria del Piment\u00f3n en Felanitx, aqu\u00ed tienes algunos consejos para aprovechar al m\u00e1ximo tu visita:<\/p>\n\n\n\n<ul class=\"wp-block-list\">\n<li><strong>Llega temprano<\/strong>: La feria es muy popular, tanto entre los locales como entre los turistas. Llegar temprano te permitir\u00e1 disfrutar de todas las actividades sin agobios y encontrar los mejores productos en el mercado.<\/li>\n\n\n\n<li><strong>Explora el pueblo<\/strong>: Felanitx es un lugar encantador con una rica historia. Dedica algo de tiempo a pasear por sus calles, visitar su iglesia principal y disfrutar de la tranquilidad de este pueblo mallorqu\u00edn.<\/li>\n\n\n\n<li><strong>Prueba la sobrasada<\/strong>: Aunque la sobrasada se puede encontrar en toda Mallorca, la de Felanitx es especialmente famosa por su sabor aut\u00e9ntico. No te vayas sin probarla.<\/li>\n\n\n\n<li><strong>Lleva efectivo<\/strong>: Aunque cada vez m\u00e1s lugares aceptan tarjetas, muchos de los vendedores en la feria prefieren el pago en efectivo, especialmente en los puestos de productos agr\u00edcolas.<\/li>\n<\/ul>\n\n\n\n<h3 class=\"wp-block-heading\"><strong>Cosas que hacer en la zona de Felanitx<\/strong><\/h3>\n\n\n\n<p>Felanitx no es solo un destino para la Feria del Piment\u00f3n, sino que tambi\u00e9n ofrece una serie de actividades y lugares para explorar, lo que hace que sea una parada ideal para quienes buscan conocer m\u00e1s sobre la Mallorca aut\u00e9ntica.<\/p>\n\n\n\n<h6 class=\"wp-block-heading\"><strong>1. Visitar el Santuario de Sant Salvador<\/strong><\/h6>\n\n\n\n<p>A pocos kil\u00f3metros de Felanitx se encuentra el <strong><a href=\"https:\/\/www.vacalia.com\/es\/santuari-de-sant-salvador-p729\" target=\"_blank\" rel=\"noreferrer noopener\">Santuario de Sant Salvador<\/a><\/strong>, uno de los puntos m\u00e1s altos de la isla. Desde su cima, a 509 metros sobre el nivel del mar, podr\u00e1s disfrutar de unas vistas espectaculares de toda la isla, desde la <strong>Sierra de Tramuntana<\/strong> hasta la costa este. Adem\u00e1s, el santuario tiene una rica historia que se remonta al siglo XIV, lo que lo convierte en un lugar ideal para los amantes de la historia y la arquitectura.<\/p>\n\n\n<div class=\"wp-block-image\">\n<figure class=\"aligncenter size-full\"><img decoding=\"async\" width=\"670\" height=\"300\" src=\"https:\/\/www.vacalia.com\/blog\/wp-content\/uploads\/2024\/10\/Santuario-de-Sant-Salvador.jpg\" alt=\"Santuario de Sant Salvador - Felanitx, Mallorca\" class=\"wp-image-6716\" srcset=\"https:\/\/www.vacalia.com\/blog\/wp-content\/uploads\/2024\/10\/Santuario-de-Sant-Salvador.jpg 670w, https:\/\/www.vacalia.com\/blog\/wp-content\/uploads\/2024\/10\/Santuario-de-Sant-Salvador-300x134.jpg 300w, https:\/\/www.vacalia.com\/blog\/wp-content\/uploads\/2024\/10\/Santuario-de-Sant-Salvador-370x166.jpg 370w\" sizes=\"(max-width: 767px) 100vw, 670px\" \/><figcaption class=\"wp-element-caption\"><em>Santuario de Sant Salvador &#8211; Felanitx, Mallorca<\/em><\/figcaption><\/figure><\/div>\n\n\n<h6 class=\"wp-block-heading\"><strong>2. Explorar los vi\u00f1edos de la zona<\/strong><\/h6>\n\n\n\n<p>Felanitx es conocida por ser una de las regiones vin\u00edcolas m\u00e1s importantes de Mallorca. La zona cuenta con varias bodegas que producen vinos de excelente calidad, muchos de los cuales utilizan variedades de uvas aut\u00f3ctonas de la isla, como la <strong>Callet<\/strong> o la <strong>Manto Negro<\/strong>. Puedes hacer una visita guiada a alguna de las bodegas locales, donde aprender\u00e1s sobre el proceso de elaboraci\u00f3n del vino y, por supuesto, podr\u00e1s disfrutar de una cata.<\/p>\n\n\n\n<h6 class=\"wp-block-heading\"><strong>3. El Castell de Santueri<\/strong><\/h6>\n\n\n\n<p>Otro lugar de inter\u00e9s hist\u00f3rico cerca de Felanitx es el <strong>Castell de Santueri<\/strong>, una fortaleza del siglo XIV construida sobre una antigua fortificaci\u00f3n romana. El castillo est\u00e1 ubicado en lo alto de una colina, lo que ofrece vistas panor\u00e1micas incre\u00edbles de la costa y los alrededores. Aunque el castillo est\u00e1 en ruinas, sigue siendo un lugar fascinante para explorar y un buen punto de partida para hacer senderismo.<\/p>\n\n\n<div class=\"wp-block-image\">\n<figure class=\"aligncenter size-full\"><img loading=\"lazy\" decoding=\"async\" width=\"670\" height=\"300\" src=\"https:\/\/www.vacalia.com\/blog\/wp-content\/uploads\/2024\/10\/Castell-de-Santueri.jpg\" alt=\"Castell de Santueri - Felanitx, Mallorca\" class=\"wp-image-6717\" srcset=\"https:\/\/www.vacalia.com\/blog\/wp-content\/uploads\/2024\/10\/Castell-de-Santueri.jpg 670w, https:\/\/www.vacalia.com\/blog\/wp-content\/uploads\/2024\/10\/Castell-de-Santueri-300x134.jpg 300w, https:\/\/www.vacalia.com\/blog\/wp-content\/uploads\/2024\/10\/Castell-de-Santueri-370x166.jpg 370w\" sizes=\"(max-width: 767px) 100vw, 670px\" \/><figcaption class=\"wp-element-caption\"><em>Castell de Santueri &#8211; Felanitx, Mallorca<\/em><\/figcaption><\/figure><\/div>\n\n\n<h6 class=\"wp-block-heading\"><strong>4. Playas cercanas<\/strong><\/h6>\n\n\n\n<p>Aunque Felanitx no est\u00e1 en la costa, est\u00e1 cerca de algunas de las playas m\u00e1s bellas de Mallorca. A unos 20 minutos en coche se encuentra <strong><a href=\"https:\/\/www.vacalia.com\/es\/portocolom-mallorca-p1320\" target=\"_blank\" rel=\"noreferrer noopener\">Portocolom<\/a><\/strong>, un pintoresco puerto natural con una playa tranquila. <strong><a href=\"https:\/\/www.vacalia.com\/es\/cala-marcal-mallorca-p192\" target=\"_blank\" rel=\"noreferrer noopener\">Cala Mar\u00e7al<\/a><\/strong> es otra excelente opci\u00f3n para quienes buscan relajarse al sol despu\u00e9s de un d\u00eda en la feria.<\/p>\n\n\n<div class=\"wp-block-image\">\n<figure class=\"aligncenter size-full\"><img loading=\"lazy\" decoding=\"async\" width=\"670\" height=\"300\" src=\"https:\/\/www.vacalia.com\/blog\/wp-content\/uploads\/2024\/10\/Cala-Marcal.jpg\" alt=\"Cala Mar\u00e7al\" class=\"wp-image-6718\" srcset=\"https:\/\/www.vacalia.com\/blog\/wp-content\/uploads\/2024\/10\/Cala-Marcal.jpg 670w, https:\/\/www.vacalia.com\/blog\/wp-content\/uploads\/2024\/10\/Cala-Marcal-300x134.jpg 300w, https:\/\/www.vacalia.com\/blog\/wp-content\/uploads\/2024\/10\/Cala-Marcal-370x166.jpg 370w\" sizes=\"(max-width: 767px) 100vw, 670px\" \/><figcaption class=\"wp-element-caption\"><em>Cala Mar\u00e7al<\/em><\/figcaption><\/figure><\/div>\n\n\n<p>La <strong>Feria del Piment\u00f3n en Felanitx<\/strong> es una oportunidad \u00fanica para sumergirse en la cultura y las tradiciones de Mallorca. M\u00e1s all\u00e1 de ser un evento gastron\u00f3mico, es una celebraci\u00f3n de la vida rural y una ocasi\u00f3n para disfrutar de todo lo que esta encantadora regi\u00f3n tiene para ofrecer. Desde la degustaci\u00f3n de piment\u00f3n y sobrasada hasta la exploraci\u00f3n de los paisajes y monumentos de los alrededores, una visita a esta feria te permitir\u00e1 descubrir una faceta diferente y aut\u00e9ntica de la isla. \u00a1No te la pierdas!<\/p>\n\n\n<div class=\"bannerBlog\"><div class=\"new-card-houses\">\n    <div class=\"likeOut likeDivOut\" style=\"display:none\">\n        <a data-id=\"3482\" class=\"likeOut_button_red likeBtnFav\"\n            aria-label=\"Megusta Vacalia\"><\/a>\n    <\/div>\n    <figure>\n        <img loading=\"lazy\" decoding=\"async\" \n            loading=\"lazy\" width=\"301\" height=\"200\"\n            src=\"\/\/media.vacalia.com\/photo\/reformatwebpfolder\/350\/200\/3482\/thumb-middle\/3482_efa356b5c62ea7ab07aef09ce36e7213.webp?v=21092023\"\n            alt=\"Sunset village - Alquiler vacacional en Can Picafort\"\/>\n                                                                        <div class=\"circleDiscount\">-14%<\/div>\n                        <\/figure>\n    <p itemprop=\"address\"><i class=\"ico-marker\"><\/i>Can Picafort, Mallorca<\/p>\n    <h3 itemprop=\"name\">Sunset village<\/h3>\n    <ul class=\"icon_list inline_list\">\n                              <li class=\"ico-airConditioning\" title=\"Aire Acondicionado\">\n              <span itemprop=\"amenityFeature\">Aire Acondicionado<\/span>\n            <\/li>\n                      <li class=\"ico-wifi\" title=\"Wifi\">\n              <span itemprop=\"amenityFeature\">Wifi<\/span>\n            <\/li>\n                          <li class=\"ico-guests\" title=\"Para 6 hu\u00e9spedes en Can Picafort.\">\n          <span itemprop=\"occupancy\">6<\/span>\n        <\/li>\n    <\/ul>\n            <span class=\"price\">Desde 119\u20ac \/ noche<\/span>\n                <a itemprop=\"url\" class=\"anchor\" href=\"https:\/\/www.vacalia.com\/es\/casa-vacacional-sunset-village-santa-margalida-h23861\" aria-label=\"Sunset village\"><\/a>\n<\/div><div class=\"new-card-houses\">\n    <div class=\"likeOut likeDivOut\" style=\"display:none\">\n        <a data-id=\"2877\" class=\"likeOut_button_red likeBtnFav\"\n            aria-label=\"Megusta Vacalia\"><\/a>\n    <\/div>\n    <figure>\n        <img loading=\"lazy\" decoding=\"async\" \n            loading=\"lazy\" width=\"301\" height=\"200\"\n            src=\"\/\/media.vacalia.com\/photo\/reformatwebpfolder\/350\/200\/2877\/thumb-middle\/2877_53b52fbbdf5abb2f19a1daf6fadab1e7.webp?v=21092023\"\n            alt=\"Es pont den teulari nou - Alquiler vacacional en Manacor\"\/>\n                                                                        <div class=\"circleDiscount\">-1%<\/div>\n                        <\/figure>\n    <p itemprop=\"address\"><i class=\"ico-marker\"><\/i>Manacor, Mallorca<\/p>\n    <h3 itemprop=\"name\">Es pont den teulari nou<\/h3>\n    <ul class=\"icon_list inline_list\">\n                              <li class=\"ico-pool\" title=\"Piscina\">\n              <span itemprop=\"amenityFeature\">Piscina<\/span>\n            <\/li>\n                      <li class=\"ico-airConditioning\" title=\"Aire Acondicionado\">\n              <span itemprop=\"amenityFeature\">Aire Acondicionado<\/span>\n            <\/li>\n                      <li class=\"ico-wifi\" title=\"Wifi\">\n              <span itemprop=\"amenityFeature\">Wifi<\/span>\n            <\/li>\n                          <li class=\"ico-guests\" title=\"Para 6 hu\u00e9spedes en Manacor.\">\n          <span itemprop=\"occupancy\">6<\/span>\n        <\/li>\n    <\/ul>\n            <span class=\"price\">Desde 177\u20ac \/ noche<\/span>\n                <a itemprop=\"url\" class=\"anchor\" href=\"https:\/\/www.vacalia.com\/es\/villa-es-pont-den-teulari-nou-manacor-h19799\" aria-label=\"Es pont den teulari nou\"><\/a>\n<\/div><\/div>\n","protected":false},"excerpt":{"rendered":"<p>Mallorca es conocida por sus playas y sus paisajes, pero tambi\u00e9n tiene una faceta menos conocida: su tradici\u00f3n agr\u00edcola y gastron\u00f3mica. Entre los eventos que mejor reflejan este patrimonio se&hellip;<\/p>\n","protected":false},"author":1,"featured_media":6714,"comment_status":"closed","ping_status":"open","sticky":false,"template":"","format":"standard","meta":{"_monsterinsights_skip_tracking":false,"_monsterinsights_sitenote_active":false,"_monsterinsights_sitenote_note":"","_monsterinsights_sitenote_category":0,"footnotes":""},"categories":[373,436,406,1062,1,412],"tags":[],"class_list":["post-6712","post","type-post","status-publish","format-standard","has-post-thumbnail","hentry","category-mallorca-es","category-que-hacer-en-mallorca","category-fiestas-y-tradiciones-de-mallorca","category-gastronomia-de-mallorca","category-general-es","category-guias-de-mallorca"],"_links":{"self":[{"href":"https:\/\/www.vacalia.com\/blog\/wp-json\/wp\/v2\/posts\/6712"}],"collection":[{"href":"https:\/\/www.vacalia.com\/blog\/wp-json\/wp\/v2\/posts"}],"about":[{"href":"https:\/\/www.vacalia.com\/blog\/wp-json\/wp\/v2\/types\/post"}],"author":[{"embeddable":true,"href":"https:\/\/www.vacalia.com\/blog\/wp-json\/wp\/v2\/users\/1"}],"replies":[{"embeddable":true,"href":"https:\/\/www.vacalia.com\/blog\/wp-json\/wp\/v2\/comments?post=6712"}],"version-history":[{"count":4,"href":"https:\/\/www.vacalia.com\/blog\/wp-json\/wp\/v2\/posts\/6712\/revisions"}],"predecessor-version":[{"id":6728,"href":"https:\/\/www.vacalia.com\/blog\/wp-json\/wp\/v2\/posts\/6712\/revisions\/6728"}],"wp:featuredmedia":[{"embeddable":true,"href":"https:\/\/www.vacalia.com\/blog\/wp-json\/wp\/v2\/media\/6714"}],"wp:attachment":[{"href":"https:\/\/www.vacalia.com\/blog\/wp-json\/wp\/v2\/media?parent=6712"}],"wp:term":[{"taxonomy":"category","embeddable":true,"href":"https:\/\/www.vacalia.com\/blog\/wp-json\/wp\/v2\/categories?post=6712"},{"taxonomy":"post_tag","embeddable":true,"href":"https:\/\/www.vacalia.com\/blog\/wp-json\/wp\/v2\/tags?post=6712"}],"curies":[{"name":"wp","href":"https:\/\/api.w.org\/{rel}","templated":true}]}}