{"id":6722,"date":"2024-10-18T10:45:48","date_gmt":"2024-10-18T08:45:48","guid":{"rendered":"https:\/\/www.vacalia.com\/blog\/?p=6722"},"modified":"2024-10-18T10:57:43","modified_gmt":"2024-10-18T08:57:43","slug":"die-paprikamesse-auf-felanitx-mallorca","status":"publish","type":"post","link":"https:\/\/www.vacalia.com\/blog\/die-paprikamesse-auf-felanitx-mallorca\/","title":{"rendered":"Die Paprikamesse auf Felanitx, Mallorca"},"content":{"rendered":"\n<p><strong><a href=\"https:\/\/www.vacalia.com\/de\/mallorca-urlaub\" target=\"_blank\" rel=\"noreferrer noopener\">Mallorca<\/a><\/strong> ist bekannt f\u00fcr seine Str\u00e4nde und Landschaften, aber es hat auch eine weniger bekannte Seite: seine landwirtschaftliche und gastronomische Tradition. Zu den Veranstaltungen, die dieses Erbe am besten widerspiegeln, geh\u00f6rt die <strong>Paprikamesse<\/strong>, ein Fest, das Tradition, Gastronomie und lokale Kultur in einer einzigen Veranstaltung vereint.&nbsp;<\/p>\n\n\n\n<h3 class=\"wp-block-heading\"><strong>Was ist die Paprikamesse?<\/strong><\/h3>\n\n\n\n<p>Die <strong>Paprikamesse <\/strong>auf Mallorca ist ein j\u00e4hrliches Fest, das einer der bekanntesten Zutaten der mallorquinischen Gastronomie gewidmet ist: dem Paprika. Dieses Gew\u00fcrz ist nicht nur f\u00fcr die Zubereitung typischer Gerichte unverzichtbar, sondern nimmt auch einen besonderen Platz in der landwirtschaftlichen Kultur der Insel ein. Die Messe ist eine Gelegenheit, die Ernte der Paprika und ihre Verarbeitung zu Paprika zu w\u00fcrdigen und die Bewahrung dieser Tradition bei den neuen Generationen zu f\u00f6rdern.<\/p>\n\n\n\n<p>Auf Mallorca wird Paprika vor allem bei der Herstellung von Produkten wie der <strong>Sobrasada <\/strong>verwendet, einer der ber\u00fchmtesten W\u00fcrste der Insel. Ohne Paprika h\u00e4tte die Sobrasada weder ihre charakteristische rote Farbe noch ihren w\u00fcrzigen Geschmack, der bei Mallorquinern und Besuchern gleicherma\u00dfen beliebt ist.<\/p>\n\n\n<div class=\"wp-block-image\">\n<figure class=\"aligncenter size-full is-resized\"><img fetchpriority=\"high\" decoding=\"async\" width=\"670\" height=\"300\" src=\"https:\/\/www.vacalia.com\/blog\/wp-content\/uploads\/2024\/10\/Feria-del-pimenton-Felantix.jpg\" alt=\"Paprika Fair in Mallorca\" class=\"wp-image-6714\" style=\"width:670px;height:auto\" srcset=\"https:\/\/www.vacalia.com\/blog\/wp-content\/uploads\/2024\/10\/Feria-del-pimenton-Felantix.jpg 670w, https:\/\/www.vacalia.com\/blog\/wp-content\/uploads\/2024\/10\/Feria-del-pimenton-Felantix-300x134.jpg 300w, https:\/\/www.vacalia.com\/blog\/wp-content\/uploads\/2024\/10\/Feria-del-pimenton-Felantix-370x166.jpg 370w\" sizes=\"(max-width: 767px) 100vw, 670px\" \/><figcaption class=\"wp-element-caption\"><em>Paprikamesse auf Mallorca<\/em><\/figcaption><\/figure><\/div>\n\n\n<h3 class=\"wp-block-heading\"><strong>Wann und wo findet die Paprikamesse statt?<\/strong><\/h3>\n\n\n\n<p>Die Paprikamesse <strong>\u00abFira del Pebre bord\u00bb <\/strong>findet jedes Jahr im <strong>Oktober <\/strong>in dem charmanten Dorf <strong><a href=\"https:\/\/www.vacalia.com\/de\/felanitx-mallorca-p1318\" target=\"_blank\" rel=\"noreferrer noopener\">Felanitx<\/a> <\/strong>statt, einer Stadt im S\u00fcdosten Mallorcas, die f\u00fcr ihre landwirtschaftliche und weinbauliche Tradition bekannt ist. Die Veranstaltung findet in der Regel Mitte Oktober statt, zeitgleich mit der Ernte der Paprika und dem Beginn des Trocknungs- und Mahlprozesses, der zu Paprika f\u00fchrt.<\/p>\n\n\n\n<p>Felanitx, etwa 50 km von Palma de Mallorca entfernt, ist ein Ort, der sich seinen l\u00e4ndlichen Charme bewahrt hat, mit engen, gepflasterten Gassen, traditionellen Steinh\u00e4usern und einer ruhigen Atmosph\u00e4re, die den perfekten Rahmen f\u00fcr eine solche einzigartige Messe bildet.<\/p>\n\n\n<div class=\"wp-block-image\">\n<figure class=\"aligncenter size-full\"><img decoding=\"async\" width=\"670\" height=\"300\" src=\"https:\/\/www.vacalia.com\/blog\/wp-content\/uploads\/2024\/10\/Felantix.jpg\" alt=\"Felanitx, Mallorca\" class=\"wp-image-6715\" srcset=\"https:\/\/www.vacalia.com\/blog\/wp-content\/uploads\/2024\/10\/Felantix.jpg 670w, https:\/\/www.vacalia.com\/blog\/wp-content\/uploads\/2024\/10\/Felantix-300x134.jpg 300w, https:\/\/www.vacalia.com\/blog\/wp-content\/uploads\/2024\/10\/Felantix-370x166.jpg 370w\" sizes=\"(max-width: 767px) 100vw, 670px\" \/><figcaption class=\"wp-element-caption\"><em>Felanitx, Mallorca<\/em><\/figcaption><\/figure><\/div>\n\n\n<h3 class=\"wp-block-heading\"><strong>Woraus besteht die Veranstaltung?<\/strong><\/h3>\n\n\n\n<p>Die <strong>Paprikamesse <\/strong>ist viel mehr als nur eine Ausstellung von Produkten. Sie ist eine Veranstaltung, die die gesamte lokale Gemeinschaft einbezieht, von den Landwirten und Paprikaproduzenten bis zu den Handwerkern und K\u00f6chen.&nbsp;<\/p>\n\n\n\n<h6 class=\"wp-block-heading\">1. <strong>Landwirtschaftlicher und gastronomischer Markt<\/strong><\/h6>\n\n\n\n<p>Das Herzst\u00fcck der Messe ist der Bauernmarkt, auf dem Sie frische Paprika, Paprikaprodukte (wie Sobrasada), \u00d6le, Konserven und andere handwerkliche Produkte kaufen k\u00f6nnen. Es ist auch eine hervorragende Gelegenheit, die lokalen Erzeuger aus n\u00e4chster N\u00e4he kennenzulernen und etwas \u00fcber den Anbau und die Trocknung von Paprika zu erfahren.<\/p>\n\n\n\n<h6 class=\"wp-block-heading\"><strong>2. Verkostungen und Live-Kochen<\/strong><\/h6>\n\n\n\n<p>Eine der Hauptattraktionen der Messe sind die <strong>gastronomischen Verkostungen<\/strong>. Lokale K\u00f6che bereiten traditionelle Gerichte mit Paprika als Hauptzutat zu. Probieren Sie unbedingt die frisch zubereitete Sobrasada, begleitet von einem guten St\u00fcck mallorquinischen Brotes. Au\u00dferdem werden Live-Kochvorf\u00fchrungen organisiert, bei denen einheimische K\u00f6che ihr K\u00f6nnen unter Beweis stellen und Rezepte auf der Grundlage dieser Zutat vorstellen.<\/p>\n\n\n\n<h6 class=\"wp-block-heading\"><strong>3. Kulturelle und traditionelle Aktivit\u00e4ten<\/strong><\/h6>\n\n\n\n<p>Die Messe bietet auch ein abwechslungsreiches Kulturprogramm mit traditionellen T\u00e4nzen, Live-Musik und Ausstellungen lokaler Kunst. In <strong><a href=\"https:\/\/www.vacalia.com\/de\/ferienhaus-felanitx\" target=\"_blank\" rel=\"noreferrer noopener\">Felanitx<\/a><\/strong> wird, wie in vielen Orten Mallorcas und anderer Regionen Spaniens, eine alte Volkstradition aufrechterhalten: die \u00abRiesen\u00bb. Diese Riesen, auch <em>\u00ab<\/em><strong><em>gegants<\/em><\/strong><em>\u00bb <\/em>genannt, sind gro\u00dfe menschliche Figuren, die meist historische oder volkst\u00fcmliche Charaktere darstellen. Sie bestehen aus leichten Holz- und Papprahmen und werden von Menschen getragen, die sie bei lokalen Festen zum Tanzen bringen.<\/p>\n\n\n\n<h6 class=\"wp-block-heading\"><strong>4. Workshops und Wettbewerbe<\/strong><\/h6>\n\n\n\n<p>F\u00fcr diejenigen, die mehr \u00fcber die Herstellung von Paprika erfahren m\u00f6chten, werden Workshops organisiert, bei denen die Besucher am Trocknungs- und Mahlprozess teilnehmen k\u00f6nnen. Au\u00dferdem finden auf der Messe h\u00e4ufig <strong>Paprikawettbewerbe <\/strong>statt, bei denen lokale Erzeuger um den Titel des besten Paprikas der Saison wetteifern.<\/p>\n\n\n<div class=\"bannerBlog\"><div class=\"new-card-houses\">\n    <div class=\"likeOut likeDivOut\" style=\"display:none\">\n        <a data-id=\"4611\" class=\"likeOut_button_red likeBtnFav\"\n            aria-label=\"Megusta Vacalia\"><\/a>\n    <\/div>\n    <figure>\n        <img loading=\"lazy\" decoding=\"async\" \n            loading=\"lazy\" width=\"301\" height=\"200\"\n            src=\"\/\/media.vacalia.com\/photo\/reformatwebpfolder\/350\/200\/4611\/thumb-middle\/4611_68befdfc414a4439a8648c9a31fcd28e.webp?v=21092023\"\n            alt=\"Casa perello - Ferienhaus auf Felanitx\"\/>\n                                                                        <div class=\"circleDiscount\">-10%<\/div>\n                        <\/figure>\n    <p itemprop=\"address\"><i class=\"ico-marker\"><\/i>Felanitx, Mallorca<\/p>\n    <h3 itemprop=\"name\">Casa perello<\/h3>\n    <ul class=\"icon_list inline_list\">\n                              <li class=\"ico-pool\" title=\"Pool\">\n              <span itemprop=\"amenityFeature\">Pool<\/span>\n            <\/li>\n                      <li class=\"ico-airConditioning\" title=\"Klimaanlage\">\n              <span itemprop=\"amenityFeature\">Klimaanlage<\/span>\n            <\/li>\n                      <li class=\"ico-wifi\" title=\"Wifi\">\n              <span itemprop=\"amenityFeature\">Wifi<\/span>\n            <\/li>\n                          <li class=\"ico-guests\" title=\"F\u00fcr 12 G\u00e4ste in Felanitx.\">\n          <span itemprop=\"occupancy\">12<\/span>\n        <\/li>\n    <\/ul>\n            <span class=\"price\">Ab 520\u20ac \/ Nacht<\/span>\n                <a itemprop=\"url\" class=\"anchor\" href=\"https:\/\/www.vacalia.com\/de\/villa-casa-perello-felanitx-h26986\" aria-label=\"Casa perello\"><\/a>\n<\/div><div class=\"new-card-houses\">\n    <div class=\"likeOut likeDivOut\" style=\"display:none\">\n        <a data-id=\"391\" class=\"likeOut_button_red likeBtnFav\"\n            aria-label=\"Megusta Vacalia\"><\/a>\n    <\/div>\n    <figure>\n        <img loading=\"lazy\" decoding=\"async\" \n            loading=\"lazy\" width=\"301\" height=\"200\"\n            src=\"\/\/media.vacalia.com\/photo\/reformatwebpfolder\/350\/200\/391\/thumb-middle\/391_8d71f694cf5b87f19d29671624d3b7e9.webp?v=21092023\"\n            alt=\"Can cirerol - Ferienhaus auf Portocolom\"\/>\n                                                                        <div class=\"circleDiscount\">-6%<\/div>\n                        <\/figure>\n    <p itemprop=\"address\"><i class=\"ico-marker\"><\/i>Portocolom, Mallorca<\/p>\n    <h3 itemprop=\"name\">Can cirerol<\/h3>\n    <ul class=\"icon_list inline_list\">\n                              <li class=\"ico-pool\" title=\"Pool\">\n              <span itemprop=\"amenityFeature\">Pool<\/span>\n            <\/li>\n                      <li class=\"ico-wifi\" title=\"Wifi\">\n              <span itemprop=\"amenityFeature\">Wifi<\/span>\n            <\/li>\n                          <li class=\"ico-guests\" title=\"F\u00fcr 9 G\u00e4ste in Portocolom.\">\n          <span itemprop=\"occupancy\">9<\/span>\n        <\/li>\n    <\/ul>\n            <span class=\"price\">Ab 293\u20ac \/ Nacht<\/span>\n                <a itemprop=\"url\" class=\"anchor\" href=\"https:\/\/www.vacalia.com\/de\/villa-can-cirerol-felanitx-h15258\" aria-label=\"Can cirerol\"><\/a>\n<\/div><\/div>\n\n\n\n<h3 class=\"wp-block-heading\"><strong>Tipps f\u00fcr den Besuch der Paprikamesse<\/strong><\/h3>\n\n\n\n<p>Wenn Sie planen, die Paprikamesse in Felanitx zu besuchen, finden Sie hier einige Tipps, wie Sie das Beste aus Ihrem Besuch machen k\u00f6nnen:<\/p>\n\n\n\n<ul class=\"wp-block-list\">\n<li><strong>Seien <\/strong><strong>Sie fr\u00fch <\/strong><strong>da<\/strong>: Die Messe ist sowohl bei Einheimischen als auch bei Touristen sehr beliebt. Wenn Sie fr\u00fch kommen, k\u00f6nnen Sie alle Aktivit\u00e4ten genie\u00dfen, ohne \u00fcberf\u00fcllt zu sein, und die besten Produkte auf dem Markt finden.<\/li>\n\n\n\n<li><strong>Erkundung <\/strong><strong>der Stadt<\/strong>: Felanitx ist ein charmanter Ort mit einer reichen Geschichte. Nehmen Sie sich etwas Zeit, um durch die Stra\u00dfen zu schlendern, die Hauptkirche zu besuchen und die Ruhe dieses mallorquinischen Dorfes zu genie\u00dfen.<\/li>\n\n\n\n<li><strong>Probieren Sie die Sobrasada<\/strong>: Obwohl es Sobrasada auf ganz Mallorca gibt, ist die aus Felanitx besonders ber\u00fchmt f\u00fcr ihren authentischen Geschmack. Gehen Sie nicht, ohne sie zu probieren.<\/li>\n\n\n\n<li><strong>Nehmen Sie Bargeld mit<\/strong>: Obwohl immer mehr Gesch\u00e4fte Karten akzeptieren, bevorzugen viele der Verk\u00e4ufer auf der Messe die Barzahlung, vor allem an den Obst- und Gem\u00fcsest\u00e4nden.<\/li>\n<\/ul>\n\n\n\n<p><\/p>\n\n\n\n<h3 class=\"wp-block-heading\"><strong>Freizeitaktivit\u00e4ten in der Region Felanitx<\/strong><\/h3>\n\n\n\n<p>Felanitx ist nicht nur ein Ziel f\u00fcr die Paprika-Messe, sondern bietet auch eine Reihe von Aktivit\u00e4ten und Orten, die man erkunden kann, was es zu einem idealen Zwischenstopp f\u00fcr diejenigen macht, die mehr \u00fcber das authentische Mallorca erfahren m\u00f6chten.<\/p>\n\n\n\n<h6 class=\"wp-block-heading\"><strong>1. Besuchen Sie das Sant Salvador Heiligtum<\/strong><\/h6>\n\n\n\n<p>Nur wenige Kilometer von Felanitx entfernt liegt die <strong><a href=\"https:\/\/www.vacalia.com\/de\/santuari-de-sant-salvador-p729\" target=\"_blank\" rel=\"noreferrer noopener\">Sant Salvador Heiligtum<\/a><\/strong>, einer der h\u00f6chsten Punkte der Insel. Von seinem Gipfel, 509 Meter \u00fcber dem Meeresspiegel, hat man einen spektakul\u00e4ren Blick \u00fcber die gesamte Insel, vom <strong>Tramuntana-Gebirge <\/strong>bis zur Ostk\u00fcste. Au\u00dferdem hat die Wallfahrtskirche eine reiche Geschichte, die bis ins 14. Jahrhundert zur\u00fcckreicht, was sie zu einem idealen Ort f\u00fcr Geschichts- und Architekturliebhaber macht.<\/p>\n\n\n<div class=\"wp-block-image\">\n<figure class=\"aligncenter size-full\"><img decoding=\"async\" width=\"670\" height=\"300\" src=\"https:\/\/www.vacalia.com\/blog\/wp-content\/uploads\/2024\/10\/Santuario-de-Sant-Salvador.jpg\" alt=\"Sant Salvador Sanctuary - Felanitx, Mallorca\" class=\"wp-image-6716\" srcset=\"https:\/\/www.vacalia.com\/blog\/wp-content\/uploads\/2024\/10\/Santuario-de-Sant-Salvador.jpg 670w, https:\/\/www.vacalia.com\/blog\/wp-content\/uploads\/2024\/10\/Santuario-de-Sant-Salvador-300x134.jpg 300w, https:\/\/www.vacalia.com\/blog\/wp-content\/uploads\/2024\/10\/Santuario-de-Sant-Salvador-370x166.jpg 370w\" sizes=\"(max-width: 767px) 100vw, 670px\" \/><figcaption class=\"wp-element-caption\"><em>Sant Salvador Heiligtum &#8211; Felanitx, Mallorca<\/em><\/figcaption><\/figure><\/div>\n\n\n<h6 class=\"wp-block-heading\"><strong>2. Erkundung der \u00f6rtlichen Weinberge<\/strong><\/h6>\n\n\n\n<p>Felanitx ist als eine der wichtigsten Weinregionen Mallorcas bekannt. In der Gegend gibt es mehrere Weinkellereien, die Weine von hervorragender Qualit\u00e4t herstellen. Viele von ihnen verwenden Rebsorten, die auf der Insel heimisch sind, wie <strong>Callet <\/strong>oder <strong>Manto Negro<\/strong>. Sie k\u00f6nnen an einer F\u00fchrung durch eine der \u00f6rtlichen Weinkellereien teilnehmen, bei der Sie mehr \u00fcber die Weinherstellung erfahren und nat\u00fcrlich auch eine Weinprobe genie\u00dfen k\u00f6nnen.<\/p>\n\n\n\n<h6 class=\"wp-block-heading\"><strong>3. Schloss Santueri<\/strong><\/h6>\n\n\n\n<p>Ein weiterer historischer Ort in der N\u00e4he von Felanitx ist das <strong>Castell de Santueri<\/strong>, eine Festung aus dem 14. Jahrhundert, die auf einer alten r\u00f6mischen Befestigung errichtet wurde. Jahrhundert, die auf einer alten r\u00f6mischen Festung erbaut wurde. Die Burg befindet sich auf einem H\u00fcgel, von dem aus man einen unglaublichen Panoramablick auf die K\u00fcste und die Umgebung hat. Obwohl die Burg eine Ruine ist, ist sie ein faszinierender Ort zum Erkunden und ein guter Ausgangspunkt f\u00fcr Wanderungen.<\/p>\n\n\n<div class=\"wp-block-image\">\n<figure class=\"aligncenter size-full\"><img loading=\"lazy\" decoding=\"async\" width=\"670\" height=\"300\" src=\"https:\/\/www.vacalia.com\/blog\/wp-content\/uploads\/2024\/10\/Castell-de-Santueri.jpg\" alt=\"Castell de Santueri - Felanitx, Mallorca\" class=\"wp-image-6717\" srcset=\"https:\/\/www.vacalia.com\/blog\/wp-content\/uploads\/2024\/10\/Castell-de-Santueri.jpg 670w, https:\/\/www.vacalia.com\/blog\/wp-content\/uploads\/2024\/10\/Castell-de-Santueri-300x134.jpg 300w, https:\/\/www.vacalia.com\/blog\/wp-content\/uploads\/2024\/10\/Castell-de-Santueri-370x166.jpg 370w\" sizes=\"(max-width: 767px) 100vw, 670px\" \/><figcaption class=\"wp-element-caption\"><em>Castell de Santueri &#8211; Felanitx, Mallorca<\/em><\/figcaption><\/figure><\/div>\n\n\n<h6 class=\"wp-block-heading\"><strong>4. Str\u00e4nde in der N\u00e4he<\/strong><\/h6>\n\n\n\n<p>Obwohl Felanitx nicht an der K\u00fcste liegt, befindet es sich in der N\u00e4he einiger der sch\u00f6nsten Str\u00e4nde Mallorcas. Etwa 20 Autominuten entfernt liegt <strong><a href=\"https:\/\/www.vacalia.com\/de\/portocolom-mallorca-p1320\" target=\"_blank\" rel=\"noreferrer noopener\">Portocolom<\/a><\/strong>, ein malerischer Naturhafen mit einem ruhigen Strand. <strong><a href=\"https:\/\/www.vacalia.com\/de\/cala-marcal-mallorca-p192\" target=\"_blank\" rel=\"noreferrer noopener\">Cala Mar\u00e7al<\/a> <\/strong>ist eine weitere ausgezeichnete Option f\u00fcr diejenigen, die sich nach einem Tag auf der Messe in der Sonne entspannen m\u00f6chten.<\/p>\n\n\n\n<p>Die <strong>Paprikamesse in Felanitx <\/strong>ist eine einzigartige Gelegenheit, in die Kultur und die Traditionen Mallorcas einzutauchen. Sie ist nicht nur ein gastronomisches Ereignis, sondern auch ein Fest des Landlebens und eine Gelegenheit, alles zu genie\u00dfen, was diese charmante Region zu bieten hat. Von der Verkostung von Paprika und Sobrasada bis hin zur Erkundung der umliegenden Landschaften und Denkm\u00e4ler &#8211; ein Besuch dieser Messe erm\u00f6glicht es Ihnen, eine andere und authentische Seite der Insel zu entdecken. Verpassen Sie es nicht!<\/p>\n\n\n<div class=\"bannerBlog\"><div class=\"new-card-houses\">\n    <div class=\"likeOut likeDivOut\" style=\"display:none\">\n        <a data-id=\"2390\" class=\"likeOut_button_red likeBtnFav\"\n            aria-label=\"Megusta Vacalia\"><\/a>\n    <\/div>\n    <figure>\n        <img loading=\"lazy\" decoding=\"async\" \n            loading=\"lazy\" width=\"301\" height=\"200\"\n            src=\"\/\/media.vacalia.com\/photo\/reformatwebpfolder\/350\/200\/2390\/thumb-middle\/2390_43e93245d43f3c256e99bf0988b5b0f9.webp?v=21092023\"\n            alt=\"Son auba - Ferienhaus auf Muro\"\/>\n                                                                        <div class=\"circleDiscount\">-4%<\/div>\n                        <\/figure>\n    <p itemprop=\"address\"><i class=\"ico-marker\"><\/i>Muro, Mallorca<\/p>\n    <h3 itemprop=\"name\">Son auba<\/h3>\n    <ul class=\"icon_list inline_list\">\n                              <li class=\"ico-pool\" title=\"Pool\">\n              <span itemprop=\"amenityFeature\">Pool<\/span>\n            <\/li>\n                      <li class=\"ico-wifi\" title=\"Wifi\">\n              <span itemprop=\"amenityFeature\">Wifi<\/span>\n            <\/li>\n                          <li class=\"ico-guests\" title=\"F\u00fcr 8 G\u00e4ste in Muro.\">\n          <span itemprop=\"occupancy\">8<\/span>\n        <\/li>\n    <\/ul>\n            <span class=\"price\">Ab 179\u20ac \/ Nacht<\/span>\n                <a itemprop=\"url\" class=\"anchor\" href=\"https:\/\/www.vacalia.com\/de\/villa-son-auba-muro-h18351\" aria-label=\"Son auba\"><\/a>\n<\/div><div class=\"new-card-houses\">\n    <div class=\"likeOut likeDivOut\" style=\"display:none\">\n        <a data-id=\"1965\" class=\"likeOut_button_red likeBtnFav\"\n            aria-label=\"Megusta Vacalia\"><\/a>\n    <\/div>\n    <figure>\n        <img loading=\"lazy\" decoding=\"async\" \n            loading=\"lazy\" width=\"301\" height=\"200\"\n            src=\"\/\/media.vacalia.com\/photo\/reformatwebpfolder\/350\/200\/1965\/thumb-middle\/1965_6163110b82b1d4e14ebb1980f6fbc2be.webp?v=21092023\"\n            alt=\"Es repos - Ferienhaus auf Platja de Muro\"\/>\n                                                                        <div class=\"circleDiscount\">-10%<\/div>\n                        <\/figure>\n    <p itemprop=\"address\"><i class=\"ico-marker\"><\/i>Platja de Muro, Mallorca<\/p>\n    <h3 itemprop=\"name\">Es repos<\/h3>\n    <ul class=\"icon_list inline_list\">\n                              <li class=\"ico-pool\" title=\"Pool\">\n              <span itemprop=\"amenityFeature\">Pool<\/span>\n            <\/li>\n                      <li class=\"ico-airConditioning\" title=\"Klimaanlage\">\n              <span itemprop=\"amenityFeature\">Klimaanlage<\/span>\n            <\/li>\n                      <li class=\"ico-wifi\" title=\"Wifi\">\n              <span itemprop=\"amenityFeature\">Wifi<\/span>\n            <\/li>\n                          <li class=\"ico-guests\" title=\"F\u00fcr 6 G\u00e4ste in Platja De Muro.\">\n          <span itemprop=\"occupancy\">6<\/span>\n        <\/li>\n    <\/ul>\n            <span class=\"price\">Ab 142\u20ac \/ Nacht<\/span>\n                <a itemprop=\"url\" class=\"anchor\" href=\"https:\/\/www.vacalia.com\/de\/villa-es-repos-muro-h17277\" aria-label=\"Es repos\"><\/a>\n<\/div><\/div>\n","protected":false},"excerpt":{"rendered":"<p>Mallorca ist bekannt f\u00fcr seine Str\u00e4nde und Landschaften, aber es hat auch eine weniger bekannte Seite: seine landwirtschaftliche und gastronomische Tradition. Zu den Veranstaltungen, die dieses Erbe am besten widerspiegeln,&hellip;<\/p>\n","protected":false},"author":1,"featured_media":6714,"comment_status":"closed","ping_status":"open","sticky":false,"template":"","format":"standard","meta":{"_monsterinsights_skip_tracking":false,"_monsterinsights_sitenote_active":false,"_monsterinsights_sitenote_note":"","_monsterinsights_sitenote_category":0,"footnotes":""},"categories":[379,40,410,416,1066,440],"tags":[],"class_list":["post-6722","post","type-post","status-publish","format-standard","has-post-thumbnail","hentry","category-mallorca-de","category-allgemein","category-feste-und-traditionen-auf-mallorca","category-mallorca-fuhrer","category-mallorquinische-gastronomie","category-was-kann-man-auf-mallorca-machen"],"_links":{"self":[{"href":"https:\/\/www.vacalia.com\/blog\/wp-json\/wp\/v2\/posts\/6722"}],"collection":[{"href":"https:\/\/www.vacalia.com\/blog\/wp-json\/wp\/v2\/posts"}],"about":[{"href":"https:\/\/www.vacalia.com\/blog\/wp-json\/wp\/v2\/types\/post"}],"author":[{"embeddable":true,"href":"https:\/\/www.vacalia.com\/blog\/wp-json\/wp\/v2\/users\/1"}],"replies":[{"embeddable":true,"href":"https:\/\/www.vacalia.com\/blog\/wp-json\/wp\/v2\/comments?post=6722"}],"version-history":[{"count":2,"href":"https:\/\/www.vacalia.com\/blog\/wp-json\/wp\/v2\/posts\/6722\/revisions"}],"predecessor-version":[{"id":6731,"href":"https:\/\/www.vacalia.com\/blog\/wp-json\/wp\/v2\/posts\/6722\/revisions\/6731"}],"wp:featuredmedia":[{"embeddable":true,"href":"https:\/\/www.vacalia.com\/blog\/wp-json\/wp\/v2\/media\/6714"}],"wp:attachment":[{"href":"https:\/\/www.vacalia.com\/blog\/wp-json\/wp\/v2\/media?parent=6722"}],"wp:term":[{"taxonomy":"category","embeddable":true,"href":"https:\/\/www.vacalia.com\/blog\/wp-json\/wp\/v2\/categories?post=6722"},{"taxonomy":"post_tag","embeddable":true,"href":"https:\/\/www.vacalia.com\/blog\/wp-json\/wp\/v2\/tags?post=6722"}],"curies":[{"name":"wp","href":"https:\/\/api.w.org\/{rel}","templated":true}]}}