{"id":6751,"date":"2024-10-25T13:24:14","date_gmt":"2024-10-25T11:24:14","guid":{"rendered":"https:\/\/www.vacalia.com\/blog\/?p=6751"},"modified":"2025-07-08T12:31:11","modified_gmt":"2025-07-08T10:31:11","slug":"die-trencada-de-pinyons-auf-ibiza","status":"publish","type":"post","link":"https:\/\/www.vacalia.com\/blog\/die-trencada-de-pinyons-auf-ibiza\/","title":{"rendered":"Die \u00abTrencada de Pinyons\u00bb auf Ibiza"},"content":{"rendered":"\n<p>Der November auf <strong><a href=\"https:\/\/www.vacalia.com\/de\/ibiza-urlaub\" target=\"_blank\" rel=\"noreferrer noopener\">Ibiza<\/a><\/strong> zeigt eine Seite der Insel, die viele Reisende nicht kennen. Die Insel wird zu einem Ort, an dem die Ruhe des Herbstes die M\u00f6glichkeit bietet, ibizenkische Traditionen zu entdecken, wie die, von der wir Ihnen heute erz\u00e4hlen wollen.&nbsp;<\/p>\n\n\n\n<p>Auf <strong><a href=\"https:\/\/www.vacalia.com\/de\" target=\"_blank\" rel=\"noreferrer noopener\">Vacalia<\/a> <\/strong>finden Sie tolle Ferienh\u00e4user, um die Insel authentisch zu erleben. Z\u00f6gern Sie nicht, unsere Suchmaschine zu benutzen, um Ihr perfektes Haus zu finden.<\/p>\n\n\n\n<h2 class=\"wp-block-heading has-medium-font-size\"><strong>Die Wiederbelebung einer fast vergessenen Tradition<\/strong><\/h2>\n\n\n\n<p>Die \u00abTrencada de Pinyons\u00bb ist ein alter Brauch, der, nachdem er jahrelang in Vergessenheit geraten war, in letzter Zeit ein starkes Comeback erlebt hat. Die Ibizenker bem\u00fchen sich sehr, ihr kulturelles Erbe zu bewahren, und eine der besten M\u00f6glichkeiten, dies zu tun, ist, es mit den Besuchern zu teilen. Auf diese Weise halten sie nicht nur ihre reiche Geschichte lebendig, sondern bieten auch eine Sichtweise, die weit entfernt ist von den \u00fcblichen Touristenpfaden und n\u00e4her am wahren Geist der Insel liegt.<\/p>\n\n\n\n<p>Jedes Jahr am Vorabend des 1. November wird auf Ibiza <strong>der \u00abD\u00eda de Tots Sants\u00bb <\/strong>gefeiert, ein Tag, der dem Gedenken an verstorbene Angeh\u00f6rige gewidmet ist.&nbsp;<\/p>\n\n\n\n<p>Fr\u00fcher zogen die Kinder Ibizas in der Abendd\u00e4mmerung durch die Stra\u00dfen und klopften an die T\u00fcren der H\u00e4user, um Pinienkerne, S\u00fc\u00dfigkeiten und Trockenfr\u00fcchte zu erbitten. Nachdem sie ihre kleine Belohnung erhalten hatten, versammelten sie sich mit ihren Familien um den Tisch, wo sie unter Gel\u00e4chter und mit Geschichten \u00fcber Hexen und Geister eine besondere Nacht verbrachten.<\/p>\n\n\n<div class=\"wp-block-image\">\n<figure class=\"aligncenter size-full\"><img fetchpriority=\"high\" decoding=\"async\" width=\"670\" height=\"300\" src=\"https:\/\/www.vacalia.com\/blog\/wp-content\/uploads\/2024\/10\/recoleccion-pinones-ibiza.jpg\" alt=\"Pinienkernernte auf Ibiza\" class=\"wp-image-6743\" srcset=\"https:\/\/www.vacalia.com\/blog\/wp-content\/uploads\/2024\/10\/recoleccion-pinones-ibiza.jpg 670w, https:\/\/www.vacalia.com\/blog\/wp-content\/uploads\/2024\/10\/recoleccion-pinones-ibiza-300x134.jpg 300w, https:\/\/www.vacalia.com\/blog\/wp-content\/uploads\/2024\/10\/recoleccion-pinones-ibiza-370x166.jpg 370w\" sizes=\"(max-width: 767px) 100vw, 670px\" \/><figcaption class=\"wp-element-caption\"><em>Pinienkernernte auf Ibiza<\/em><\/figcaption><\/figure><\/div>\n\n\n<p>Vor dem Schlafengehen wurden die Muscheln und eine Kerze die ganze Nacht \u00fcber auf einem Tisch abgestellt, um die Toten zu ehren. Diese Tradition wurde zu einem der am meisten erwarteten Feste des Jahres.<\/p>\n\n\n\n<p>Heute kommen Familien und Freunde zusammen, um N\u00fcsse und Trockenfr\u00fcchte der Saison zu sammeln und zu essen. Auf dem l\u00e4ndlichen Ibiza symbolisierte dieser Brauch den Zusammenhalt der Familie durch das Teilen der gesammelten Lebensmittel. Der einfache Akt des Knackens der N\u00fcsse, von dem sich der Name \u00abtrencada\u00bb (was auf Katalanisch \u00abbrechen\u00bb bedeutet) ableitet, war das Herzst\u00fcck dieser Tradition.<\/p>\n\n\n<div class=\"wp-block-image\">\n<figure class=\"aligncenter size-full\"><img decoding=\"async\" width=\"670\" height=\"300\" src=\"https:\/\/www.vacalia.com\/blog\/wp-content\/uploads\/2024\/10\/Trencada-de-Pinyons-fruit-secs.jpg\" alt=\"\u201eTrencada de Pinyons\u201c und N\u00fcsse auf Ibiza\" class=\"wp-image-6744\" srcset=\"https:\/\/www.vacalia.com\/blog\/wp-content\/uploads\/2024\/10\/Trencada-de-Pinyons-fruit-secs.jpg 670w, https:\/\/www.vacalia.com\/blog\/wp-content\/uploads\/2024\/10\/Trencada-de-Pinyons-fruit-secs-300x134.jpg 300w, https:\/\/www.vacalia.com\/blog\/wp-content\/uploads\/2024\/10\/Trencada-de-Pinyons-fruit-secs-370x166.jpg 370w\" sizes=\"(max-width: 767px) 100vw, 670px\" \/><figcaption class=\"wp-element-caption\"><em>\u201eTrencada de Pinyons\u201c und N\u00fcsse auf Ibiza<\/em><\/figcaption><\/figure><\/div>\n\n\n<p>Obwohl diese Aktivit\u00e4t kurz vor dem Aussterben stand, hat sie in den letzten Jahren ein starkes Comeback erlebt, angetrieben durch das Interesse der Einheimischen, die Br\u00e4uche zu bewahren und sie mit den Besuchern der Insel zu teilen. Diese Erfahrung bietet den Besuchern eine andere Sichtweise auf Ibiza, weit entfernt von den typischen Strand- und Partylandschaften und n\u00e4her an den kulturellen Wurzeln der Insel.<\/p>\n\n\n\n<h2 class=\"wp-block-heading has-medium-font-size\"><strong>Die Ibiza-Version von Halloween<\/strong><\/h2>\n\n\n\n<p>Die \u00ab<strong>Trencada de Pinyons\u00bb <\/strong>k\u00f6nnte als Ibizas Antwort auf die Halloween-Feierlichkeiten gesehen werden. W\u00e4hrend andernorts Kost\u00fcme und K\u00fcrbisse aufgestellt wurden, steht auf Ibiza der Wert des Teilens und der Erinnerung an die Toten im Vordergrund. Traditionell wurden die gesammelten Pinienkerne von den Familien zur Herstellung der typischen Allerheiligen-S\u00fc\u00dfigkeiten verwendet. Heutzutage wird die Zubereitung dieser S\u00fc\u00dfigkeiten jedoch haupts\u00e4chlich von den \u00f6rtlichen B\u00e4ckereien \u00fcbernommen, die die alten Familienrezepte gerettet haben.<\/p>\n\n\n\n<p>Dieses kollektive Fest hat sich weiterentwickelt und wird mehr und mehr zu einem ganzt\u00e4gigen Fest, das nicht nur die Ernte, sondern auch Live-Musik und kulturelle Aktivit\u00e4ten umfasst.&nbsp;<\/p>\n\n\n\n<p>Dieses Fest, das zwischen dem 31. Oktober und dem 2. November gefeiert wird, ist zu einem unverzichtbaren Termin f\u00fcr alle geworden, die ein anderes Ibiza entdecken wollen, das mit den alten Traditionen und famili\u00e4ren Werten verbunden ist.<\/p>\n\n\n\n<p>Pinienkerne sind nicht einfach nur Samen, sondern Teil einer Tradition, die das Zusammengeh\u00f6rigkeitsgef\u00fchl der Familie symbolisiert. Neben den N\u00fcssen wurden auch Gerichte wie \u00ab<strong>frita de porcella\u00bb <\/strong>(Schweinefleischeintopf) oder <strong>bu\u00f1uelos de viento (<\/strong>eine Art Krapfen) auf den Tischen serviert. Heutzutage ist es wieder typisch, sie zu dieser Jahreszeit zu essen.<\/p>\n\n\n<div class=\"wp-block-image\">\n<figure class=\"aligncenter size-full\"><img decoding=\"async\" width=\"670\" height=\"294\" src=\"https:\/\/www.vacalia.com\/blog\/wp-content\/uploads\/2024\/10\/frita-de-porcella-3.jpg\" alt=\"\" class=\"wp-image-6760\" srcset=\"https:\/\/www.vacalia.com\/blog\/wp-content\/uploads\/2024\/10\/frita-de-porcella-3.jpg 670w, https:\/\/www.vacalia.com\/blog\/wp-content\/uploads\/2024\/10\/frita-de-porcella-3-300x132.jpg 300w, https:\/\/www.vacalia.com\/blog\/wp-content\/uploads\/2024\/10\/frita-de-porcella-3-370x162.jpg 370w\" sizes=\"(max-width: 767px) 100vw, 670px\" \/><figcaption class=\"wp-element-caption\"><em>\u00abFrita de porcella\u00bb von Ibiza<\/em><\/figcaption><\/figure><\/div>\n\n\n<p>In D\u00f6rfern wie <strong>Sant Lloren\u00e7 de Bal\u00e0fia <\/strong>ist die Trencada wieder zu einem wichtigen Fest geworden, bei dem neben dem Sammeln von Pinienkernen auch Workshops angeboten werden, bei denen man traditionelle Inselrezepte kennen lernen kann und an einem gro\u00dfen gemeinsamen Essen teilnimmt, bei dem die gesamte Bev\u00f6lkerung Gerichte mit Zutaten aus Ibiza zubereitet.<\/p>\n\n\n<div class=\"wp-block-image\">\n<figure class=\"aligncenter size-full\"><img loading=\"lazy\" decoding=\"async\" width=\"670\" height=\"300\" src=\"https:\/\/www.vacalia.com\/blog\/wp-content\/uploads\/2024\/10\/iglesia-Sant-Llorenc-de-Balafia.jpg\" alt=\"Kirche Sant Lloren\u00e7 de Bal\u00e0fia, Ibiza\" class=\"wp-image-6747\" srcset=\"https:\/\/www.vacalia.com\/blog\/wp-content\/uploads\/2024\/10\/iglesia-Sant-Llorenc-de-Balafia.jpg 670w, https:\/\/www.vacalia.com\/blog\/wp-content\/uploads\/2024\/10\/iglesia-Sant-Llorenc-de-Balafia-300x134.jpg 300w, https:\/\/www.vacalia.com\/blog\/wp-content\/uploads\/2024\/10\/iglesia-Sant-Llorenc-de-Balafia-370x166.jpg 370w\" sizes=\"(max-width: 767px) 100vw, 670px\" \/><figcaption class=\"wp-element-caption\"><em>Kirche Sant Lloren\u00e7 de Bal\u00e0fia, Ibiza<\/em><\/figcaption><\/figure><\/div>\n\n\n<h2 class=\"wp-block-heading has-medium-font-size\"><strong>Die Ibiza-Mandel, eine der besten der Welt<\/strong><\/h2>\n\n\n\n<p>Mandeln sind seit langem eines der wichtigsten Produkte der Insel, vor allem bei der Zubereitung der ber\u00fchmten <strong>Mandel-Piniennuss-Panellets<\/strong>, die ebenfalls typisch f\u00fcr diese Zeit des Jahres sind.&nbsp;<\/p>\n\n\n<div class=\"wp-block-image\">\n<figure class=\"aligncenter size-full is-resized\"><img loading=\"lazy\" decoding=\"async\" width=\"670\" height=\"300\" src=\"https:\/\/www.vacalia.com\/blog\/wp-content\/uploads\/2024\/10\/panellets-de-pinyons.jpg\" alt=\"Pinienkern-Panellets\" class=\"wp-image-6746\" style=\"width:670px;height:auto\" srcset=\"https:\/\/www.vacalia.com\/blog\/wp-content\/uploads\/2024\/10\/panellets-de-pinyons.jpg 670w, https:\/\/www.vacalia.com\/blog\/wp-content\/uploads\/2024\/10\/panellets-de-pinyons-300x134.jpg 300w, https:\/\/www.vacalia.com\/blog\/wp-content\/uploads\/2024\/10\/panellets-de-pinyons-370x166.jpg 370w\" sizes=\"(max-width: 767px) 100vw, 670px\" \/><figcaption class=\"wp-element-caption\"><em>Pinienkern-Panellets<\/em><\/figcaption><\/figure><\/div>\n\n\n<p>In der Vergangenheit exportierte Ibiza tonnenweise Mandeln ins In- und Ausland, was eine wichtige Einnahmequelle f\u00fcr die Insel darstellte. Im Laufe der Zeit sind jedoch viele der Mandelb\u00e4ume \u00fcberaltert und ihre Produktion ist erheblich zur\u00fcckgegangen.<\/p>\n\n\n\n<p>Trotzdem hat man sich in den letzten Jahren bem\u00fcht, den Mandelanbau auf Ibiza wiederzubeleben. Der <strong>Consell Insular de Eivissa <\/strong>hat in Zusammenarbeit mit den \u00f6rtlichen Landwirten neue Anbautechniken eingef\u00fchrt und daf\u00fcr gesorgt, dass die ibizenkische Mandel wieder ein wichtiger Bestandteil sowohl der lokalen M\u00e4rkte als auch der auf der Insel konsumierten Produkte ist.<\/p>\n\n\n\n<p>Wenn Sie Ibiza im November besuchen, ist die \u00abTrencada de Pinyons<strong>\u00bb <\/strong>die perfekte Gelegenheit, eine Version der Insel kennenzulernen, die nur wenige Menschen sehen. Zu dieser Jahreszeit ist die Insel ruhiger und weniger touristisch, so dass Sie die sch\u00f6nen Landschaften genie\u00dfen und die reiche Kultur entdecken k\u00f6nnen.<\/p>\n\n\n<div class=\"bannerBlog\"><div class=\"new-card-houses\">\n    <div class=\"likeOut likeDivOut\" style=\"display:none\">\n        <a data-id=\"4305\" class=\"likeOut_button_red likeBtnFav\"\n            aria-label=\"Megusta Vacalia\"><\/a>\n    <\/div>\n    <figure>\n        <img loading=\"lazy\" decoding=\"async\" \n            loading=\"lazy\" width=\"301\" height=\"200\"\n            src=\"\/\/media.vacalia.com\/photo\/reformatwebpfolder\/350\/200\/4305\/thumb-middle\/4305_2225d3db9f76e8b1b47d29113ec0ec22.webp?v=21092023\"\n            alt=\"Villa perla blanca - Ferienhaus auf Jes\u00fas\"\/>\n                                                                    <\/figure>\n    <p itemprop=\"address\"><i class=\"ico-marker\"><\/i>Jes\u00fas, Ibiza<\/p>\n    <h3 itemprop=\"name\">Villa perla blanca<\/h3>\n    <ul class=\"icon_list inline_list\">\n                              <li class=\"ico-pool\" title=\"Pool\">\n              <span itemprop=\"amenityFeature\">Pool<\/span>\n            <\/li>\n                      <li class=\"ico-airConditioning\" title=\"Klimaanlage\">\n              <span itemprop=\"amenityFeature\">Klimaanlage<\/span>\n            <\/li>\n                      <li class=\"ico-wifi\" title=\"Wifi\">\n              <span itemprop=\"amenityFeature\">Wifi<\/span>\n            <\/li>\n                      <li class=\"ico-views\" title=\"Ausblick\">\n              <span itemprop=\"amenityFeature\">Ausblick<\/span>\n            <\/li>\n                          <li class=\"ico-guests\" title=\"F\u00fcr 6 G\u00e4ste in Jes\u00fas.\">\n          <span itemprop=\"occupancy\">6<\/span>\n        <\/li>\n    <\/ul>\n            <span class=\"price\">Ab 1389\u20ac \/ Nacht<\/span>\n                <a itemprop=\"url\" class=\"anchor\" href=\"https:\/\/www.vacalia.com\/de\/villa-villa-perla-blanca-santa-eularia-des-riu-h26586\" aria-label=\"Villa perla blanca\"><\/a>\n<\/div><div class=\"new-card-houses\">\n    <div class=\"likeOut likeDivOut\" style=\"display:none\">\n        <a data-id=\"4149\" class=\"likeOut_button_red likeBtnFav\"\n            aria-label=\"Megusta Vacalia\"><\/a>\n    <\/div>\n    <figure>\n        <img loading=\"lazy\" decoding=\"async\" \n            loading=\"lazy\" width=\"301\" height=\"200\"\n            src=\"\/\/media.vacalia.com\/photo\/reformatwebpfolder\/350\/200\/4149\/thumb-middle\/4149_eeb179c71932cef5b05a9fb21240b4ea.webp?v=21092023\"\n            alt=\"Can melanie - Ferienhaus auf Sant Agust\u00ed des Vedr\u00e0\"\/>\n                                                                    <\/figure>\n    <p itemprop=\"address\"><i class=\"ico-marker\"><\/i>Sant Agust\u00ed des Vedr\u00e0, Ibiza<\/p>\n    <h3 itemprop=\"name\">Can melanie<\/h3>\n    <ul class=\"icon_list inline_list\">\n                              <li class=\"ico-pool\" title=\"Pool\">\n              <span itemprop=\"amenityFeature\">Pool<\/span>\n            <\/li>\n                      <li class=\"ico-airConditioning\" title=\"Klimaanlage\">\n              <span itemprop=\"amenityFeature\">Klimaanlage<\/span>\n            <\/li>\n                      <li class=\"ico-wifi\" title=\"Wifi\">\n              <span itemprop=\"amenityFeature\">Wifi<\/span>\n            <\/li>\n                      <li class=\"ico-views\" title=\"Ausblick\">\n              <span itemprop=\"amenityFeature\">Ausblick<\/span>\n            <\/li>\n                          <li class=\"ico-guests\" title=\"F\u00fcr 12 G\u00e4ste in Sant Agust\u00ed Des Vedr\u00e0.\">\n          <span itemprop=\"occupancy\">12<\/span>\n        <\/li>\n    <\/ul>\n            <span class=\"price\">Ab 1221\u20ac \/ Nacht<\/span>\n                <a itemprop=\"url\" class=\"anchor\" href=\"https:\/\/www.vacalia.com\/de\/villa-can-melanie-sant-josep-de-sa-talaia-h26318\" aria-label=\"Can melanie\"><\/a>\n<\/div><\/div>\n","protected":false},"excerpt":{"rendered":"<p>Der November auf Ibiza zeigt eine Seite der Insel, die viele Reisende nicht kennen. Die Insel wird zu einem Ort, an dem die Ruhe des Herbstes die M\u00f6glichkeit bietet, ibizenkische&hellip;<\/p>\n","protected":false},"author":1,"featured_media":6743,"comment_status":"closed","ping_status":"open","sticky":false,"template":"","format":"standard","meta":{"_monsterinsights_skip_tracking":false,"_monsterinsights_sitenote_active":false,"_monsterinsights_sitenote_note":"","_monsterinsights_sitenote_category":0,"footnotes":""},"categories":[901,925,1054,955],"tags":[],"class_list":["post-6751","post","type-post","status-publish","format-standard","has-post-thumbnail","hentry","category-ibiza-de","category-feste-und-traditionen-auf-ibiza","category-gastronomie-von-ibiza","category-was-kann-man-auf-ibiza-machen-de"],"_links":{"self":[{"href":"https:\/\/www.vacalia.com\/blog\/wp-json\/wp\/v2\/posts\/6751"}],"collection":[{"href":"https:\/\/www.vacalia.com\/blog\/wp-json\/wp\/v2\/posts"}],"about":[{"href":"https:\/\/www.vacalia.com\/blog\/wp-json\/wp\/v2\/types\/post"}],"author":[{"embeddable":true,"href":"https:\/\/www.vacalia.com\/blog\/wp-json\/wp\/v2\/users\/1"}],"replies":[{"embeddable":true,"href":"https:\/\/www.vacalia.com\/blog\/wp-json\/wp\/v2\/comments?post=6751"}],"version-history":[{"count":4,"href":"https:\/\/www.vacalia.com\/blog\/wp-json\/wp\/v2\/posts\/6751\/revisions"}],"predecessor-version":[{"id":7708,"href":"https:\/\/www.vacalia.com\/blog\/wp-json\/wp\/v2\/posts\/6751\/revisions\/7708"}],"wp:featuredmedia":[{"embeddable":true,"href":"https:\/\/www.vacalia.com\/blog\/wp-json\/wp\/v2\/media\/6743"}],"wp:attachment":[{"href":"https:\/\/www.vacalia.com\/blog\/wp-json\/wp\/v2\/media?parent=6751"}],"wp:term":[{"taxonomy":"category","embeddable":true,"href":"https:\/\/www.vacalia.com\/blog\/wp-json\/wp\/v2\/categories?post=6751"},{"taxonomy":"post_tag","embeddable":true,"href":"https:\/\/www.vacalia.com\/blog\/wp-json\/wp\/v2\/tags?post=6751"}],"curies":[{"name":"wp","href":"https:\/\/api.w.org\/{rel}","templated":true}]}}