{"id":6763,"date":"2024-11-04T11:04:19","date_gmt":"2024-11-04T10:04:19","guid":{"rendered":"https:\/\/www.vacalia.com\/blog\/?p=6763"},"modified":"2024-11-04T11:04:23","modified_gmt":"2024-11-04T10:04:23","slug":"dijous-bo-feria-tradicional-de-mallorca","status":"publish","type":"post","link":"https:\/\/www.vacalia.com\/blog\/es\/dijous-bo-feria-tradicional-de-mallorca\/","title":{"rendered":"Dijous Bo, la feria m\u00e1s grande y tradicional de Mallorca"},"content":{"rendered":"\n<h3 class=\"wp-block-heading\"><strong>\u00bfQu\u00e9 es el <\/strong><strong><em>Dijous Bo<\/em><\/strong><strong>?<\/strong><\/h3>\n\n\n\n<p>El <em>Dijous Bo<\/em>, que en mallorqu\u00edn significa \u201cjueves bueno\u201d, es la mayor feria tradicional de <strong><a href=\"https:\/\/www.vacalia.com\/es\/alojamiento-vacacional-mallorca\" target=\"_blank\" rel=\"noreferrer noopener\">Mallorca<\/a><\/strong> y una de las festividades m\u00e1s importantes de las Islas Baleares. Esta celebraci\u00f3n atrae a miles de visitantes no solo de todos los rincones de Mallorca, sino tambi\u00e9n de las otras islas del archipi\u00e9lago y de la pen\u00ednsula. El <em>Dijous Bo<\/em> se celebra a mediados de noviembre, llenando la ciudad de <strong><a href=\"https:\/\/www.vacalia.com\/es\/inca-mallorca-p1325\" target=\"_blank\" rel=\"noreferrer noopener\">Inca<\/a><\/strong> con un gran ambiente.<\/p>\n\n\n\n<p>Con un origen que se remonta a varios siglos atr\u00e1s, esta feria inicialmente comenz\u00f3 como un mercado de ganado en el que los agricultores y ganaderos locales pod\u00edan vender y comprar animales. Hoy en d\u00eda, se ha convertido en una gran celebraci\u00f3n con m\u00fasica, juegos, puestos de comida, y actividades para toda la familia.<\/p>\n\n\n\n<p>El <em>Dijous Bo<\/em> es uno de los eventos m\u00e1s concurridos de Mallorca, donde las calles de Inca se llenan de vida y llegan a congregarse hasta 200,000 personas en un solo d\u00eda. Es la cuarta y \u00faltima de las grandes ferias que se celebran en la ciudad entre octubre y noviembre, marcando el cierre de la temporada festiva en la regi\u00f3n y consolid\u00e1ndose como una de las festividades m\u00e1s importantes de la isla.<\/p>\n\n\n<div class=\"wp-block-image\">\n<figure class=\"aligncenter size-full\"><img fetchpriority=\"high\" decoding=\"async\" width=\"670\" height=\"300\" src=\"https:\/\/www.vacalia.com\/blog\/wp-content\/uploads\/2024\/11\/feria-Dijous-Bo.jpg\" alt=\"Feria del Dijous Bo en Inca\" class=\"wp-image-6764\" srcset=\"https:\/\/www.vacalia.com\/blog\/wp-content\/uploads\/2024\/11\/feria-Dijous-Bo.jpg 670w, https:\/\/www.vacalia.com\/blog\/wp-content\/uploads\/2024\/11\/feria-Dijous-Bo-300x134.jpg 300w, https:\/\/www.vacalia.com\/blog\/wp-content\/uploads\/2024\/11\/feria-Dijous-Bo-370x166.jpg 370w\" sizes=\"(max-width: 767px) 100vw, 670px\" \/><figcaption class=\"wp-element-caption\"><em>Feria del Dijous Bo en Inca<\/em><\/figcaption><\/figure><\/div>\n\n\n<h3 class=\"wp-block-heading\"><strong>La historia del <\/strong><strong><em>Dijous Bo<\/em><\/strong><\/h3>\n\n\n\n<p>El origen del <em>Dijous Bo<\/em> se sit\u00faa en la \u00e9poca medieval, cuando Inca, una ciudad con un fuerte car\u00e1cter agr\u00edcola y ganadero, comenz\u00f3 a ganar relevancia como un punto de intercambio comercial. Los mercados de ganado eran la columna vertebral de la econom\u00eda local, y el <em>Dijous Bo<\/em> surgi\u00f3 como un d\u00eda especial en el que se congregaban compradores y vendedores de toda la isla. Aunque el aspecto ganadero ha perdido algo de protagonismo con el paso del tiempo, el esp\u00edritu de mercado se mantiene, y cada a\u00f1o, agricultores y ganaderos mallorquines siguen exhibiendo sus productos y animales en esta gran feria.<\/p>\n\n\n<div class=\"wp-block-image\">\n<figure class=\"aligncenter size-full\"><img decoding=\"async\" width=\"670\" height=\"300\" src=\"https:\/\/www.vacalia.com\/blog\/wp-content\/uploads\/2024\/11\/inca-Dijous-Bo.jpg\" alt=\"Inca, Mallorca\" class=\"wp-image-6765\" srcset=\"https:\/\/www.vacalia.com\/blog\/wp-content\/uploads\/2024\/11\/inca-Dijous-Bo.jpg 670w, https:\/\/www.vacalia.com\/blog\/wp-content\/uploads\/2024\/11\/inca-Dijous-Bo-300x134.jpg 300w, https:\/\/www.vacalia.com\/blog\/wp-content\/uploads\/2024\/11\/inca-Dijous-Bo-370x166.jpg 370w\" sizes=\"(max-width: 767px) 100vw, 670px\" \/><figcaption class=\"wp-element-caption\"><em>Inca, Mallorca<\/em><\/figcaption><\/figure><\/div>\n\n\n<p>A lo largo de los siglos, el <em>Dijous Bo<\/em> ha crecido y ha integrado elementos de la cultura moderna sin perder su esencia rural. Hoy en d\u00eda, el evento no solo celebra la historia agr\u00edcola de Inca, sino tambi\u00e9n el arte, la m\u00fasica, la gastronom\u00eda y las tradiciones populares que forman parte de la identidad mallorquina.<\/p>\n\n\n<div class=\"bannerBlog\"><div class=\"new-card-houses\">\n    <div class=\"likeOut likeDivOut\" style=\"display:none\">\n        <a data-id=\"2664\" class=\"likeOut_button_red likeBtnFav\"\n            aria-label=\"Megusta Vacalia\"><\/a>\n    <\/div>\n    <figure>\n        <img loading=\"lazy\" decoding=\"async\" \n            loading=\"lazy\" width=\"301\" height=\"200\"\n            src=\"\/\/media.vacalia.com\/photo\/reformatwebpfolder\/350\/200\/2664\/thumb-middle\/2664_bda949434b36e80b7ed83c11718a3d79.webp?v=21092023\"\n            alt=\"Son vivot - n\u00ba5 d\u00faplex apto - adults only - Alquiler vacacional en Inca\"\/>\n                                                                        <div class=\"circleDiscount\">-10%<\/div>\n                        <\/figure>\n    <p itemprop=\"address\"><i class=\"ico-marker\"><\/i>Inca, Mallorca<\/p>\n    <h3 itemprop=\"name\">Son vivot - n\u00ba5 d\u00faplex apto - adults only<\/h3>\n    <ul class=\"icon_list inline_list\">\n                              <li class=\"ico-pool\" title=\"Piscina\">\n              <span itemprop=\"amenityFeature\">Piscina<\/span>\n            <\/li>\n                      <li class=\"ico-airConditioning\" title=\"Aire Acondicionado\">\n              <span itemprop=\"amenityFeature\">Aire Acondicionado<\/span>\n            <\/li>\n                      <li class=\"ico-wifi\" title=\"Wifi\">\n              <span itemprop=\"amenityFeature\">Wifi<\/span>\n            <\/li>\n                          <li class=\"ico-guests\" title=\"Para 4+1   hu\u00e9spedes en Inca.\">\n          <span itemprop=\"occupancy\">4+1  <\/span>\n        <\/li>\n    <\/ul>\n            <span class=\"price\">Desde 95\u20ac \/ noche<\/span>\n                <a itemprop=\"url\" class=\"anchor\" href=\"https:\/\/www.vacalia.com\/es\/casa-vacacional-son-vivot-n-5-duplex-apto-adults-only-inca-h18959\" aria-label=\"Son vivot - n\u00ba5 d\u00faplex apto - adults only\"><\/a>\n<\/div><div class=\"new-card-houses\">\n    <div class=\"likeOut likeDivOut\" style=\"display:none\">\n        <a data-id=\"4041\" class=\"likeOut_button_red likeBtnFav\"\n            aria-label=\"Megusta Vacalia\"><\/a>\n    <\/div>\n    <figure>\n        <img loading=\"lazy\" decoding=\"async\" \n            loading=\"lazy\" width=\"301\" height=\"200\"\n            src=\"\/\/media.vacalia.com\/photo\/reformatwebpfolder\/350\/200\/4041\/thumb-middle\/4041_1c8244c3ab9a41551b84369ccede9617.webp?v=21092023\"\n            alt=\"Son figuerola - Alquiler vacacional en Inca\"\/>\n                                                                        <div class=\"circleDiscount\">-29%<\/div>\n                        <\/figure>\n    <p itemprop=\"address\"><i class=\"ico-marker\"><\/i>Inca, Mallorca<\/p>\n    <h3 itemprop=\"name\">Son figuerola<\/h3>\n    <ul class=\"icon_list inline_list\">\n                              <li class=\"ico-pool\" title=\"Piscina\">\n              <span itemprop=\"amenityFeature\">Piscina<\/span>\n            <\/li>\n                      <li class=\"ico-airConditioning\" title=\"Aire Acondicionado\">\n              <span itemprop=\"amenityFeature\">Aire Acondicionado<\/span>\n            <\/li>\n                      <li class=\"ico-wifi\" title=\"Wifi\">\n              <span itemprop=\"amenityFeature\">Wifi<\/span>\n            <\/li>\n                          <li class=\"ico-guests\" title=\"Para 8 hu\u00e9spedes en Inca.\">\n          <span itemprop=\"occupancy\">8<\/span>\n        <\/li>\n    <\/ul>\n            <span class=\"price\">Desde 182\u20ac \/ noche<\/span>\n                <a itemprop=\"url\" class=\"anchor\" href=\"https:\/\/www.vacalia.com\/es\/villa-son-figuerola-inca-h29407\" aria-label=\"Son figuerola\"><\/a>\n<\/div><\/div>\n\n\n\n<h3 class=\"wp-block-heading\"><strong>\u00bfQu\u00e9 hacer en el <\/strong><strong><em>Dijous Bo<\/em><\/strong><strong>?<\/strong><\/h3>\n\n\n\n<p>El <em>Dijous Bo<\/em> no es solo una feria de un d\u00eda, sino una semana completa de actividades culturales, deportivas y de entretenimiento que culminan el jueves. Los d\u00edas previos, Inca se llena de eventos pensados para todas las edades, desde talleres art\u00edsticos hasta competiciones deportivas. Estas son algunas de las actividades m\u00e1s destacadas:<\/p>\n\n\n\n<h6 class=\"wp-block-heading\">1. <strong>Talleres de pintura y actividades art\u00edsticas<\/strong><\/h6>\n\n\n\n<p>Durante los d\u00edas previos al <em>Dijous Bo<\/em>, los visitantes y residentes pueden participar en talleres de pintura y otras muchas actividades art\u00edsticas.<\/p>\n\n\n\n<h6 class=\"wp-block-heading\">2. <strong>El Rally <em>Dijous Bo<\/em><\/strong><\/h6>\n\n\n\n<p>El esp\u00edritu competitivo tambi\u00e9n est\u00e1 presente en el <em>Dijous Bo<\/em>. Durante estos d\u00edas, se organiza uno de los eventos m\u00e1s emocionantes, el rally <em>Dijous Bo<\/em>, que atrae a aficionados del automovilismo de toda la isla. Ver el rally es una experiencia \u00fanica, participan m\u00e1s de 50 equipos entre los que se encuentran todos los aspirantes al&nbsp;campeonato regional.<\/p>\n\n\n<div class=\"wp-block-image\">\n<figure class=\"aligncenter size-full\"><img decoding=\"async\" width=\"670\" height=\"300\" src=\"https:\/\/www.vacalia.com\/blog\/wp-content\/uploads\/2024\/11\/rally-Dijous-Bo.jpg\" alt=\"El Rally del Dijous Bo en Inca\" class=\"wp-image-6766\" srcset=\"https:\/\/www.vacalia.com\/blog\/wp-content\/uploads\/2024\/11\/rally-Dijous-Bo.jpg 670w, https:\/\/www.vacalia.com\/blog\/wp-content\/uploads\/2024\/11\/rally-Dijous-Bo-300x134.jpg 300w, https:\/\/www.vacalia.com\/blog\/wp-content\/uploads\/2024\/11\/rally-Dijous-Bo-370x166.jpg 370w\" sizes=\"(max-width: 767px) 100vw, 670px\" \/><figcaption class=\"wp-element-caption\"><em>El Rally del Dijous Bo en Inca<\/em><\/figcaption><\/figure><\/div>\n\n\n<h6 class=\"wp-block-heading\">3. <strong>Correfoc: la magia del fuego y la m\u00fasica<\/strong><\/h6>\n\n\n\n<p>El <em>correfoc<\/em>, es una tradici\u00f3n t\u00edpica de las Baleares y es uno de los eventos m\u00e1s esperados. Este espect\u00e1culo de fuego y m\u00fasica llena las calles de Inca de luces, y figuras de demonios que bailan al son de los tambores. Los participantes, conocidos como \u201cdiables\u201d, desfilan con antorchas y lanzan chispas al aire, creando un ambiente m\u00e1gico.<\/p>\n\n\n\n<h6 class=\"wp-block-heading\">4. <strong>M\u00fasica en vivo y espect\u00e1culos de danza<\/strong><\/h6>\n\n\n\n<p>La m\u00fasica es una parte fundamental del <em>Dijous Bo<\/em>. Durante toda la semana, diferentes grupos y artistas locales ofrecen conciertos y espect\u00e1culos de danza en las plazas y calles de Inca. Desde m\u00fasica folcl\u00f3rica hasta g\u00e9neros m\u00e1s modernos, el ambiente est\u00e1 lleno de vida y es ideal para disfrutar con amigos o familiares. Las danzas tradicionales mallorquinas tambi\u00e9n tienen su espacio en el <em>Dijous Bo<\/em>, y es com\u00fan ver a grupos de baile realizando la \u201cball de bot\u201d, un estilo de baile popular que se practica en la isla desde hace siglos.<\/p>\n\n\n\n<h6 class=\"wp-block-heading\">5. <strong>Puestos de artesan\u00eda y productos mallorquines<\/strong><\/h6>\n\n\n\n<p>La feria es una oportunidad \u00fanica para adquirir productos hechos a mano, en su mayor\u00eda elaborados por artesanos locales. Desde productos de cuero hechos a mano hasta cer\u00e1mica y textiles t\u00edpicos de Mallorca, cada puesto cuenta con una variedad de productos t\u00edpicos de la isla. Tambi\u00e9n encontrar\u00e1s productos gastron\u00f3micos como sobrasada, ensaimadas, quesos y piment\u00f3n mallorqu\u00edn, todos elaborados de manera artesanal.<\/p>\n\n\n<div class=\"wp-block-image\">\n<figure class=\"aligncenter size-full\"><img loading=\"lazy\" decoding=\"async\" width=\"670\" height=\"300\" src=\"https:\/\/www.vacalia.com\/blog\/wp-content\/uploads\/2024\/11\/setas-mercado-Dijous-Bo.jpg\" alt=\"Setas en el mercado del Dijous Bo en Inca\" class=\"wp-image-6768\" srcset=\"https:\/\/www.vacalia.com\/blog\/wp-content\/uploads\/2024\/11\/setas-mercado-Dijous-Bo.jpg 670w, https:\/\/www.vacalia.com\/blog\/wp-content\/uploads\/2024\/11\/setas-mercado-Dijous-Bo-300x134.jpg 300w, https:\/\/www.vacalia.com\/blog\/wp-content\/uploads\/2024\/11\/setas-mercado-Dijous-Bo-370x166.jpg 370w\" sizes=\"(max-width: 767px) 100vw, 670px\" \/><figcaption class=\"wp-element-caption\"><em>Setas en el mercado del Dijous Bo en Inca<\/em><\/figcaption><\/figure><\/div>\n\n\n<h6 class=\"wp-block-heading\">6. <strong>Exhibiciones de animales y agricultura<\/strong><\/h6>\n\n\n\n<p>Aunque el <em>Dijous Bo<\/em> ha evolucionado, mantiene su conexi\u00f3n con el mundo agr\u00edcola y ganadero. Los visitantes pod\u00e9is ver exposiciones de ganado, desde ovejas y caballos hasta vacas y cabras, y aprender sobre las razas aut\u00f3ctonas de la isla. Adem\u00e1s, hay exhibiciones de maquinaria agr\u00edcola antigua y moderna, lo cual es interesante para aquellos que desean conocer c\u00f3mo ha evolucionado la tecnolog\u00eda en el campo mallorqu\u00edn.<\/p>\n\n\n\n<p>El <em>Dijous Bo<\/em> es un evento muy popular, por lo que es importante estar preparado para disfrutar de la feria de la mejor manera posible por lo que te damos algunos consejos:<\/p>\n\n\n\n<ol class=\"wp-block-list\">\n<li><strong>Transporte p\u00fablico:<\/strong> Debido a la gran afluencia de visitantes, el transporte p\u00fablico es la mejor opci\u00f3n para llegar a Inca. Puedes llegar desde Palma tanto en autob\u00fas como en tren en apenas algo m\u00e1s de media hora, si pod\u00e9is no os desplac\u00e9is en coche para evitar los problemas de aparcamiento.<\/li>\n\n\n\n<li><strong>Ropa c\u00f3moda:<\/strong> La feria se extiende por varias calles y plazas, por lo que es recomendable llevar calzado c\u00f3modo para caminar y ropa adecuada para el clima oto\u00f1al de Mallorca, que puede ser fresco, especialmente por la noche.<\/li>\n\n\n\n<li><strong>Horarios de actividades:<\/strong> Aseg\u00farate de consultar el programa de actividades del <em>Dijous Bo<\/em> con antelaci\u00f3n, ya que hay una gran variedad de eventos y espect\u00e1culos que pueden solaparse. Elegir las actividades que m\u00e1s te interesen te permitir\u00e1 aprovechar al m\u00e1ximo tu visita.<\/li>\n<\/ol>\n\n\n<div class=\"wp-block-image\">\n<figure class=\"aligncenter size-full\"><img loading=\"lazy\" decoding=\"async\" width=\"670\" height=\"300\" src=\"https:\/\/www.vacalia.com\/blog\/wp-content\/uploads\/2024\/11\/mercado-Dijous-Bo.jpg\" alt=\"Mercado del Dijous Bo en Inca\" class=\"wp-image-6767\" srcset=\"https:\/\/www.vacalia.com\/blog\/wp-content\/uploads\/2024\/11\/mercado-Dijous-Bo.jpg 670w, https:\/\/www.vacalia.com\/blog\/wp-content\/uploads\/2024\/11\/mercado-Dijous-Bo-300x134.jpg 300w, https:\/\/www.vacalia.com\/blog\/wp-content\/uploads\/2024\/11\/mercado-Dijous-Bo-370x166.jpg 370w\" sizes=\"(max-width: 767px) 100vw, 670px\" \/><figcaption class=\"wp-element-caption\"><em>Mercado del Dijous Bo en Inca<\/em><\/figcaption><\/figure><\/div>\n\n\n<p>Busca en nuestra web una <strong><a href=\"https:\/\/www.vacalia.com\/es\/alquiler-vacacional-inca\" target=\"_blank\" rel=\"noreferrer noopener\">casa vacacional cerca de Inca<\/a> <\/strong>y disfruta de este evento \u00fanico, vale mucho la pena. \u00a1Hasta la pr\u00f3xima!<\/p>\n\n\n<div class=\"bannerBlog\"><div class=\"new-card-houses\">\n    <div class=\"likeOut likeDivOut\" style=\"display:none\">\n        <a data-id=\"84\" class=\"likeOut_button_red likeBtnFav\"\n            aria-label=\"Megusta Vacalia\"><\/a>\n    <\/div>\n    <figure>\n        <img loading=\"lazy\" decoding=\"async\" \n            loading=\"lazy\" width=\"301\" height=\"200\"\n            src=\"\/\/media.vacalia.com\/photo\/reformatwebpfolder\/350\/200\/84\/thumb-middle\/84_e53e6ff09263c23a4fcb5f903f0fbcda.webp?v=21092023\"\n            alt=\"Es mussol - Alquiler vacacional en Sa Pobla\"\/>\n                                                                        <div class=\"circleDiscount\">-6%<\/div>\n                        <\/figure>\n    <p itemprop=\"address\"><i class=\"ico-marker\"><\/i>Sa Pobla, Mallorca<\/p>\n    <h3 itemprop=\"name\">Es mussol<\/h3>\n    <ul class=\"icon_list inline_list\">\n                              <li class=\"ico-pool\" title=\"Piscina\">\n              <span itemprop=\"amenityFeature\">Piscina<\/span>\n            <\/li>\n                      <li class=\"ico-airConditioning\" title=\"Aire Acondicionado\">\n              <span itemprop=\"amenityFeature\">Aire Acondicionado<\/span>\n            <\/li>\n                      <li class=\"ico-wifi\" title=\"Wifi\">\n              <span itemprop=\"amenityFeature\">Wifi<\/span>\n            <\/li>\n                          <li class=\"ico-guests\" title=\"Para 8 hu\u00e9spedes en Sa Pobla.\">\n          <span itemprop=\"occupancy\">8<\/span>\n        <\/li>\n    <\/ul>\n            <span class=\"price\">Desde 246\u20ac \/ noche<\/span>\n                <a itemprop=\"url\" class=\"anchor\" href=\"https:\/\/www.vacalia.com\/es\/villa-es-mussol-sa-pobla-h14633\" aria-label=\"Es mussol\"><\/a>\n<\/div><div class=\"new-card-houses\">\n    <div class=\"likeOut likeDivOut\" style=\"display:none\">\n        <a data-id=\"3511\" class=\"likeOut_button_red likeBtnFav\"\n            aria-label=\"Megusta Vacalia\"><\/a>\n    <\/div>\n    <figure>\n        <img loading=\"lazy\" decoding=\"async\" \n            loading=\"lazy\" width=\"301\" height=\"200\"\n            src=\"\/\/media.vacalia.com\/photo\/reformatwebpfolder\/350\/200\/3511\/thumb-middle\/3511_f010414b17dbc120055869adf23dddf3.webp?v=21092023\"\n            alt=\"Sa tanca de sa nina - Alquiler vacacional en Mancor de la Vall\"\/>\n                                                                        <div class=\"circleDiscount\">-8%<\/div>\n                        <\/figure>\n    <p itemprop=\"address\"><i class=\"ico-marker\"><\/i>Mancor de la Vall, Mallorca<\/p>\n    <h3 itemprop=\"name\">Sa tanca de sa nina<\/h3>\n    <ul class=\"icon_list inline_list\">\n                              <li class=\"ico-pool\" title=\"Piscina\">\n              <span itemprop=\"amenityFeature\">Piscina<\/span>\n            <\/li>\n                      <li class=\"ico-airConditioning\" title=\"Aire Acondicionado\">\n              <span itemprop=\"amenityFeature\">Aire Acondicionado<\/span>\n            <\/li>\n                      <li class=\"ico-wifi\" title=\"Wifi\">\n              <span itemprop=\"amenityFeature\">Wifi<\/span>\n            <\/li>\n                          <li class=\"ico-guests\" title=\"Para 6 hu\u00e9spedes en Mancor De La Vall.\">\n          <span itemprop=\"occupancy\">6<\/span>\n        <\/li>\n    <\/ul>\n            <span class=\"price\">Desde 259\u20ac \/ noche<\/span>\n                <a itemprop=\"url\" class=\"anchor\" href=\"https:\/\/www.vacalia.com\/es\/villa-sa-tanca-de-sa-nina-mancor-de-la-vall-h24009\" aria-label=\"Sa tanca de sa nina\"><\/a>\n<\/div><\/div>\n","protected":false},"excerpt":{"rendered":"<p>\u00bfQu\u00e9 es el Dijous Bo? El Dijous Bo, que en mallorqu\u00edn significa \u201cjueves bueno\u201d, es la mayor feria tradicional de Mallorca y una de las festividades m\u00e1s importantes de las&hellip;<\/p>\n","protected":false},"author":1,"featured_media":6764,"comment_status":"closed","ping_status":"open","sticky":false,"template":"","format":"standard","meta":{"_monsterinsights_skip_tracking":false,"_monsterinsights_sitenote_active":false,"_monsterinsights_sitenote_note":"","_monsterinsights_sitenote_category":0,"footnotes":""},"categories":[373,436,442,406,1,412],"tags":[],"class_list":["post-6763","post","type-post","status-publish","format-standard","has-post-thumbnail","hentry","category-mallorca-es","category-que-hacer-en-mallorca","category-que-ver-en-mallorca","category-fiestas-y-tradiciones-de-mallorca","category-general-es","category-guias-de-mallorca"],"_links":{"self":[{"href":"https:\/\/www.vacalia.com\/blog\/wp-json\/wp\/v2\/posts\/6763"}],"collection":[{"href":"https:\/\/www.vacalia.com\/blog\/wp-json\/wp\/v2\/posts"}],"about":[{"href":"https:\/\/www.vacalia.com\/blog\/wp-json\/wp\/v2\/types\/post"}],"author":[{"embeddable":true,"href":"https:\/\/www.vacalia.com\/blog\/wp-json\/wp\/v2\/users\/1"}],"replies":[{"embeddable":true,"href":"https:\/\/www.vacalia.com\/blog\/wp-json\/wp\/v2\/comments?post=6763"}],"version-history":[{"count":2,"href":"https:\/\/www.vacalia.com\/blog\/wp-json\/wp\/v2\/posts\/6763\/revisions"}],"predecessor-version":[{"id":6774,"href":"https:\/\/www.vacalia.com\/blog\/wp-json\/wp\/v2\/posts\/6763\/revisions\/6774"}],"wp:featuredmedia":[{"embeddable":true,"href":"https:\/\/www.vacalia.com\/blog\/wp-json\/wp\/v2\/media\/6764"}],"wp:attachment":[{"href":"https:\/\/www.vacalia.com\/blog\/wp-json\/wp\/v2\/media?parent=6763"}],"wp:term":[{"taxonomy":"category","embeddable":true,"href":"https:\/\/www.vacalia.com\/blog\/wp-json\/wp\/v2\/categories?post=6763"},{"taxonomy":"post_tag","embeddable":true,"href":"https:\/\/www.vacalia.com\/blog\/wp-json\/wp\/v2\/tags?post=6763"}],"curies":[{"name":"wp","href":"https:\/\/api.w.org\/{rel}","templated":true}]}}