{"id":6772,"date":"2024-11-04T11:07:08","date_gmt":"2024-11-04T10:07:08","guid":{"rendered":"https:\/\/www.vacalia.com\/blog\/?p=6772"},"modified":"2024-11-04T11:08:18","modified_gmt":"2024-11-04T10:08:18","slug":"dijous-bo-traditionsreichste-messe-mallorcas","status":"publish","type":"post","link":"https:\/\/www.vacalia.com\/blog\/dijous-bo-traditionsreichste-messe-mallorcas\/","title":{"rendered":"Dijous Bo, die gr\u00f6\u00dfte und traditionsreichste Messe Mallorcas"},"content":{"rendered":"\n<h3 class=\"wp-block-heading\"><strong>Was ist <\/strong><strong><em>Dijous Bo<\/em><\/strong><strong>?<\/strong><\/h3>\n\n\n\n<p><em>Dijous Bo<\/em>, was auf Mallorquinisch \u00abguter Donnerstag\u00bb bedeutet, ist das gr\u00f6\u00dfte traditionelle Volksfest <strong><a href=\"https:\/\/www.vacalia.com\/de\/mallorca-urlaub\" target=\"_blank\" rel=\"noreferrer noopener\">Mallorcas<\/a><\/strong> und eines der wichtigsten Feste auf den Balearen. Dieses Fest zieht Tausende von Besuchern nicht nur aus allen Ecken Mallorcas, sondern auch von den anderen Inseln des Archipels und dem Festland an. <em>Dijous Bo <\/em>wird Mitte November gefeiert und f\u00fcllt die Stadt <strong><a href=\"https:\/\/www.vacalia.com\/de\/inca-mallorca-p1325\" target=\"_blank\" rel=\"noreferrer noopener\">Inca<\/a><\/strong> mit einer gro\u00dfartigen Atmosph\u00e4re.<\/p>\n\n\n\n<p>Die Urspr\u00fcnge dieser Messe reichen mehrere Jahrhunderte zur\u00fcck. Urspr\u00fcnglich war es ein Viehmarkt, auf dem die Bauern und Viehz\u00fcchter der Region ihre Tiere verkaufen und kaufen konnten. Heute ist er zu einem gro\u00dfen Fest mit Musik, Spielen, Essensst\u00e4nden und Aktivit\u00e4ten f\u00fcr die ganze Familie geworden.<\/p>\n\n\n\n<p>Dijous Bo ist eine der beliebtesten Veranstaltungen auf Mallorca, bei der sich die Stra\u00dfen von Inca mit Leben f\u00fcllen und bis zu 200.000 Menschen an einem einzigen Tag zusammenkommen. Es ist das vierte und letzte der gro\u00dfen Volksfeste, die zwischen Oktober und November in der Stadt stattfinden. Es markiert das Ende der Festtage in der Region und hat sich als eines der wichtigsten Feste auf der Insel etabliert.<\/p>\n\n\n<div class=\"wp-block-image\">\n<figure class=\"aligncenter size-full\"><img fetchpriority=\"high\" decoding=\"async\" width=\"670\" height=\"300\" src=\"https:\/\/www.vacalia.com\/blog\/wp-content\/uploads\/2024\/11\/feria-Dijous-Bo.jpg\" alt=\"Volksfest \u201eDijous Bo\u201c in Inca\" class=\"wp-image-6764\" srcset=\"https:\/\/www.vacalia.com\/blog\/wp-content\/uploads\/2024\/11\/feria-Dijous-Bo.jpg 670w, https:\/\/www.vacalia.com\/blog\/wp-content\/uploads\/2024\/11\/feria-Dijous-Bo-300x134.jpg 300w, https:\/\/www.vacalia.com\/blog\/wp-content\/uploads\/2024\/11\/feria-Dijous-Bo-370x166.jpg 370w\" sizes=\"(max-width: 767px) 100vw, 670px\" \/><figcaption class=\"wp-element-caption\"><em>Volksfest \u201eDijous Bo\u201c in Inca<\/em><\/figcaption><\/figure><\/div>\n\n\n<h3 class=\"wp-block-heading\"><strong>Die Geschichte von <\/strong><strong><em>Dijous Bo<\/em><\/strong><\/h3>\n\n\n\n<p>Der Ursprung von <em>Dijous Bo <\/em>geht auf das Mittelalter zur\u00fcck, als Inca, eine Stadt mit starkem landwirtschaftlichen und viehz\u00fcchterischen Charakter, als Handelsposten an Bedeutung gewann. Die Viehm\u00e4rkte waren das R\u00fcckgrat der lokalen Wirtschaft, und <em>der Dijous Bo <\/em>entwickelte sich zu einem besonderen Tag, an dem K\u00e4ufer und Verk\u00e4ufer aus der ganzen Insel zusammenkamen. Obwohl die Viehzucht im Laufe der Jahre etwas an Bedeutung verloren hat, ist der Marktgeist geblieben, und jedes Jahr stellen mallorquinische Landwirte und Viehz\u00fcchter ihre Produkte und Tiere auf dieser gro\u00dfen Messe aus.<\/p>\n\n\n<div class=\"wp-block-image\">\n<figure class=\"aligncenter size-full\"><img decoding=\"async\" width=\"670\" height=\"300\" src=\"https:\/\/www.vacalia.com\/blog\/wp-content\/uploads\/2024\/11\/inca-Dijous-Bo.jpg\" alt=\"Inca, Mallorca\" class=\"wp-image-6765\" srcset=\"https:\/\/www.vacalia.com\/blog\/wp-content\/uploads\/2024\/11\/inca-Dijous-Bo.jpg 670w, https:\/\/www.vacalia.com\/blog\/wp-content\/uploads\/2024\/11\/inca-Dijous-Bo-300x134.jpg 300w, https:\/\/www.vacalia.com\/blog\/wp-content\/uploads\/2024\/11\/inca-Dijous-Bo-370x166.jpg 370w\" sizes=\"(max-width: 767px) 100vw, 670px\" \/><figcaption class=\"wp-element-caption\"><em>Inca, Mallorca<\/em><\/figcaption><\/figure><\/div>\n\n\n<p>Im Laufe der Jahrhunderte ist <em>Dijous Bo <\/em>gewachsen und hat Elemente der modernen Kultur integriert, ohne seinen l\u00e4ndlichen Charakter zu verlieren. Heute feiert die Veranstaltung nicht nur die landwirtschaftliche Geschichte von Inca, sondern auch Kunst, Musik, Gastronomie und Volkstraditionen, die Teil der mallorquinischen Identit\u00e4t sind.<\/p>\n\n\n<div class=\"bannerBlog\"><div class=\"new-card-houses\">\n    <div class=\"likeOut likeDivOut\" style=\"display:none\">\n        <a data-id=\"4041\" class=\"likeOut_button_red likeBtnFav\"\n            aria-label=\"Megusta Vacalia\"><\/a>\n    <\/div>\n    <figure>\n        <img loading=\"lazy\" decoding=\"async\" \n            loading=\"lazy\" width=\"301\" height=\"200\"\n            src=\"\/\/media.vacalia.com\/photo\/reformatwebpfolder\/350\/200\/4041\/thumb-middle\/4041_1c8244c3ab9a41551b84369ccede9617.webp?v=21092023\"\n            alt=\"Son figuerola - Ferienhaus auf Inca\"\/>\n                                                                        <div class=\"circleDiscount\">-29%<\/div>\n                        <\/figure>\n    <p itemprop=\"address\"><i class=\"ico-marker\"><\/i>Inca, Mallorca<\/p>\n    <h3 itemprop=\"name\">Son figuerola<\/h3>\n    <ul class=\"icon_list inline_list\">\n                              <li class=\"ico-pool\" title=\"Pool\">\n              <span itemprop=\"amenityFeature\">Pool<\/span>\n            <\/li>\n                      <li class=\"ico-airConditioning\" title=\"Klimaanlage\">\n              <span itemprop=\"amenityFeature\">Klimaanlage<\/span>\n            <\/li>\n                      <li class=\"ico-wifi\" title=\"Wifi\">\n              <span itemprop=\"amenityFeature\">Wifi<\/span>\n            <\/li>\n                          <li class=\"ico-guests\" title=\"F\u00fcr 8 G\u00e4ste in Inca.\">\n          <span itemprop=\"occupancy\">8<\/span>\n        <\/li>\n    <\/ul>\n            <span class=\"price\">Ab 182\u20ac \/ Nacht<\/span>\n                <a itemprop=\"url\" class=\"anchor\" href=\"https:\/\/www.vacalia.com\/de\/villa-son-figuerola-inca-h29410\" aria-label=\"Son figuerola\"><\/a>\n<\/div><div class=\"new-card-houses\">\n    <div class=\"likeOut likeDivOut\" style=\"display:none\">\n        <a data-id=\"370\" class=\"likeOut_button_red likeBtnFav\"\n            aria-label=\"Megusta Vacalia\"><\/a>\n    <\/div>\n    <figure>\n        <img loading=\"lazy\" decoding=\"async\" \n            loading=\"lazy\" width=\"301\" height=\"200\"\n            src=\"\/\/media.vacalia.com\/photo\/reformatwebpfolder\/350\/200\/370\/thumb-middle\/370_84fc8c0797e3c7bf8c9425026105776b.webp?v=21092023\"\n            alt=\"Can rafalino - Ferienhaus auf Inca\"\/>\n                                                                        <div class=\"circleDiscount\">-10%<\/div>\n                        <\/figure>\n    <p itemprop=\"address\"><i class=\"ico-marker\"><\/i>Inca, Mallorca<\/p>\n    <h3 itemprop=\"name\">Can rafalino<\/h3>\n    <ul class=\"icon_list inline_list\">\n                              <li class=\"ico-pool\" title=\"Pool\">\n              <span itemprop=\"amenityFeature\">Pool<\/span>\n            <\/li>\n                      <li class=\"ico-airConditioning\" title=\"Klimaanlage\">\n              <span itemprop=\"amenityFeature\">Klimaanlage<\/span>\n            <\/li>\n                      <li class=\"ico-wifi\" title=\"Wifi\">\n              <span itemprop=\"amenityFeature\">Wifi<\/span>\n            <\/li>\n                      <li class=\"ico-pets\" title=\"Haustiere\">\n              <span itemprop=\"amenityFeature\">Haustiere<\/span>\n            <\/li>\n                          <li class=\"ico-guests\" title=\"F\u00fcr 6 G\u00e4ste in Inca.\">\n          <span itemprop=\"occupancy\">6<\/span>\n        <\/li>\n    <\/ul>\n            <span class=\"price\">Ab 161\u20ac \/ Nacht<\/span>\n                <a itemprop=\"url\" class=\"anchor\" href=\"https:\/\/www.vacalia.com\/de\/villa-can-rafalino-inca-h15216\" aria-label=\"Can rafalino\"><\/a>\n<\/div><\/div>\n\n\n\n<h3 class=\"wp-block-heading\"><strong>Was kann man auf <\/strong><strong><em>Dijous Bo <\/em><\/strong><strong>tun?<\/strong><\/h3>\n\n\n\n<p><em>Dijous Bo <\/em>ist nicht nur eine eint\u00e4gige Messe, sondern eine ganze Woche mit kulturellen, sportlichen und unterhaltsamen Aktivit\u00e4ten, die am Donnerstag ihren H\u00f6hepunkt erreichen. In den Tagen davor f\u00fcllt sich Inca mit Veranstaltungen f\u00fcr alle Altersgruppen, von k\u00fcnstlerischen Workshops bis zu sportlichen Wettbewerben. Dies sind einige der herausragendsten Aktivit\u00e4ten:<\/p>\n\n\n\n<h6 class=\"wp-block-heading\">1. <strong>Malerei-Workshops und k\u00fcnstlerische Aktivit\u00e4ten<\/strong><\/h6>\n\n\n\n<p>In den Tagen vor dem <em>Dijous Bo <\/em>k\u00f6nnen Besucher und Einwohner an Malworkshops und vielen anderen k\u00fcnstlerischen Aktivit\u00e4ten teilnehmen.<\/p>\n\n\n\n<h6 class=\"wp-block-heading\">2. <strong>Die <em>Dijous Bo <\/em>Rallye<\/strong><\/h6>\n\n\n\n<p>Der Wettbewerbsgeist ist auch in <em>Dijous Bo <\/em>pr\u00e4sent. In diesen Tagen findet eine der aufregendsten Veranstaltungen statt, die Rallye <em>Dijous Bo<\/em>, die Motorsportfans von der ganzen Insel anzieht. Die Teilnahme an der Rallye ist ein einzigartiges Erlebnis, denn es nehmen mehr als 50 Teams teil, darunter alle Anw\u00e4rter auf die regionale Meisterschaft.<\/p>\n\n\n<div class=\"wp-block-image\">\n<figure class=\"aligncenter size-full is-resized\"><img decoding=\"async\" width=\"670\" height=\"300\" src=\"https:\/\/www.vacalia.com\/blog\/wp-content\/uploads\/2024\/11\/rally-Dijous-Bo.jpg\" alt=\"Die Dijous Bo Rallye in Inca\" class=\"wp-image-6766\" style=\"width:670px;height:auto\" srcset=\"https:\/\/www.vacalia.com\/blog\/wp-content\/uploads\/2024\/11\/rally-Dijous-Bo.jpg 670w, https:\/\/www.vacalia.com\/blog\/wp-content\/uploads\/2024\/11\/rally-Dijous-Bo-300x134.jpg 300w, https:\/\/www.vacalia.com\/blog\/wp-content\/uploads\/2024\/11\/rally-Dijous-Bo-370x166.jpg 370w\" sizes=\"(max-width: 767px) 100vw, 670px\" \/><figcaption class=\"wp-element-caption\"><em>Die Dijous Bo Rallye in Inca<\/em><\/figcaption><\/figure><\/div>\n\n\n<h6 class=\"wp-block-heading\">3. <strong>Correfoc: die Magie des Feuers und der Musik<\/strong><\/h6>\n\n\n\n<p>Der <em>correfoc<\/em>, eine typisch balearische Tradition, ist eines der am sehnlichsten erwarteten Ereignisse. Dieses Spektakel aus Feuer und Musik f\u00fcllt die Stra\u00dfen von Inca mit Lichtern und Teufelsfiguren, die zum Klang von Trommeln tanzen. Die Teilnehmer, die so genannten \u00abdiables\u00bb, ziehen mit Fackeln umher und werfen Funken in die Luft, was eine magische Atmosph\u00e4re schafft.<\/p>\n\n\n\n<h6 class=\"wp-block-heading\">4. <strong>Live-Musik und Tanzauff\u00fchrungen<\/strong><\/h6>\n\n\n\n<p>Musik ist ein wesentlicher Bestandteil von <em>Dijous Bo<\/em>. Die ganze Woche \u00fcber bieten verschiedene lokale Gruppen und K\u00fcnstler Konzerte und Tanzvorf\u00fchrungen auf den Pl\u00e4tzen und Stra\u00dfen von Inca an. Von Volksmusik bis hin zu moderneren Genres ist die Atmosph\u00e4re voller Leben und ideal, um sie mit Freunden oder der Familie zu genie\u00dfen. Auch die traditionellen mallorquinischen T\u00e4nze haben ihren Platz in <em>Dijous Bo<\/em>, und h\u00e4ufig sieht man Tanzgruppen, die den \u00abball de bot\u00bb auff\u00fchren, einen beliebten Tanzstil, der seit Jahrhunderten auf der Insel praktiziert wird.<\/p>\n\n\n\n<h6 class=\"wp-block-heading\">5. <strong>St\u00e4nde mit mallorquinischem Kunsthandwerk und Produkten<\/strong><\/h6>\n\n\n\n<p>Die Messe ist eine einzigartige Gelegenheit, handgefertigte Produkte zu erwerben, die meist von lokalen Handwerkern hergestellt werden. Von handgefertigten Lederwaren \u00fcber T\u00f6pferwaren bis hin zu typisch mallorquinischen Textilien bietet jeder Stand eine Vielfalt an typisch mallorquinischen Produkten. Sie finden auch gastronomische Produkte wie Sobrasada, Ensaimadas, K\u00e4se und mallorquinische Paprika, alles handgefertigt.<\/p>\n\n\n<div class=\"wp-block-image\">\n<figure class=\"aligncenter size-full\"><img loading=\"lazy\" decoding=\"async\" width=\"670\" height=\"300\" src=\"https:\/\/www.vacalia.com\/blog\/wp-content\/uploads\/2024\/11\/setas-mercado-Dijous-Bo.jpg\" alt=\"Pilze auf dem Dijous Bo Markt in Inca\" class=\"wp-image-6768\" srcset=\"https:\/\/www.vacalia.com\/blog\/wp-content\/uploads\/2024\/11\/setas-mercado-Dijous-Bo.jpg 670w, https:\/\/www.vacalia.com\/blog\/wp-content\/uploads\/2024\/11\/setas-mercado-Dijous-Bo-300x134.jpg 300w, https:\/\/www.vacalia.com\/blog\/wp-content\/uploads\/2024\/11\/setas-mercado-Dijous-Bo-370x166.jpg 370w\" sizes=\"(max-width: 767px) 100vw, 670px\" \/><figcaption class=\"wp-element-caption\"><em>Pilze auf dem Dijous Bo Markt in Inca<\/em><\/figcaption><\/figure><\/div>\n\n\n<h6 class=\"wp-block-heading\">6. <strong>Tier- und Landwirtschaftsausstellungen<\/strong><\/h6>\n\n\n\n<p>Obwohl sich <em>Dijous Bo <\/em>weiterentwickelt hat, ist es nach wie vor mit der Welt der Landwirtschaft und der Viehzucht verbunden. Die Besucher k\u00f6nnen Ausstellungen von Schafen und Pferden bis hin zu K\u00fchen und Ziegen sehen und etwas \u00fcber die einheimischen Rassen der Insel erfahren. Au\u00dferdem sind alte und moderne Landmaschinen ausgestellt, die f\u00fcr diejenigen interessant sind, die sehen m\u00f6chten, wie sich die Technik auf dem mallorquinischen Land entwickelt hat.<\/p>\n\n\n\n<p><em>Der Dijous Bo <\/em>ist eine sehr beliebte Veranstaltung, daher ist es wichtig, dass Sie sich gut vorbereiten, um die Messe bestm\u00f6glich zu genie\u00dfen, daher geben wir Ihnen einige Tipps:<\/p>\n\n\n\n<ol class=\"wp-block-list\">\n<li><strong>\u00d6ffentliche Verkehrsmittel: <\/strong>Aufgrund der gro\u00dfen Besucherzahl sind die \u00f6ffentlichen Verkehrsmittel die beste M\u00f6glichkeit, um nach Inca zu gelangen. Von Palma aus ist man mit dem Bus oder der Bahn in etwas mehr als einer halben Stunde dort, aber wenn m\u00f6glich, sollte man nicht mit dem Auto anreisen, um Parkplatzprobleme zu vermeiden.<\/li>\n\n\n\n<li><strong>Bequeme Kleidung: <\/strong>Da sich die Messe \u00fcber mehrere Stra\u00dfen und Pl\u00e4tze erstreckt, ist es ratsam, bequeme Schuhe und Kleidung zu tragen, die f\u00fcr das herbstliche Wetter auf Mallorca geeignet ist, das vor allem nachts k\u00fchl sein kann.<\/li>\n\n\n\n<li><strong>Zeitplan der Aktivit\u00e4ten: <\/strong>Informieren Sie sich im Voraus \u00fcber das Aktivit\u00e4tenprogramm <em>von Dijous Bo<\/em>, denn es gibt eine Vielzahl von Veranstaltungen und Shows, die sich \u00fcberschneiden k\u00f6nnen. W\u00e4hlen Sie die Aktivit\u00e4ten aus, die Sie am meisten interessieren, damit Sie Ihren Besuch optimal nutzen k\u00f6nnen.<\/li>\n<\/ol>\n\n\n<div class=\"wp-block-image\">\n<figure class=\"aligncenter size-full is-resized\"><img loading=\"lazy\" decoding=\"async\" width=\"670\" height=\"300\" src=\"https:\/\/www.vacalia.com\/blog\/wp-content\/uploads\/2024\/11\/mercado-Dijous-Bo.jpg\" alt=\"Dijous Bo Markt in Inca\" class=\"wp-image-6767\" style=\"width:670px;height:auto\" srcset=\"https:\/\/www.vacalia.com\/blog\/wp-content\/uploads\/2024\/11\/mercado-Dijous-Bo.jpg 670w, https:\/\/www.vacalia.com\/blog\/wp-content\/uploads\/2024\/11\/mercado-Dijous-Bo-300x134.jpg 300w, https:\/\/www.vacalia.com\/blog\/wp-content\/uploads\/2024\/11\/mercado-Dijous-Bo-370x166.jpg 370w\" sizes=\"(max-width: 767px) 100vw, 670px\" \/><figcaption class=\"wp-element-caption\"><em>Dijous Bo Markt in Inca<\/em><\/figcaption><\/figure><\/div>\n\n\n<p>Suchen Sie auf unserer Website nach einem <strong><a href=\"https:\/\/www.vacalia.com\/de\/ferienhaus-inca\" target=\"_blank\" rel=\"noreferrer noopener\">Ferienhaus in der N\u00e4he von Inca<\/a> <\/strong>und genie\u00dfen Sie dieses einzigartige Ereignis, es lohnt sich, bis zum n\u00e4chsten Mal!<\/p>\n\n\n<div class=\"bannerBlog\"><div class=\"new-card-houses\">\n    <div class=\"likeOut likeDivOut\" style=\"display:none\">\n        <a data-id=\"4438\" class=\"likeOut_button_red likeBtnFav\"\n            aria-label=\"Megusta Vacalia\"><\/a>\n    <\/div>\n    <figure>\n        <img loading=\"lazy\" decoding=\"async\" \n            loading=\"lazy\" width=\"301\" height=\"200\"\n            src=\"\/\/media.vacalia.com\/photo\/reformatwebpfolder\/350\/200\/4438\/thumb-middle\/4438_b0c2d58624d996b243b26f6e2de7aba9.webp?v=21092023\"\n            alt=\"Marina (pollen\u00e7a) - Ferienhaus auf Pollen\u00e7a\"\/>\n                                                                        <div class=\"circleDiscount\">-24%<\/div>\n                        <\/figure>\n    <p itemprop=\"address\"><i class=\"ico-marker\"><\/i>Pollen\u00e7a, Mallorca<\/p>\n    <h3 itemprop=\"name\">Marina (pollen\u00e7a)<\/h3>\n    <ul class=\"icon_list inline_list\">\n                              <li class=\"ico-pool\" title=\"Pool\">\n              <span itemprop=\"amenityFeature\">Pool<\/span>\n            <\/li>\n                      <li class=\"ico-airConditioning\" title=\"Klimaanlage\">\n              <span itemprop=\"amenityFeature\">Klimaanlage<\/span>\n            <\/li>\n                      <li class=\"ico-wifi\" title=\"Wifi\">\n              <span itemprop=\"amenityFeature\">Wifi<\/span>\n            <\/li>\n                          <li class=\"ico-guests\" title=\"F\u00fcr 4 G\u00e4ste in Pollen\u00e7a.\">\n          <span itemprop=\"occupancy\">4<\/span>\n        <\/li>\n    <\/ul>\n            <span class=\"price\">Ab 148\u20ac \/ Nacht<\/span>\n                <a itemprop=\"url\" class=\"anchor\" href=\"https:\/\/www.vacalia.com\/de\/villa-marina-pollenaa-pollenca-h25990\" aria-label=\"Marina (pollen\u00e7a)\"><\/a>\n<\/div><div class=\"new-card-houses\">\n    <div class=\"likeOut likeDivOut\" style=\"display:none\">\n        <a data-id=\"3688\" class=\"likeOut_button_red likeBtnFav\"\n            aria-label=\"Megusta Vacalia\"><\/a>\n    <\/div>\n    <figure>\n        <img loading=\"lazy\" decoding=\"async\" \n            loading=\"lazy\" width=\"301\" height=\"200\"\n            src=\"\/\/media.vacalia.com\/photo\/reformatwebpfolder\/350\/200\/3688\/thumb-middle\/3688_1a5e92182710470d0fb2d8cc2b298f1d.webp?v=21092023\"\n            alt=\"Casa elena - Ferienhaus auf Cala Lliteres\"\/>\n                                                                        <div class=\"circleDiscount\">-19%<\/div>\n                        <\/figure>\n    <p itemprop=\"address\"><i class=\"ico-marker\"><\/i>Cala Lliteres, Mallorca<\/p>\n    <h3 itemprop=\"name\">Casa elena<\/h3>\n    <ul class=\"icon_list inline_list\">\n                              <li class=\"ico-airConditioning\" title=\"Klimaanlage\">\n              <span itemprop=\"amenityFeature\">Klimaanlage<\/span>\n            <\/li>\n                      <li class=\"ico-wifi\" title=\"Wifi\">\n              <span itemprop=\"amenityFeature\">Wifi<\/span>\n            <\/li>\n                          <li class=\"ico-guests\" title=\"F\u00fcr 2 G\u00e4ste in Cala Lliteres.\">\n          <span itemprop=\"occupancy\">2<\/span>\n        <\/li>\n    <\/ul>\n            <span class=\"price\">Ab 61\u20ac \/ Nacht<\/span>\n                <a itemprop=\"url\" class=\"anchor\" href=\"https:\/\/www.vacalia.com\/de\/apartment-casa-elena-capdepera-h24650\" aria-label=\"Casa elena\"><\/a>\n<\/div><\/div>\n","protected":false},"excerpt":{"rendered":"<p>Was ist Dijous Bo? Dijous Bo, was auf Mallorquinisch \u00abguter Donnerstag\u00bb bedeutet, ist das gr\u00f6\u00dfte traditionelle Volksfest Mallorcas und eines der wichtigsten Feste auf den Balearen. Dieses Fest zieht Tausende&hellip;<\/p>\n","protected":false},"author":1,"featured_media":6764,"comment_status":"closed","ping_status":"open","sticky":false,"template":"","format":"standard","meta":{"_monsterinsights_skip_tracking":false,"_monsterinsights_sitenote_active":false,"_monsterinsights_sitenote_note":"","_monsterinsights_sitenote_category":0,"footnotes":""},"categories":[379,40,410,416,440,454],"tags":[],"class_list":["post-6772","post","type-post","status-publish","format-standard","has-post-thumbnail","hentry","category-mallorca-de","category-allgemein","category-feste-und-traditionen-auf-mallorca","category-mallorca-fuhrer","category-was-kann-man-auf-mallorca-machen","category-was-kann-man-auf-mallorca-sehen"],"_links":{"self":[{"href":"https:\/\/www.vacalia.com\/blog\/wp-json\/wp\/v2\/posts\/6772"}],"collection":[{"href":"https:\/\/www.vacalia.com\/blog\/wp-json\/wp\/v2\/posts"}],"about":[{"href":"https:\/\/www.vacalia.com\/blog\/wp-json\/wp\/v2\/types\/post"}],"author":[{"embeddable":true,"href":"https:\/\/www.vacalia.com\/blog\/wp-json\/wp\/v2\/users\/1"}],"replies":[{"embeddable":true,"href":"https:\/\/www.vacalia.com\/blog\/wp-json\/wp\/v2\/comments?post=6772"}],"version-history":[{"count":2,"href":"https:\/\/www.vacalia.com\/blog\/wp-json\/wp\/v2\/posts\/6772\/revisions"}],"predecessor-version":[{"id":6777,"href":"https:\/\/www.vacalia.com\/blog\/wp-json\/wp\/v2\/posts\/6772\/revisions\/6777"}],"wp:featuredmedia":[{"embeddable":true,"href":"https:\/\/www.vacalia.com\/blog\/wp-json\/wp\/v2\/media\/6764"}],"wp:attachment":[{"href":"https:\/\/www.vacalia.com\/blog\/wp-json\/wp\/v2\/media?parent=6772"}],"wp:term":[{"taxonomy":"category","embeddable":true,"href":"https:\/\/www.vacalia.com\/blog\/wp-json\/wp\/v2\/categories?post=6772"},{"taxonomy":"post_tag","embeddable":true,"href":"https:\/\/www.vacalia.com\/blog\/wp-json\/wp\/v2\/tags?post=6772"}],"curies":[{"name":"wp","href":"https:\/\/api.w.org\/{rel}","templated":true}]}}