{"id":6778,"date":"2024-11-08T09:27:06","date_gmt":"2024-11-08T08:27:06","guid":{"rendered":"https:\/\/www.vacalia.com\/blog\/?p=6778"},"modified":"2024-11-08T09:27:11","modified_gmt":"2024-11-08T08:27:11","slug":"descubre-fiesta-del-mosto-atajate-malaga","status":"publish","type":"post","link":"https:\/\/www.vacalia.com\/blog\/es\/descubre-fiesta-del-mosto-atajate-malaga\/","title":{"rendered":"\u00a1Descubre la Fiesta del Mosto en Atajate, M\u00e1laga!"},"content":{"rendered":"\n<p>La Fiesta del Mosto en Atajate, un pintoresco municipio de la provincia de <strong><a href=\"https:\/\/www.vacalia.com\/es\/alojamiento-vacacional-malaga\" target=\"_blank\" rel=\"noreferrer noopener\">M\u00e1laga<\/a><\/strong>, celebra cada a\u00f1o las ra\u00edces vitivin\u00edcolas de la regi\u00f3n. Este evento se lleva a cabo el \u00faltimo s\u00e1bado de noviembre y se ha consolidado como uno de los festivales m\u00e1s esperados de la comarca, atrayendo tanto a locales como a turistas de otras partes de Espa\u00f1a.<\/p>\n\n\n\n<p>M\u00e1s que una fiesta vin\u00edcola, es un encuentro con la historia y las tradiciones que definen a este rinc\u00f3n de M\u00e1laga. A lo largo del tiempo, la fiesta ha logrado mantener su esencia original, invitando a los visitantes a disfrutar de una experiencia \u00fanica. Es el evento perfecto para desconectar y conocer la cultura andaluza.<\/p>\n\n\n\n<p>Si busc\u00e1is alojamiento, en <strong><a href=\"https:\/\/www.vacalia.com\/es\" target=\"_blank\" rel=\"noreferrer noopener\">Vacalia<\/a><\/strong> encontrar\u00e9is muchas opciones para disfrutar de la Costa del Sol, donde todav\u00eda se puede disfrutar de un clima excelente. Adem\u00e1s de visitar Atajate, os pod\u00e9is relajar en las mejores playas de la zona, en un ambiente tranquilo.<\/p>\n\n\n<div class=\"wp-block-image\">\n<figure class=\"aligncenter size-full\"><img fetchpriority=\"high\" decoding=\"async\" width=\"670\" height=\"300\" src=\"https:\/\/www.vacalia.com\/blog\/wp-content\/uploads\/2024\/11\/Fiesta-Mosto-Pueblo-Atajate.jpg\" alt=\"Atajate, M\u00e1laga\" class=\"wp-image-6780\" srcset=\"https:\/\/www.vacalia.com\/blog\/wp-content\/uploads\/2024\/11\/Fiesta-Mosto-Pueblo-Atajate.jpg 670w, https:\/\/www.vacalia.com\/blog\/wp-content\/uploads\/2024\/11\/Fiesta-Mosto-Pueblo-Atajate-300x134.jpg 300w, https:\/\/www.vacalia.com\/blog\/wp-content\/uploads\/2024\/11\/Fiesta-Mosto-Pueblo-Atajate-370x166.jpg 370w\" sizes=\"(max-width: 767px) 100vw, 670px\" \/><figcaption class=\"wp-element-caption\"><em>Atajate, M\u00e1laga<\/em><\/figcaption><\/figure><\/div>\n\n\n<h3 class=\"wp-block-heading\"><strong>\u00bfQu\u00e9 es el Mosto y por qu\u00e9 es tan especial?<\/strong><\/h3>\n\n\n\n<p>Para quienes no lo sepan, el mosto es el primer zumo extra\u00eddo al prensar las uvas. Se caracteriza por ser un vino joven y dulce, ya que apenas ha tenido tiempo para fermentar. Su sabor fresco y su bajo contenido en alcohol lo convierten en una bebida ideal para disfrutar en familia. En Andaluc\u00eda, la cultura del mosto es rica y variada, pues muchas regiones elaboran versiones de esta bebida durante el oto\u00f1o, ofreciendo una experiencia de degustaci\u00f3n \u00fanica que var\u00eda seg\u00fan la localidad.<\/p>\n\n\n\n<p>La Fiesta del Mosto comenz\u00f3 hace unos 20 a\u00f1os como un homenaje a esta bebida y a la historia vitivin\u00edcola de Atajate. En la fiesta, los vecinos donan parte del mosto que ellos mismos han elaborado, y lo reparten gratuitamente entre los asistentes. Esta tradici\u00f3n refleja la generosidad y el esp\u00edritu comunitario del pueblo. De hecho, ha sido <strong>declarada Fiesta de Inter\u00e9s Tur\u00edstico Provincial<\/strong>, lo que reconoce su gran valor cultural y tur\u00edstico.<\/p>\n\n\n\n<h3 class=\"wp-block-heading\"><strong>Disfruta de la Fiesta<\/strong><\/h3>\n\n\n\n<p>La Fiesta del Mosto de Atajate comienza en la plaza del pueblo, que se transforma en el epicentro de la festividad con m\u00fasica en vivo y una variedad de actividades para todos los gustos. La verbena, un componente esencial del evento, permite a los asistentes bailar al ritmo de la m\u00fasica tradicional mientras disfrutan de las primeras copas de mosto. La plaza se llena de mesas y carpas donde los visitantes brindan por la buena cosecha y la cultura del vino.<\/p>\n\n\n\n<p>A continuaci\u00f3n, te detallamos algunas de las actividades que podr\u00e1s disfrutar durante la fiesta:<\/p>\n\n\n\n<h6 class=\"wp-block-heading\"><strong>Degustaci\u00f3n de Mosto artesanal<\/strong><\/h6>\n\n\n\n<p>El mosto artesanal es el protagonista indiscutible de la celebraci\u00f3n. Los habitantes de Atajate contribuyen con su cosecha, donando el mosto reci\u00e9n embotellado en garrafas. Esta generosa tradici\u00f3n permite a todos los asistentes degustar un producto fresco y aut\u00e9ntico, que conserva el sabor de las antiguas vi\u00f1as de la regi\u00f3n. Adem\u00e1s, los m\u00e1s experimentados en la viticultura suelen compartir su conocimiento sobre el proceso de elaboraci\u00f3n, lo que convierte la experiencia a\u00fan m\u00e1s enriquecedora.<\/p>\n\n\n<div class=\"wp-block-image\">\n<figure class=\"aligncenter size-full\"><img decoding=\"async\" width=\"670\" height=\"300\" src=\"https:\/\/www.vacalia.com\/blog\/wp-content\/uploads\/2024\/11\/Mosto-Atajate.jpg\" alt=\"Degustaci\u00f3n del Mosto en Atajate, M\u00e1laga\" class=\"wp-image-6782\" srcset=\"https:\/\/www.vacalia.com\/blog\/wp-content\/uploads\/2024\/11\/Mosto-Atajate.jpg 670w, https:\/\/www.vacalia.com\/blog\/wp-content\/uploads\/2024\/11\/Mosto-Atajate-300x134.jpg 300w, https:\/\/www.vacalia.com\/blog\/wp-content\/uploads\/2024\/11\/Mosto-Atajate-370x166.jpg 370w\" sizes=\"(max-width: 767px) 100vw, 670px\" \/><figcaption class=\"wp-element-caption\"><em>Degustaci\u00f3n del Mosto en Atajate, M\u00e1laga<\/em><\/figcaption><\/figure><\/div>\n\n\n<h6 class=\"wp-block-heading\"><strong>Mercadillos de productos locales<\/strong><\/h6>\n\n\n\n<p>Adem\u00e1s del mosto, se pueden explorar mercadillos que ofrecen productos t\u00edpicos de la Serran\u00eda de Ronda, como embutidos, quesos, miel y artesan\u00edas. Estos productos reflejan la rica gastronom\u00eda de la zona y son perfectos para llevar un pedazo de la cultura local a casa. En los mercadillos, los visitantes tambi\u00e9n podr\u00e1n encontrar recuerdos \u00fanicos hechos a mano, como cer\u00e1micas y textiles, que capturan la esencia de la vida rural andaluza.<\/p>\n\n\n<div class=\"wp-block-image\">\n<figure class=\"aligncenter size-full\"><img decoding=\"async\" width=\"670\" height=\"300\" src=\"https:\/\/www.vacalia.com\/blog\/wp-content\/uploads\/2024\/11\/mercado-Fiesta-Mosto-Atajate.jpg\" alt=\"Mercadillos de la Fiesta del Mosto en Atajate, M\u00e1laga\" class=\"wp-image-6783\" srcset=\"https:\/\/www.vacalia.com\/blog\/wp-content\/uploads\/2024\/11\/mercado-Fiesta-Mosto-Atajate.jpg 670w, https:\/\/www.vacalia.com\/blog\/wp-content\/uploads\/2024\/11\/mercado-Fiesta-Mosto-Atajate-300x134.jpg 300w, https:\/\/www.vacalia.com\/blog\/wp-content\/uploads\/2024\/11\/mercado-Fiesta-Mosto-Atajate-370x166.jpg 370w\" sizes=\"(max-width: 767px) 100vw, 670px\" \/><figcaption class=\"wp-element-caption\"><em>Mercadillos de la Fiesta del Mosto en Atajate, M\u00e1laga<\/em><\/figcaption><\/figure><\/div>\n\n\n<h6 class=\"wp-block-heading\"><strong>M\u00fasica y baile<\/strong><\/h6>\n\n\n\n<p>La fiesta se llena de m\u00fasica flamenca en vivo, que invita a los asistentes a unirse al baile. Los grupos flamencos, habituales en el programa, crean un gran ambiente t\u00edpico de Andaluc\u00eda. Las guitarras, las palmas y los cantaores llenan la plaza con un sonido muy reconocible creando un ambiente t\u00edpico de Andaluc\u00eda.<\/p>\n\n\n\n<h6 class=\"wp-block-heading\"><strong>Visitas guiadas y rutas por los vi\u00f1edos<\/strong><\/h6>\n\n\n\n<p>Muchos viajeros\u00a0 aprovechan la ocasi\u00f3n para realizar rutas guiadas por los vi\u00f1edos de la comarca, donde pueden conocer de cerca el proceso de producci\u00f3n del vino y aprender sobre los m\u00e9todos tradicionales de cultivo. Estas visitas son ideales para los amantes de la enolog\u00eda, pues permiten ver de primera mano las t\u00e9cnicas utilizadas en la viticultura de la regi\u00f3n. Al finalizar la visita, los visitantes tienen la oportunidad de degustar distintos tipos de vinos y por supuesto comprar los que m\u00e1s les gusten.<\/p>\n\n\n<div class=\"wp-block-image\">\n<figure class=\"aligncenter size-full\"><img loading=\"lazy\" decoding=\"async\" width=\"670\" height=\"300\" src=\"https:\/\/www.vacalia.com\/blog\/wp-content\/uploads\/2024\/11\/Fiesta-Mosto-Atajate-1.jpg\" alt=\"Visitas guiadas por los vi\u00f1edos de Atajate, M\u00e1laga\" class=\"wp-image-6784\" srcset=\"https:\/\/www.vacalia.com\/blog\/wp-content\/uploads\/2024\/11\/Fiesta-Mosto-Atajate-1.jpg 670w, https:\/\/www.vacalia.com\/blog\/wp-content\/uploads\/2024\/11\/Fiesta-Mosto-Atajate-1-300x134.jpg 300w, https:\/\/www.vacalia.com\/blog\/wp-content\/uploads\/2024\/11\/Fiesta-Mosto-Atajate-1-370x166.jpg 370w\" sizes=\"(max-width: 767px) 100vw, 670px\" \/><figcaption class=\"wp-element-caption\"><em>Visitas guiadas por los vi\u00f1edos de Atajate, M\u00e1laga<\/em><\/figcaption><\/figure><\/div>\n\n\n<h6 class=\"wp-block-heading\"><strong>Prueba otras bebidas y comidas locales<\/strong><\/h6>\n\n\n\n<p>Aunque el mosto es el gran protagonista, no te pierdas la oportunidad de degustar otros productos locales, como los embutidos y quesos de la Serran\u00eda de Ronda. Adem\u00e1s, durante la fiesta se preparan platos t\u00edpicos que reflejan la rica gastronom\u00eda malague\u00f1a, como el gazpacho, las migas y los embutidos caseros. Los platos se elaboran con productos frescos y locales, y ofrecen un sabor aut\u00e9ntico de la cocina rural de la regi\u00f3n. Durante la fiesta tambi\u00e9n suelen prepararse degustaciones de otros vinos andaluces, como los finos y manzanillas, que son perfectos para acompa\u00f1ar los platos t\u00edpicos.<\/p>\n\n\n\n<h3 class=\"wp-block-heading\"><strong>El encanto de la Serran\u00eda de Ronda<\/strong><\/h3>\n\n\n\n<p>Visitar Atajate para la Fiesta del Mosto es una excelente excusa para explorar la Serran\u00eda de Ronda. Este paisaje monta\u00f1oso ofrece rutas de senderismo y parajes naturales de gran belleza. Desde Atajate, pod\u00e9is hacer excursiones a pueblos cercanos como Ronda, Jubrique o Gauc\u00edn, cada uno con su propia riqueza hist\u00f3rica y arquitect\u00f3nica.<\/p>\n\n\n\n<p>Los paisajes de la zona, caracterizados por colinas verdes y monta\u00f1as escarpadas, son perfectos para quienes disfrutan de la fotograf\u00eda y el contacto con la naturaleza. Adem\u00e1s, Ronda, que se encuentra a solo unos minutos en coche, ofrece uno de los paisajes m\u00e1s impresionantes de Andaluc\u00eda, con su famoso Puente Nuevo y sus estrechos callejones llenos de historia.<\/p>\n\n\n\n<p>La Fiesta del Mosto es una oportunidad \u00fanica para conocer una de las regiones m\u00e1s aut\u00e9nticas de <strong><a href=\"https:\/\/www.vacalia.com\/es\/malaga-p1439\" target=\"_blank\" rel=\"noreferrer noopener\">M\u00e1laga<\/a><\/strong>. \u00a1Prep\u00e1rate para disfrutar de una experiencia en la que tradici\u00f3n, vino y cultura se encuentran en un entorno incomparable!<\/p>\n\n\n<div class=\"bannerBlog\"><div class=\"new-card-houses\">\n    <div class=\"likeOut likeDivOut\" style=\"display:none\">\n        <a data-id=\"3763\" class=\"likeOut_button_red likeBtnFav\"\n            aria-label=\"Megusta Vacalia\"><\/a>\n    <\/div>\n    <figure>\n        <img loading=\"lazy\" decoding=\"async\" \n            loading=\"lazy\" width=\"301\" height=\"200\"\n            src=\"\/\/media.vacalia.com\/photo\/reformatwebpfolder\/350\/200\/3763\/thumb-middle\/3763_af04cefafa60ef9d8449b74d5ff76cb9.webp?v=21092023\"\n            alt=\"Villa la tuna - Alquiler vacacional en Benalm\u00e1dena\"\/>\n                                                                        <div class=\"circleDiscount\">-24%<\/div>\n                        <\/figure>\n    <p itemprop=\"address\"><i class=\"ico-marker\"><\/i>Benalm\u00e1dena, M\u00e1laga<\/p>\n    <h3 itemprop=\"name\">Villa la tuna<\/h3>\n    <ul class=\"icon_list inline_list\">\n                              <li class=\"ico-pool\" title=\"Piscina\">\n              <span itemprop=\"amenityFeature\">Piscina<\/span>\n            <\/li>\n                      <li class=\"ico-airConditioning\" title=\"Aire Acondicionado\">\n              <span itemprop=\"amenityFeature\">Aire Acondicionado<\/span>\n            <\/li>\n                      <li class=\"ico-wifi\" title=\"Wifi\">\n              <span itemprop=\"amenityFeature\">Wifi<\/span>\n            <\/li>\n                      <li class=\"ico-views\" title=\"Vistas\">\n              <span itemprop=\"amenityFeature\">Vistas<\/span>\n            <\/li>\n                          <li class=\"ico-guests\" title=\"Para 8 hu\u00e9spedes en Benalm\u00e1dena.\">\n          <span itemprop=\"occupancy\">8<\/span>\n        <\/li>\n    <\/ul>\n            <span class=\"price\">Desde 209\u20ac \/ noche<\/span>\n                <a itemprop=\"url\" class=\"anchor\" href=\"https:\/\/www.vacalia.com\/es\/villa-villa-la-tuna-benalmadena-h24947\" aria-label=\"Villa la tuna\"><\/a>\n<\/div><div class=\"new-card-houses\">\n    <div class=\"likeOut likeDivOut\" style=\"display:none\">\n        <a data-id=\"3946\" class=\"likeOut_button_red likeBtnFav\"\n            aria-label=\"Megusta Vacalia\"><\/a>\n    <\/div>\n    <figure>\n        <img loading=\"lazy\" decoding=\"async\" \n            loading=\"lazy\" width=\"301\" height=\"200\"\n            src=\"\/\/media.vacalia.com\/photo\/reformatwebpfolder\/350\/200\/3946\/thumb-middle\/3946_bd1ae11f7436ac766a175fc26cb6c02d.webp?v=21092023\"\n            alt=\"El morche - Alquiler vacacional en El Morche\"\/>\n                                                                        <div class=\"circleDiscount\">-6%<\/div>\n                        <\/figure>\n    <p itemprop=\"address\"><i class=\"ico-marker\"><\/i>El Morche, M\u00e1laga<\/p>\n    <h3 itemprop=\"name\">El morche<\/h3>\n    <ul class=\"icon_list inline_list\">\n                              <li class=\"ico-pool\" title=\"Piscina\">\n              <span itemprop=\"amenityFeature\">Piscina<\/span>\n            <\/li>\n                      <li class=\"ico-airConditioning\" title=\"Aire Acondicionado\">\n              <span itemprop=\"amenityFeature\">Aire Acondicionado<\/span>\n            <\/li>\n                      <li class=\"ico-wifi\" title=\"Wifi\">\n              <span itemprop=\"amenityFeature\">Wifi<\/span>\n            <\/li>\n                      <li class=\"ico-views\" title=\"Vistas\">\n              <span itemprop=\"amenityFeature\">Vistas<\/span>\n            <\/li>\n                          <li class=\"ico-guests\" title=\"Para 2+2   hu\u00e9spedes en El Morche.\">\n          <span itemprop=\"occupancy\">2+2  <\/span>\n        <\/li>\n    <\/ul>\n            <span class=\"price\">Desde 77\u20ac \/ noche<\/span>\n                <a itemprop=\"url\" class=\"anchor\" href=\"https:\/\/www.vacalia.com\/es\/apartamento-el-morche-torrox-h25339\" aria-label=\"El morche\"><\/a>\n<\/div><\/div>\n","protected":false},"excerpt":{"rendered":"<p>La Fiesta del Mosto en Atajate, un pintoresco municipio de la provincia de M\u00e1laga, celebra cada a\u00f1o las ra\u00edces vitivin\u00edcolas de la regi\u00f3n. Este evento se lleva a cabo el&hellip;<\/p>\n","protected":false},"author":1,"featured_media":6782,"comment_status":"closed","ping_status":"open","sticky":false,"template":"","format":"standard","meta":{"_monsterinsights_skip_tracking":false,"_monsterinsights_sitenote_active":false,"_monsterinsights_sitenote_note":"","_monsterinsights_sitenote_category":0,"footnotes":""},"categories":[537,595,565,1056,1],"tags":[],"class_list":["post-6778","post","type-post","status-publish","format-standard","has-post-thumbnail","hentry","category-malaga-es","category-que-hacer-en-malaga","category-fiestas-y-tradiciones-de-malaga","category-gastronomia-de-malaga","category-general-es"],"_links":{"self":[{"href":"https:\/\/www.vacalia.com\/blog\/wp-json\/wp\/v2\/posts\/6778"}],"collection":[{"href":"https:\/\/www.vacalia.com\/blog\/wp-json\/wp\/v2\/posts"}],"about":[{"href":"https:\/\/www.vacalia.com\/blog\/wp-json\/wp\/v2\/types\/post"}],"author":[{"embeddable":true,"href":"https:\/\/www.vacalia.com\/blog\/wp-json\/wp\/v2\/users\/1"}],"replies":[{"embeddable":true,"href":"https:\/\/www.vacalia.com\/blog\/wp-json\/wp\/v2\/comments?post=6778"}],"version-history":[{"count":3,"href":"https:\/\/www.vacalia.com\/blog\/wp-json\/wp\/v2\/posts\/6778\/revisions"}],"predecessor-version":[{"id":6790,"href":"https:\/\/www.vacalia.com\/blog\/wp-json\/wp\/v2\/posts\/6778\/revisions\/6790"}],"wp:featuredmedia":[{"embeddable":true,"href":"https:\/\/www.vacalia.com\/blog\/wp-json\/wp\/v2\/media\/6782"}],"wp:attachment":[{"href":"https:\/\/www.vacalia.com\/blog\/wp-json\/wp\/v2\/media?parent=6778"}],"wp:term":[{"taxonomy":"category","embeddable":true,"href":"https:\/\/www.vacalia.com\/blog\/wp-json\/wp\/v2\/categories?post=6778"},{"taxonomy":"post_tag","embeddable":true,"href":"https:\/\/www.vacalia.com\/blog\/wp-json\/wp\/v2\/tags?post=6778"}],"curies":[{"name":"wp","href":"https:\/\/api.w.org\/{rel}","templated":true}]}}