{"id":6821,"date":"2024-11-29T10:18:44","date_gmt":"2024-11-29T09:18:44","guid":{"rendered":"https:\/\/www.vacalia.com\/blog\/?p=6821"},"modified":"2024-11-29T10:18:48","modified_gmt":"2024-11-29T09:18:48","slug":"viaja-en-navidad-a-malaga","status":"publish","type":"post","link":"https:\/\/www.vacalia.com\/blog\/es\/viaja-en-navidad-a-malaga\/","title":{"rendered":"Viaja en Navidad a M\u00e1laga"},"content":{"rendered":"\n<p><strong><a href=\"https:\/\/www.vacalia.com\/es\/alojamiento-vacacional-malaga\" target=\"_blank\" rel=\"noreferrer noopener\">M\u00e1laga<\/a><\/strong> es un destino ideal para disfrutar de la Navidad con una mezcla \u00fanica de tradiciones andaluzas, calles iluminadas y deliciosa gastronom\u00eda. Su ambiente acogedor, sus mercadillos navide\u00f1os y actividades para toda la familia hacen que esta ciudad sea un lugar m\u00e1gico para vivir las fiestas.&nbsp;<\/p>\n\n\n\n<h3 class=\"wp-block-heading\"><strong>Luces de Navidad en M\u00e1laga: un espect\u00e1culo \u00fanico<\/strong><\/h3>\n\n\n\n<p>Recorrer la calle Larios en Navidad es una actividad imprescindible en <strong><a href=\"https:\/\/www.vacalia.com\/es\/malaga-p1439\" target=\"_blank\" rel=\"noreferrer noopener\">M\u00e1laga<\/a><\/strong>. Esta calle, que conecta con la Plaza de la Constituci\u00f3n, se transforma cada a\u00f1o en un espect\u00e1culo de luces y sonido, que se ha convertido en una tradici\u00f3n tan arraigada como tomar las uvas en Nochevieja. Adem\u00e1s de la calle Larios, otros puntos emblem\u00e1ticos como la Alameda Principal y la Calle Alcazabilla tambi\u00e9n se adornan con impresionantes decoraciones navide\u00f1as.<\/p>\n\n\n<div class=\"wp-block-image\">\n<figure class=\"aligncenter size-full\"><img fetchpriority=\"high\" decoding=\"async\" width=\"670\" height=\"300\" src=\"https:\/\/www.vacalia.com\/blog\/wp-content\/uploads\/2024\/11\/calle-Larios-navidad-Malaga.jpg\" alt=\"La calle Larios de M\u00e1laga en Navidad\" class=\"wp-image-6823\" srcset=\"https:\/\/www.vacalia.com\/blog\/wp-content\/uploads\/2024\/11\/calle-Larios-navidad-Malaga.jpg 670w, https:\/\/www.vacalia.com\/blog\/wp-content\/uploads\/2024\/11\/calle-Larios-navidad-Malaga-300x134.jpg 300w, https:\/\/www.vacalia.com\/blog\/wp-content\/uploads\/2024\/11\/calle-Larios-navidad-Malaga-370x166.jpg 370w\" sizes=\"(max-width: 767px) 100vw, 670px\" \/><figcaption class=\"wp-element-caption\"><em>La calle Larios de M\u00e1laga en Navidad<\/em><\/figcaption><\/figure><\/div>\n\n\n<p>El espect\u00e1culo en la Plaza de la Constituci\u00f3n es uno de los principales atractivos, destacando por su uso innovador de la t\u00e9cnica de \u00abvideo mapping\u00bb. Esta t\u00e9cnica combina luces, im\u00e1genes y sonido para crear un espect\u00e1culo visual cautivador. A lo largo de los a\u00f1os, este evento ha evolucionado, adapt\u00e1ndose a distintos monumentos y ofreciendo una experiencia singular cada temporada. Se ha convertido en una de las actividades navide\u00f1as m\u00e1s esperadas y emblem\u00e1ticas de M\u00e1laga.<\/p>\n\n\n<div class=\"wp-block-image\">\n<figure class=\"aligncenter size-full\"><img decoding=\"async\" width=\"670\" height=\"300\" src=\"https:\/\/www.vacalia.com\/blog\/wp-content\/uploads\/2024\/11\/luces-calle-Larios-navidad-Malaga.jpg\" alt=\"Luces de la calle Larios de M\u00e1laga\" class=\"wp-image-6824\" srcset=\"https:\/\/www.vacalia.com\/blog\/wp-content\/uploads\/2024\/11\/luces-calle-Larios-navidad-Malaga.jpg 670w, https:\/\/www.vacalia.com\/blog\/wp-content\/uploads\/2024\/11\/luces-calle-Larios-navidad-Malaga-300x134.jpg 300w, https:\/\/www.vacalia.com\/blog\/wp-content\/uploads\/2024\/11\/luces-calle-Larios-navidad-Malaga-370x166.jpg 370w\" sizes=\"(max-width: 767px) 100vw, 670px\" \/><figcaption class=\"wp-element-caption\"><em>Luces de la calle Larios de M\u00e1laga<\/em><\/figcaption><\/figure><\/div>\n\n\n<h3 class=\"wp-block-heading\"><strong>Los mercadillos navide\u00f1os, ideales para regalos&nbsp;<\/strong><\/h3>\n\n\n\n<p>M\u00e1laga ofrece una variedad de mercadillos navide\u00f1os para todos los gustos, cada uno con su propio encanto:<\/p>\n\n\n\n<ul class=\"wp-block-list\">\n<li><strong>Mercado del Paseo del Parque:<\/strong> A lo largo de esta ic\u00f3nica avenida se instalan m\u00e1s de 100 casetas que ofrecen una gran variedad de productos t\u00edpicos de la temporada, desde artesan\u00eda para los belenes y decoraciones navide\u00f1as hasta art\u00edculos de broma y dulces tradicionales como los bu\u00f1uelos. Cada a\u00f1o, el Paseo del Parque se transforma en un espacio lleno de magia y encanto, invitando a grandes y peque\u00f1os a sumergirse en el esp\u00edritu festivo y disfrutar de un peque\u00f1o capricho.<\/li>\n\n\n\n<li><strong>Mercado de la Plaza de la Marina:<\/strong> Otro de los rincones donde el ambiente navide\u00f1o se vive con intensidad. Sin duda, estos mercadillos son una parada obligatoria para disfrutar de la Navidad en M\u00e1laga. Este mercado combina lo tradicional con lo moderno, ofreciendo desde productos artesanales hasta dulces t\u00edpicos de la \u00e9poca.<\/li>\n\n\n\n<li><strong>Mercadillo del Muelle Uno:<\/strong> situado en el Puerto de M\u00e1laga, se celebra otro mercadillo que atrae tanto a los malague\u00f1os como a los turistas con su variedad de productos y su ambiente \u00fanico frente al mar, es perfecto para encontrar decoraciones y regalos \u00fanicos mientras se disfruta de la brisa mediterr\u00e1nea.<\/li>\n<\/ul>\n\n\n\n<p><\/p>\n\n\n<div class=\"wp-block-image\">\n<figure class=\"aligncenter size-full\"><img decoding=\"async\" width=\"670\" height=\"300\" src=\"https:\/\/www.vacalia.com\/blog\/wp-content\/uploads\/2024\/11\/mercadillo-navidad-muelle-uno-Malaga-1.jpg\" alt=\"Mercadillo del Muelle Uno en M\u00e1laga\" class=\"wp-image-6826\" srcset=\"https:\/\/www.vacalia.com\/blog\/wp-content\/uploads\/2024\/11\/mercadillo-navidad-muelle-uno-Malaga-1.jpg 670w, https:\/\/www.vacalia.com\/blog\/wp-content\/uploads\/2024\/11\/mercadillo-navidad-muelle-uno-Malaga-1-300x134.jpg 300w, https:\/\/www.vacalia.com\/blog\/wp-content\/uploads\/2024\/11\/mercadillo-navidad-muelle-uno-Malaga-1-370x166.jpg 370w\" sizes=\"(max-width: 767px) 100vw, 670px\" \/><figcaption class=\"wp-element-caption\"><em>Mercadillo del Muelle Uno en M\u00e1laga<\/em><\/figcaption><\/figure><\/div>\n\n\n<p>No olvid\u00e9is probar los churros con chocolate caliente en los puestos mientras pase\u00e1is por estos mercadillos.<\/p>\n\n\n\n<h3 class=\"wp-block-heading\"><strong>Descubrid los belenes m\u00e1s tradicionales<\/strong><\/h3>\n\n\n\n<p>Mientras disfrut\u00e1is del encantador paseo navide\u00f1o por las calles del centro de M\u00e1laga, no pod\u00e9is dejar pasar la oportunidad de conocer los belenes que cada a\u00f1o son organizados por diversos organismos p\u00fablicos y entidades locales.<strong> <\/strong>Los belenes m\u00e1s destacados son:<\/p>\n\n\n\n<ul class=\"wp-block-list\">\n<li><strong>El Bel\u00e9n Municipal en el Ayuntamiento:<\/strong> Es uno de los m\u00e1s impresionantes de M\u00e1laga, atrae a miles de visitantes cada temporada, destacando por su belleza y detalle. Adem\u00e1s, muchas de las Cofrad\u00edas de Semana Santa de la ciudad participan en esta tradici\u00f3n, contribuyendo a la creaci\u00f3n de representaciones \u00fanicas que reflejan el esp\u00edritu navide\u00f1o malague\u00f1o.<\/li>\n\n\n\n<li><strong>El Bel\u00e9n de la Catedral de M\u00e1laga:<\/strong> Otro de los belenes m\u00e1s destacados, gestionado por la Asociaci\u00f3n Belenista de M\u00e1laga. Este bel\u00e9n, que se monta con una dedicaci\u00f3n impresionante de unas 35.000 horas de trabajo, recrea un Nacimiento de 45 metros de largo, convirti\u00e9ndolo en uno de los m\u00e1s grandes y espectaculares de la ciudad. Sin duda, una parada imprescindible para los amantes de la tradici\u00f3n y el arte navide\u00f1o.<\/li>\n\n\n\n<li><strong>El Bel\u00e9n del Museo Carmen Thyssen:<\/strong> celebra cada a\u00f1o la Navidad con una programaci\u00f3n especial que incluye la actuaci\u00f3n de diferentes agrupaciones musicales y un tradicional Bel\u00e9n napolitano.<\/li>\n<\/ul>\n\n\n\n<p><\/p>\n\n\n\n<p>Adem\u00e1s, pod\u00e9is realizar la \u00abRuta de los Belenes\u00bb, un recorrido por los distintos montajes que se encuentran en iglesias y espacios culturales de la ciudad.<\/p>\n\n\n<div class=\"wp-block-image\">\n<figure class=\"aligncenter size-full\"><img loading=\"lazy\" decoding=\"async\" width=\"670\" height=\"300\" src=\"https:\/\/www.vacalia.com\/blog\/wp-content\/uploads\/2024\/11\/belen-navidad-Malaga.jpg\" alt=\"Bel\u00e9n tradicional de M\u00e1laga \" class=\"wp-image-6827\" srcset=\"https:\/\/www.vacalia.com\/blog\/wp-content\/uploads\/2024\/11\/belen-navidad-Malaga.jpg 670w, https:\/\/www.vacalia.com\/blog\/wp-content\/uploads\/2024\/11\/belen-navidad-Malaga-300x134.jpg 300w, https:\/\/www.vacalia.com\/blog\/wp-content\/uploads\/2024\/11\/belen-navidad-Malaga-370x166.jpg 370w\" sizes=\"(max-width: 767px) 100vw, 670px\" \/><figcaption class=\"wp-element-caption\"><em>Bel\u00e9n tradicional de M\u00e1laga <\/em><\/figcaption><\/figure><\/div>\n\n\n<h3 class=\"wp-block-heading\"><strong>Disfrutad de actividades m\u00e1gicas en familia<\/strong><\/h3>\n\n\n\n<p>La Navidad en M\u00e1laga est\u00e1 llena de actividades para todas las edades:<\/p>\n\n\n\n<ul class=\"wp-block-list\">\n<li><strong>Patinaje sobre hielo:<\/strong> Una opci\u00f3n ideal para disfrutar con ni\u00f1os es el tradicional patinaje sobre hielo en el centro de la ciudad. En lugares como la Plaza de la Marina, en el Muelle Uno o el Recinto Ferial, se instalan unas pistas de hielo al aire libre que son perfectas para familias que quieren disfrutar del deporte y la diversi\u00f3n.<\/li>\n\n\n\n<li><strong>Talleres y espect\u00e1culos infantiles:<\/strong> Desde la Plaza de la Constituci\u00f3n hasta el Teatro Cervantes, hay opciones pensadas para los m\u00e1s peque\u00f1os.&nbsp;<\/li>\n\n\n\n<li><strong>El Parque de la Paloma:<\/strong> es otro de los puntos de encuentro para las familias durante la Navidad con talleres para ni\u00f1os, donde pueden participar en actividades creativas, como la elaboraci\u00f3n de adornos navide\u00f1os o manualidades relacionadas con la temporada.<\/li>\n\n\n\n<li><strong>Teatro infantil y espect\u00e1culos navide\u00f1os:<\/strong> Durante la Navidad, muchos teatros de M\u00e1laga ofrecen espect\u00e1culos dirigidos a los m\u00e1s peque\u00f1os. Desde representaciones de cuentos tradicionales hasta musicales navide\u00f1os, la oferta cultural para ni\u00f1os es extensa. El Teatro Cervantes y el Teatro Echegaray suelen acoger funciones especiales en estas fechas, brindando a las familias una oportunidad para disfrutar de un d\u00eda cultural en la ciudad.<\/li>\n<\/ul>\n\n\n\n<p><\/p>\n\n\n\n<h3 class=\"wp-block-heading\"><strong>Gastronom\u00eda navide\u00f1a: un deleite para los sentidos<\/strong><\/h3>\n\n\n\n<p>La gastronom\u00eda navide\u00f1a de M\u00e1laga se caracteriza por platos tradicionales y productos locales. Entre los imprescindibles se encuentran el chivo lechal al horno, la sopa de rape con almendras y embutidos como el salchich\u00f3n malague\u00f1o. Tambi\u00e9n se disfrutan platos como el \u00abajoblanco\u00bb, una mezcla de almendras y ajo, y tapas t\u00edpicas como las berenjenas con miel de ca\u00f1a. Los men\u00fas navide\u00f1os incluyen platos como solomillo con pasas moscatel y lomo en manteca, manteniendo la esencia de la cocina local con un toque moderno. Los sabores marineros, como la sopa de marisco y las gambas de M\u00e1laga, son tambi\u00e9n destacados, junto al calamar relleno de carne picada y marisco en salsa de almendra.<\/p>\n\n\n\n<p>En reposter\u00eda, los \u201cborrachuelos\u201d son un dulce imprescindible, acompa\u00f1ados por el rosc\u00f3n de vino, hecho con vino Moscatel. Estos dulces se pueden encontrar en las pasteler\u00edas locales y mercados como el Mercado de Atarazanas. Tambi\u00e9n son populares los polvorones, turrones y el Rosc\u00f3n de Reyes, t\u00edpico para el desayuno del 6 de enero.<\/p>\n\n\n\n<h3 class=\"wp-block-heading\"><strong>Fin de a\u00f1o y Reyes<\/strong><\/h3>\n\n\n\n<p>La Nochevieja en M\u00e1laga es especial gracias a su clima agradable y su esp\u00edritu festivo. Pod\u00e9is uniros a los malague\u00f1os en la Plaza de la Constituci\u00f3n para recibir el a\u00f1o al ritmo de las campanadas, con m\u00fasica en vivo y fuegos artificiales. Si prefer\u00eds algo m\u00e1s exclusivo, se realizan cenas de gala con vistas al mar, perfectas para celebrarlo a lo grande.<\/p>\n\n\n\n<p>El 5 de enero, la Cabalgata de Reyes Magos recorre las calles de M\u00e1laga, llen\u00e1ndolas de alegr\u00eda y color. Este desfile cuenta con carrozas decoradas, bandas musicales y personajes infantiles que lanzan caramelos al p\u00fablico. Es una experiencia inolvidable para los ni\u00f1os y un broche de oro para las fiestas navide\u00f1as.<\/p>\n\n\n<div class=\"bannerBlog\"><div class=\"new-card-houses\">\n    <div class=\"likeOut likeDivOut\" style=\"display:none\">\n        <a data-id=\"3763\" class=\"likeOut_button_red likeBtnFav\"\n            aria-label=\"Megusta Vacalia\"><\/a>\n    <\/div>\n    <figure>\n        <img loading=\"lazy\" decoding=\"async\" \n            loading=\"lazy\" width=\"301\" height=\"200\"\n            src=\"\/\/media.vacalia.com\/photo\/reformatwebpfolder\/350\/200\/3763\/thumb-middle\/3763_af04cefafa60ef9d8449b74d5ff76cb9.webp?v=21092023\"\n            alt=\"Villa la tuna - Alquiler vacacional en Benalm\u00e1dena\"\/>\n                                                                        <div class=\"circleDiscount\">-24%<\/div>\n                        <\/figure>\n    <p itemprop=\"address\"><i class=\"ico-marker\"><\/i>Benalm\u00e1dena, M\u00e1laga<\/p>\n    <h3 itemprop=\"name\">Villa la tuna<\/h3>\n    <ul class=\"icon_list inline_list\">\n                              <li class=\"ico-pool\" title=\"Piscina\">\n              <span itemprop=\"amenityFeature\">Piscina<\/span>\n            <\/li>\n                      <li class=\"ico-airConditioning\" title=\"Aire Acondicionado\">\n              <span itemprop=\"amenityFeature\">Aire Acondicionado<\/span>\n            <\/li>\n                      <li class=\"ico-wifi\" title=\"Wifi\">\n              <span itemprop=\"amenityFeature\">Wifi<\/span>\n            <\/li>\n                      <li class=\"ico-views\" title=\"Vistas\">\n              <span itemprop=\"amenityFeature\">Vistas<\/span>\n            <\/li>\n                          <li class=\"ico-guests\" title=\"Para 8 hu\u00e9spedes en Benalm\u00e1dena.\">\n          <span itemprop=\"occupancy\">8<\/span>\n        <\/li>\n    <\/ul>\n            <span class=\"price\">Desde 209\u20ac \/ noche<\/span>\n                <a itemprop=\"url\" class=\"anchor\" href=\"https:\/\/www.vacalia.com\/es\/villa-villa-la-tuna-benalmadena-h24947\" aria-label=\"Villa la tuna\"><\/a>\n<\/div><div class=\"new-card-houses\">\n    <div class=\"likeOut likeDivOut\" style=\"display:none\">\n        <a data-id=\"3946\" class=\"likeOut_button_red likeBtnFav\"\n            aria-label=\"Megusta Vacalia\"><\/a>\n    <\/div>\n    <figure>\n        <img loading=\"lazy\" decoding=\"async\" \n            loading=\"lazy\" width=\"301\" height=\"200\"\n            src=\"\/\/media.vacalia.com\/photo\/reformatwebpfolder\/350\/200\/3946\/thumb-middle\/3946_bd1ae11f7436ac766a175fc26cb6c02d.webp?v=21092023\"\n            alt=\"El morche - Alquiler vacacional en El Morche\"\/>\n                                                                        <div class=\"circleDiscount\">-6%<\/div>\n                        <\/figure>\n    <p itemprop=\"address\"><i class=\"ico-marker\"><\/i>El Morche, M\u00e1laga<\/p>\n    <h3 itemprop=\"name\">El morche<\/h3>\n    <ul class=\"icon_list inline_list\">\n                              <li class=\"ico-pool\" title=\"Piscina\">\n              <span itemprop=\"amenityFeature\">Piscina<\/span>\n            <\/li>\n                      <li class=\"ico-airConditioning\" title=\"Aire Acondicionado\">\n              <span itemprop=\"amenityFeature\">Aire Acondicionado<\/span>\n            <\/li>\n                      <li class=\"ico-wifi\" title=\"Wifi\">\n              <span itemprop=\"amenityFeature\">Wifi<\/span>\n            <\/li>\n                      <li class=\"ico-views\" title=\"Vistas\">\n              <span itemprop=\"amenityFeature\">Vistas<\/span>\n            <\/li>\n                          <li class=\"ico-guests\" title=\"Para 2+2   hu\u00e9spedes en El Morche.\">\n          <span itemprop=\"occupancy\">2+2  <\/span>\n        <\/li>\n    <\/ul>\n            <span class=\"price\">Desde 77\u20ac \/ noche<\/span>\n                <a itemprop=\"url\" class=\"anchor\" href=\"https:\/\/www.vacalia.com\/es\/apartamento-el-morche-torrox-h25339\" aria-label=\"El morche\"><\/a>\n<\/div><\/div>\n","protected":false},"excerpt":{"rendered":"<p>M\u00e1laga es un destino ideal para disfrutar de la Navidad con una mezcla \u00fanica de tradiciones andaluzas, calles iluminadas y deliciosa gastronom\u00eda. Su ambiente acogedor, sus mercadillos navide\u00f1os y actividades&hellip;<\/p>\n","protected":false},"author":1,"featured_media":6822,"comment_status":"closed","ping_status":"open","sticky":false,"template":"","format":"standard","meta":{"_monsterinsights_skip_tracking":false,"_monsterinsights_sitenote_active":false,"_monsterinsights_sitenote_note":"","_monsterinsights_sitenote_category":0,"footnotes":""},"categories":[537,595,601,565,1],"tags":[],"class_list":["post-6821","post","type-post","status-publish","format-standard","has-post-thumbnail","hentry","category-malaga-es","category-que-hacer-en-malaga","category-que-ver-en-malaga","category-fiestas-y-tradiciones-de-malaga","category-general-es"],"_links":{"self":[{"href":"https:\/\/www.vacalia.com\/blog\/wp-json\/wp\/v2\/posts\/6821"}],"collection":[{"href":"https:\/\/www.vacalia.com\/blog\/wp-json\/wp\/v2\/posts"}],"about":[{"href":"https:\/\/www.vacalia.com\/blog\/wp-json\/wp\/v2\/types\/post"}],"author":[{"embeddable":true,"href":"https:\/\/www.vacalia.com\/blog\/wp-json\/wp\/v2\/users\/1"}],"replies":[{"embeddable":true,"href":"https:\/\/www.vacalia.com\/blog\/wp-json\/wp\/v2\/comments?post=6821"}],"version-history":[{"count":3,"href":"https:\/\/www.vacalia.com\/blog\/wp-json\/wp\/v2\/posts\/6821\/revisions"}],"predecessor-version":[{"id":6836,"href":"https:\/\/www.vacalia.com\/blog\/wp-json\/wp\/v2\/posts\/6821\/revisions\/6836"}],"wp:featuredmedia":[{"embeddable":true,"href":"https:\/\/www.vacalia.com\/blog\/wp-json\/wp\/v2\/media\/6822"}],"wp:attachment":[{"href":"https:\/\/www.vacalia.com\/blog\/wp-json\/wp\/v2\/media?parent=6821"}],"wp:term":[{"taxonomy":"category","embeddable":true,"href":"https:\/\/www.vacalia.com\/blog\/wp-json\/wp\/v2\/categories?post=6821"},{"taxonomy":"post_tag","embeddable":true,"href":"https:\/\/www.vacalia.com\/blog\/wp-json\/wp\/v2\/tags?post=6821"}],"curies":[{"name":"wp","href":"https:\/\/api.w.org\/{rel}","templated":true}]}}