{"id":684,"date":"2017-09-26T07:45:36","date_gmt":"2017-09-26T07:45:36","guid":{"rendered":"https:\/\/www.vacalia.com\/blog\/?p=684"},"modified":"2024-02-14T12:15:36","modified_gmt":"2024-02-14T11:15:36","slug":"du-willst-eine-finca-mieten","status":"publish","type":"post","link":"https:\/\/www.vacalia.com\/blog\/du-willst-eine-finca-mieten\/","title":{"rendered":"Du willst eine Finca mieten? Dann ist Mallorca eine gute Wahl."},"content":{"rendered":"<p>Mallorca ist in den letzten Jahren zu einem beliebten Urlaubsziel geworden und auch die Zukunft sieht rosig aus! Die Sonneninsel erfreut sich gr\u00f6\u00dfter Beliebtheit und ist stetig im Aufschwung. Man muss sich nur die aktuellen Statistiken ansehen: im Sommer 2017 wurde ein neuer Besucherrekord gebrochen. In diesem Post m\u00f6chten wir Euch erz\u00e4hlen, warum Mallorca der perfekte Ort ist, um eine Finca zu mieten.<\/p>\n<p><a href=\"https:\/\/www.vacalia.com\"><img fetchpriority=\"high\" decoding=\"async\" class=\"alignnone size-large wp-image-698\" src=\"https:\/\/www.vacalia.com\/blog\/wp-content\/uploads\/2017\/09\/Du-willst-eine-Finca-mieten-Dann-ist-Mallorca-eine-gute-Wahl.-1024x536.png\" alt=\" Finca mieten\" width=\"1024\" height=\"536\" srcset=\"https:\/\/www.vacalia.com\/blog\/wp-content\/uploads\/2017\/09\/Du-willst-eine-Finca-mieten-Dann-ist-Mallorca-eine-gute-Wahl.-1024x536.png 1024w, https:\/\/www.vacalia.com\/blog\/wp-content\/uploads\/2017\/09\/Du-willst-eine-Finca-mieten-Dann-ist-Mallorca-eine-gute-Wahl.-300x157.png 300w, https:\/\/www.vacalia.com\/blog\/wp-content\/uploads\/2017\/09\/Du-willst-eine-Finca-mieten-Dann-ist-Mallorca-eine-gute-Wahl.-768x402.png 768w, https:\/\/www.vacalia.com\/blog\/wp-content\/uploads\/2017\/09\/Du-willst-eine-Finca-mieten-Dann-ist-Mallorca-eine-gute-Wahl.-1050x550.png 1050w, https:\/\/www.vacalia.com\/blog\/wp-content\/uploads\/2017\/09\/Du-willst-eine-Finca-mieten-Dann-ist-Mallorca-eine-gute-Wahl..png 1200w\" sizes=\"(max-width: 1024px) 100vw, 1024px\" \/><\/a><\/p>\n<p><!--more--><\/p>\n<h2 class=\"post-item__subtitle\">Alle, die schon einmal auf Mallorca waren wissen um die Sch\u00f6nheit dieses kleinen Eilands im Mittelmeer, die nicht einmal ein Regentag tr\u00fcben kann.<\/h2>\n<ul>\n<li><span style=\"text-decoration: underline;\">Fast ganzj\u00e4hrig milde Temperaturen | Mallorca finca mieten<\/span><\/li>\n<\/ul>\n<p>Dank der hervorragenden Lage im Mittelmeer ist Mallorca ideal f\u00fcr einen Besuch &#8211; egal zu welcher Jahreszeit. Es ist schon richtig, dass die letzten Sommer teilweise hei\u00dfer als fr\u00fcher waren und dass es in den vergangenen Wintern sogar geschneit hat. Trotzdem liegt die Durchschnittstemperatur auf der sch\u00f6nsten Insel im Mittelmeer zwischen angenehmen 17 und 25 Grad. Bei solchen Temperaturen macht nicht nur ein Tag am Strand Spa\u00df, sondern man kann auch sportliche Alternativen wie Wandern und Radfahren einplanen oder die kulturellen Besonderheiten der Insel kennenlernen. Wir von Vacalia empfehlen Euch die Monate Mai, September und Oktober f\u00fcr einen Besuch. W\u00e4hrend dieser Zeit ist das Klima sowohl f\u00fcr den Strand als auch f\u00fcr verschiedene Ausfl\u00fcge ideal.<\/p>\n<p><a href=\"https:\/\/www.vacalia.com\"><img decoding=\"async\" class=\"alignnone size-large wp-image-690\" src=\"https:\/\/www.vacalia.com\/blog\/wp-content\/uploads\/2017\/09\/hand-plant-leaf-flower-green-weather-1023822-pxhere.com_-2-1024x682.jpg\" alt=\"Finca auf Mallorca\" width=\"1024\" height=\"682\" srcset=\"https:\/\/www.vacalia.com\/blog\/wp-content\/uploads\/2017\/09\/hand-plant-leaf-flower-green-weather-1023822-pxhere.com_-2-1024x682.jpg 1024w, https:\/\/www.vacalia.com\/blog\/wp-content\/uploads\/2017\/09\/hand-plant-leaf-flower-green-weather-1023822-pxhere.com_-2-300x200.jpg 300w, https:\/\/www.vacalia.com\/blog\/wp-content\/uploads\/2017\/09\/hand-plant-leaf-flower-green-weather-1023822-pxhere.com_-2-768x512.jpg 768w, https:\/\/www.vacalia.com\/blog\/wp-content\/uploads\/2017\/09\/hand-plant-leaf-flower-green-weather-1023822-pxhere.com_-2-1050x700.jpg 1050w, https:\/\/www.vacalia.com\/blog\/wp-content\/uploads\/2017\/09\/hand-plant-leaf-flower-green-weather-1023822-pxhere.com_-2.jpg 1280w\" sizes=\"(max-width: 1024px) 100vw, 1024px\" \/><\/a><\/p>\n<ul>\n<li><span style=\"text-decoration: underline;\">Die Mallorquiner kennen keine sprachlichen oder kulturellen Barrieren | Mallorca finca mieten<\/span><\/li>\n<\/ul>\n<p>und sind vollendete Gastgeber, sodass Mallorca auf viele Stammg\u00e4ste z\u00e4hlen kann. Da die Insel ein kunterbunter Mix aus verschiedenen Kulturen und Nationalit\u00e4ten ist, f\u00fchlt man sich sofort wie zu Hause. Der Tourismus leistet auch einen wertvollen Beitrag zum BIP der Balearen und die meisten Menschen arbeiten direkt oder indirekt in diesem Sektor. Was wir damit sagen wollen ist, dass fast alle Mallorquiner dank des Tourismus Englisch sprechen, manche sogar Deutsch &#8211; sprachliche Barrieren gibt es nicht!<\/p>\n<p><img decoding=\"async\" class=\"alignnone size-large wp-image-686\" src=\"https:\/\/www.vacalia.com\/blog\/wp-content\/uploads\/2017\/09\/architecture-road-street-house-town-view-779560-pxhere.com-1-2-1024x682.jpg\" alt=\"Finca auf Mallorca\" width=\"1024\" height=\"682\" srcset=\"https:\/\/www.vacalia.com\/blog\/wp-content\/uploads\/2017\/09\/architecture-road-street-house-town-view-779560-pxhere.com-1-2-1024x682.jpg 1024w, https:\/\/www.vacalia.com\/blog\/wp-content\/uploads\/2017\/09\/architecture-road-street-house-town-view-779560-pxhere.com-1-2-300x200.jpg 300w, https:\/\/www.vacalia.com\/blog\/wp-content\/uploads\/2017\/09\/architecture-road-street-house-town-view-779560-pxhere.com-1-2-768x512.jpg 768w, https:\/\/www.vacalia.com\/blog\/wp-content\/uploads\/2017\/09\/architecture-road-street-house-town-view-779560-pxhere.com-1-2-1050x700.jpg 1050w, https:\/\/www.vacalia.com\/blog\/wp-content\/uploads\/2017\/09\/architecture-road-street-house-town-view-779560-pxhere.com-1-2.jpg 1280w\" sizes=\"(max-width: 1024px) 100vw, 1024px\" \/><\/p>\n<ul>\n<li><span style=\"text-decoration: underline;\">Wassersport | Mallorca finca mieten<\/span><\/li>\n<\/ul>\n<p>Aktivurlaub mit der ganzen Familie wird auf Mallorca gross geschrieben. Wenn man sportlich ist und das Wasser liebt, dann ist Mallorca das Paradies! Hier kann man Kajak fahren, schnorcheln, surfen&#8230; &#8211; um nur einige M\u00f6glichkeiten zu nennen. Der Strand ist nicht nur f\u00fcr Sonnenanbeter da, sondern auch und vor allem f\u00fcr Aktivurlauber!<\/p>\n<p><a href=\"https:\/\/www.vacalia.com\"><img loading=\"lazy\" decoding=\"async\" class=\"alignnone size-large wp-image-689\" src=\"https:\/\/www.vacalia.com\/blog\/wp-content\/uploads\/2017\/09\/work-sea-water-nature-outdoor-ocean-872701-pxhere.com_-2-1024x725.jpg\" alt=\"Finca auf Mallorca\" width=\"1024\" height=\"725\" srcset=\"https:\/\/www.vacalia.com\/blog\/wp-content\/uploads\/2017\/09\/work-sea-water-nature-outdoor-ocean-872701-pxhere.com_-2-1024x725.jpg 1024w, https:\/\/www.vacalia.com\/blog\/wp-content\/uploads\/2017\/09\/work-sea-water-nature-outdoor-ocean-872701-pxhere.com_-2-300x212.jpg 300w, https:\/\/www.vacalia.com\/blog\/wp-content\/uploads\/2017\/09\/work-sea-water-nature-outdoor-ocean-872701-pxhere.com_-2-768x544.jpg 768w, https:\/\/www.vacalia.com\/blog\/wp-content\/uploads\/2017\/09\/work-sea-water-nature-outdoor-ocean-872701-pxhere.com_-2-1050x744.jpg 1050w, https:\/\/www.vacalia.com\/blog\/wp-content\/uploads\/2017\/09\/work-sea-water-nature-outdoor-ocean-872701-pxhere.com_-2.jpg 1271w\" sizes=\"(max-width: 1024px) 100vw, 1024px\" \/><\/a><\/p>\n<ul>\n<li><span style=\"text-decoration: underline;\">Weltkulturerbe Tramuntanagebirge | Mallorca finca mieten<\/span><\/li>\n<\/ul>\n<p>2011 wurde das Tramuntanagebirge von der UNESCO als Weltkulturerbe erkl\u00e4rt. Die Bauweise der H\u00e4user, Trockensteinmauern und Terrassen weisen die typische Trockensteintechnik auf, die sich nahtlos in die mediterrane Landschaft und die W\u00e4lder einf\u00fcgt. Ganze D\u00f6rfer sind in dieser Technik erbaut und \u00fcberraschen den Besucher mit viel Charme. Ein sch\u00f6nes Beispiel ist der Ort S\u00f3ller, der im Fr\u00fchling vom Duft hunderter bl\u00fchender Orangenb\u00e4umen durchzogen wird. Auch Pollen\u00e7a, bekannt wegen der sch\u00f6nen Buchten und das terrassenf\u00f6rmig angelegte Dorf Banyalbufar, wo mediterraner Wein und die saftigen \u201cRamallet-Tomaten\u201d angebaut werden, geh\u00f6ren dazu. Alle diese Orte sind perfekt um eine Finca zu mieten.<\/p>\n<p><a href=\"https:\/\/www.vacalia.com\"><img loading=\"lazy\" decoding=\"async\" class=\"alignnone size-large wp-image-688\" src=\"https:\/\/www.vacalia.com\/blog\/wp-content\/uploads\/2017\/09\/landscape-sea-walking-mountain-road-hiking-836019-pxhere.com_-2-1024x768.jpg\" alt=\"Finca auf Mallorca\" width=\"1024\" height=\"768\" srcset=\"https:\/\/www.vacalia.com\/blog\/wp-content\/uploads\/2017\/09\/landscape-sea-walking-mountain-road-hiking-836019-pxhere.com_-2-1024x768.jpg 1024w, https:\/\/www.vacalia.com\/blog\/wp-content\/uploads\/2017\/09\/landscape-sea-walking-mountain-road-hiking-836019-pxhere.com_-2-300x225.jpg 300w, https:\/\/www.vacalia.com\/blog\/wp-content\/uploads\/2017\/09\/landscape-sea-walking-mountain-road-hiking-836019-pxhere.com_-2-768x576.jpg 768w, https:\/\/www.vacalia.com\/blog\/wp-content\/uploads\/2017\/09\/landscape-sea-walking-mountain-road-hiking-836019-pxhere.com_-2-1050x788.jpg 1050w, https:\/\/www.vacalia.com\/blog\/wp-content\/uploads\/2017\/09\/landscape-sea-walking-mountain-road-hiking-836019-pxhere.com_-2.jpg 1200w\" sizes=\"(max-width: 1024px) 100vw, 1024px\" \/><\/a><\/p>\n<h2 class=\"post-item__subtitle\">Wir k\u00f6nnten noch ewig weiter erz\u00e4hlen, machen es aber kurz und knapp: Wenn Du eine Finca mieten m\u00f6chtest, findest Du auf Mallorca das beste Angebot.<\/h2>\n<p>Die Fincas auf Mallorca haben diesen ganz speziellen mediterranen Charme, den man nirgendwo anders findet. Besuche doch einfach unsere Webseite und \u00fcberzeuge Dich selbst.<\/p>\n\n<div class=\"bannerBlog\"><div class=\"new-card-houses\">\n    <div class=\"likeOut likeDivOut\" style=\"display:none\">\n        <a data-id=\"5651\" class=\"likeOut_button_red likeBtnFav\"\n            aria-label=\"Megusta Vacalia\"><\/a>\n    <\/div>\n    <figure>\n        <img loading=\"lazy\" decoding=\"async\" \n            loading=\"lazy\" width=\"301\" height=\"200\"\n            src=\"\/\/media.vacalia.com\/photo\/reformatwebpfolder\/350\/200\/5651\/thumb-middle\/5651_6019a6eb14d49d9e2ad72580ed65035b.webp?v=21092023\"\n            alt=\"Vila nova suites &amp; spa - Ferienhaus auf Capdepera\"\/>\n                                                                        <div class=\"circleDiscount\">-15%<\/div>\n                        <\/figure>\n    <p itemprop=\"address\"><i class=\"ico-marker\"><\/i>Capdepera, Mallorca<\/p>\n    <h3 itemprop=\"name\">Vila nova suites &amp; spa<\/h3>\n    <ul class=\"icon_list inline_list\">\n                              <li class=\"ico-pool\" title=\"Pool\">\n              <span itemprop=\"amenityFeature\">Pool<\/span>\n            <\/li>\n                      <li class=\"ico-airConditioning\" title=\"Klimaanlage\">\n              <span itemprop=\"amenityFeature\">Klimaanlage<\/span>\n            <\/li>\n                      <li class=\"ico-wifi\" title=\"Wifi\">\n              <span itemprop=\"amenityFeature\">Wifi<\/span>\n            <\/li>\n                          <li class=\"ico-guests\" title=\"F\u00fcr 2 G\u00e4ste in Capdepera.\">\n          <span itemprop=\"occupancy\">2<\/span>\n        <\/li>\n    <\/ul>\n            <span class=\"price\">Ab 255\u20ac \/ Nacht<\/span>\n                <a itemprop=\"url\" class=\"anchor\" href=\"https:\/\/www.vacalia.com\/de\/hotelzimmer-vila-nova-suites-spa-capdepera-h32165\" aria-label=\"Vila nova suites &amp; spa\"><\/a>\n<\/div><div class=\"new-card-houses\">\n    <div class=\"likeOut likeDivOut\" style=\"display:none\">\n        <a data-id=\"1847\" class=\"likeOut_button_red likeBtnFav\"\n            aria-label=\"Megusta Vacalia\"><\/a>\n    <\/div>\n    <figure>\n        <img loading=\"lazy\" decoding=\"async\" \n            loading=\"lazy\" width=\"301\" height=\"200\"\n            src=\"\/\/media.vacalia.com\/photo\/reformatwebpfolder\/350\/200\/1847\/thumb-middle\/1847_3c22a7cb735aa118d8910b2a8a19cf1a.webp?v=21092023\"\n            alt=\"Can parrita - Ferienhaus auf s&#039;Estanyol de Migjorn\"\/>\n                                                                        <div class=\"circleDiscount\">-10%<\/div>\n                        <\/figure>\n    <p itemprop=\"address\"><i class=\"ico-marker\"><\/i>s&#039;Estanyol de Migjorn, Mallorca<\/p>\n    <h3 itemprop=\"name\">Can parrita<\/h3>\n    <ul class=\"icon_list inline_list\">\n                              <li class=\"ico-airConditioning\" title=\"Klimaanlage\">\n              <span itemprop=\"amenityFeature\">Klimaanlage<\/span>\n            <\/li>\n                          <li class=\"ico-guests\" title=\"F\u00fcr 6 G\u00e4ste in S&#039;estanyol De Migjorn.\">\n          <span itemprop=\"occupancy\">6<\/span>\n        <\/li>\n    <\/ul>\n            <span class=\"price\">Ab 81\u20ac \/ Nacht<\/span>\n                <a itemprop=\"url\" class=\"anchor\" href=\"https:\/\/www.vacalia.com\/de\/ferienhaus-can-parrita-llucmajor-h17016\" aria-label=\"Can parrita\"><\/a>\n<\/div><\/div>\n","protected":false},"excerpt":{"rendered":"<p>Mallorca ist in den letzten Jahren zu einem beliebten Urlaubsziel geworden und auch die Zukunft sieht rosig aus! Die Sonneninsel erfreut sich gr\u00f6\u00dfter Beliebtheit und ist stetig im Aufschwung. Man&hellip;<\/p>\n","protected":false},"author":2,"featured_media":0,"comment_status":"closed","ping_status":"open","sticky":false,"template":"","format":"standard","meta":{"_monsterinsights_skip_tracking":false,"_monsterinsights_sitenote_active":false,"_monsterinsights_sitenote_note":"","_monsterinsights_sitenote_category":0,"footnotes":""},"categories":[40],"tags":[],"class_list":["post-684","post","type-post","status-publish","format-standard","hentry","category-allgemein"],"_links":{"self":[{"href":"https:\/\/www.vacalia.com\/blog\/wp-json\/wp\/v2\/posts\/684"}],"collection":[{"href":"https:\/\/www.vacalia.com\/blog\/wp-json\/wp\/v2\/posts"}],"about":[{"href":"https:\/\/www.vacalia.com\/blog\/wp-json\/wp\/v2\/types\/post"}],"author":[{"embeddable":true,"href":"https:\/\/www.vacalia.com\/blog\/wp-json\/wp\/v2\/users\/2"}],"replies":[{"embeddable":true,"href":"https:\/\/www.vacalia.com\/blog\/wp-json\/wp\/v2\/comments?post=684"}],"version-history":[{"count":8,"href":"https:\/\/www.vacalia.com\/blog\/wp-json\/wp\/v2\/posts\/684\/revisions"}],"predecessor-version":[{"id":4878,"href":"https:\/\/www.vacalia.com\/blog\/wp-json\/wp\/v2\/posts\/684\/revisions\/4878"}],"wp:attachment":[{"href":"https:\/\/www.vacalia.com\/blog\/wp-json\/wp\/v2\/media?parent=684"}],"wp:term":[{"taxonomy":"category","embeddable":true,"href":"https:\/\/www.vacalia.com\/blog\/wp-json\/wp\/v2\/categories?post=684"},{"taxonomy":"post_tag","embeddable":true,"href":"https:\/\/www.vacalia.com\/blog\/wp-json\/wp\/v2\/tags?post=684"}],"curies":[{"name":"wp","href":"https:\/\/api.w.org\/{rel}","templated":true}]}}