{"id":6859,"date":"2025-01-14T12:30:53","date_gmt":"2025-01-14T11:30:53","guid":{"rendered":"https:\/\/www.vacalia.com\/blog\/?p=6859"},"modified":"2025-01-14T12:31:25","modified_gmt":"2025-01-14T11:31:25","slug":"que-es-etias-como-afectara-a-los-viajeros","status":"publish","type":"post","link":"https:\/\/www.vacalia.com\/blog\/es\/que-es-etias-como-afectara-a-los-viajeros\/","title":{"rendered":"\u00bfQu\u00e9 es ETIAS y c\u00f3mo afectar\u00e1 a los viajeros que visitan Europa?"},"content":{"rendered":"\n<p>La llegada de <strong><a href=\"https:\/\/travel-europe.europa.eu\/etias_en?prefLang=es\" target=\"_blank\" rel=\"noreferrer noopener\">ETIAS<\/a><\/strong> (Sistema Europeo de Informaci\u00f3n y Autorizaci\u00f3n de Viajes) representa un cambio significativo en la manera en que los viajeros visitan Europa. Este sistema tiene como objetivo mejorar la seguridad y simplificar el proceso de entrada para aquellos que llegan de pa\u00edses exentos de visa.&nbsp;<\/p>\n\n\n\n<h6 class=\"wp-block-heading\"><strong>\u00bfQu\u00e9 es ETIAS?<\/strong><\/h6>\n\n\n\n<p>ETIAS es un sistema creado por la Uni\u00f3n Europea para regular la entrada de ciudadanos de pa\u00edses que no requieren visa que visiten cualquiera de los 30 pa\u00edses de la Uni\u00f3n Europea (UE) y del Espacio Schengen. Su prop\u00f3sito principal es recopilar informaci\u00f3n sobre los viajeros antes de que lleguen a Europa, permitiendo una evaluaci\u00f3n de riesgos que ayude a prevenir amenazas a la seguridad.<\/p>\n\n\n\n<p>Adem\u00e1s, ETIAS no solo tiene como objetivo la seguridad, sino que tambi\u00e9n busca mejorar la experiencia de los viajeros. Al realizar una evaluaci\u00f3n previa, se espera que se reduzcan los tiempos de espera en los controles de frontera, permitiendo que los visitantes disfruten de su viaje sin contratiempos.<\/p>\n\n\n\n<p>Es importante mencionar que la implementaci\u00f3n de ETIAS tambi\u00e9n implica un compromiso con la protecci\u00f3n de datos personales. La Uni\u00f3n Europea ha establecido regulaciones estrictas sobre c\u00f3mo se manejar\u00e1 y almacenar\u00e1 la informaci\u00f3n recopilada. Los viajeros pueden estar seguros de que sus datos estar\u00e1n protegidos y que solo se utilizar\u00e1n para los fines establecidos por el sistema.<\/p>\n\n\n<div class=\"wp-block-image\">\n<figure class=\"aligncenter size-large is-resized\"><img fetchpriority=\"high\" decoding=\"async\" width=\"681\" height=\"1024\" src=\"https:\/\/www.vacalia.com\/blog\/wp-content\/uploads\/2025\/01\/Travelers-Contemplation-at-Sunset-681x1024.jpeg\" alt=\"\" class=\"wp-image-6860\" style=\"width:278px;height:auto\" srcset=\"https:\/\/www.vacalia.com\/blog\/wp-content\/uploads\/2025\/01\/Travelers-Contemplation-at-Sunset-681x1024.jpeg 681w, https:\/\/www.vacalia.com\/blog\/wp-content\/uploads\/2025\/01\/Travelers-Contemplation-at-Sunset-200x300.jpeg 200w, https:\/\/www.vacalia.com\/blog\/wp-content\/uploads\/2025\/01\/Travelers-Contemplation-at-Sunset-768x1154.jpeg 768w, https:\/\/www.vacalia.com\/blog\/wp-content\/uploads\/2025\/01\/Travelers-Contemplation-at-Sunset-1022x1536.jpeg 1022w, https:\/\/www.vacalia.com\/blog\/wp-content\/uploads\/2025\/01\/Travelers-Contemplation-at-Sunset-370x556.jpeg 370w, https:\/\/www.vacalia.com\/blog\/wp-content\/uploads\/2025\/01\/Travelers-Contemplation-at-Sunset-770x1157.jpeg 770w, https:\/\/www.vacalia.com\/blog\/wp-content\/uploads\/2025\/01\/Travelers-Contemplation-at-Sunset.jpeg 1277w\" sizes=\"(max-width: 767px) 100vw, 681px\" \/><\/figure><\/div>\n\n\n<h6 class=\"wp-block-heading\"><strong>\u00bfQui\u00e9n necesita ETIAS?<\/strong><\/h6>\n\n\n\n<p>ETIAS se aplicar\u00e1 a los ciudadanos de m\u00e1s de 60 pa\u00edses que actualmente pueden entrar en Europa sin necesidad de una visa. Esto incluye naciones como Reino Unido, Canad\u00e1, Australia, Jap\u00f3n, entre otros. Es importante destacar que quienes ya poseen una visa v\u00e1lida para el espacio Schengen no necesitan solicitar ETIAS, ya que sus requisitos de entrada son diferentes.<\/p>\n\n\n<div class=\"bannerBlog\"><div class=\"new-card-houses\">\n    <div class=\"likeOut likeDivOut\" style=\"display:none\">\n        <a data-id=\"3330\" class=\"likeOut_button_red likeBtnFav\"\n            aria-label=\"Megusta Vacalia\"><\/a>\n    <\/div>\n    <figure>\n        <img loading=\"lazy\" decoding=\"async\" \n            loading=\"lazy\" width=\"301\" height=\"200\"\n            src=\"\/\/media.vacalia.com\/photo\/reformatwebpfolder\/350\/200\/3330\/thumb-middle\/3330_029735bc1d7af0277ce314ce2b3e19a5.webp?v=21092023\"\n            alt=\"Es cocons - Alquiler vacacional en Sineu\"\/>\n                                                                        <div class=\"circleDiscount\">-7%<\/div>\n                        <\/figure>\n    <p itemprop=\"address\"><i class=\"ico-marker\"><\/i>Sineu, Mallorca<\/p>\n    <h3 itemprop=\"name\">Es cocons<\/h3>\n    <ul class=\"icon_list inline_list\">\n                              <li class=\"ico-pool\" title=\"Piscina\">\n              <span itemprop=\"amenityFeature\">Piscina<\/span>\n            <\/li>\n                      <li class=\"ico-airConditioning\" title=\"Aire Acondicionado\">\n              <span itemprop=\"amenityFeature\">Aire Acondicionado<\/span>\n            <\/li>\n                      <li class=\"ico-wifi\" title=\"Wifi\">\n              <span itemprop=\"amenityFeature\">Wifi<\/span>\n            <\/li>\n                          <li class=\"ico-guests\" title=\"Para 6 hu\u00e9spedes en Sineu.\">\n          <span itemprop=\"occupancy\">6<\/span>\n        <\/li>\n    <\/ul>\n            <span class=\"price\">Desde 186\u20ac \/ noche<\/span>\n                <a itemprop=\"url\" class=\"anchor\" href=\"https:\/\/www.vacalia.com\/es\/villa-es-cocons-sineu-h23358\" aria-label=\"Es cocons\"><\/a>\n<\/div><div class=\"new-card-houses\">\n    <div class=\"likeOut likeDivOut\" style=\"display:none\">\n        <a data-id=\"2776\" class=\"likeOut_button_red likeBtnFav\"\n            aria-label=\"Megusta Vacalia\"><\/a>\n    <\/div>\n    <figure>\n        <img loading=\"lazy\" decoding=\"async\" \n            loading=\"lazy\" width=\"301\" height=\"200\"\n            src=\"\/\/media.vacalia.com\/photo\/reformatwebpfolder\/350\/200\/2776\/thumb-middle\/2776_c6faf7e48f3eb8075b5cbfc4d98db4bf.webp?v=21092023\"\n            alt=\"Alejandrita - Alquiler vacacional en Grau i Platja\"\/>\n                                                                        <div class=\"circleDiscount\">-10%<\/div>\n                        <\/figure>\n    <p itemprop=\"address\"><i class=\"ico-marker\"><\/i>Grau i Platja, Valencia<\/p>\n    <h3 itemprop=\"name\">Alejandrita<\/h3>\n    <ul class=\"icon_list inline_list\">\n                              <li class=\"ico-pool\" title=\"Piscina\">\n              <span itemprop=\"amenityFeature\">Piscina<\/span>\n            <\/li>\n                      <li class=\"ico-airConditioning\" title=\"Aire Acondicionado\">\n              <span itemprop=\"amenityFeature\">Aire Acondicionado<\/span>\n            <\/li>\n                      <li class=\"ico-wifi\" title=\"Wifi\">\n              <span itemprop=\"amenityFeature\">Wifi<\/span>\n            <\/li>\n                      <li class=\"ico-pets\" title=\"Mascotas\">\n              <span itemprop=\"amenityFeature\">Mascotas<\/span>\n            <\/li>\n                          <li class=\"ico-guests\" title=\"Para 4 hu\u00e9spedes en Grau I Platja.\">\n          <span itemprop=\"occupancy\">4<\/span>\n        <\/li>\n    <\/ul>\n            <span class=\"price\">Desde 75\u20ac \/ noche<\/span>\n                <a itemprop=\"url\" class=\"anchor\" href=\"https:\/\/www.vacalia.com\/es\/apartamento-alejandrita-gandia-h19172\" aria-label=\"Alejandrita\"><\/a>\n<\/div><\/div>\n\n\n\n<h6 class=\"wp-block-heading\"><strong>\u00bfC\u00f3mo se solicita ETIAS?<\/strong><\/h6>\n\n\n\n<p>La solicitud de ETIAS se llevar\u00e1 a cabo a trav\u00e9s de una plataforma en l\u00ednea. Los viajeros tendr\u00e1n que rellenar un formulario con informaci\u00f3n personal, que incluye su nombre, nacionalidad, n\u00famero de pasaporte, as\u00ed como detalles sobre su itinerario de viaje y su duraci\u00f3n en Europa.<\/p>\n\n\n\n<p>Una vez presentada la solicitud, el sistema procesar\u00e1 los datos autom\u00e1ticamente. En la mayor\u00eda de los casos, la respuesta se proporcionar\u00e1 en cuesti\u00f3n de minutos. Sin embargo, es recomendable que los viajeros inicien el proceso al menos 72 horas antes de su viaje para evitar cualquier contratiempo que pueda surgir.<\/p>\n\n\n<div class=\"wp-block-image\">\n<figure class=\"aligncenter size-large is-resized\"><img decoding=\"async\" width=\"1024\" height=\"594\" src=\"https:\/\/www.vacalia.com\/blog\/wp-content\/uploads\/2025\/01\/nicole-geri-gMJ3tFOLvnA-unsplash-1024x594.jpg\" alt=\"\" class=\"wp-image-6861\" style=\"width:474px;height:auto\" srcset=\"https:\/\/www.vacalia.com\/blog\/wp-content\/uploads\/2025\/01\/nicole-geri-gMJ3tFOLvnA-unsplash-1024x594.jpg 1024w, https:\/\/www.vacalia.com\/blog\/wp-content\/uploads\/2025\/01\/nicole-geri-gMJ3tFOLvnA-unsplash-300x174.jpg 300w, https:\/\/www.vacalia.com\/blog\/wp-content\/uploads\/2025\/01\/nicole-geri-gMJ3tFOLvnA-unsplash-768x445.jpg 768w, https:\/\/www.vacalia.com\/blog\/wp-content\/uploads\/2025\/01\/nicole-geri-gMJ3tFOLvnA-unsplash-1536x891.jpg 1536w, https:\/\/www.vacalia.com\/blog\/wp-content\/uploads\/2025\/01\/nicole-geri-gMJ3tFOLvnA-unsplash-2048x1188.jpg 2048w, https:\/\/www.vacalia.com\/blog\/wp-content\/uploads\/2025\/01\/nicole-geri-gMJ3tFOLvnA-unsplash-370x215.jpg 370w, https:\/\/www.vacalia.com\/blog\/wp-content\/uploads\/2025\/01\/nicole-geri-gMJ3tFOLvnA-unsplash-770x447.jpg 770w\" sizes=\"(max-width: 1024px) 100vw, 1024px\" \/><\/figure><\/div>\n\n\n<h6 class=\"wp-block-heading\"><strong>Duraci\u00f3n, validez y coste de un ETIAS<\/strong><\/h6>\n\n\n\n<p>La autorizaci\u00f3n ETIAS tendr\u00e1 una validez de tres a\u00f1os, o hasta que el pasaporte del viajero expire, lo que ocurra primero. Esto significa que los viajeros que obtengan su autorizaci\u00f3n podr\u00e1n realizar m\u00faltiples viajes a Europa durante este per\u00edodo, siempre que sus estancias cumplan con los requisitos establecidos por el espacio Schengen.<\/p>\n\n\n\n<p>Es importante mencionar que, aunque la autorizaci\u00f3n sea v\u00e1lida por un tiempo prolongado, los viajeros deber\u00e1n todav\u00eda cumplir con las leyes de entrada de cada pa\u00eds europeo, incluyendo la duraci\u00f3n m\u00e1xima de estancia. Generalmente, los ciudadanos de los pa\u00edses exentos de visa pueden permanecer en el espacio Schengen por hasta 90 d\u00edas en un per\u00edodo de 180 d\u00edas.<\/p>\n\n\n\n<p>El costo de tramitar el ETIAS ser\u00e1 de tan solo 7 euros, una tarifa accesible en comparaci\u00f3n con sistemas similares en otros pa\u00edses. Adem\u00e1s, esta autorizaci\u00f3n ser\u00e1 completamente gratuita para menores de 18 a\u00f1os y mayores de 71 a\u00f1os. Aunque el precio es bajo, es crucial que los viajeros realicen el tr\u00e1mite exclusivamente a trav\u00e9s del sitio web oficial, ya que existen plataformas no oficiales que podr\u00edan cobrar tarifas excesivas o incluso comprometer la seguridad de tu informaci\u00f3n personal.<\/p>\n\n\n<div class=\"bannerBlog\"><div class=\"new-card-houses\">\n    <div class=\"likeOut likeDivOut\" style=\"display:none\">\n        <a data-id=\"1894\" class=\"likeOut_button_red likeBtnFav\"\n            aria-label=\"Megusta Vacalia\"><\/a>\n    <\/div>\n    <figure>\n        <img loading=\"lazy\" decoding=\"async\" \n            loading=\"lazy\" width=\"301\" height=\"200\"\n            src=\"\/\/media.vacalia.com\/photo\/reformatwebpfolder\/350\/200\/1894\/thumb-middle\/1894_fdbf728a977e419b35adb2615a396420.webp?v=21092023\"\n            alt=\"Sa cova (cova de rotana) - Alquiler vacacional en Manacor\"\/>\n                                                                        <div class=\"circleDiscount\">-7%<\/div>\n                        <\/figure>\n    <p itemprop=\"address\"><i class=\"ico-marker\"><\/i>Manacor, Mallorca<\/p>\n    <h3 itemprop=\"name\">Sa cova (cova de rotana)<\/h3>\n    <ul class=\"icon_list inline_list\">\n                              <li class=\"ico-pool\" title=\"Piscina\">\n              <span itemprop=\"amenityFeature\">Piscina<\/span>\n            <\/li>\n                      <li class=\"ico-airConditioning\" title=\"Aire Acondicionado\">\n              <span itemprop=\"amenityFeature\">Aire Acondicionado<\/span>\n            <\/li>\n                      <li class=\"ico-wifi\" title=\"Wifi\">\n              <span itemprop=\"amenityFeature\">Wifi<\/span>\n            <\/li>\n                      <li class=\"ico-pets\" title=\"Mascotas\">\n              <span itemprop=\"amenityFeature\">Mascotas<\/span>\n            <\/li>\n                          <li class=\"ico-guests\" title=\"Para 6 hu\u00e9spedes en Manacor.\">\n          <span itemprop=\"occupancy\">6<\/span>\n        <\/li>\n    <\/ul>\n            <span class=\"price\">Desde 128\u20ac \/ noche<\/span>\n                <a itemprop=\"url\" class=\"anchor\" href=\"https:\/\/www.vacalia.com\/es\/villa-sa-cova-cova-de-rotana-manacor-h17117\" aria-label=\"Sa cova (cova de rotana)\"><\/a>\n<\/div><div class=\"new-card-houses\">\n    <div class=\"likeOut likeDivOut\" style=\"display:none\">\n        <a data-id=\"1665\" class=\"likeOut_button_red likeBtnFav\"\n            aria-label=\"Megusta Vacalia\"><\/a>\n    <\/div>\n    <figure>\n        <img loading=\"lazy\" decoding=\"async\" \n            loading=\"lazy\" width=\"301\" height=\"200\"\n            src=\"\/\/media.vacalia.com\/photo\/reformatwebpfolder\/350\/200\/1665\/thumb-middle\/1665_0110f0ff7fa09448a74e633c7279d140.webp?v=21092023\"\n            alt=\"Villa sa fonera - Alquiler vacacional en Maria de la Salut\"\/>\n                                                                        <div class=\"circleDiscount\">-3%<\/div>\n                        <\/figure>\n    <p itemprop=\"address\"><i class=\"ico-marker\"><\/i>Maria de la Salut, Mallorca<\/p>\n    <h3 itemprop=\"name\">Villa sa fonera<\/h3>\n    <ul class=\"icon_list inline_list\">\n                              <li class=\"ico-pool\" title=\"Piscina\">\n              <span itemprop=\"amenityFeature\">Piscina<\/span>\n            <\/li>\n                      <li class=\"ico-airConditioning\" title=\"Aire Acondicionado\">\n              <span itemprop=\"amenityFeature\">Aire Acondicionado<\/span>\n            <\/li>\n                      <li class=\"ico-wifi\" title=\"Wifi\">\n              <span itemprop=\"amenityFeature\">Wifi<\/span>\n            <\/li>\n                          <li class=\"ico-guests\" title=\"Para 4 hu\u00e9spedes en Maria De La Salut.\">\n          <span itemprop=\"occupancy\">4<\/span>\n        <\/li>\n    <\/ul>\n            <span class=\"price\">Desde 145\u20ac \/ noche<\/span>\n                <a itemprop=\"url\" class=\"anchor\" href=\"https:\/\/www.vacalia.com\/es\/villa-villa-sa-fonera-maria-de-la-salut-h16664\" aria-label=\"Villa sa fonera\"><\/a>\n<\/div><\/div>\n","protected":false},"excerpt":{"rendered":"<p>La llegada de ETIAS (Sistema Europeo de Informaci\u00f3n y Autorizaci\u00f3n de Viajes) representa un cambio significativo en la manera en que los viajeros visitan Europa. Este sistema tiene como objetivo&hellip;<\/p>\n","protected":false},"author":1,"featured_media":6862,"comment_status":"closed","ping_status":"open","sticky":false,"template":"","format":"standard","meta":{"_monsterinsights_skip_tracking":false,"_monsterinsights_sitenote_active":false,"_monsterinsights_sitenote_note":"","_monsterinsights_sitenote_category":0,"footnotes":""},"categories":[1],"tags":[],"class_list":["post-6859","post","type-post","status-publish","format-standard","has-post-thumbnail","hentry","category-general-es"],"_links":{"self":[{"href":"https:\/\/www.vacalia.com\/blog\/wp-json\/wp\/v2\/posts\/6859"}],"collection":[{"href":"https:\/\/www.vacalia.com\/blog\/wp-json\/wp\/v2\/posts"}],"about":[{"href":"https:\/\/www.vacalia.com\/blog\/wp-json\/wp\/v2\/types\/post"}],"author":[{"embeddable":true,"href":"https:\/\/www.vacalia.com\/blog\/wp-json\/wp\/v2\/users\/1"}],"replies":[{"embeddable":true,"href":"https:\/\/www.vacalia.com\/blog\/wp-json\/wp\/v2\/comments?post=6859"}],"version-history":[{"count":3,"href":"https:\/\/www.vacalia.com\/blog\/wp-json\/wp\/v2\/posts\/6859\/revisions"}],"predecessor-version":[{"id":6872,"href":"https:\/\/www.vacalia.com\/blog\/wp-json\/wp\/v2\/posts\/6859\/revisions\/6872"}],"wp:featuredmedia":[{"embeddable":true,"href":"https:\/\/www.vacalia.com\/blog\/wp-json\/wp\/v2\/media\/6862"}],"wp:attachment":[{"href":"https:\/\/www.vacalia.com\/blog\/wp-json\/wp\/v2\/media?parent=6859"}],"wp:term":[{"taxonomy":"category","embeddable":true,"href":"https:\/\/www.vacalia.com\/blog\/wp-json\/wp\/v2\/categories?post=6859"},{"taxonomy":"post_tag","embeddable":true,"href":"https:\/\/www.vacalia.com\/blog\/wp-json\/wp\/v2\/tags?post=6859"}],"curies":[{"name":"wp","href":"https:\/\/api.w.org\/{rel}","templated":true}]}}