{"id":6936,"date":"2025-02-14T11:51:00","date_gmt":"2025-02-14T10:51:00","guid":{"rendered":"https:\/\/www.vacalia.com\/blog\/?p=6936"},"modified":"2025-02-14T11:51:05","modified_gmt":"2025-02-14T10:51:05","slug":"dia-de-las-islas-baleares","status":"publish","type":"post","link":"https:\/\/www.vacalia.com\/blog\/es\/dia-de-las-islas-baleares\/","title":{"rendered":"D\u00eda de las Islas Baleares"},"content":{"rendered":"\n<p>El 1 de marzo es una fecha especial en las Islas Baleares. No es solo una fecha en el calendario, sino una celebraci\u00f3n de todo lo que hace \u00fanico a este archipi\u00e9lago. <strong><a href=\"https:\/\/www.vacalia.com\/es\/alojamiento-vacacional-mallorca\" target=\"_blank\" rel=\"noreferrer noopener\">Mallorca<\/a><\/strong>, <strong><a href=\"https:\/\/www.vacalia.com\/es\/alojamiento-vacacional-menorca\" target=\"_blank\" rel=\"noreferrer noopener\">Menorca<\/a><\/strong>, <strong><a href=\"https:\/\/www.vacalia.com\/es\/alojamiento-vacacional-ibiza\" target=\"_blank\" rel=\"noreferrer noopener\">Ibiza<\/a><\/strong> y <strong><a href=\"https:\/\/www.vacalia.com\/es\/alquiler-vacacional-formentera\" target=\"_blank\" rel=\"noreferrer noopener\">Formentera<\/a><\/strong> se visten de fiesta para conmemorar el D\u00eda de las Islas Baleares, una celebraci\u00f3n que va mucho m\u00e1s all\u00e1 de un d\u00eda festivo. Se trata de una oportunidad para conectar con la historia, la cultura y las tradiciones que han dado forma a estas islas mediterr\u00e1neas. Desde 1983, esta fecha conmemora la firma del Estatuto de Autonom\u00eda y nos invita a disfrutar y valorar la esencia de un lugar lleno de vida, identidad y patrimonio.<\/p>\n\n\n\n<h6 class=\"wp-block-heading\"><strong>La Historia detr\u00e1s del D\u00eda de las Islas Baleares<\/strong><\/h6>\n\n\n\n<p>El D\u00eda de las Islas Baleares tiene sus ra\u00edces en la historia reciente del archipi\u00e9lago. El 1 de marzo de 1983, se firm\u00f3 el Estatuto de Autonom\u00eda, un hito que marc\u00f3 el inicio de una nueva etapa para Mallorca, Menorca, Ibiza y Formentera. Este documento, renovado en 2007, no solo otorg\u00f3 a las islas un mayor autogobierno, sino que tambi\u00e9n reforz\u00f3 su identidad cultural.<\/p>\n\n\n\n<p>La autonom\u00eda ha permitido a las Baleares preservar y promover sus tradiciones, idioma y costumbres, elementos que hoy en d\u00eda son parte fundamental de su atractivo tur\u00edstico. El D\u00eda de las Islas Baleares es, por tanto, una celebraci\u00f3n de la diversidad y la unidad de un archipi\u00e9lago que, a pesar de sus diferencias, comparte una historia y una cultura comunes.<\/p>\n\n\n<div class=\"bannerBlog\"><div class=\"new-card-houses\">\n    <div class=\"likeOut likeDivOut\" style=\"display:none\">\n        <a data-id=\"2877\" class=\"likeOut_button_red likeBtnFav\"\n            aria-label=\"Megusta Vacalia\"><\/a>\n    <\/div>\n    <figure>\n        <img loading=\"lazy\" decoding=\"async\" \n            loading=\"lazy\" width=\"301\" height=\"200\"\n            src=\"\/\/media.vacalia.com\/photo\/reformatwebpfolder\/350\/200\/2877\/thumb-middle\/2877_53b52fbbdf5abb2f19a1daf6fadab1e7.webp?v=21092023\"\n            alt=\"Es pont den teulari nou - Alquiler vacacional en Manacor\"\/>\n                                                                        <div class=\"circleDiscount\">-1%<\/div>\n                        <\/figure>\n    <p itemprop=\"address\"><i class=\"ico-marker\"><\/i>Manacor, Mallorca<\/p>\n    <h3 itemprop=\"name\">Es pont den teulari nou<\/h3>\n    <ul class=\"icon_list inline_list\">\n                              <li class=\"ico-pool\" title=\"Piscina\">\n              <span itemprop=\"amenityFeature\">Piscina<\/span>\n            <\/li>\n                      <li class=\"ico-airConditioning\" title=\"Aire Acondicionado\">\n              <span itemprop=\"amenityFeature\">Aire Acondicionado<\/span>\n            <\/li>\n                      <li class=\"ico-wifi\" title=\"Wifi\">\n              <span itemprop=\"amenityFeature\">Wifi<\/span>\n            <\/li>\n                          <li class=\"ico-guests\" title=\"Para 6 hu\u00e9spedes en Manacor.\">\n          <span itemprop=\"occupancy\">6<\/span>\n        <\/li>\n    <\/ul>\n            <span class=\"price\">Desde 177\u20ac \/ noche<\/span>\n                <a itemprop=\"url\" class=\"anchor\" href=\"https:\/\/www.vacalia.com\/es\/villa-es-pont-den-teulari-nou-manacor-h19799\" aria-label=\"Es pont den teulari nou\"><\/a>\n<\/div><div class=\"new-card-houses\">\n    <div class=\"likeOut likeDivOut\" style=\"display:none\">\n        <a data-id=\"5655\" class=\"likeOut_button_red likeBtnFav\"\n            aria-label=\"Megusta Vacalia\"><\/a>\n    <\/div>\n    <figure>\n        <img loading=\"lazy\" decoding=\"async\" \n            loading=\"lazy\" width=\"301\" height=\"200\"\n            src=\"\/\/media.vacalia.com\/photo\/reformatwebpfolder\/350\/200\/5655\/thumb-middle\/5655_ee709e9197d8503f98f4c1834c04b0df.webp?v=21092023\"\n            alt=\"Can somni - Alquiler vacacional en ses Salines\"\/>\n                                                                        <div class=\"circleDiscount\">-29%<\/div>\n                        <\/figure>\n    <p itemprop=\"address\"><i class=\"ico-marker\"><\/i>ses Salines, Mallorca<\/p>\n    <h3 itemprop=\"name\">Can somni<\/h3>\n    <ul class=\"icon_list inline_list\">\n                              <li class=\"ico-pool\" title=\"Piscina\">\n              <span itemprop=\"amenityFeature\">Piscina<\/span>\n            <\/li>\n                      <li class=\"ico-airConditioning\" title=\"Aire Acondicionado\">\n              <span itemprop=\"amenityFeature\">Aire Acondicionado<\/span>\n            <\/li>\n                      <li class=\"ico-wifi\" title=\"Wifi\">\n              <span itemprop=\"amenityFeature\">Wifi<\/span>\n            <\/li>\n                          <li class=\"ico-guests\" title=\"Para 9 hu\u00e9spedes en Ses Salines.\">\n          <span itemprop=\"occupancy\">9<\/span>\n        <\/li>\n    <\/ul>\n            <span class=\"price\">Desde 182\u20ac \/ noche<\/span>\n                <a itemprop=\"url\" class=\"anchor\" href=\"https:\/\/www.vacalia.com\/es\/villa-can-somni-ses-salines-h32137\" aria-label=\"Can somni\"><\/a>\n<\/div><\/div>\n\n\n\n<h6 class=\"wp-block-heading\"><strong>C\u00f3mo se celebra en las cuatro islas <\/strong><\/h6>\n\n\n\n<p>El D\u00eda de las Islas Baleares ofrece una oportunidad \u00fanica para descubrir los edificios oficiales, museos y lugares m\u00e1s emblem\u00e1ticos del archipi\u00e9lago. Durante aproximadamente 15 d\u00edas, muchos de estos espacios celebran jornadas de puertas abiertas, permitiendo a los visitantes explorar y disfrutar de su valioso patrimonio.<\/p>\n\n\n\n<p>Cada una de las islas que conforman el archipi\u00e9lago balear tiene su propia manera de celebrar esta festividad. Aunque todas comparten un esp\u00edritu com\u00fan, las tradiciones y eventos var\u00edan, ofreciendo una experiencia \u00fanica en cada destino.<\/p>\n\n\n\n<ul class=\"wp-block-list\">\n<li><strong>Mallorca: <\/strong>La isla m\u00e1s grande del archipi\u00e9lago, es el epicentro de las celebraciones. En Palma, su capital, las calles se llenan de vida con ferias gastron\u00f3micas donde se pueden degustar platos t\u00edpicos como la sobrasada, la ensaimada y el tumbet. El programa de actividades incluye numerosas exposiciones, as\u00ed como eventos art\u00edsticos y deportivos.<br>Adem\u00e1s, no hay que perderse la oportunidad de visitar algunos de los monumentos m\u00e1s emblem\u00e1ticos de la isla, como la Catedral de Santa Mar\u00eda de Palma (conocida como La Seu) o el Castillo de Bellver, que suelen ofrecer visitas guiadas especiales durante esta fecha.<\/li>\n<\/ul>\n\n\n<div class=\"wp-block-image\">\n<figure class=\"aligncenter size-full\"><img fetchpriority=\"high\" decoding=\"async\" width=\"670\" height=\"300\" src=\"https:\/\/www.vacalia.com\/blog\/wp-content\/uploads\/2025\/02\/dia-de-islas-baleares-mallorca.jpg\" alt=\"D\u00eda de las Islas Baleares en Mallorca\" class=\"wp-image-6940\" srcset=\"https:\/\/www.vacalia.com\/blog\/wp-content\/uploads\/2025\/02\/dia-de-islas-baleares-mallorca.jpg 670w, https:\/\/www.vacalia.com\/blog\/wp-content\/uploads\/2025\/02\/dia-de-islas-baleares-mallorca-300x134.jpg 300w, https:\/\/www.vacalia.com\/blog\/wp-content\/uploads\/2025\/02\/dia-de-islas-baleares-mallorca-370x166.jpg 370w\" sizes=\"(max-width: 767px) 100vw, 670px\" \/><figcaption class=\"wp-element-caption\">D\u00eda de las Islas Baleares en Mallorca<\/figcaption><\/figure><\/div>\n\n\n<ul class=\"wp-block-list\">\n<li><strong>Menorca: <\/strong>Declarada Reserva de la Biosfera por la UNESCO, celebra el D\u00eda de las Islas Baleares con un enfoque en su rica herencia cultural y su entorno natural. Los mercados artesanales son una parada obligada, donde se pueden encontrar productos locales como el queso de Mah\u00f3n, calzado tradicional y joyer\u00eda artesanal. Uno de los eventos m\u00e1s destacados son los espect\u00e1culos ecuestres, que rinden homenaje a la profunda conexi\u00f3n de Menorca con los caballos. Adem\u00e1s, las fiestas tradicionales, con m\u00fasica y bailes t\u00edpicos, ofrecen una visi\u00f3n aut\u00e9ntica de la vida en la isla.<\/li>\n<\/ul>\n\n\n<div class=\"bannerBlog\"><div class=\"new-card-houses\">\n    <div class=\"likeOut likeDivOut\" style=\"display:none\">\n        <a data-id=\"3660\" class=\"likeOut_button_red likeBtnFav\"\n            aria-label=\"Megusta Vacalia\"><\/a>\n    <\/div>\n    <figure>\n        <img loading=\"lazy\" decoding=\"async\" \n            loading=\"lazy\" width=\"301\" height=\"200\"\n            src=\"\/\/media.vacalia.com\/photo\/reformatwebpfolder\/350\/200\/3660\/thumb-middle\/3660_34d5cbb486f66f2fe2ec5b94b798bee6.webp?v=21092023\"\n            alt=\"Villa binimigi - Alquiler vacacional en Platja de Binisaf\u00faller\"\/>\n                                                                        <div class=\"circleDiscount\">-9%<\/div>\n                        <\/figure>\n    <p itemprop=\"address\"><i class=\"ico-marker\"><\/i>Platja de Binisaf\u00faller, Menorca<\/p>\n    <h3 itemprop=\"name\">Villa binimigi<\/h3>\n    <ul class=\"icon_list inline_list\">\n                              <li class=\"ico-pool\" title=\"Piscina\">\n              <span itemprop=\"amenityFeature\">Piscina<\/span>\n            <\/li>\n                      <li class=\"ico-airConditioning\" title=\"Aire Acondicionado\">\n              <span itemprop=\"amenityFeature\">Aire Acondicionado<\/span>\n            <\/li>\n                      <li class=\"ico-wifi\" title=\"Wifi\">\n              <span itemprop=\"amenityFeature\">Wifi<\/span>\n            <\/li>\n                      <li class=\"ico-views\" title=\"Vistas\">\n              <span itemprop=\"amenityFeature\">Vistas<\/span>\n            <\/li>\n                          <li class=\"ico-guests\" title=\"Para 8 hu\u00e9spedes en Platja De Binisaf\u00faller.\">\n          <span itemprop=\"occupancy\">8<\/span>\n        <\/li>\n    <\/ul>\n            <span class=\"price\">Desde 280\u20ac \/ noche<\/span>\n                <a itemprop=\"url\" class=\"anchor\" href=\"https:\/\/www.vacalia.com\/es\/villa-villa-binimigi-sant-lluis-h24635\" aria-label=\"Villa binimigi\"><\/a>\n<\/div><div class=\"new-card-houses\">\n    <div class=\"likeOut likeDivOut\" style=\"display:none\">\n        <a data-id=\"4657\" class=\"likeOut_button_red likeBtnFav\"\n            aria-label=\"Megusta Vacalia\"><\/a>\n    <\/div>\n    <figure>\n        <img loading=\"lazy\" decoding=\"async\" \n            loading=\"lazy\" width=\"301\" height=\"200\"\n            src=\"\/\/media.vacalia.com\/photo\/reformatwebpfolder\/350\/200\/4657\/thumb-middle\/4657_c0fa4dc50f952321feb661fe387073fb.webp?v=21092023\"\n            alt=\"Villa gaudina - Alquiler vacacional en Sant Llu\u00eds\"\/>\n                                                                        <div class=\"circleDiscount\">-29%<\/div>\n                        <\/figure>\n    <p itemprop=\"address\"><i class=\"ico-marker\"><\/i>Sant Llu\u00eds, Menorca<\/p>\n    <h3 itemprop=\"name\">Villa gaudina<\/h3>\n    <ul class=\"icon_list inline_list\">\n                              <li class=\"ico-pool\" title=\"Piscina\">\n              <span itemprop=\"amenityFeature\">Piscina<\/span>\n            <\/li>\n                      <li class=\"ico-airConditioning\" title=\"Aire Acondicionado\">\n              <span itemprop=\"amenityFeature\">Aire Acondicionado<\/span>\n            <\/li>\n                      <li class=\"ico-wifi\" title=\"Wifi\">\n              <span itemprop=\"amenityFeature\">Wifi<\/span>\n            <\/li>\n                      <li class=\"ico-views\" title=\"Vistas\">\n              <span itemprop=\"amenityFeature\">Vistas<\/span>\n            <\/li>\n                          <li class=\"ico-guests\" title=\"Para 12 hu\u00e9spedes en Sant Llu\u00eds.\">\n          <span itemprop=\"occupancy\">12<\/span>\n        <\/li>\n    <\/ul>\n            <span class=\"price\">Desde 464\u20ac \/ noche<\/span>\n                <a itemprop=\"url\" class=\"anchor\" href=\"https:\/\/www.vacalia.com\/es\/villa-villa-gaudina-sant-lluis-h27047\" aria-label=\"Villa gaudina\"><\/a>\n<\/div><\/div>\n\n\n\n<ul class=\"wp-block-list\">\n<li><strong>Ibiza: <\/strong>Conocida mundialmente por su vida nocturna, muestra durante el D\u00eda de las Islas Baleares su faceta m\u00e1s cultural. En Dalt Vila, el casco antiguo amurallado de la ciudad de Ibiza, se organizan eventos culturales que incluyen exposiciones, conciertos y talleres. Los mercados hippies, una herencia de los a\u00f1os 60, son otra atracci\u00f3n imprescindible, donde se pueden encontrar ropa, artesan\u00edas y productos ecol\u00f3gicos. Para los amantes del deporte, la isla ofrece actividades como competiciones ecuestres y regatas de vela, que permiten disfrutar de sus impresionantes paisajes costeros.<\/li>\n<\/ul>\n\n\n<div class=\"wp-block-image\">\n<figure class=\"aligncenter size-full\"><img decoding=\"async\" width=\"670\" height=\"300\" src=\"https:\/\/www.vacalia.com\/blog\/wp-content\/uploads\/2025\/02\/dia-de-islas-baleares-ibiza.jpg\" alt=\"D\u00eda de las Islas Baleares en Ibiza\" class=\"wp-image-6939\" srcset=\"https:\/\/www.vacalia.com\/blog\/wp-content\/uploads\/2025\/02\/dia-de-islas-baleares-ibiza.jpg 670w, https:\/\/www.vacalia.com\/blog\/wp-content\/uploads\/2025\/02\/dia-de-islas-baleares-ibiza-300x134.jpg 300w, https:\/\/www.vacalia.com\/blog\/wp-content\/uploads\/2025\/02\/dia-de-islas-baleares-ibiza-370x166.jpg 370w\" sizes=\"(max-width: 767px) 100vw, 670px\" \/><figcaption class=\"wp-element-caption\">D\u00eda de las Islas Baleares en Ibiza<\/figcaption><\/figure><\/div>\n\n\n<ul class=\"wp-block-list\">\n<li><strong>Formentera: <\/strong>La m\u00e1s peque\u00f1a de las islas Baleares, celebra la festividad con un ambiente m\u00e1s relajado y familiar. Las jornadas de puertas abiertas en museos y centros culturales son una excelente manera de conocer la historia y las tradiciones de la isla. Adem\u00e1s, destacan los eventos deportivos, como carreras populares y torneos de baloncesto.<\/li>\n<\/ul>\n\n\n\n<p><\/p>\n\n\n\n<h6 class=\"wp-block-heading\"><strong>C\u00f3mo moverse entre las Islas Baleares<\/strong><\/h6>\n\n\n\n<p>El transporte entre las islas es sencillo gracias a los ferries y vuelos internos. Desde Mallorca, se puede llegar a Menorca, Ibiza y Formentera en menos de una hora. Para quienes prefieren una experiencia m\u00e1s relajada, los ferries son una excelente opci\u00f3n, con conexiones frecuentes y precios asequibles.<\/p>\n\n\n\n<h6 class=\"wp-block-heading\"><strong>Lugares imprescindibles para visitar en las Islas Baleares<\/strong><\/h6>\n\n\n\n<p><strong>Mallorca: historia y paisajes<\/strong><\/p>\n\n\n\n<ul class=\"wp-block-list\">\n<li><strong>La Catedral de Palma (La Seu)<\/strong>: Majestuoso templo g\u00f3tico con vistas al mar, famoso por su impresionante roset\u00f3n y las intervenciones arquitect\u00f3nicas de Gaud\u00ed y Miquel Barcel\u00f3.<\/li>\n\n\n\n<li><strong>El Castillo de Bellver<\/strong>: Fortaleza circular \u00fanica en Espa\u00f1a, ubicada en una colina con vistas panor\u00e1micas de Palma y su bah\u00eda. Su historia y su museo lo convierten en un lugar fascinante para conocer la evoluci\u00f3n de la isla.<\/li>\n\n\n\n<li><strong>La Serra de Tramuntana<\/strong>: Declarada Patrimonio de la Humanidad por la UNESCO, esta cadena monta\u00f1osa ofrece espectaculares rutas de senderismo, pueblos con encanto como Valldemossa y Dei\u00e0, y miradores impresionantes. Entre sus lugares m\u00e1s emblem\u00e1ticos destacan el Torrent de Pareis y la carretera de Sa Calobra, famosa por sus curvas y paisajes impactantes.<\/li>\n<\/ul>\n\n\n\n<p><\/p>\n\n\n\n<p><strong>Menorca: naturaleza y tradici\u00f3n<\/strong><\/p>\n\n\n\n<ul class=\"wp-block-list\">\n<li><strong>El puerto de Mah\u00f3n<\/strong>: Considerado uno de los puertos naturales m\u00e1s grandes del Mediterr\u00e1neo, destaca por su vibrante oferta gastron\u00f3mica, paseos en barco y edificios hist\u00f3ricos como la Fortaleza de la Mola.<\/li>\n\n\n\n<li><strong>Las playas de Cala Turqueta, Macarella y Mitjana<\/strong>: Algunas de las calas m\u00e1s paradis\u00edacas de la isla, con aguas de color turquesa y rodeadas de naturaleza virgen.<\/li>\n\n\n\n<li><strong>El Cam\u00ed de Cavalls<\/strong>: Antiguo sendero que rodea la isla y permite recorrer sus espectaculares paisajes costeros y rurales a pie, en bicicleta o a caballo.<\/li>\n<\/ul>\n\n\n<div class=\"wp-block-image\">\n<figure class=\"aligncenter size-full\"><img decoding=\"async\" width=\"670\" height=\"300\" src=\"https:\/\/www.vacalia.com\/blog\/wp-content\/uploads\/2025\/02\/dia-de-islas-baleares-menorca-1.jpg\" alt=\"D\u00eda de las Islas Baleares en Menorca\" class=\"wp-image-6941\" srcset=\"https:\/\/www.vacalia.com\/blog\/wp-content\/uploads\/2025\/02\/dia-de-islas-baleares-menorca-1.jpg 670w, https:\/\/www.vacalia.com\/blog\/wp-content\/uploads\/2025\/02\/dia-de-islas-baleares-menorca-1-300x134.jpg 300w, https:\/\/www.vacalia.com\/blog\/wp-content\/uploads\/2025\/02\/dia-de-islas-baleares-menorca-1-370x166.jpg 370w\" sizes=\"(max-width: 767px) 100vw, 670px\" \/><figcaption class=\"wp-element-caption\">D\u00eda de las Islas Baleares en Menorca<\/figcaption><\/figure><\/div>\n\n\n<p><strong>Ibiza: playas y ambiente bohemio<\/strong><\/p>\n\n\n\n<ul class=\"wp-block-list\">\n<li><strong>Dalt Vila<\/strong>: El casco antiguo amurallado de Ibiza, declarado Patrimonio de la Humanidad por la UNESCO, con calles empedradas, impresionantes vistas al mar y una historia que se remonta a la \u00e9poca fenicia.<\/li>\n\n\n\n<li><strong>Las playas de Cala Comte, Cala Bassa y Benirr\u00e1s<\/strong>: Playas ideales para disfrutar del sol y de atardeceres m\u00e1gicos. En Benirr\u00e1s, la puesta de sol se acompa\u00f1a del sonido de tambores, creando una experiencia \u00fanica.<\/li>\n\n\n\n<li><strong>El mercado hippie de Las Dalias<\/strong>: Un ic\u00f3nico espacio cultural donde se encuentran artesan\u00edas, ropa bohemia, joyer\u00eda y gastronom\u00eda, evocando la esencia alternativa de la Ibiza de los a\u00f1os 60.<\/li>\n<\/ul>\n\n\n<div class=\"bannerBlog\"><div class=\"new-card-houses\">\n    <div class=\"likeOut likeDivOut\" style=\"display:none\">\n        <a data-id=\"4149\" class=\"likeOut_button_red likeBtnFav\"\n            aria-label=\"Megusta Vacalia\"><\/a>\n    <\/div>\n    <figure>\n        <img loading=\"lazy\" decoding=\"async\" \n            loading=\"lazy\" width=\"301\" height=\"200\"\n            src=\"\/\/media.vacalia.com\/photo\/reformatwebpfolder\/350\/200\/4149\/thumb-middle\/4149_eeb179c71932cef5b05a9fb21240b4ea.webp?v=21092023\"\n            alt=\"Can melanie - Alquiler vacacional en Sant Agust\u00ed des Vedr\u00e0\"\/>\n                                                                    <\/figure>\n    <p itemprop=\"address\"><i class=\"ico-marker\"><\/i>Sant Agust\u00ed des Vedr\u00e0, Ibiza<\/p>\n    <h3 itemprop=\"name\">Can melanie<\/h3>\n    <ul class=\"icon_list inline_list\">\n                              <li class=\"ico-pool\" title=\"Piscina\">\n              <span itemprop=\"amenityFeature\">Piscina<\/span>\n            <\/li>\n                      <li class=\"ico-airConditioning\" title=\"Aire Acondicionado\">\n              <span itemprop=\"amenityFeature\">Aire Acondicionado<\/span>\n            <\/li>\n                      <li class=\"ico-wifi\" title=\"Wifi\">\n              <span itemprop=\"amenityFeature\">Wifi<\/span>\n            <\/li>\n                      <li class=\"ico-views\" title=\"Vistas\">\n              <span itemprop=\"amenityFeature\">Vistas<\/span>\n            <\/li>\n                          <li class=\"ico-guests\" title=\"Para 12 hu\u00e9spedes en Sant Agust\u00ed Des Vedr\u00e0.\">\n          <span itemprop=\"occupancy\">12<\/span>\n        <\/li>\n    <\/ul>\n            <span class=\"price\">Desde 1221\u20ac \/ noche<\/span>\n                <a itemprop=\"url\" class=\"anchor\" href=\"https:\/\/www.vacalia.com\/es\/villa-can-melanie-sant-josep-de-sa-talaia-h26315\" aria-label=\"Can melanie\"><\/a>\n<\/div><div class=\"new-card-houses\">\n    <div class=\"likeOut likeDivOut\" style=\"display:none\">\n        <a data-id=\"4089\" class=\"likeOut_button_red likeBtnFav\"\n            aria-label=\"Megusta Vacalia\"><\/a>\n    <\/div>\n    <figure>\n        <img loading=\"lazy\" decoding=\"async\" \n            loading=\"lazy\" width=\"301\" height=\"200\"\n            src=\"\/\/media.vacalia.com\/photo\/reformatwebpfolder\/350\/200\/4089\/thumb-middle\/4089_7eb5762abfbc8ed2327054d6069f1ae3.webp?v=21092023\"\n            alt=\"Can aria - Alquiler vacacional en Santa Eul\u00e0ria des Riu\"\/>\n                                                                    <\/figure>\n    <p itemprop=\"address\"><i class=\"ico-marker\"><\/i>Santa Eul\u00e0ria des Riu, Ibiza<\/p>\n    <h3 itemprop=\"name\">Can aria<\/h3>\n    <ul class=\"icon_list inline_list\">\n                              <li class=\"ico-pool\" title=\"Piscina\">\n              <span itemprop=\"amenityFeature\">Piscina<\/span>\n            <\/li>\n                      <li class=\"ico-airConditioning\" title=\"Aire Acondicionado\">\n              <span itemprop=\"amenityFeature\">Aire Acondicionado<\/span>\n            <\/li>\n                      <li class=\"ico-wifi\" title=\"Wifi\">\n              <span itemprop=\"amenityFeature\">Wifi<\/span>\n            <\/li>\n                      <li class=\"ico-views\" title=\"Vistas\">\n              <span itemprop=\"amenityFeature\">Vistas<\/span>\n            <\/li>\n                          <li class=\"ico-guests\" title=\"Para 8 hu\u00e9spedes en Santa Eul\u00e0ria Des Riu.\">\n          <span itemprop=\"occupancy\">8<\/span>\n        <\/li>\n    <\/ul>\n            <span class=\"price\">Desde 997\u20ac \/ noche<\/span>\n                <a itemprop=\"url\" class=\"anchor\" href=\"https:\/\/www.vacalia.com\/es\/villa-can-aria-santa-eularia-des-riu-h26207\" aria-label=\"Can aria\"><\/a>\n<\/div><\/div>\n\n\n\n<p><strong>Formentera: relax y desconexi\u00f3n<\/strong><\/p>\n\n\n\n<ul class=\"wp-block-list\">\n<li><strong>Ses Illetes<\/strong>: Considerada una de las playas m\u00e1s bellas de Europa, con arena blanca y aguas que recuerdan a las del Caribe. Un entorno natural protegido ideal para el relax.<\/li>\n\n\n\n<li><strong>El Faro de La Mola<\/strong>: Un rinc\u00f3n emblem\u00e1tico de la isla, situado sobre un imponente acantilado. Su atm\u00f3sfera m\u00e1gica inspir\u00f3 a escritores como Julio Verne, quien lo mencion\u00f3 en su novela <em>H\u00e9ctor Servadac<\/em>.<\/li>\n\n\n\n<li><strong>Las rutas en bicicleta<\/strong>: Formentera es ideal para recorrer en bicicleta, con caminos que atraviesan paisajes rurales, molinos antiguos y calas escondidas, permitiendo una conexi\u00f3n \u00fanica con la naturaleza.<\/li>\n<\/ul>\n\n\n<div class=\"wp-block-image\">\n<figure class=\"aligncenter size-full\"><img loading=\"lazy\" decoding=\"async\" width=\"670\" height=\"300\" src=\"https:\/\/www.vacalia.com\/blog\/wp-content\/uploads\/2025\/02\/dia-de-islas-baleares-formentera.jpg\" alt=\"D\u00eda de las Islas Baleares en Formentera\" class=\"wp-image-6942\" srcset=\"https:\/\/www.vacalia.com\/blog\/wp-content\/uploads\/2025\/02\/dia-de-islas-baleares-formentera.jpg 670w, https:\/\/www.vacalia.com\/blog\/wp-content\/uploads\/2025\/02\/dia-de-islas-baleares-formentera-300x134.jpg 300w, https:\/\/www.vacalia.com\/blog\/wp-content\/uploads\/2025\/02\/dia-de-islas-baleares-formentera-370x166.jpg 370w\" sizes=\"(max-width: 767px) 100vw, 670px\" \/><figcaption class=\"wp-element-caption\">D\u00eda de las Islas Baleares en Formentera<\/figcaption><\/figure><\/div>\n\n\n<p>Para los viajeros, el D\u00eda de las Islas Baleares es una oportunidad \u00fanica para descubrir la autenticidad del archipi\u00e9lago. Lejos de las multitudes del verano, marzo ofrece un clima templado, con temperaturas entre los 15 y 20 grados, y una agenda repleta de eventos para explorar el coraz\u00f3n de estas islas. Desde ferias gastron\u00f3micas hasta espect\u00e1culos ecuestres, pasando por mercados artesanales y rutas en bicicleta, el D\u00eda de las Islas Baleares es una invitaci\u00f3n a vivir una experiencia inolvidable.<\/p>\n\n\n<div class=\"bannerBlog\"><div class=\"new-card-houses\">\n    <div class=\"likeOut likeDivOut\" style=\"display:none\">\n        <a data-id=\"4042\" class=\"likeOut_button_red likeBtnFav\"\n            aria-label=\"Megusta Vacalia\"><\/a>\n    <\/div>\n    <figure>\n        <img loading=\"lazy\" decoding=\"async\" \n            loading=\"lazy\" width=\"301\" height=\"200\"\n            src=\"\/\/media.vacalia.com\/photo\/reformatwebpfolder\/350\/200\/4042\/thumb-middle\/4042_f9f4395384f6e3a098ab8aecbf9f620c.webp?v=21092023\"\n            alt=\"Es lliri blanc - Alquiler vacacional en Venda des Cap de Barbaria\"\/>\n                                                                        <div class=\"circleDiscount\">-12%<\/div>\n                        <\/figure>\n    <p itemprop=\"address\"><i class=\"ico-marker\"><\/i>Venda des Cap de Barbaria, Formentera<\/p>\n    <h3 itemprop=\"name\">Es lliri blanc<\/h3>\n    <ul class=\"icon_list inline_list\">\n                              <li class=\"ico-airConditioning\" title=\"Aire Acondicionado\">\n              <span itemprop=\"amenityFeature\">Aire Acondicionado<\/span>\n            <\/li>\n                      <li class=\"ico-wifi\" title=\"Wifi\">\n              <span itemprop=\"amenityFeature\">Wifi<\/span>\n            <\/li>\n                          <li class=\"ico-guests\" title=\"Para 8 hu\u00e9spedes en Venda Des Cap De Barbaria.\">\n          <span itemprop=\"occupancy\">8<\/span>\n        <\/li>\n    <\/ul>\n            <span class=\"price\">Desde 192\u20ac \/ noche<\/span>\n                <a itemprop=\"url\" class=\"anchor\" href=\"https:\/\/www.vacalia.com\/es\/casa-vacacional-es-lliri-blanc-formentera-h25495\" aria-label=\"Es lliri blanc\"><\/a>\n<\/div><div class=\"new-card-houses\">\n    <div class=\"likeOut likeDivOut\" style=\"display:none\">\n        <a data-id=\"3667\" class=\"likeOut_button_red likeBtnFav\"\n            aria-label=\"Megusta Vacalia\"><\/a>\n    <\/div>\n    <figure>\n        <img loading=\"lazy\" decoding=\"async\" \n            loading=\"lazy\" width=\"301\" height=\"200\"\n            src=\"\/\/media.vacalia.com\/photo\/reformatwebpfolder\/350\/200\/3667\/thumb-middle\/3667_ef6d5068a4aeed338b1e20124e39ebee.webp?v=21092023\"\n            alt=\"Can juan de s&#039;hereu - Alquiler vacacional en Venda des Cap de Barbaria\"\/>\n                                                                    <\/figure>\n    <p itemprop=\"address\"><i class=\"ico-marker\"><\/i>Venda des Cap de Barbaria, Formentera<\/p>\n    <h3 itemprop=\"name\">Can juan de s&#039;hereu<\/h3>\n    <ul class=\"icon_list inline_list\">\n                              <li class=\"ico-airConditioning\" title=\"Aire Acondicionado\">\n              <span itemprop=\"amenityFeature\">Aire Acondicionado<\/span>\n            <\/li>\n                      <li class=\"ico-wifi\" title=\"Wifi\">\n              <span itemprop=\"amenityFeature\">Wifi<\/span>\n            <\/li>\n                          <li class=\"ico-guests\" title=\"Para 4 hu\u00e9spedes en Venda Des Cap De Barbaria.\">\n          <span itemprop=\"occupancy\">4<\/span>\n        <\/li>\n    <\/ul>\n            <span class=\"price\">Desde 129\u20ac \/ noche<\/span>\n                <a itemprop=\"url\" class=\"anchor\" href=\"https:\/\/www.vacalia.com\/es\/casa-vacacional-can-juan-de-shereu-formentera-h24583\" aria-label=\"Can juan de s&#039;hereu\"><\/a>\n<\/div><\/div>\n","protected":false},"excerpt":{"rendered":"<p>El 1 de marzo es una fecha especial en las Islas Baleares. No es solo una fecha en el calendario, sino una celebraci\u00f3n de todo lo que hace \u00fanico a&hellip;<\/p>\n","protected":false},"author":1,"featured_media":6942,"comment_status":"closed","ping_status":"open","sticky":false,"template":"","format":"standard","meta":{"_monsterinsights_skip_tracking":false,"_monsterinsights_sitenote_active":false,"_monsterinsights_sitenote_note":"","_monsterinsights_sitenote_category":0,"footnotes":""},"categories":[1,951,436,877,921,406,847,897,373,823],"tags":[],"class_list":["post-6936","post","type-post","status-publish","format-standard","has-post-thumbnail","hentry","category-general-es","category-que-hacer-en-ibiza","category-que-hacer-en-mallorca","category-que-hacer-en-menorca","category-fiestas-y-tradiciones-de-ibiza","category-fiestas-y-tradiciones-de-mallorca","category-fiestas-y-tradiciones-de-menorca","category-ibiza-es","category-mallorca-es","category-menorca-es"],"_links":{"self":[{"href":"https:\/\/www.vacalia.com\/blog\/wp-json\/wp\/v2\/posts\/6936"}],"collection":[{"href":"https:\/\/www.vacalia.com\/blog\/wp-json\/wp\/v2\/posts"}],"about":[{"href":"https:\/\/www.vacalia.com\/blog\/wp-json\/wp\/v2\/types\/post"}],"author":[{"embeddable":true,"href":"https:\/\/www.vacalia.com\/blog\/wp-json\/wp\/v2\/users\/1"}],"replies":[{"embeddable":true,"href":"https:\/\/www.vacalia.com\/blog\/wp-json\/wp\/v2\/comments?post=6936"}],"version-history":[{"count":5,"href":"https:\/\/www.vacalia.com\/blog\/wp-json\/wp\/v2\/posts\/6936\/revisions"}],"predecessor-version":[{"id":6956,"href":"https:\/\/www.vacalia.com\/blog\/wp-json\/wp\/v2\/posts\/6936\/revisions\/6956"}],"wp:featuredmedia":[{"embeddable":true,"href":"https:\/\/www.vacalia.com\/blog\/wp-json\/wp\/v2\/media\/6942"}],"wp:attachment":[{"href":"https:\/\/www.vacalia.com\/blog\/wp-json\/wp\/v2\/media?parent=6936"}],"wp:term":[{"taxonomy":"category","embeddable":true,"href":"https:\/\/www.vacalia.com\/blog\/wp-json\/wp\/v2\/categories?post=6936"},{"taxonomy":"post_tag","embeddable":true,"href":"https:\/\/www.vacalia.com\/blog\/wp-json\/wp\/v2\/tags?post=6936"}],"curies":[{"name":"wp","href":"https:\/\/api.w.org\/{rel}","templated":true}]}}