{"id":6949,"date":"2025-02-14T12:01:17","date_gmt":"2025-02-14T11:01:17","guid":{"rendered":"https:\/\/www.vacalia.com\/blog\/?p=6949"},"modified":"2025-02-14T12:01:21","modified_gmt":"2025-02-14T11:01:21","slug":"tag-der-balearen","status":"publish","type":"post","link":"https:\/\/www.vacalia.com\/blog\/tag-der-balearen\/","title":{"rendered":"Tag der Balearen"},"content":{"rendered":"\n<p>Der 1. M\u00e4rz ist ein besonderes Datum auf den Balearen. Es ist nicht nur ein Datum im Kalender, sondern ein Fest f\u00fcr alles, was diesen Archipel einzigartig macht. <strong><a href=\"https:\/\/www.vacalia.com\/de\/mallorca-urlaub\" target=\"_blank\" rel=\"noreferrer noopener\">Mallorca<\/a><\/strong>, <strong><a href=\"https:\/\/www.vacalia.com\/de\/menorca-urlaub\" target=\"_blank\" rel=\"noreferrer noopener\">Menorca<\/a><\/strong>, <strong><a href=\"https:\/\/www.vacalia.com\/de\/ibiza-urlaub\" target=\"_blank\" rel=\"noreferrer noopener\">Ibiza<\/a><\/strong> und <strong><a href=\"https:\/\/www.vacalia.com\/de\/ferienhaus-formentera\" target=\"_blank\" rel=\"noreferrer noopener\">Formentera<\/a><\/strong> putzen sich heraus, um den Tag der Balearen zu feiern, ein Fest, das weit \u00fcber einen Feiertag hinausgeht. Es ist eine Gelegenheit, sich mit der Geschichte, der Kultur und den Traditionen zu verbinden, die diese Mittelmeerinseln gepr\u00e4gt haben. Seit 1983 erinnert dieses Datum an die Unterzeichnung des Autonomiestatuts und l\u00e4dt uns ein, das Wesen eines Ortes voller Leben, Identit\u00e4t und Erbe zu genie\u00dfen und zu sch\u00e4tzen.<\/p>\n\n\n\n<h6 class=\"wp-block-heading\"><strong>Die Geschichte des Tages der Balearen<\/strong><\/h6>\n\n\n\n<p>Der Tag der Balearen hat seine Wurzeln in der j\u00fcngeren Geschichte des Archipels. Am 1. M\u00e4rz 1983 wurde das Autonomiestatut unterzeichnet, ein Meilenstein, der den Beginn einer neuen \u00c4ra f\u00fcr Mallorca, Menorca, Ibiza und Formentera markierte. Dieses Dokument, das 2007 erneuert wurde, verlieh den Inseln nicht nur mehr Selbstverwaltung, sondern st\u00e4rkte auch ihre kulturelle Identit\u00e4t.<\/p>\n\n\n\n<p>Die Autonomie hat es den Balearen erm\u00f6glicht, ihre Traditionen, ihre Sprache und ihre Br\u00e4uche zu bewahren und zu f\u00f6rdern, Elemente, die heute einen wesentlichen Teil ihrer touristischen Anziehungskraft ausmachen. Der Tag der Balearen ist daher eine Feier der Vielfalt und Einheit eines Archipels, das trotz seiner Unterschiede eine gemeinsame Geschichte und Kultur hat.<\/p>\n\n\n<div class=\"bannerBlog\"><div class=\"new-card-houses\">\n    <div class=\"likeOut likeDivOut\" style=\"display:none\">\n        <a data-id=\"3125\" class=\"likeOut_button_red likeBtnFav\"\n            aria-label=\"Megusta Vacalia\"><\/a>\n    <\/div>\n    <figure>\n        <img loading=\"lazy\" decoding=\"async\" \n            loading=\"lazy\" width=\"301\" height=\"200\"\n            src=\"\/\/media.vacalia.com\/photo\/reformatwebpfolder\/350\/200\/3125\/thumb-middle\/3125_87d0745e8400e86ad2ee3a72ce8497d9.webp?v=21092023\"\n            alt=\"Sun of alcanada - Ferienhaus auf Port d&#039;Alc\u00fadia\"\/>\n                                                                        <div class=\"circleDiscount\">-14%<\/div>\n                        <\/figure>\n    <p itemprop=\"address\"><i class=\"ico-marker\"><\/i>Port d&#039;Alc\u00fadia, Mallorca<\/p>\n    <h3 itemprop=\"name\">Sun of alcanada<\/h3>\n    <ul class=\"icon_list inline_list\">\n                              <li class=\"ico-airConditioning\" title=\"Klimaanlage\">\n              <span itemprop=\"amenityFeature\">Klimaanlage<\/span>\n            <\/li>\n                      <li class=\"ico-wifi\" title=\"Wifi\">\n              <span itemprop=\"amenityFeature\">Wifi<\/span>\n            <\/li>\n                      <li class=\"ico-views\" title=\"Ausblick\">\n              <span itemprop=\"amenityFeature\">Ausblick<\/span>\n            <\/li>\n                          <li class=\"ico-guests\" title=\"F\u00fcr 3 G\u00e4ste in Port D&#039;alc\u00fadia.\">\n          <span itemprop=\"occupancy\">3<\/span>\n        <\/li>\n    <\/ul>\n            <span class=\"price\">Ab 91\u20ac \/ Nacht<\/span>\n                <a itemprop=\"url\" class=\"anchor\" href=\"https:\/\/www.vacalia.com\/de\/apartment-sun-of-alcanada-alcudia-h20538\" aria-label=\"Sun of alcanada\"><\/a>\n<\/div><div class=\"new-card-houses\">\n    <div class=\"likeOut likeDivOut\" style=\"display:none\">\n        <a data-id=\"5590\" class=\"likeOut_button_red likeBtnFav\"\n            aria-label=\"Megusta Vacalia\"><\/a>\n    <\/div>\n    <figure>\n        <img loading=\"lazy\" decoding=\"async\" \n            loading=\"lazy\" width=\"301\" height=\"200\"\n            src=\"\/\/media.vacalia.com\/photo\/reformatwebpfolder\/350\/200\/5590\/thumb-middle\/5590_f53b2115d6453625fe44400b7470c415.webp?v=21092023\"\n            alt=\"Hotel antares - Ferienhaus auf Cala d&#039;Or\"\/>\n                                                                        <div class=\"circleDiscount\">-20%<\/div>\n                        <\/figure>\n    <p itemprop=\"address\"><i class=\"ico-marker\"><\/i>Cala d&#039;Or, Mallorca<\/p>\n    <h3 itemprop=\"name\">Hotel antares<\/h3>\n    <ul class=\"icon_list inline_list\">\n                              <li class=\"ico-airConditioning\" title=\"Klimaanlage\">\n              <span itemprop=\"amenityFeature\">Klimaanlage<\/span>\n            <\/li>\n                      <li class=\"ico-wifi\" title=\"Wifi\">\n              <span itemprop=\"amenityFeature\">Wifi<\/span>\n            <\/li>\n                          <li class=\"ico-guests\" title=\"F\u00fcr 1 G\u00e4ste in Cala D&#039;or.\">\n          <span itemprop=\"occupancy\">1<\/span>\n        <\/li>\n    <\/ul>\n            <span class=\"price\">Ab 40\u20ac \/ Nacht<\/span>\n                <a itemprop=\"url\" class=\"anchor\" href=\"https:\/\/www.vacalia.com\/de\/hotelzimmer-hotel-antares-santanyi-h31649\" aria-label=\"Hotel antares\"><\/a>\n<\/div><\/div>\n\n\n\n<h6 class=\"wp-block-heading\"><strong>Wie er auf den vier Inseln gefeiert wird <\/strong><\/h6>\n\n\n\n<p>Der Tag der Balearen bietet eine einzigartige Gelegenheit, die bedeutendsten offiziellen Geb\u00e4ude, Museen und St\u00e4tten des Archipels zu entdecken. Etwa 15 Tage lang sind viele dieser Einrichtungen f\u00fcr Besucher ge\u00f6ffnet, die ihr wertvolles Erbe erkunden und genie\u00dfen k\u00f6nnen.<\/p>\n\n\n\n<p>Jede der Inseln des Balearen-Archipels hat ihre eigene Art, dieses Fest zu feiern. Obwohl sie alle einen gemeinsamen Geist haben, sind die Traditionen und Veranstaltungen unterschiedlich und bieten an jedem Ort ein einzigartiges Erlebnis.<\/p>\n\n\n\n<ul class=\"wp-block-list\">\n<li><strong>Mallorca: <\/strong>Die gr\u00f6\u00dfte Insel des Archipels ist das Epizentrum der Feierlichkeiten. In der Hauptstadt Palma sind die Stra\u00dfen voller Leben und es finden gastronomische Messen statt, auf denen man typische Gerichte wie Sobrasada, Ensaimada und Tumbet probieren kann. Das Veranstaltungsprogramm umfasst zahlreiche Ausstellungen sowie Kunst- und Sportveranstaltungen.<br>Vers\u00e4umen Sie au\u00dferdem nicht die Gelegenheit, einige der symboltr\u00e4chtigsten Bauwerke der Insel zu besichtigen, wie die Kathedrale Santa Mar\u00eda de Palma (bekannt als La Seu) oder das Schloss Bellver, die an diesem Tag in der Regel spezielle F\u00fchrungen anbieten.<\/li>\n<\/ul>\n\n\n<div class=\"wp-block-image\">\n<figure class=\"aligncenter size-full\"><img fetchpriority=\"high\" decoding=\"async\" width=\"670\" height=\"300\" src=\"https:\/\/www.vacalia.com\/blog\/wp-content\/uploads\/2025\/02\/dia-de-islas-baleares-mallorca.jpg\" alt=\"Tag der Balearen auf Mallorca\" class=\"wp-image-6940\" srcset=\"https:\/\/www.vacalia.com\/blog\/wp-content\/uploads\/2025\/02\/dia-de-islas-baleares-mallorca.jpg 670w, https:\/\/www.vacalia.com\/blog\/wp-content\/uploads\/2025\/02\/dia-de-islas-baleares-mallorca-300x134.jpg 300w, https:\/\/www.vacalia.com\/blog\/wp-content\/uploads\/2025\/02\/dia-de-islas-baleares-mallorca-370x166.jpg 370w\" sizes=\"(max-width: 767px) 100vw, 670px\" \/><figcaption class=\"wp-element-caption\">Tag der Balearen auf Mallorca<\/figcaption><\/figure><\/div>\n\n\n<ul class=\"wp-block-list\">\n<li><strong>Menorca: <\/strong>Die Insel, die von der UNESCO zum Biosph\u00e4renreservat erkl\u00e4rt wurde, feiert den Tag der Balearen und stellt dabei ihr reiches kulturelles Erbe und ihre nat\u00fcrliche Umgebung in den Mittelpunkt. Ein Muss sind die Handwerksm\u00e4rkte, auf denen Sie lokale Produkte wie Mah\u00f3n-K\u00e4se, traditionelles Schuhwerk und handgefertigten Schmuck finden. Einer der H\u00f6hepunkte sind die Reitershows, die die tiefe Verbundenheit Menorcas mit den Pferden w\u00fcrdigen. Dar\u00fcber hinaus bieten die traditionellen Fiestas mit typischer Musik und T\u00e4nzen einen authentischen Einblick in das Inselleben.<\/li>\n<\/ul>\n\n\n<div class=\"bannerBlog\"><div class=\"new-card-houses\">\n    <div class=\"likeOut likeDivOut\" style=\"display:none\">\n        <a data-id=\"4659\" class=\"likeOut_button_red likeBtnFav\"\n            aria-label=\"Megusta Vacalia\"><\/a>\n    <\/div>\n    <figure>\n        <img loading=\"lazy\" decoding=\"async\" \n            loading=\"lazy\" width=\"301\" height=\"200\"\n            src=\"\/\/media.vacalia.com\/photo\/reformatwebpfolder\/350\/200\/4659\/thumb-middle\/4659_54016cc86460beed3d8a44f9e3d4e2ed.webp?v=21092023\"\n            alt=\"Villa mila - Ferienhaus auf Sant Llu\u00eds\"\/>\n                                                                        <div class=\"circleDiscount\">-19%<\/div>\n                        <\/figure>\n    <p itemprop=\"address\"><i class=\"ico-marker\"><\/i>Sant Llu\u00eds, Menorca<\/p>\n    <h3 itemprop=\"name\">Villa mila<\/h3>\n    <ul class=\"icon_list inline_list\">\n                              <li class=\"ico-pool\" title=\"Pool\">\n              <span itemprop=\"amenityFeature\">Pool<\/span>\n            <\/li>\n                      <li class=\"ico-airConditioning\" title=\"Klimaanlage\">\n              <span itemprop=\"amenityFeature\">Klimaanlage<\/span>\n            <\/li>\n                      <li class=\"ico-wifi\" title=\"Wifi\">\n              <span itemprop=\"amenityFeature\">Wifi<\/span>\n            <\/li>\n                      <li class=\"ico-views\" title=\"Ausblick\">\n              <span itemprop=\"amenityFeature\">Ausblick<\/span>\n            <\/li>\n                          <li class=\"ico-guests\" title=\"F\u00fcr 8 G\u00e4ste in Sant Llu\u00eds.\">\n          <span itemprop=\"occupancy\">8<\/span>\n        <\/li>\n    <\/ul>\n            <span class=\"price\">Ab 315\u20ac \/ Nacht<\/span>\n                <a itemprop=\"url\" class=\"anchor\" href=\"https:\/\/www.vacalia.com\/de\/villa-villa-mila-sant-lluis-h27066\" aria-label=\"Villa mila\"><\/a>\n<\/div><div class=\"new-card-houses\">\n    <div class=\"likeOut likeDivOut\" style=\"display:none\">\n        <a data-id=\"4660\" class=\"likeOut_button_red likeBtnFav\"\n            aria-label=\"Megusta Vacalia\"><\/a>\n    <\/div>\n    <figure>\n        <img loading=\"lazy\" decoding=\"async\" \n            loading=\"lazy\" width=\"301\" height=\"200\"\n            src=\"\/\/media.vacalia.com\/photo\/reformatwebpfolder\/350\/200\/4660\/thumb-middle\/4660_384983966cf7158a646f5a0841c1336a.webp?v=21092023\"\n            alt=\"Villa arena - Ferienhaus auf Es Mercadal\"\/>\n                                                                        <div class=\"circleDiscount\">-11%<\/div>\n                        <\/figure>\n    <p itemprop=\"address\"><i class=\"ico-marker\"><\/i>Es Mercadal, Menorca<\/p>\n    <h3 itemprop=\"name\">Villa arena<\/h3>\n    <ul class=\"icon_list inline_list\">\n                              <li class=\"ico-airConditioning\" title=\"Klimaanlage\">\n              <span itemprop=\"amenityFeature\">Klimaanlage<\/span>\n            <\/li>\n                      <li class=\"ico-wifi\" title=\"Wifi\">\n              <span itemprop=\"amenityFeature\">Wifi<\/span>\n            <\/li>\n                      <li class=\"ico-views\" title=\"Ausblick\">\n              <span itemprop=\"amenityFeature\">Ausblick<\/span>\n            <\/li>\n                          <li class=\"ico-guests\" title=\"F\u00fcr 6 G\u00e4ste in Es Mercadal.\">\n          <span itemprop=\"occupancy\">6<\/span>\n        <\/li>\n    <\/ul>\n            <span class=\"price\">Ab 242\u20ac \/ Nacht<\/span>\n                <a itemprop=\"url\" class=\"anchor\" href=\"https:\/\/www.vacalia.com\/de\/ferienhaus-villa-arena-es-mercadal-h27054\" aria-label=\"Villa arena\"><\/a>\n<\/div><\/div>\n\n\n\n<ul class=\"wp-block-list\">\n<li><strong>Ibiza: <\/strong>Ibiza, das weltweit f\u00fcr sein Nachtleben bekannt ist, zeigt sich am Tag der Balearen von seiner kulturellen Seite. In Dalt Vila, der ummauerten Altstadt von Ibiza-Stadt, werden kulturelle Veranstaltungen organisiert, darunter Ausstellungen, Konzerte und Workshops. Ein weiterer Anziehungspunkt sind die Hippiem\u00e4rkte, ein Erbe der 1960er Jahre, auf denen man Kleidung, Kunsthandwerk und \u00f6kologische Produkte kaufen kann. F\u00fcr Sportbegeisterte bietet die Insel Aktivit\u00e4ten wie Reitwettbewerbe und Segelregatten, bei denen man die atemberaubenden K\u00fcstenlandschaften genie\u00dfen kann.<\/li>\n<\/ul>\n\n\n<div class=\"wp-block-image\">\n<figure class=\"aligncenter size-full\"><img decoding=\"async\" width=\"670\" height=\"300\" src=\"https:\/\/www.vacalia.com\/blog\/wp-content\/uploads\/2025\/02\/dia-de-islas-baleares-ibiza.jpg\" alt=\"Tag der Balearen auf Ibiza\" class=\"wp-image-6939\" srcset=\"https:\/\/www.vacalia.com\/blog\/wp-content\/uploads\/2025\/02\/dia-de-islas-baleares-ibiza.jpg 670w, https:\/\/www.vacalia.com\/blog\/wp-content\/uploads\/2025\/02\/dia-de-islas-baleares-ibiza-300x134.jpg 300w, https:\/\/www.vacalia.com\/blog\/wp-content\/uploads\/2025\/02\/dia-de-islas-baleares-ibiza-370x166.jpg 370w\" sizes=\"(max-width: 767px) 100vw, 670px\" \/><figcaption class=\"wp-element-caption\">Tag der Balearen auf Ibiza<\/figcaption><\/figure><\/div>\n\n\n<ul class=\"wp-block-list\">\n<li><strong>Formentera<\/strong>: Auf Formentera, der kleinsten der Balearen, wird der Urlaub in einer entspannten, famili\u00e4ren Atmosph\u00e4re gefeiert. Die Tage der offenen T\u00fcr in den Museen und Kulturzentren sind eine gute M\u00f6glichkeit, die Geschichte und die Traditionen der Insel kennenzulernen. Au\u00dferdem gibt es Sportveranstaltungen wie Volksl\u00e4ufe und Basketballturniere.<\/li>\n<\/ul>\n\n\n\n<p><\/p>\n\n\n\n<h6 class=\"wp-block-heading\"><strong>Fortbewegung auf den Balearischen Inseln<\/strong><\/h6>\n\n\n\n<p>Der Transport zwischen den Inseln ist dank der F\u00e4hren und Inlandsfl\u00fcge einfach. Von Mallorca aus sind Menorca, Ibiza und Formentera in weniger als einer Stunde zu erreichen. Wer es lieber entspannt mag, f\u00fcr den sind die F\u00e4hren mit ihren h\u00e4ufigen Verbindungen und erschwinglichen Preisen eine hervorragende Option.<\/p>\n\n\n\n<h6 class=\"wp-block-heading\"><strong>Unbedingt sehenswerte Orte auf den Balearischen Inseln<\/strong><\/h6>\n\n\n\n<p><strong>Mallorca: Geschichte und Landschaften<\/strong><\/p>\n\n\n\n<ul class=\"wp-block-list\">\n<li><strong>Kathedrale von Palma (La Seu)<\/strong>: Majest\u00e4tisches gotisches Gotteshaus mit Blick auf das Meer, ber\u00fchmt f\u00fcr seine beeindruckende Fensterrose und die architektonischen Eingriffe von Gaud\u00ed und Miquel Barcel\u00f3.<\/li>\n\n\n\n<li><strong>Schloss Bellver<\/strong>: Einzigartige kreisf\u00f6rmige Festung in Spanien, die auf einem H\u00fcgel mit Panoramablick auf Palma und seine Bucht liegt. Seine Geschichte und sein Museum machen es zu einem faszinierenden Ort, um etwas \u00fcber die Entwicklung der Insel zu erfahren.<\/li>\n\n\n\n<li><strong>Die Serra de Tramuntana<\/strong>: Dieses von der UNESCO zum Weltkulturerbe erkl\u00e4rte Gebirge bietet spektakul\u00e4re Wanderrouten, charmante D\u00f6rfer wie Valldemossa und Dei\u00e0 und atemberaubende Aussichtspunkte. Zu den emblematischsten Orten geh\u00f6ren der Torrent de Pareis und die Stra\u00dfe Sa Calobra, die f\u00fcr ihre Kurven und atemberaubenden Landschaften bekannt ist.<\/li>\n<\/ul>\n\n\n\n<p><\/p>\n\n\n\n<p><strong>Menorca: Natur und Tradition<\/strong><\/p>\n\n\n\n<ul class=\"wp-block-list\">\n<li><strong>Der Hafen von Mah\u00f3n<\/strong>: Er gilt als einer der gr\u00f6\u00dften Naturh\u00e4fen des Mittelmeers und ist bekannt f\u00fcr sein lebhaftes gastronomisches Angebot, Bootsausfl\u00fcge und historische Geb\u00e4ude wie die Festung La Mola.<\/li>\n\n\n\n<li><strong>Die Str\u00e4nde von Cala Turqueta, Macarella und Mitjana<\/strong>: Einige der paradiesischsten Buchten der Insel, mit t\u00fcrkisfarbenem Wasser und umgeben von unber\u00fchrter Natur.<\/li>\n\n\n\n<li><strong>Der Cam\u00ed de Cavalls<\/strong>: Ein alter Weg, der die Insel umgibt und auf dem man zu Fu\u00df, mit dem Fahrrad oder zu Pferd die spektakul\u00e4ren K\u00fcsten- und Landschaften erkunden kann.<\/li>\n<\/ul>\n\n\n<div class=\"wp-block-image\">\n<figure class=\"aligncenter size-full\"><img decoding=\"async\" width=\"670\" height=\"300\" src=\"https:\/\/www.vacalia.com\/blog\/wp-content\/uploads\/2025\/02\/dia-de-islas-baleares-menorca-1.jpg\" alt=\"Tag der Balearen auf Menorca\" class=\"wp-image-6941\" srcset=\"https:\/\/www.vacalia.com\/blog\/wp-content\/uploads\/2025\/02\/dia-de-islas-baleares-menorca-1.jpg 670w, https:\/\/www.vacalia.com\/blog\/wp-content\/uploads\/2025\/02\/dia-de-islas-baleares-menorca-1-300x134.jpg 300w, https:\/\/www.vacalia.com\/blog\/wp-content\/uploads\/2025\/02\/dia-de-islas-baleares-menorca-1-370x166.jpg 370w\" sizes=\"(max-width: 767px) 100vw, 670px\" \/><figcaption class=\"wp-element-caption\">Tag der Balearen auf Menorca<\/figcaption><\/figure><\/div>\n\n\n<p><strong>Ibiza: Str\u00e4nde und b\u00f6hmische Atmosph\u00e4re<\/strong><\/p>\n\n\n\n<ul class=\"wp-block-list\">\n<li><strong>Dalt Vila<\/strong>: Ibizas ummauerte Altstadt, ein UNESCO-Weltkulturerbe, mit gepflasterten Stra\u00dfen, atemberaubendem Meerblick und einer Geschichte, die bis in die Zeit der Ph\u00f6nizier zur\u00fcckreicht.<\/li>\n\n\n\n<li><strong>Die Str\u00e4nde von Cala Comte, Cala Bassa und Benirr\u00e1s<\/strong>: Ideale Str\u00e4nde, um die Sonne und magische Sonnenunterg\u00e4nge zu genie\u00dfen. In Benirr\u00e1s wird der Sonnenuntergang vom Klang der Trommeln begleitet, was ein einzigartiges Erlebnis ist.<\/li>\n\n\n\n<li><strong>Der Hippie-Markt Las Dalias<\/strong>: Ein kultureller Ort mit Kultstatus, an dem Sie Kunsthandwerk, Boh\u00e8me-Kleidung, Schmuck und Gastronomie finden, die an das alternative Ibiza der 1960er Jahre erinnern.<\/li>\n<\/ul>\n\n\n<div class=\"bannerBlog\"><div class=\"new-card-houses\">\n    <div class=\"likeOut likeDivOut\" style=\"display:none\">\n        <a data-id=\"4123\" class=\"likeOut_button_red likeBtnFav\"\n            aria-label=\"Megusta Vacalia\"><\/a>\n    <\/div>\n    <figure>\n        <img loading=\"lazy\" decoding=\"async\" \n            loading=\"lazy\" width=\"301\" height=\"200\"\n            src=\"\/\/media.vacalia.com\/photo\/reformatwebpfolder\/350\/200\/4123\/thumb-middle\/4123_430dfdfe434830ebd4d33475f7958e29.webp?v=21092023\"\n            alt=\"Can chloe - Ferienhaus auf Sant Josep de sa Talaia\"\/>\n                                                                    <\/figure>\n    <p itemprop=\"address\"><i class=\"ico-marker\"><\/i>Sant Josep de sa Talaia, Ibiza<\/p>\n    <h3 itemprop=\"name\">Can chloe<\/h3>\n    <ul class=\"icon_list inline_list\">\n                              <li class=\"ico-pool\" title=\"Pool\">\n              <span itemprop=\"amenityFeature\">Pool<\/span>\n            <\/li>\n                      <li class=\"ico-airConditioning\" title=\"Klimaanlage\">\n              <span itemprop=\"amenityFeature\">Klimaanlage<\/span>\n            <\/li>\n                      <li class=\"ico-wifi\" title=\"Wifi\">\n              <span itemprop=\"amenityFeature\">Wifi<\/span>\n            <\/li>\n                      <li class=\"ico-views\" title=\"Ausblick\">\n              <span itemprop=\"amenityFeature\">Ausblick<\/span>\n            <\/li>\n                          <li class=\"ico-guests\" title=\"F\u00fcr 10 G\u00e4ste in Sant Josep De Sa Talaia.\">\n          <span itemprop=\"occupancy\">10<\/span>\n        <\/li>\n    <\/ul>\n            <span class=\"price\">Ab 973\u20ac \/ Nacht<\/span>\n                <a itemprop=\"url\" class=\"anchor\" href=\"https:\/\/www.vacalia.com\/de\/villa-can-chloe-sant-josep-de-sa-talaia-h26166\" aria-label=\"Can chloe\"><\/a>\n<\/div><div class=\"new-card-houses\">\n    <div class=\"likeOut likeDivOut\" style=\"display:none\">\n        <a data-id=\"4310\" class=\"likeOut_button_red likeBtnFav\"\n            aria-label=\"Megusta Vacalia\"><\/a>\n    <\/div>\n    <figure>\n        <img loading=\"lazy\" decoding=\"async\" \n            loading=\"lazy\" width=\"301\" height=\"200\"\n            src=\"\/\/media.vacalia.com\/photo\/reformatwebpfolder\/350\/200\/4310\/thumb-middle\/4310_bbc0a4fe67e406c5a0c57cc61bdcc57a.webp?v=21092023\"\n            alt=\"Villa reina - Ferienhaus auf Santa Gertrudis de Fruitera\"\/>\n                                                                    <\/figure>\n    <p itemprop=\"address\"><i class=\"ico-marker\"><\/i>Santa Gertrudis de Fruitera, Ibiza<\/p>\n    <h3 itemprop=\"name\">Villa reina<\/h3>\n    <ul class=\"icon_list inline_list\">\n                              <li class=\"ico-pool\" title=\"Pool\">\n              <span itemprop=\"amenityFeature\">Pool<\/span>\n            <\/li>\n                      <li class=\"ico-airConditioning\" title=\"Klimaanlage\">\n              <span itemprop=\"amenityFeature\">Klimaanlage<\/span>\n            <\/li>\n                      <li class=\"ico-wifi\" title=\"Wifi\">\n              <span itemprop=\"amenityFeature\">Wifi<\/span>\n            <\/li>\n                          <li class=\"ico-guests\" title=\"F\u00fcr 12 G\u00e4ste in Santa Gertrudis De Fruitera.\">\n          <span itemprop=\"occupancy\">12<\/span>\n        <\/li>\n    <\/ul>\n            <span class=\"price\">Ab 1285\u20ac \/ Nacht<\/span>\n                <a itemprop=\"url\" class=\"anchor\" href=\"https:\/\/www.vacalia.com\/de\/villa-villa-reina-santa-eularia-des-riu-h26526\" aria-label=\"Villa reina\"><\/a>\n<\/div><\/div>\n\n\n\n<p><strong>Formentera: Entspannung und Abschalten<\/strong><\/p>\n\n\n\n<ul class=\"wp-block-list\">\n<li><strong>Ses Illetes<\/strong>: Einer der sch\u00f6nsten Str\u00e4nde Europas mit wei\u00dfem Sand und einem Wasser, das an die Karibik erinnert. Eine gesch\u00fctzte nat\u00fcrliche Umgebung, ideal zum Entspannen.<\/li>\n\n\n\n<li><strong>Leuchtturm von La Mola<\/strong>: Ein emblematischer Winkel der Insel, der auf einer imposanten Klippe steht. Seine magische Atmosph\u00e4re inspirierte Schriftsteller wie Jules Verne, der ihn in seinem Roman <em>Hector Servadac <\/em>erw\u00e4hnte.<\/li>\n\n\n\n<li><strong>Fahrradrouten<\/strong>: Formentera ist ideal zum Radfahren, mit Wegen, die durch l\u00e4ndliche Landschaften, alte M\u00fchlen und versteckte Buchten f\u00fchren und eine einzigartige Verbindung zur Natur erm\u00f6glichen.<\/li>\n<\/ul>\n\n\n<div class=\"wp-block-image\">\n<figure class=\"aligncenter size-full\"><img loading=\"lazy\" decoding=\"async\" width=\"670\" height=\"300\" src=\"https:\/\/www.vacalia.com\/blog\/wp-content\/uploads\/2025\/02\/dia-de-islas-baleares-formentera.jpg\" alt=\"D\u00eda de las Islas Baleares en Formentera\" class=\"wp-image-6942\" srcset=\"https:\/\/www.vacalia.com\/blog\/wp-content\/uploads\/2025\/02\/dia-de-islas-baleares-formentera.jpg 670w, https:\/\/www.vacalia.com\/blog\/wp-content\/uploads\/2025\/02\/dia-de-islas-baleares-formentera-300x134.jpg 300w, https:\/\/www.vacalia.com\/blog\/wp-content\/uploads\/2025\/02\/dia-de-islas-baleares-formentera-370x166.jpg 370w\" sizes=\"(max-width: 767px) 100vw, 670px\" \/><figcaption class=\"wp-element-caption\">Tag der Balearen auf Menorca Formentera<\/figcaption><\/figure><\/div>\n\n\n<p>F\u00fcr Reisende ist der Tag der Balearen eine einzigartige Gelegenheit, die Authentizit\u00e4t des Archipels zu entdecken. Abseits der sommerlichen Menschenmassen bietet der M\u00e4rz mildes Wetter mit Temperaturen zwischen 15 und 20 Grad Celsius und ein dichtes Programm an Veranstaltungen, um das Herz dieser Inseln zu erkunden. Von gastronomischen Messen bis zu Pferdeshows, von Kunsthandwerksm\u00e4rkten bis zu Fahrradtouren &#8211; der Tag der Balearen ist eine Einladung zu einem unvergesslichen Erlebnis.<\/p>\n\n\n<div class=\"bannerBlog\"><div class=\"new-card-houses\">\n    <div class=\"likeOut likeDivOut\" style=\"display:none\">\n        <a data-id=\"4042\" class=\"likeOut_button_red likeBtnFav\"\n            aria-label=\"Megusta Vacalia\"><\/a>\n    <\/div>\n    <figure>\n        <img loading=\"lazy\" decoding=\"async\" \n            loading=\"lazy\" width=\"301\" height=\"200\"\n            src=\"\/\/media.vacalia.com\/photo\/reformatwebpfolder\/350\/200\/4042\/thumb-middle\/4042_f9f4395384f6e3a098ab8aecbf9f620c.webp?v=21092023\"\n            alt=\"Es lliri blanc - Ferienhaus auf Venda des Cap de Barbaria\"\/>\n                                                                        <div class=\"circleDiscount\">-12%<\/div>\n                        <\/figure>\n    <p itemprop=\"address\"><i class=\"ico-marker\"><\/i>Venda des Cap de Barbaria, Formentera<\/p>\n    <h3 itemprop=\"name\">Es lliri blanc<\/h3>\n    <ul class=\"icon_list inline_list\">\n                              <li class=\"ico-airConditioning\" title=\"Klimaanlage\">\n              <span itemprop=\"amenityFeature\">Klimaanlage<\/span>\n            <\/li>\n                      <li class=\"ico-wifi\" title=\"Wifi\">\n              <span itemprop=\"amenityFeature\">Wifi<\/span>\n            <\/li>\n                          <li class=\"ico-guests\" title=\"F\u00fcr 8 G\u00e4ste in Venda Des Cap De Barbaria.\">\n          <span itemprop=\"occupancy\">8<\/span>\n        <\/li>\n    <\/ul>\n            <span class=\"price\">Ab 192\u20ac \/ Nacht<\/span>\n                <a itemprop=\"url\" class=\"anchor\" href=\"https:\/\/www.vacalia.com\/de\/ferienhaus-es-lliri-blanc-formentera-h25498\" aria-label=\"Es lliri blanc\"><\/a>\n<\/div><div class=\"new-card-houses\">\n    <div class=\"likeOut likeDivOut\" style=\"display:none\">\n        <a data-id=\"3667\" class=\"likeOut_button_red likeBtnFav\"\n            aria-label=\"Megusta Vacalia\"><\/a>\n    <\/div>\n    <figure>\n        <img loading=\"lazy\" decoding=\"async\" \n            loading=\"lazy\" width=\"301\" height=\"200\"\n            src=\"\/\/media.vacalia.com\/photo\/reformatwebpfolder\/350\/200\/3667\/thumb-middle\/3667_ef6d5068a4aeed338b1e20124e39ebee.webp?v=21092023\"\n            alt=\"Can juan de s&#039;hereu - Ferienhaus auf Venda des Cap de Barbaria\"\/>\n                                                                    <\/figure>\n    <p itemprop=\"address\"><i class=\"ico-marker\"><\/i>Venda des Cap de Barbaria, Formentera<\/p>\n    <h3 itemprop=\"name\">Can juan de s&#039;hereu<\/h3>\n    <ul class=\"icon_list inline_list\">\n                              <li class=\"ico-airConditioning\" title=\"Klimaanlage\">\n              <span itemprop=\"amenityFeature\">Klimaanlage<\/span>\n            <\/li>\n                      <li class=\"ico-wifi\" title=\"Wifi\">\n              <span itemprop=\"amenityFeature\">Wifi<\/span>\n            <\/li>\n                          <li class=\"ico-guests\" title=\"F\u00fcr 4 G\u00e4ste in Venda Des Cap De Barbaria.\">\n          <span itemprop=\"occupancy\">4<\/span>\n        <\/li>\n    <\/ul>\n            <span class=\"price\">Ab 129\u20ac \/ Nacht<\/span>\n                <a itemprop=\"url\" class=\"anchor\" href=\"https:\/\/www.vacalia.com\/de\/ferienhaus-can-juan-de-shereu-formentera-h24586\" aria-label=\"Can juan de s&#039;hereu\"><\/a>\n<\/div><\/div>\n","protected":false},"excerpt":{"rendered":"<p>Der 1. M\u00e4rz ist ein besonderes Datum auf den Balearen. Es ist nicht nur ein Datum im Kalender, sondern ein Fest f\u00fcr alles, was diesen Archipel einzigartig macht. Mallorca, Menorca,&hellip;<\/p>\n","protected":false},"author":1,"featured_media":6942,"comment_status":"closed","ping_status":"open","sticky":false,"template":"","format":"standard","meta":{"_monsterinsights_skip_tracking":false,"_monsterinsights_sitenote_active":false,"_monsterinsights_sitenote_note":"","_monsterinsights_sitenote_category":0,"footnotes":""},"categories":[40,925,410,851,901,379,827,955,440,883],"tags":[],"class_list":["post-6949","post","type-post","status-publish","format-standard","has-post-thumbnail","hentry","category-allgemein","category-feste-und-traditionen-auf-ibiza","category-feste-und-traditionen-auf-mallorca","category-feste-und-traditionen-auf-menorca","category-ibiza-de","category-mallorca-de","category-menorca-de","category-was-kann-man-auf-ibiza-machen-de","category-was-kann-man-auf-mallorca-machen","category-was-kann-man-auf-menorca-machen"],"_links":{"self":[{"href":"https:\/\/www.vacalia.com\/blog\/wp-json\/wp\/v2\/posts\/6949"}],"collection":[{"href":"https:\/\/www.vacalia.com\/blog\/wp-json\/wp\/v2\/posts"}],"about":[{"href":"https:\/\/www.vacalia.com\/blog\/wp-json\/wp\/v2\/types\/post"}],"author":[{"embeddable":true,"href":"https:\/\/www.vacalia.com\/blog\/wp-json\/wp\/v2\/users\/1"}],"replies":[{"embeddable":true,"href":"https:\/\/www.vacalia.com\/blog\/wp-json\/wp\/v2\/comments?post=6949"}],"version-history":[{"count":1,"href":"https:\/\/www.vacalia.com\/blog\/wp-json\/wp\/v2\/posts\/6949\/revisions"}],"predecessor-version":[{"id":6950,"href":"https:\/\/www.vacalia.com\/blog\/wp-json\/wp\/v2\/posts\/6949\/revisions\/6950"}],"wp:featuredmedia":[{"embeddable":true,"href":"https:\/\/www.vacalia.com\/blog\/wp-json\/wp\/v2\/media\/6942"}],"wp:attachment":[{"href":"https:\/\/www.vacalia.com\/blog\/wp-json\/wp\/v2\/media?parent=6949"}],"wp:term":[{"taxonomy":"category","embeddable":true,"href":"https:\/\/www.vacalia.com\/blog\/wp-json\/wp\/v2\/categories?post=6949"},{"taxonomy":"post_tag","embeddable":true,"href":"https:\/\/www.vacalia.com\/blog\/wp-json\/wp\/v2\/tags?post=6949"}],"curies":[{"name":"wp","href":"https:\/\/api.w.org\/{rel}","templated":true}]}}