{"id":6981,"date":"2025-02-28T13:36:24","date_gmt":"2025-02-28T12:36:24","guid":{"rendered":"https:\/\/www.vacalia.com\/blog\/?p=6981"},"modified":"2025-02-28T13:37:11","modified_gmt":"2025-02-28T12:37:11","slug":"festa-de-sant-josep-en-ibiza","status":"publish","type":"post","link":"https:\/\/www.vacalia.com\/blog\/es\/festa-de-sant-josep-en-ibiza\/","title":{"rendered":"Festa de Sant Josep en Ibiza"},"content":{"rendered":"\n<p>Cada mes de marzo, la localidad de <strong><a href=\"https:\/\/www.vacalia.com\/es\/alquiler-vacacional-sant-josep-de-sa-talaia\" target=\"_blank\" rel=\"noreferrer noopener\">Sant Josep de sa Talaia<\/a><\/strong> se viste de gala para celebrar una de las fiestas m\u00e1s emblem\u00e1ticas de <strong><a href=\"https:\/\/www.vacalia.com\/es\/alojamiento-vacacional-ibiza\" target=\"_blank\" rel=\"noreferrer noopener\">Ibiza<\/a><\/strong>: la Festa de Sant Josep. En honor a San Jos\u00e9, patr\u00f3n de los carpinteros y de la localidad, esta celebraci\u00f3n combina tradici\u00f3n, cultura y diversi\u00f3n en un ambiente \u00fanico que atrae tanto a residentes como a visitantes.<\/p>\n\n\n\n<p>Aunque su d\u00eda principal es el 19, las actividades suelen extenderse durante el fin de semana m\u00e1s cercano. El epicentro de la celebraci\u00f3n es Sant Josep de sa Talaia, pero otros municipios de la isla tambi\u00e9n organizan eventos relacionados.<\/p>\n\n\n\n<p>Sant Josep de sa Talaia, el municipio m\u00e1s grande de la isla, ofrece un ambiente tranquilo y tradicional, con una poblaci\u00f3n que conserva su esencia rural y elementos del esp\u00edritu hippie.<\/p>\n\n\n\n<p>El pueblo destaca por su plaza de la iglesia, una imponente construcci\u00f3n del siglo XVIII con un reloj de sol. Adem\u00e1s, la monta\u00f1a que le da nombre ofrece un mirador a 475 metros de altura. Sant Josep cuenta con numerosos senderos para explorar la naturaleza mediterr\u00e1nea y 80 kil\u00f3metros de costa con calas de aguas cristalinas.&nbsp;<\/p>\n\n\n\n<p>El patrimonio hist\u00f3rico es relevante, con el yacimiento fenicio de Sa Caleta, declarado Patrimonio de la Humanidad por la UNESCO, y varias torres de defensa. Los parques naturales de Cala d&#8217;Hort y ses Salines son otras visitas imprescindibles.<\/p>\n\n\n<div class=\"wp-block-image\">\n<figure class=\"aligncenter size-full\"><img fetchpriority=\"high\" decoding=\"async\" width=\"670\" height=\"300\" src=\"https:\/\/www.vacalia.com\/blog\/wp-content\/uploads\/2025\/02\/yacimiento-fenicio-sa-sa-caleta.jpg\" alt=\"Yacimiento fenicio de Sa Caleta en Sant Josep de sa Talaia, Ibiza\" class=\"wp-image-6982\" srcset=\"https:\/\/www.vacalia.com\/blog\/wp-content\/uploads\/2025\/02\/yacimiento-fenicio-sa-sa-caleta.jpg 670w, https:\/\/www.vacalia.com\/blog\/wp-content\/uploads\/2025\/02\/yacimiento-fenicio-sa-sa-caleta-300x134.jpg 300w, https:\/\/www.vacalia.com\/blog\/wp-content\/uploads\/2025\/02\/yacimiento-fenicio-sa-sa-caleta-370x166.jpg 370w\" sizes=\"(max-width: 767px) 100vw, 670px\" \/><figcaption class=\"wp-element-caption\">Yacimiento fenicio de Sa Caleta en Sant Josep de sa Talaia, Ibiza<\/figcaption><\/figure><\/div>\n\n\n<p>Sant Josep es el lugar ideal para disfrutar de la Ibiza aut\u00e9ntica, su naturaleza y su rico patrimonio cultural, lejos del bullicio del verano.<\/p>\n\n\n\n<h6 class=\"wp-block-heading\"><strong>C\u00f3mo llegar a Sant Josep<\/strong><\/h6>\n\n\n\n<p>Si viajas desde fuera de Ibiza, primero deber\u00e1s llegar al Aeropuerto de Ibiza (IBZ), que recibe vuelos desde varias ciudades de Espa\u00f1a y Europa. Desde el aeropuerto, ubicado a unos 10 km de Sant Josep de sa Talaia, tienes varias opciones para llegar al pueblo.<\/p>\n\n\n\n<p>La manera m\u00e1s c\u00f3moda es alquilar un coche en el aeropuerto, lo que te permitir\u00e1 moverte con libertad por la isla. Tambi\u00e9n puedes tomar un taxi, con un trayecto de aproximadamente 15 minutos, o utilizar el autob\u00fas de la l\u00ednea L9, que conecta el aeropuerto con Sant Josep y otras localidades cercanas.<\/p>\n\n\n\n<h6 class=\"wp-block-heading\"><strong>Historia de la Festa de Sant Josep<\/strong><\/h6>\n\n\n\n<p>La figura de San Jos\u00e9, conocido por su humildad y dedicaci\u00f3n, ha sido venerada en Ibiza desde hace siglos. Su relevancia en la cultura ibicenca se remonta a la \u00e9poca en que la isla depend\u00eda en gran medida de la agricultura y la artesan\u00eda, oficios que encarnan los valores asociados al santo. San Jos\u00e9, como s\u00edmbolo de trabajo y familia, representa la esencia de una comunidad que ha sabido mantener vivas sus tradiciones a lo largo del tiempo.<\/p>\n\n\n\n<p>La Festa de Sant Josep tiene sus ra\u00edces en las celebraciones religiosas que se llevaban a cabo en las peque\u00f1as iglesias rurales de la isla. Con el paso de los a\u00f1os, estas celebraciones se han transformado en un evento que combina lo sagrado y lo profano, lo antiguo y lo moderno. Las procesiones, las misas y las actividades culturales han sido una constante, aunque con el tiempo se han a\u00f1adido elementos modernos que enriquecen la experiencia.<\/p>\n\n\n\n<p>Uno de los aspectos m\u00e1s interesantes de esta fiesta es que ha logrado mantener su esencia a pesar de los cambios. En un mundo globalizado, la Festa de Sant Josep sigue siendo un espacio donde los ibicencos reafirman su identidad y comparten su cultura con quienes visitan la isla.<\/p>\n\n\n<div class=\"wp-block-image\">\n<figure class=\"aligncenter size-full is-resized\"><img decoding=\"async\" width=\"670\" height=\"300\" src=\"https:\/\/www.vacalia.com\/blog\/wp-content\/uploads\/2025\/02\/trajes-tradicionales-sant-josep.jpg\" alt=\"Trajes tradicionales de la Festa de Sant Josep\" class=\"wp-image-6987\" style=\"width:670px;height:auto\" srcset=\"https:\/\/www.vacalia.com\/blog\/wp-content\/uploads\/2025\/02\/trajes-tradicionales-sant-josep.jpg 670w, https:\/\/www.vacalia.com\/blog\/wp-content\/uploads\/2025\/02\/trajes-tradicionales-sant-josep-300x134.jpg 300w, https:\/\/www.vacalia.com\/blog\/wp-content\/uploads\/2025\/02\/trajes-tradicionales-sant-josep-370x166.jpg 370w\" sizes=\"(max-width: 767px) 100vw, 670px\" \/><figcaption class=\"wp-element-caption\">Trajes tradicionales de la Festa de Sant Josep<\/figcaption><\/figure><\/div>\n\n\n<h6 class=\"wp-block-heading\"><strong>Celebraciones y actividades<\/strong><\/h6>\n\n\n\n<p>Durante estos d\u00edas, el pueblo de Sant Josep de sa Talaia se convierte en el epicentro de la actividad festiva, aunque otros municipios de la isla tambi\u00e9n organizan eventos en honor al santo. A continuaci\u00f3n, se describen algunas de las actividades m\u00e1s destacadas:<\/p>\n\n\n\n<ul class=\"wp-block-list\">\n<li><strong>Procesiones:<\/strong> Las calles de Sant Josep se llenan de color y solemnidad con las procesiones en honor a San Jos\u00e9. Este evento es especialmente emotivo en la iglesia parroquial de Sant Josep de sa Talaia, donde se congregan tanto devotos como curiosos. Las im\u00e1genes del santo son transportadas por los fieles, acompa\u00f1adas de m\u00fasica creando una atm\u00f3sfera muy especial.<\/li>\n<\/ul>\n\n\n<div class=\"wp-block-image\">\n<figure class=\"aligncenter size-full\"><img decoding=\"async\" width=\"670\" height=\"300\" src=\"https:\/\/www.vacalia.com\/blog\/wp-content\/uploads\/2025\/02\/Iglesia-de-Sant-Josep.jpg\" alt=\"Iglesia parroquial de Sant Josep de sa Talaia en Ibiza\" class=\"wp-image-6984\" srcset=\"https:\/\/www.vacalia.com\/blog\/wp-content\/uploads\/2025\/02\/Iglesia-de-Sant-Josep.jpg 670w, https:\/\/www.vacalia.com\/blog\/wp-content\/uploads\/2025\/02\/Iglesia-de-Sant-Josep-300x134.jpg 300w, https:\/\/www.vacalia.com\/blog\/wp-content\/uploads\/2025\/02\/Iglesia-de-Sant-Josep-370x166.jpg 370w\" sizes=\"(max-width: 767px) 100vw, 670px\" \/><figcaption class=\"wp-element-caption\">Iglesia parroquial de Sant Josep de sa Talaia en Ibiza<\/figcaption><\/figure><\/div>\n\n\n<ul class=\"wp-block-list\">\n<li><strong>M\u00fasica y danza:<\/strong> No hay fiesta en Ibiza sin m\u00fasica, y durante las celebraciones, los asistentes pueden disfrutar de actuaciones de grupos locales que interpretan piezas tradicionales. Entre las danzas t\u00edpicas destaca la Sa Colla, una danza ibicenca que invita a todos a participar y sumergirse en la cultura local. Adem\u00e1s, las fiestas ofrecen una variedad de actuaciones musicales, desde bandas queridas hasta eventos especiales como la fiesta Flower Power, que revive la est\u00e9tica de los a\u00f1os 60 y 70. Esta celebraci\u00f3n atrae a grandes multitudes, haciendo de la experiencia festiva algo inolvidable.<\/li>\n\n\n\n<li><strong>Sant Pepe Rock:<\/strong> Cada a\u00f1o, el pueblo se convierte en el epicentro del rock con Sant Pepe Rock, un festival imprescindible dentro de sus fiestas patronales. Cuando cae la noche, la m\u00fasica en vivo y el espect\u00e1culo de luces crean una atm\u00f3sfera \u00fanica. Una cita obligada para los amantes del rock. \u00a1Consigue tu entrada y vive la magia de Sant Josep como nunca!<\/li>\n\n\n\n<li><strong>Ferias y mercadillos:<\/strong> Aqu\u00ed se pueden encontrar puestos de artesan\u00eda y productos locales que van desde cer\u00e1mica hasta embutidos caseros, todos elaborados con el sello de calidad ibicenco. Estos mercadillos son una excelente oportunidad para adquirir souvenirs \u00fanicos y apoyar a los artesanos locales.<\/li>\n\n\n\n<li><strong>Gastronom\u00eda:<\/strong> La fiesta es una oportunidad para degustar platos t\u00edpicos como el&nbsp;<strong>sofrit pag\u00e8s&nbsp;<\/strong>(un guiso de carne y patatas) o el&nbsp;<strong>fla<\/strong>\u00f3&nbsp;(un postre de queso y hierbas). Muchos bares y restaurantes de la zona ofrecen men\u00fas especiales durante estos d\u00edas, lo que os permitir\u00e1 saborear la aut\u00e9ntica cocina ibicenca. No dej\u00e9is de probar el&nbsp;<strong>greixonera<\/strong>, un postre tradicional hecho con sobras de ensaimada, o el&nbsp;<strong>bullit de peix<\/strong>, un plato de pescado hervido con patatas y alioli. Adem\u00e1s de los platos tradicionales de la fiesta, marzo es una \u00e9poca ideal para degustar otros manjares locales, como la variedad de <strong>arroces<\/strong> t\u00edpicos de la isla.<\/li>\n<\/ul>\n\n\n<div class=\"wp-block-image\">\n<figure class=\"aligncenter size-full\"><img loading=\"lazy\" decoding=\"async\" width=\"670\" height=\"300\" src=\"https:\/\/www.vacalia.com\/blog\/wp-content\/uploads\/2025\/02\/flao-sant-josep.jpg\" alt=\"Fla\u00f3, postre de queso y hierbas.\" class=\"wp-image-6983\" srcset=\"https:\/\/www.vacalia.com\/blog\/wp-content\/uploads\/2025\/02\/flao-sant-josep.jpg 670w, https:\/\/www.vacalia.com\/blog\/wp-content\/uploads\/2025\/02\/flao-sant-josep-300x134.jpg 300w, https:\/\/www.vacalia.com\/blog\/wp-content\/uploads\/2025\/02\/flao-sant-josep-370x166.jpg 370w\" sizes=\"(max-width: 767px) 100vw, 670px\" \/><figcaption class=\"wp-element-caption\">Fla\u00f3, postre de queso y hierbas.<\/figcaption><\/figure><\/div>\n\n\n<h6 class=\"wp-block-heading\"><strong>Experiencias adicionales en Ibiza en marzo<\/strong><\/h6>\n\n\n\n<p>La Festa de Sant Josep es solo una de las muchas razones para visitar Ibiza en marzo. Durante tu estancia, podr\u00e1s realizar diversas actividades:<\/p>\n\n\n\n<ul class=\"wp-block-list\">\n<li><strong>Naturaleza:<\/strong> Ibiza ofrece rutas de senderismo espectaculares, como las que recorren el <strong>Parque Natural de Ses Salines<\/strong> o el entorno de <strong>Es Vedr\u00e0<\/strong>. Estas rutas te permitir\u00e1n disfrutar de paisajes \u00fanicos, desde impresionantes acantilados hasta bosques de pinos y playas v\u00edrgenes. La naturaleza ibicenca es un regalo que no te querr\u00e1s perder.<\/li>\n\n\n\n<li><strong>Cultura:<\/strong> No dejes de visitar lugares emblem\u00e1ticos como la <strong>Torre des Savinar<\/strong> o el <strong>mercado de Las Dalias<\/strong>, donde la artesan\u00eda y el ambiente bohemio te sorprender\u00e1n. La riqueza cultural de Ibiza se manifiesta en su arquitectura, tradiciones y en el c\u00e1lido recibimiento de sus habitantes.<\/li>\n<\/ul>\n\n\n<div class=\"wp-block-image\">\n<figure class=\"aligncenter size-full\"><img loading=\"lazy\" decoding=\"async\" width=\"670\" height=\"300\" src=\"https:\/\/www.vacalia.com\/blog\/wp-content\/uploads\/2025\/02\/torre-des-savinar.jpg\" alt=\"Torre des Savinar en Sant Josep de sa Talaia, Ibiza\" class=\"wp-image-6986\" srcset=\"https:\/\/www.vacalia.com\/blog\/wp-content\/uploads\/2025\/02\/torre-des-savinar.jpg 670w, https:\/\/www.vacalia.com\/blog\/wp-content\/uploads\/2025\/02\/torre-des-savinar-300x134.jpg 300w, https:\/\/www.vacalia.com\/blog\/wp-content\/uploads\/2025\/02\/torre-des-savinar-370x166.jpg 370w\" sizes=\"(max-width: 767px) 100vw, 670px\" \/><figcaption class=\"wp-element-caption\">Torre des Savinar en Sant Josep de sa Talaia, Ibiza<\/figcaption><\/figure><\/div>\n\n\n<h6 class=\"wp-block-heading\"><strong>Playas y Calas<\/strong><\/h6>\n\n\n\n<p>Sant Josep cuenta con arenales peque\u00f1os y tranquilos, ideales para relajarse. Aunque la favorita de los visitantes es, sin duda,&nbsp;<strong>Cala d&#8217;Hort<\/strong>, un remanso de paz con la imponente presencia de&nbsp;<strong>Es Vedr\u00e0<\/strong>&nbsp;como tel\u00f3n de fondo, hay muchas otras playas y calas que te conquistar\u00e1n. Aqu\u00ed te presentamos algunas:<\/p>\n\n\n\n<ul class=\"wp-block-list\">\n<li><strong>Cala Carb\u00f3<\/strong>, ubicada en la parte baja de la bah\u00eda, es un rinc\u00f3n encantador que te har\u00e1 olvidar todas las preocupaciones.<\/li>\n\n\n\n<li><strong>Cala Vadella<\/strong>, por su parte, es un refugio escondido y tranquilo, perfecto para desconectar.<\/li>\n\n\n\n<li><strong>Cala Mol\u00ed<\/strong>, situada entre dos elevaciones, es un lugar apacible y resguardado del viento, ideal para disfrutar de la calma.<\/li>\n\n\n\n<li><strong>Es Cavallet<\/strong>, una playa nudista ubicada en el coraz\u00f3n del&nbsp;Parque Natural de Ses Salines, ofrece adem\u00e1s la bonita silueta de&nbsp;Formentera&nbsp;en el horizonte.<\/li>\n\n\n\n<li><strong>Las Salinas<\/strong>, la preferida de las celebridades, combina lujosos&nbsp;chiringuitos&nbsp;con todas las comodidades necesarias para pasar un d\u00eda inolvidable.<\/li>\n<\/ul>\n\n\n\n<p><\/p>\n\n\n\n<p>Cada una de estas playas y calas tiene su propio encanto, \u00a1desc\u00fabrelas y elige tu favorita!<\/p>\n\n\n<div class=\"wp-block-image\">\n<figure class=\"aligncenter size-full\"><img loading=\"lazy\" decoding=\"async\" width=\"670\" height=\"300\" src=\"https:\/\/www.vacalia.com\/blog\/wp-content\/uploads\/2025\/02\/Playa-de-Cala-dHort.jpg\" alt=\"Playa de Cala d'Hort en Sant Josep, Ibiza\" class=\"wp-image-6985\" srcset=\"https:\/\/www.vacalia.com\/blog\/wp-content\/uploads\/2025\/02\/Playa-de-Cala-dHort.jpg 670w, https:\/\/www.vacalia.com\/blog\/wp-content\/uploads\/2025\/02\/Playa-de-Cala-dHort-300x134.jpg 300w, https:\/\/www.vacalia.com\/blog\/wp-content\/uploads\/2025\/02\/Playa-de-Cala-dHort-370x166.jpg 370w\" sizes=\"(max-width: 767px) 100vw, 670px\" \/><figcaption class=\"wp-element-caption\">Playa de Cala d&#8217;Hort en Sant Josep de sa Talaia, Ibiza<\/figcaption><\/figure><\/div>\n\n\n<p>La <strong>Festa de Sant Josep<\/strong> es mucho m\u00e1s que una celebraci\u00f3n religiosa; es un homenaje a la cultura, la tradici\u00f3n y la comunidad ibicenca. Para quienes visiten Ibiza en marzo, esta fiesta ofrece una experiencia aut\u00e9ntica y enriquecedora, llena de m\u00fasica, gastronom\u00eda y conexi\u00f3n con la esencia de la isla. No dejes pasar la oportunidad de vivirla en primera persona.<\/p>\n\n\n\n<p>Esta celebraci\u00f3n es un recordatorio de que Ibiza no es solo playas y fiestas; tambi\u00e9n es una isla con una historia profunda y un patrimonio cultural que merece ser descubierto. La Festa de Sant Josep es, sin duda, una de las mejores ocasiones para hacerlo<\/p>\n\n\n<div class=\"bannerBlog\"><div class=\"new-card-houses\">\n    <div class=\"likeOut likeDivOut\" style=\"display:none\">\n        <a data-id=\"3702\" class=\"likeOut_button_red likeBtnFav\"\n            aria-label=\"Megusta Vacalia\"><\/a>\n    <\/div>\n    <figure>\n        <img loading=\"lazy\" decoding=\"async\" \n            loading=\"lazy\" width=\"301\" height=\"200\"\n            src=\"\/\/media.vacalia.com\/photo\/reformatwebpfolder\/350\/200\/3702\/thumb-middle\/3702_cffa553ddb69a76ed75a2ef671d05de4.webp?v=21092023\"\n            alt=\"Cas consul - Alquiler vacacional en Sant Miquel de Balansat\"\/>\n                                                                    <\/figure>\n    <p itemprop=\"address\"><i class=\"ico-marker\"><\/i>Sant Miquel de Balansat, Ibiza<\/p>\n    <h3 itemprop=\"name\">Cas consul<\/h3>\n    <ul class=\"icon_list inline_list\">\n                              <li class=\"ico-pool\" title=\"Piscina\">\n              <span itemprop=\"amenityFeature\">Piscina<\/span>\n            <\/li>\n                      <li class=\"ico-wifi\" title=\"Wifi\">\n              <span itemprop=\"amenityFeature\">Wifi<\/span>\n            <\/li>\n                          <li class=\"ico-guests\" title=\"Para 8 hu\u00e9spedes en Sant Miquel De Balansat.\">\n          <span itemprop=\"occupancy\">8<\/span>\n        <\/li>\n    <\/ul>\n            <span class=\"price\">Desde 378\u20ac \/ noche<\/span>\n                <a itemprop=\"url\" class=\"anchor\" href=\"https:\/\/www.vacalia.com\/es\/villa-cas-consul-sant-joan-de-labritja-h24807\" aria-label=\"Cas consul\"><\/a>\n<\/div><div class=\"new-card-houses\">\n    <div class=\"likeOut likeDivOut\" style=\"display:none\">\n        <a data-id=\"4275\" class=\"likeOut_button_red likeBtnFav\"\n            aria-label=\"Megusta Vacalia\"><\/a>\n    <\/div>\n    <figure>\n        <img loading=\"lazy\" decoding=\"async\" \n            loading=\"lazy\" width=\"301\" height=\"200\"\n            src=\"\/\/media.vacalia.com\/photo\/reformatwebpfolder\/350\/200\/4275\/thumb-middle\/4275_a1de9dd318a0b392df92b4d2ba8472ee.webp?v=21092023\"\n            alt=\"Villa katherine - Alquiler vacacional en Sant Josep de sa Talaia\"\/>\n                                                                    <\/figure>\n    <p itemprop=\"address\"><i class=\"ico-marker\"><\/i>Sant Josep de sa Talaia, Ibiza<\/p>\n    <h3 itemprop=\"name\">Villa katherine<\/h3>\n    <ul class=\"icon_list inline_list\">\n                              <li class=\"ico-pool\" title=\"Piscina\">\n              <span itemprop=\"amenityFeature\">Piscina<\/span>\n            <\/li>\n                      <li class=\"ico-airConditioning\" title=\"Aire Acondicionado\">\n              <span itemprop=\"amenityFeature\">Aire Acondicionado<\/span>\n            <\/li>\n                      <li class=\"ico-wifi\" title=\"Wifi\">\n              <span itemprop=\"amenityFeature\">Wifi<\/span>\n            <\/li>\n                      <li class=\"ico-views\" title=\"Vistas\">\n              <span itemprop=\"amenityFeature\">Vistas<\/span>\n            <\/li>\n                          <li class=\"ico-guests\" title=\"Para 12 hu\u00e9spedes en Sant Josep De Sa Talaia.\">\n          <span itemprop=\"occupancy\">12<\/span>\n        <\/li>\n    <\/ul>\n            <span class=\"price\">Desde 1965\u20ac \/ noche<\/span>\n                <a itemprop=\"url\" class=\"anchor\" href=\"https:\/\/www.vacalia.com\/es\/villa-villa-katherine-sant-josep-de-sa-talaia-h26663\" aria-label=\"Villa katherine\"><\/a>\n<\/div><\/div>\n","protected":false},"excerpt":{"rendered":"<p>Cada mes de marzo, la localidad de Sant Josep de sa Talaia se viste de gala para celebrar una de las fiestas m\u00e1s emblem\u00e1ticas de Ibiza: la Festa de Sant&hellip;<\/p>\n","protected":false},"author":1,"featured_media":6987,"comment_status":"closed","ping_status":"open","sticky":false,"template":"","format":"standard","meta":{"_monsterinsights_skip_tracking":false,"_monsterinsights_sitenote_active":false,"_monsterinsights_sitenote_note":"","_monsterinsights_sitenote_category":0,"footnotes":""},"categories":[897,951,957,921,1],"tags":[],"class_list":["post-6981","post","type-post","status-publish","format-standard","has-post-thumbnail","hentry","category-ibiza-es","category-que-hacer-en-ibiza","category-que-ver-en-ibiza","category-fiestas-y-tradiciones-de-ibiza","category-general-es"],"_links":{"self":[{"href":"https:\/\/www.vacalia.com\/blog\/wp-json\/wp\/v2\/posts\/6981"}],"collection":[{"href":"https:\/\/www.vacalia.com\/blog\/wp-json\/wp\/v2\/posts"}],"about":[{"href":"https:\/\/www.vacalia.com\/blog\/wp-json\/wp\/v2\/types\/post"}],"author":[{"embeddable":true,"href":"https:\/\/www.vacalia.com\/blog\/wp-json\/wp\/v2\/users\/1"}],"replies":[{"embeddable":true,"href":"https:\/\/www.vacalia.com\/blog\/wp-json\/wp\/v2\/comments?post=6981"}],"version-history":[{"count":4,"href":"https:\/\/www.vacalia.com\/blog\/wp-json\/wp\/v2\/posts\/6981\/revisions"}],"predecessor-version":[{"id":7001,"href":"https:\/\/www.vacalia.com\/blog\/wp-json\/wp\/v2\/posts\/6981\/revisions\/7001"}],"wp:featuredmedia":[{"embeddable":true,"href":"https:\/\/www.vacalia.com\/blog\/wp-json\/wp\/v2\/media\/6987"}],"wp:attachment":[{"href":"https:\/\/www.vacalia.com\/blog\/wp-json\/wp\/v2\/media?parent=6981"}],"wp:term":[{"taxonomy":"category","embeddable":true,"href":"https:\/\/www.vacalia.com\/blog\/wp-json\/wp\/v2\/categories?post=6981"},{"taxonomy":"post_tag","embeddable":true,"href":"https:\/\/www.vacalia.com\/blog\/wp-json\/wp\/v2\/tags?post=6981"}],"curies":[{"name":"wp","href":"https:\/\/api.w.org\/{rel}","templated":true}]}}