{"id":6991,"date":"2025-02-28T13:41:10","date_gmt":"2025-02-28T12:41:10","guid":{"rendered":"https:\/\/www.vacalia.com\/blog\/?p=6991"},"modified":"2025-02-28T13:42:30","modified_gmt":"2025-02-28T12:42:30","slug":"sant-josep-festival-auf-ibiza","status":"publish","type":"post","link":"https:\/\/www.vacalia.com\/blog\/sant-josep-festival-auf-ibiza\/","title":{"rendered":"Sant Josep Festival auf Ibiza"},"content":{"rendered":"\n<p>Jedes Jahr im M\u00e4rz putzt sich die Stadt <strong><a href=\"https:\/\/www.vacalia.com\/de\/ferienhaus-sant-josep-de-sa-talaia\" target=\"_blank\" rel=\"noreferrer noopener\">Sant Josep de sa Talaia<\/a><\/strong> heraus, um eines der symboltr\u00e4chtigsten Feste <strong><a href=\"https:\/\/www.vacalia.com\/de\/ibiza-urlaub\" target=\"_blank\" rel=\"noreferrer noopener\">Ibizas<\/a><\/strong> zu feiern: die Festa de Sant Josep, ein Fest zu Ehren des Heiligen Josef, des Schutzpatrons der Zimmerleute und der Stadt, das Tradition, Kultur und Vergn\u00fcgen in einer einzigartigen Atmosph\u00e4re vereint, die sowohl Einwohner als auch Besucher anzieht.<\/p>\n\n\n\n<p>Obwohl der Haupttag der 19. ist, erstrecken sich die Aktivit\u00e4ten in der Regel \u00fcber das darauf folgende Wochenende. Das Epizentrum des Festes ist Sant Josep de sa Talaia, aber auch andere Gemeinden der Insel organisieren entsprechende Veranstaltungen.<\/p>\n\n\n\n<p>Sant Josep de sa Talaia, die gr\u00f6\u00dfte Gemeinde der Insel, bietet ein ruhiges und traditionelles Ambiente mit einer Bev\u00f6lkerung, die sich ihren l\u00e4ndlichen Charakter und Elemente des Hippie-Geistes bewahrt hat.<\/p>\n\n\n\n<p>Das Dorf ist bekannt f\u00fcr seinen Kirchplatz, ein imposantes Geb\u00e4ude aus dem 18. Jahrhundert mit einer Sonnenuhr. Au\u00dferdem bietet der Berg, der ihm seinen Namen gibt, einen Aussichtspunkt in 475 Metern H\u00f6he. Sant Josep verf\u00fcgt \u00fcber zahlreiche Wanderwege zur Erkundung der mediterranen Natur und 80 Kilometer K\u00fcstenlinie mit kristallklaren Buchten<\/p>\n\n\n\n<p>Das historische Erbe ist mit der ph\u00f6nizischen St\u00e4tte Sa Caleta, die von der UNESCO zum Weltkulturerbe erkl\u00e4rt wurde, und mehreren Verteidigungst\u00fcrmen von Bedeutung. Die Naturparks von Cala d&#8217;Hort und Ses Salines sind ebenfalls einen Besuch wert.&nbsp;<\/p>\n\n\n<div class=\"wp-block-image\">\n<figure class=\"aligncenter size-full\"><img fetchpriority=\"high\" decoding=\"async\" width=\"670\" height=\"300\" src=\"https:\/\/www.vacalia.com\/blog\/wp-content\/uploads\/2025\/02\/image.png\" alt=\"Ph\u00f6nizische St\u00e4tte von Sa Caleta in Sant Josep de sa Talaia, Ibiza\" class=\"wp-image-6993\" srcset=\"https:\/\/www.vacalia.com\/blog\/wp-content\/uploads\/2025\/02\/image.png 670w, https:\/\/www.vacalia.com\/blog\/wp-content\/uploads\/2025\/02\/image-300x134.png 300w, https:\/\/www.vacalia.com\/blog\/wp-content\/uploads\/2025\/02\/image-370x166.png 370w\" sizes=\"(max-width: 767px) 100vw, 670px\" \/><figcaption class=\"wp-element-caption\">Ph\u00f6nizische St\u00e4tte von Sa Caleta in Sant Josep de sa Talaia, Ibiza<\/figcaption><\/figure><\/div>\n\n\n<p>Sant Josep ist der ideale Ort, um das authentische Ibiza, seine Natur und sein reiches kulturelles Erbe zu genie\u00dfen, fernab vom Trubel des Sommers.<\/p>\n\n\n\n<h6 class=\"wp-block-heading\"><strong>Wie man nach Sant Josep kommt<\/strong><\/h6>\n\n\n\n<p>Wenn Sie von au\u00dferhalb Ibizas anreisen, m\u00fcssen Sie zun\u00e4chst den Flughafen Ibiza (IBZ) erreichen, der von mehreren St\u00e4dten in Spanien und Europa angeflogen wird. Vom Flughafen, der etwa 10 km von Sant Josep de sa Talaia entfernt liegt, haben Sie mehrere M\u00f6glichkeiten, in die Stadt zu gelangen.<\/p>\n\n\n\n<p>Am bequemsten ist es, am Flughafen ein Auto zu mieten, mit dem Sie sich auf der Insel frei bewegen k\u00f6nnen. Sie k\u00f6nnen auch ein Taxi nehmen, was etwa 15 Minuten dauert, oder die Buslinie L9 benutzen, die den Flughafen mit Sant Josep und anderen nahe gelegenen Orten verbindet.<\/p>\n\n\n\n<h6 class=\"wp-block-heading\"><strong>Geschichte der Festa de Sant Josep<\/strong><\/h6>\n\n\n\n<p>Die Figur des Heiligen Josef, der f\u00fcr seine Bescheidenheit und Hingabe bekannt ist, wird auf Ibiza seit Jahrhunderten verehrt. Seine Bedeutung in der ibizenkischen Kultur geht auf die Zeit zur\u00fcck, als die Insel weitgehend von der Landwirtschaft und dem Handwerk abhing, also von Berufen, die die mit dem Heiligen verbundenen Werte verk\u00f6rpern. Als Symbol f\u00fcr Arbeit und Familie verk\u00f6rpert der Heilige Josef die Essenz einer Gemeinschaft, die es geschafft hat, ihre Traditionen \u00fcber die Zeit hinweg zu bewahren.<\/p>\n\n\n\n<p>Die Festa de Sant Josep hat ihre Wurzeln in den religi\u00f6sen Feiern, die fr\u00fcher in den kleinen l\u00e4ndlichen Kirchen der Insel stattfanden. Im Laufe der Jahre haben sich diese Feiern zu einem Ereignis entwickelt, das das Heilige und das Profane, das Alte und das Moderne miteinander verbindet. Prozessionen, Messen und kulturelle Aktivit\u00e4ten sind eine Konstante, aber im Laufe der Zeit wurden moderne Elemente hinzugef\u00fcgt, um das Fest zu bereichern.<\/p>\n\n\n\n<p>Einer der interessantesten Aspekte dieses Festes ist, dass es trotz der Ver\u00e4nderungen sein Wesen bewahrt hat. In einer globalisierten Welt ist die Festa de Sant Josep weiterhin ein Ort, an dem die Ibizenker ihre Identit\u00e4t bekr\u00e4ftigen und ihre Kultur mit den Besuchern der Insel teilen.<\/p>\n\n\n<div class=\"wp-block-image\">\n<figure class=\"aligncenter size-full is-resized\"><img decoding=\"async\" width=\"670\" height=\"300\" src=\"https:\/\/www.vacalia.com\/blog\/wp-content\/uploads\/2025\/02\/trajes-tradicionales-sant-josep.jpg\" alt=\"Traditionelle Kost\u00fcme der Festa de Sant Josep\" class=\"wp-image-6987\" style=\"width:670px;height:auto\" srcset=\"https:\/\/www.vacalia.com\/blog\/wp-content\/uploads\/2025\/02\/trajes-tradicionales-sant-josep.jpg 670w, https:\/\/www.vacalia.com\/blog\/wp-content\/uploads\/2025\/02\/trajes-tradicionales-sant-josep-300x134.jpg 300w, https:\/\/www.vacalia.com\/blog\/wp-content\/uploads\/2025\/02\/trajes-tradicionales-sant-josep-370x166.jpg 370w\" sizes=\"(max-width: 767px) 100vw, 670px\" \/><figcaption class=\"wp-element-caption\">Traditionelle Kost\u00fcme der Festa de Sant Josep<\/figcaption><\/figure><\/div>\n\n\n<h6 class=\"wp-block-heading\"><strong>Feierlichkeiten und Aktivit\u00e4ten<\/strong><\/h6>\n\n\n\n<p>W\u00e4hrend dieser Tage wird das Dorf Sant Josep de sa Talaia zum Epizentrum der festlichen Aktivit\u00e4ten, obwohl auch andere Gemeinden der Insel Veranstaltungen zu Ehren des Heiligen organisieren. Einige der herausragendsten Aktivit\u00e4ten werden im Folgenden beschrieben:<\/p>\n\n\n\n<ul class=\"wp-block-list\">\n<li><strong>Prozessionen: <\/strong>Die Stra\u00dfen von Sant Josep sind bei den Prozessionen zu Ehren des Heiligen Josef bunt und feierlich. Besonders bewegend ist dieses Ereignis in der Pfarrkirche Sant Josep de sa Talaia, wo sich Gl\u00e4ubige und Schaulustige gleicherma\u00dfen versammeln. Die Bilder des Heiligen werden von den Gl\u00e4ubigen getragen, begleitet von Musik, was eine ganz besondere Atmosph\u00e4re schafft.<\/li>\n<\/ul>\n\n\n<div class=\"wp-block-image\">\n<figure class=\"aligncenter size-full\"><img decoding=\"async\" width=\"670\" height=\"300\" src=\"https:\/\/www.vacalia.com\/blog\/wp-content\/uploads\/2025\/02\/Iglesia-de-Sant-Josep.jpg\" alt=\"Pfarrkirche Sant Josep de sa Talaia auf Ibiza\" class=\"wp-image-6984\" srcset=\"https:\/\/www.vacalia.com\/blog\/wp-content\/uploads\/2025\/02\/Iglesia-de-Sant-Josep.jpg 670w, https:\/\/www.vacalia.com\/blog\/wp-content\/uploads\/2025\/02\/Iglesia-de-Sant-Josep-300x134.jpg 300w, https:\/\/www.vacalia.com\/blog\/wp-content\/uploads\/2025\/02\/Iglesia-de-Sant-Josep-370x166.jpg 370w\" sizes=\"(max-width: 767px) 100vw, 670px\" \/><figcaption class=\"wp-element-caption\">Pfarrkirche Sant Josep de sa Talaia auf Ibiza<\/figcaption><\/figure><\/div>\n\n\n<ul class=\"wp-block-list\">\n<li><strong>Musik und Tanz: <\/strong>Auf Ibiza gibt es keine Party ohne Musik, und w\u00e4hrend der Feierlichkeiten k\u00f6nnen die Besucher Auftritte lokaler Gruppen genie\u00dfen, die traditionelle St\u00fccke interpretieren. Zu den typischen T\u00e4nzen geh\u00f6rt der Sa Colla, ein ibizenkischer Tanz, der alle einl\u00e4dt, mitzumachen und in die lokale Kultur einzutauchen. Dar\u00fcber hinaus bieten die Fiestas eine Vielzahl von musikalischen Darbietungen, von beliebten Bands bis hin zu besonderen Veranstaltungen wie der Flower-Power-Party, die die \u00c4sthetik der 60er und 70er Jahre wieder aufleben l\u00e4sst. Diese Feierlichkeiten ziehen gro\u00dfe Menschenmengen an und machen das Fest zu einem unvergesslichen Erlebnis.<\/li>\n\n\n\n<li><strong>Sant Pepe Rock: <\/strong>Jedes Jahr wird die Stadt mit dem Sant Pepe Rock, einem unverzichtbaren Festival im Rahmen des Patronatsfestes, zum Epizentrum des Rock. Wenn die Nacht hereinbricht, schaffen die Live-Musik und die Lichtshow eine einzigartige Atmosph\u00e4re, ein Muss f\u00fcr Rockliebhaber. Ein Muss f\u00fcr Rockfans: Sichern Sie sich Ihr Ticket und erleben Sie den Zauber von Sant Josep wie nie zuvor!<\/li>\n\n\n\n<li><strong>Messen und M\u00e4rkte: <\/strong>Hier finden Sie St\u00e4nde mit Kunsthandwerk und lokalen Produkten, von T\u00f6pferwaren bis hin zu hausgemachten W\u00fcrsten, die alle das ibizenkische Qualit\u00e4tssiegel tragen. Diese M\u00e4rkte sind eine hervorragende Gelegenheit, einzigartige Souvenirs zu kaufen und lokale Handwerker zu unterst\u00fctzen.<\/li>\n\n\n\n<li><strong>Kulinarisches: <\/strong>Das Fest bietet die Gelegenheit, typische Gerichte wie <strong>Sofrit Pag\u00e8s <\/strong>(Fleisch- und Kartoffeleintopf) oder <strong>Fla\u00f3 <\/strong>(K\u00e4se- und Kr\u00e4uterdessert) zu probieren. Viele Bars und Restaurants in der Umgebung bieten an diesen Tagen spezielle Men\u00fcs an, auf denen Sie die authentische ibizenkische K\u00fcche genie\u00dfen k\u00f6nnen. Probieren Sie unbedingt die <strong>Greixonera<\/strong>, ein traditionelles Dessert aus den Resten der Ensaimada , oder den <strong>Bullit de Peix<\/strong>, ein gekochtes Fischgericht mit Kartoffeln und Aioli. Neben den traditionellen Fiesta-Gerichten ist der M\u00e4rz ein idealer Zeitpunkt, um andere lokale K\u00f6stlichkeiten zu probieren, wie z. B. die verschiedenen f\u00fcr die Insel typischen <strong>Reisgerichte<\/strong>.<\/li>\n<\/ul>\n\n\n<div class=\"wp-block-image\">\n<figure class=\"aligncenter size-full\"><img loading=\"lazy\" decoding=\"async\" width=\"670\" height=\"300\" src=\"https:\/\/www.vacalia.com\/blog\/wp-content\/uploads\/2025\/02\/flao-sant-josep.jpg\" alt=\"Fla\u00f3, K\u00e4se-Kr\u00e4uter-Dessert.\" class=\"wp-image-6983\" srcset=\"https:\/\/www.vacalia.com\/blog\/wp-content\/uploads\/2025\/02\/flao-sant-josep.jpg 670w, https:\/\/www.vacalia.com\/blog\/wp-content\/uploads\/2025\/02\/flao-sant-josep-300x134.jpg 300w, https:\/\/www.vacalia.com\/blog\/wp-content\/uploads\/2025\/02\/flao-sant-josep-370x166.jpg 370w\" sizes=\"(max-width: 767px) 100vw, 670px\" \/><figcaption class=\"wp-element-caption\">Fla\u00f3, K\u00e4se-Kr\u00e4uter-Dessert.<\/figcaption><\/figure><\/div>\n\n\n<h6 class=\"wp-block-heading\"><strong>Zus\u00e4tzliche Erlebnisse auf Ibiza im M\u00e4rz<\/strong><\/h6>\n\n\n\n<p>Die Festa de Sant Josep ist nur einer der vielen Gr\u00fcnde f\u00fcr einen Besuch auf Ibiza im M\u00e4rz. W\u00e4hrend Ihres Aufenthalts k\u00f6nnen Sie an einer Vielzahl von Aktivit\u00e4ten teilnehmen:<\/p>\n\n\n\n<ul class=\"wp-block-list\">\n<li><strong>Die Natur: <\/strong>Ibiza bietet spektakul\u00e4re Wanderrouten, wie die durch den <strong>Naturpark Ses Salines <\/strong>oder um <strong>Es Vedr\u00e0<\/strong>. Auf diesen Routen k\u00f6nnen Sie einzigartige Landschaften genie\u00dfen, von beeindruckenden Steilk\u00fcsten \u00fcber Pinienw\u00e4lder bis hin zu unber\u00fchrten Str\u00e4nden. Die ibizenkische Natur ist ein Geschenk, das Sie sich nicht entgehen lassen sollten.<\/li>\n\n\n\n<li><strong>Kultur: <\/strong>Besuchen Sie unbedingt emblematische Orte wie den <strong>Torre des Savinar <\/strong>oder den <strong>Markt Las Dalias<\/strong>, wo das Kunsthandwerk und die b\u00f6hmische Atmosph\u00e4re Sie \u00fcberraschen werden. Der kulturelle Reichtum Ibizas zeigt sich in der Architektur, den Traditionen und der Gastfreundschaft der Einwohner.<\/li>\n<\/ul>\n\n\n<div class=\"wp-block-image\">\n<figure class=\"aligncenter size-full\"><img loading=\"lazy\" decoding=\"async\" width=\"670\" height=\"300\" src=\"https:\/\/www.vacalia.com\/blog\/wp-content\/uploads\/2025\/02\/torre-des-savinar.jpg\" alt=\"Savinar-Turm in Sant Josep de sa Talaia, Ibiza\" class=\"wp-image-6986\" srcset=\"https:\/\/www.vacalia.com\/blog\/wp-content\/uploads\/2025\/02\/torre-des-savinar.jpg 670w, https:\/\/www.vacalia.com\/blog\/wp-content\/uploads\/2025\/02\/torre-des-savinar-300x134.jpg 300w, https:\/\/www.vacalia.com\/blog\/wp-content\/uploads\/2025\/02\/torre-des-savinar-370x166.jpg 370w\" sizes=\"(max-width: 767px) 100vw, 670px\" \/><figcaption class=\"wp-element-caption\">Savinar-Turm in Sant Josep de sa Talaia, Ibiza<\/figcaption><\/figure><\/div>\n\n\n<h6 class=\"wp-block-heading\"><strong>Str\u00e4nde und Buchten<\/strong><\/h6>\n\n\n\n<p>Sant Josep verf\u00fcgt \u00fcber kleine, ruhige Sandstr\u00e4nde, die ideal zum Entspannen sind. Der Favorit unter den Besuchern ist zweifellos <strong>Cala d&#8217;Hort<\/strong>, eine Oase der Ruhe mit dem imposanten <strong>Es Vedr\u00e0 <\/strong>im Hintergrund, aber es gibt noch viele andere Str\u00e4nde und Buchten, die Sie begeistern werden. Hier sind nur einige davon:<\/p>\n\n\n\n<ul class=\"wp-block-list\">\n<li><strong>Cala Carb\u00f3<\/strong>, im unteren Teil der Bucht gelegen, ist ein bezaubernder Ort, der Sie alle Ihre Sorgen vergessen l\u00e4sst.<\/li>\n\n\n\n<li><strong>Cala Vadella <\/strong>hingegen ist ein versteckter und ruhiger Zufluchtsort, der sich perfekt zum Abschalten eignet.<\/li>\n\n\n\n<li><strong>Cala Mol\u00ed<\/strong>, zwischen zwei H\u00fcgeln gelegen, ist ein friedlicher, windgesch\u00fctzter Ort, ideal, um die Ruhe und den Frieden zu genie\u00dfen.<\/li>\n\n\n\n<li><strong>Es Cavallet<\/strong>, ein FKK-Strand im Herzen des Naturparks Ses Salines, bietet auch die sch\u00f6ne Silhouette von Formentera am Horizont.<\/li>\n\n\n\n<li>Das bei Prominenten beliebte <strong>Las Salinas <\/strong>verbindet luxuri\u00f6se Strandbars mit allen Annehmlichkeiten, die Sie f\u00fcr einen unvergesslichen Tag ben\u00f6tigen.<\/li>\n<\/ul>\n\n\n\n<p><\/p>\n\n\n\n<p>Jeder dieser Str\u00e4nde und Buchten hat seinen eigenen Charme, entdecken Sie sie und w\u00e4hlen Sie Ihren Favoriten!<\/p>\n\n\n<div class=\"wp-block-image\">\n<figure class=\"aligncenter size-full\"><img loading=\"lazy\" decoding=\"async\" width=\"670\" height=\"300\" src=\"https:\/\/www.vacalia.com\/blog\/wp-content\/uploads\/2025\/02\/Playa-de-Cala-dHort.jpg\" alt=\"Strand Cala d'Hort in Sant Josep de sa Talaia, Ibiza\" class=\"wp-image-6985\" srcset=\"https:\/\/www.vacalia.com\/blog\/wp-content\/uploads\/2025\/02\/Playa-de-Cala-dHort.jpg 670w, https:\/\/www.vacalia.com\/blog\/wp-content\/uploads\/2025\/02\/Playa-de-Cala-dHort-300x134.jpg 300w, https:\/\/www.vacalia.com\/blog\/wp-content\/uploads\/2025\/02\/Playa-de-Cala-dHort-370x166.jpg 370w\" sizes=\"(max-width: 767px) 100vw, 670px\" \/><figcaption class=\"wp-element-caption\">Strand Cala d&#8217;Hort in Sant Josep de sa Talaia, Ibiza<\/figcaption><\/figure><\/div>\n\n\n<p><strong>Die Festa de Sant Josep <\/strong>ist weit mehr als ein religi\u00f6ses Fest; sie ist eine Hommage an die ibizenkische Kultur, Tradition und Gemeinschaft. F\u00fcr diejenigen, die Ibiza im M\u00e4rz besuchen, bietet dieses Fest eine authentische und bereichernde Erfahrung, voll von Musik, Gastronomie und Verbindung mit dem Wesen der Insel. Verpassen Sie nicht die Gelegenheit, es aus erster Hand zu erleben.<\/p>\n\n\n\n<p>Dieses Fest erinnert daran, dass Ibiza nicht nur aus Str\u00e4nden und Partys besteht, sondern auch eine Insel mit einem tiefen geschichtlichen und kulturellen Erbe ist, das es verdient, entdeckt zu werden. Die Festa de Sant Josep ist zweifellos eine der besten Gelegenheiten, dies zu tun.<\/p>\n\n\n<div class=\"bannerBlog\"><div class=\"new-card-houses\">\n    <div class=\"likeOut likeDivOut\" style=\"display:none\">\n        <a data-id=\"3702\" class=\"likeOut_button_red likeBtnFav\"\n            aria-label=\"Megusta Vacalia\"><\/a>\n    <\/div>\n    <figure>\n        <img loading=\"lazy\" decoding=\"async\" \n            loading=\"lazy\" width=\"301\" height=\"200\"\n            src=\"\/\/media.vacalia.com\/photo\/reformatwebpfolder\/350\/200\/3702\/thumb-middle\/3702_cffa553ddb69a76ed75a2ef671d05de4.webp?v=21092023\"\n            alt=\"Cas consul - Ferienhaus auf Sant Miquel de Balansat\"\/>\n                                                                    <\/figure>\n    <p itemprop=\"address\"><i class=\"ico-marker\"><\/i>Sant Miquel de Balansat, Ibiza<\/p>\n    <h3 itemprop=\"name\">Cas consul<\/h3>\n    <ul class=\"icon_list inline_list\">\n                              <li class=\"ico-pool\" title=\"Pool\">\n              <span itemprop=\"amenityFeature\">Pool<\/span>\n            <\/li>\n                      <li class=\"ico-wifi\" title=\"Wifi\">\n              <span itemprop=\"amenityFeature\">Wifi<\/span>\n            <\/li>\n                          <li class=\"ico-guests\" title=\"F\u00fcr 8 G\u00e4ste in Sant Miquel De Balansat.\">\n          <span itemprop=\"occupancy\">8<\/span>\n        <\/li>\n    <\/ul>\n            <span class=\"price\">Ab 378\u20ac \/ Nacht<\/span>\n                <a itemprop=\"url\" class=\"anchor\" href=\"https:\/\/www.vacalia.com\/de\/villa-cas-consul-sant-joan-de-labritja-h24810\" aria-label=\"Cas consul\"><\/a>\n<\/div><div class=\"new-card-houses\">\n    <div class=\"likeOut likeDivOut\" style=\"display:none\">\n        <a data-id=\"4149\" class=\"likeOut_button_red likeBtnFav\"\n            aria-label=\"Megusta Vacalia\"><\/a>\n    <\/div>\n    <figure>\n        <img loading=\"lazy\" decoding=\"async\" \n            loading=\"lazy\" width=\"301\" height=\"200\"\n            src=\"\/\/media.vacalia.com\/photo\/reformatwebpfolder\/350\/200\/4149\/thumb-middle\/4149_eeb179c71932cef5b05a9fb21240b4ea.webp?v=21092023\"\n            alt=\"Can melanie - Ferienhaus auf Sant Agust\u00ed des Vedr\u00e0\"\/>\n                                                                    <\/figure>\n    <p itemprop=\"address\"><i class=\"ico-marker\"><\/i>Sant Agust\u00ed des Vedr\u00e0, Ibiza<\/p>\n    <h3 itemprop=\"name\">Can melanie<\/h3>\n    <ul class=\"icon_list inline_list\">\n                              <li class=\"ico-pool\" title=\"Pool\">\n              <span itemprop=\"amenityFeature\">Pool<\/span>\n            <\/li>\n                      <li class=\"ico-airConditioning\" title=\"Klimaanlage\">\n              <span itemprop=\"amenityFeature\">Klimaanlage<\/span>\n            <\/li>\n                      <li class=\"ico-wifi\" title=\"Wifi\">\n              <span itemprop=\"amenityFeature\">Wifi<\/span>\n            <\/li>\n                      <li class=\"ico-views\" title=\"Ausblick\">\n              <span itemprop=\"amenityFeature\">Ausblick<\/span>\n            <\/li>\n                          <li class=\"ico-guests\" title=\"F\u00fcr 12 G\u00e4ste in Sant Agust\u00ed Des Vedr\u00e0.\">\n          <span itemprop=\"occupancy\">12<\/span>\n        <\/li>\n    <\/ul>\n            <span class=\"price\">Ab 1221\u20ac \/ Nacht<\/span>\n                <a itemprop=\"url\" class=\"anchor\" href=\"https:\/\/www.vacalia.com\/de\/villa-can-melanie-sant-josep-de-sa-talaia-h26318\" aria-label=\"Can melanie\"><\/a>\n<\/div><\/div>\n","protected":false},"excerpt":{"rendered":"<p>Jedes Jahr im M\u00e4rz putzt sich die Stadt Sant Josep de sa Talaia heraus, um eines der symboltr\u00e4chtigsten Feste Ibizas zu feiern: die Festa de Sant Josep, ein Fest zu&hellip;<\/p>\n","protected":false},"author":1,"featured_media":6987,"comment_status":"closed","ping_status":"open","sticky":false,"template":"","format":"standard","meta":{"_monsterinsights_skip_tracking":false,"_monsterinsights_sitenote_active":false,"_monsterinsights_sitenote_note":"","_monsterinsights_sitenote_category":0,"footnotes":""},"categories":[901,40,925,955,961],"tags":[],"class_list":["post-6991","post","type-post","status-publish","format-standard","has-post-thumbnail","hentry","category-ibiza-de","category-allgemein","category-feste-und-traditionen-auf-ibiza","category-was-kann-man-auf-ibiza-machen-de","category-was-kann-man-auf-ibiza-sehen"],"_links":{"self":[{"href":"https:\/\/www.vacalia.com\/blog\/wp-json\/wp\/v2\/posts\/6991"}],"collection":[{"href":"https:\/\/www.vacalia.com\/blog\/wp-json\/wp\/v2\/posts"}],"about":[{"href":"https:\/\/www.vacalia.com\/blog\/wp-json\/wp\/v2\/types\/post"}],"author":[{"embeddable":true,"href":"https:\/\/www.vacalia.com\/blog\/wp-json\/wp\/v2\/users\/1"}],"replies":[{"embeddable":true,"href":"https:\/\/www.vacalia.com\/blog\/wp-json\/wp\/v2\/comments?post=6991"}],"version-history":[{"count":3,"href":"https:\/\/www.vacalia.com\/blog\/wp-json\/wp\/v2\/posts\/6991\/revisions"}],"predecessor-version":[{"id":7005,"href":"https:\/\/www.vacalia.com\/blog\/wp-json\/wp\/v2\/posts\/6991\/revisions\/7005"}],"wp:featuredmedia":[{"embeddable":true,"href":"https:\/\/www.vacalia.com\/blog\/wp-json\/wp\/v2\/media\/6987"}],"wp:attachment":[{"href":"https:\/\/www.vacalia.com\/blog\/wp-json\/wp\/v2\/media?parent=6991"}],"wp:term":[{"taxonomy":"category","embeddable":true,"href":"https:\/\/www.vacalia.com\/blog\/wp-json\/wp\/v2\/categories?post=6991"},{"taxonomy":"post_tag","embeddable":true,"href":"https:\/\/www.vacalia.com\/blog\/wp-json\/wp\/v2\/tags?post=6991"}],"curies":[{"name":"wp","href":"https:\/\/api.w.org\/{rel}","templated":true}]}}