{"id":7006,"date":"2025-03-07T09:47:02","date_gmt":"2025-03-07T08:47:02","guid":{"rendered":"https:\/\/www.vacalia.com\/blog\/?p=7006"},"modified":"2025-07-08T10:44:39","modified_gmt":"2025-07-08T08:44:39","slug":"las-marismas-del-odiel-en-primavera","status":"publish","type":"post","link":"https:\/\/www.vacalia.com\/blog\/es\/las-marismas-del-odiel-en-primavera\/","title":{"rendered":"Las Marismas del Odiel en primavera"},"content":{"rendered":"\n<p>Al despedirse el invierno y alargarse los d\u00edas, las Marismas del Odiel se transforman en un espect\u00e1culo natural que os dejar\u00e1 sin aliento. Este magn\u00edfico paraje natural, situado en la desembocadura de los r\u00edos Tinto y Odiel, representa uno de los humedales m\u00e1s importantes de la Pen\u00ednsula Ib\u00e9rica. No es casualidad que la UNESCO lo declarara Reserva de la Biosfera en 1983, reconociendo as\u00ed su incalculable valor ecol\u00f3gico.<\/p>\n\n\n\n<p>La primavera despliega toda la magia de este ecosistema \u00fanico. Entre marzo y junio, las marismas experimentan una explosi\u00f3n de vida: los colores se intensifican, las aves migratorias llenan el cielo y la temperatura se vuelve perfecta para explorar sus rincones sin el agobiante calor del verano andaluz.<\/p>\n\n\n\n<p>Es precisamente en estos meses cuando podr\u00e9is contemplar el espect\u00e1culo m\u00e1s impresionante: miles de aves que utilizan las marismas como punto de descanso en sus rutas migratorias o que llegan para reproducirse, convirtiendo el paraje en una aut\u00e9ntica guarder\u00eda natural.<\/p>\n\n\n<div class=\"wp-block-image\">\n<figure class=\"aligncenter size-full\"><img fetchpriority=\"high\" decoding=\"async\" width=\"670\" height=\"300\" src=\"https:\/\/www.vacalia.com\/blog\/wp-content\/uploads\/2025\/03\/visitar-marismas-de-odiel.jpg\" alt=\"Visita las Marismas del Odiel en Huelva\" class=\"wp-image-7009\" srcset=\"https:\/\/www.vacalia.com\/blog\/wp-content\/uploads\/2025\/03\/visitar-marismas-de-odiel.jpg 670w, https:\/\/www.vacalia.com\/blog\/wp-content\/uploads\/2025\/03\/visitar-marismas-de-odiel-300x134.jpg 300w, https:\/\/www.vacalia.com\/blog\/wp-content\/uploads\/2025\/03\/visitar-marismas-de-odiel-370x166.jpg 370w\" sizes=\"(max-width: 767px) 100vw, 670px\" \/><figcaption class=\"wp-element-caption\">Visita las Marismas del Odiel en Huelva<\/figcaption><\/figure><\/div>\n\n\n<h2 class=\"wp-block-heading has-medium-font-size\"><strong>Ubicaci\u00f3n y como llegar<\/strong><\/h2>\n\n\n\n<p>Las Marismas del Odiel se encuentran en la provincia de <strong><a href=\"https:\/\/www.vacalia.com\/es\/alquiler-vacacional-huelva\" target=\"_blank\" rel=\"noreferrer noopener\">Huelva<\/a><\/strong>, en el suroeste de Andaluc\u00eda, abrazando la desembocadura del r\u00edo Odiel en su encuentro con el Atl\u00e1ntico. Este para\u00edso natural se extiende sobre aproximadamente 7.000 hect\u00e1reas, creando un mosaico de islas, ca\u00f1os y marismas de extraordinaria belleza.<\/p>\n\n\n\n<p>Se encuentran a tan solo 5 kil\u00f3metros de Huelva capital, lo que las convierte en un destino de f\u00e1cil acceso. Desde <strong><a href=\"https:\/\/www.vacalia.com\/es\/alojamiento-vacacional-sevilla\" target=\"_blank\" rel=\"noreferrer noopener\">Sevilla<\/a><\/strong>, la distancia es de unos 90 kil\u00f3metros (aproximadamente 1 hora en coche por la A-49). Para llegar a las Marismas del Odiel en coche desde Huelva, tomad la H-30 direcci\u00f3n Punta Umbr\u00eda y seguid las indicaciones hacia el Centro de Visitantes Anastasio Senra, punto de partida ideal para vuestra visita.<\/p>\n\n\n<div class=\"bannerBlog\"><div class=\"new-card-houses\">\n    <div class=\"likeOut likeDivOut\" style=\"display:none\">\n        <a data-id=\"4787\" class=\"likeOut_button_red likeBtnFav\"\n            aria-label=\"Megusta Vacalia\"><\/a>\n    <\/div>\n    <figure>\n        <img loading=\"lazy\" decoding=\"async\" \n            loading=\"lazy\" width=\"301\" height=\"200\"\n            src=\"\/\/media.vacalia.com\/photo\/reformatwebpfolder\/350\/200\/4787\/thumb-middle\/4787_1ff11a63946db9e39d4fc711dd7efb85.webp?v=21092023\"\n            alt=\"Las cumbres - Alquiler vacacional en Islantilla\"\/>\n                                                                        <div class=\"circleDiscount\">-6%<\/div>\n                        <\/figure>\n    <p itemprop=\"address\"><i class=\"ico-marker\"><\/i>Islantilla, Huelva<\/p>\n    <h3 itemprop=\"name\">Las cumbres<\/h3>\n    <ul class=\"icon_list inline_list\">\n                              <li class=\"ico-pool\" title=\"Piscina\">\n              <span itemprop=\"amenityFeature\">Piscina<\/span>\n            <\/li>\n                          <li class=\"ico-guests\" title=\"Para 4 hu\u00e9spedes en Islantilla.\">\n          <span itemprop=\"occupancy\">4<\/span>\n        <\/li>\n    <\/ul>\n            <span class=\"price\">Desde 71\u20ac \/ noche<\/span>\n                <a itemprop=\"url\" class=\"anchor\" href=\"https:\/\/www.vacalia.com\/es\/apartamento-las-cumbres-lepe-h27491\" aria-label=\"Las cumbres\"><\/a>\n<\/div><div class=\"new-card-houses\">\n    <div class=\"likeOut likeDivOut\" style=\"display:none\">\n        <a data-id=\"4869\" class=\"likeOut_button_red likeBtnFav\"\n            aria-label=\"Megusta Vacalia\"><\/a>\n    <\/div>\n    <figure>\n        <img loading=\"lazy\" decoding=\"async\" \n            loading=\"lazy\" width=\"301\" height=\"200\"\n            src=\"\/\/media.vacalia.com\/photo\/reformatwebpfolder\/350\/200\/4869\/thumb-middle\/4869_0d503379b991ef1da78c6aade204a2a2.webp?v=21092023\"\n            alt=\"Isla canela golf - Alquiler vacacional en Isla de Canela\"\/>\n                                                                    <\/figure>\n    <p itemprop=\"address\"><i class=\"ico-marker\"><\/i>Isla de Canela, Huelva<\/p>\n    <h3 itemprop=\"name\">Isla canela golf<\/h3>\n    <ul class=\"icon_list inline_list\">\n                              <li class=\"ico-pool\" title=\"Piscina\">\n              <span itemprop=\"amenityFeature\">Piscina<\/span>\n            <\/li>\n                      <li class=\"ico-airConditioning\" title=\"Aire Acondicionado\">\n              <span itemprop=\"amenityFeature\">Aire Acondicionado<\/span>\n            <\/li>\n                      <li class=\"ico-wifi\" title=\"Wifi\">\n              <span itemprop=\"amenityFeature\">Wifi<\/span>\n            <\/li>\n                          <li class=\"ico-guests\" title=\"Para 2+2   hu\u00e9spedes en Isla De Canela.\">\n          <span itemprop=\"occupancy\">2+2  <\/span>\n        <\/li>\n    <\/ul>\n            <span class=\"price\">Desde 76\u20ac \/ noche<\/span>\n                <a itemprop=\"url\" class=\"anchor\" href=\"https:\/\/www.vacalia.com\/es\/apartamento-isla-canela-golf-ayamonte-h27747\" aria-label=\"Isla canela golf\"><\/a>\n<\/div><\/div>\n\n\n\n<h2 class=\"wp-block-heading has-medium-font-size\"><strong>Ecosistema y biodiversidad<\/strong><\/h2>\n\n\n\n<p>Cuando os adentr\u00e9is en las Marismas del Odiel, estar\u00e9is pisando uno de los ecosistemas m\u00e1s productivos del planeta. Las marismas son zonas donde el agua dulce y el agua salada se encuentran, creando un ambiente \u00fanico que sirve de refugio para innumerables especies.<\/p>\n\n\n\n<p>En primavera, la flora de las marismas alcanza su m\u00e1ximo esplendor con plantas adaptadas a la salinidad que ti\u00f1en de colores vivos grandes extensiones.<\/p>\n\n\n\n<p>La fauna en primavera alcanza niveles de diversidad espectaculares. Las Marismas del Odiel albergan m\u00e1s de 300 especies diferentes de aves a lo largo del a\u00f1o, con especial concentraci\u00f3n en primavera:<\/p>\n\n\n\n<ul class=\"wp-block-list\">\n<li><strong>Aves migratorias<\/strong>: Los flamencos forman colonias que pueden superar los 2.000 ejemplares, ti\u00f1endo de rosa las lagunas. Las esp\u00e1tulas europeas llegan en marzo para reproducirse, creando una de las colonias m\u00e1s importantes de Europa Occidental.<\/li>\n<\/ul>\n\n\n<div class=\"wp-block-image\">\n<figure class=\"aligncenter size-full\"><img decoding=\"async\" width=\"670\" height=\"300\" src=\"https:\/\/www.vacalia.com\/blog\/wp-content\/uploads\/2025\/03\/flamencos-marismas-de-odiel.jpg\" alt=\"Flamencos en las Marismas del Odiel, Huelva\" class=\"wp-image-7007\" srcset=\"https:\/\/www.vacalia.com\/blog\/wp-content\/uploads\/2025\/03\/flamencos-marismas-de-odiel.jpg 670w, https:\/\/www.vacalia.com\/blog\/wp-content\/uploads\/2025\/03\/flamencos-marismas-de-odiel-300x134.jpg 300w, https:\/\/www.vacalia.com\/blog\/wp-content\/uploads\/2025\/03\/flamencos-marismas-de-odiel-370x166.jpg 370w\" sizes=\"(max-width: 767px) 100vw, 670px\" \/><figcaption class=\"wp-element-caption\">Flamencos en las Marismas del Odiel, Huelva<\/figcaption><\/figure><\/div>\n\n\n<ul class=\"wp-block-list\">\n<li><strong>Garzas<\/strong>: Diferentes especies de garzas pueblan los canales y esteros, creando estampas de gran belleza natural.<\/li>\n\n\n\n<li><strong>Mam\u00edferos<\/strong>: Aunque m\u00e1s discretos, en las marismas habitan nutrias europeas y otros peque\u00f1os mam\u00edferos que aprovechan la abundancia de alimento.<\/li>\n\n\n\n<li><strong>Reptiles y anfibios<\/strong>: El camale\u00f3n com\u00fan encuentra en los pinares costeros su h\u00e1bitat ideal, mientras que gal\u00e1pagos y ranas animan las charcas y orillas.<\/li>\n<\/ul>\n\n\n\n<p><\/p>\n\n\n\n<h2 class=\"wp-block-heading has-medium-font-size\"><strong>Rutas y actividades recomendadas<\/strong><\/h2>\n\n\n\n<p>Las Marismas del Odiel ofrecen varias rutas perfectamente se\u00f1alizadas:<\/p>\n\n\n\n<ul class=\"wp-block-list\">\n<li><strong>Ruta de Calatilla-Bacuta<\/strong>: Este recorrido de 8 kil\u00f3metros (ida y vuelta) os llevar\u00e1 por el coraz\u00f3n de las marismas hasta la isla de Bacuta, uno de los principales lugares de nidificaci\u00f3n de aves. El sendero est\u00e1 equipado con varios observatorios estrat\u00e9gicamente situados.<\/li>\n\n\n\n<li><strong>Sendero del Acebuchal<\/strong>: Un recorrido m\u00e1s corto (3 kil\u00f3metros) que os adentrar\u00e1 en un bosque mediterr\u00e1neo de acebuches centenarios, algunos con m\u00e1s de 500 a\u00f1os de antig\u00fcedad.<\/li>\n\n\n\n<li><strong>Mirador del Dique Juan Carlos I<\/strong>: Este punto de observaci\u00f3n os ofrecer\u00e1 unas vistas panor\u00e1micas impresionantes de las marismas. Al atardecer, el sol poniente crea uno de los paisajes m\u00e1s fotog\u00e9nicos de Andaluc\u00eda.<\/li>\n<\/ul>\n\n\n<div class=\"wp-block-image\">\n<figure class=\"aligncenter size-full\"><img decoding=\"async\" width=\"670\" height=\"300\" src=\"https:\/\/www.vacalia.com\/blog\/wp-content\/uploads\/2025\/03\/las-marismas-de-odiel-atardecer.jpg\" alt=\"El atardecer en las Marismas del Odiel, Huelva\" class=\"wp-image-7010\" srcset=\"https:\/\/www.vacalia.com\/blog\/wp-content\/uploads\/2025\/03\/las-marismas-de-odiel-atardecer.jpg 670w, https:\/\/www.vacalia.com\/blog\/wp-content\/uploads\/2025\/03\/las-marismas-de-odiel-atardecer-300x134.jpg 300w, https:\/\/www.vacalia.com\/blog\/wp-content\/uploads\/2025\/03\/las-marismas-de-odiel-atardecer-370x166.jpg 370w\" sizes=\"(max-width: 767px) 100vw, 670px\" \/><figcaption class=\"wp-element-caption\">El atardecer en las Marismas del Odiel, Huelva<\/figcaption><\/figure><\/div>\n\n\n<h2 class=\"wp-block-heading has-medium-font-size\"><strong>Observaci\u00f3n de aves<\/strong><\/h2>\n\n\n\n<p>Si os gusta la observaci\u00f3n de aves, la primavera en las Marismas del Odiel es un para\u00edso:<\/p>\n\n\n\n<ul class=\"wp-block-list\">\n<li>La mejor \u00e9poca para observar los flamencos y esp\u00e1tulas es entre marzo y junio.<\/li>\n\n\n\n<li>Los mejores momentos son el amanecer y el atardecer, cuando las aves est\u00e1n m\u00e1s activas.<\/li>\n\n\n\n<li>Llevad prism\u00e1ticos y, si os gusta la fotograf\u00eda, un buen teleobjetivo y tr\u00edpode.<\/li>\n<\/ul>\n\n\n<div class=\"wp-block-image\">\n<figure class=\"aligncenter size-full\"><img loading=\"lazy\" decoding=\"async\" width=\"670\" height=\"300\" src=\"https:\/\/www.vacalia.com\/blog\/wp-content\/uploads\/2025\/03\/aves-marismas-de-odiel.jpg\" alt=\"Observaci\u00f3n de aves en las Marismas del Odiel, Huelva\" class=\"wp-image-7008\" srcset=\"https:\/\/www.vacalia.com\/blog\/wp-content\/uploads\/2025\/03\/aves-marismas-de-odiel.jpg 670w, https:\/\/www.vacalia.com\/blog\/wp-content\/uploads\/2025\/03\/aves-marismas-de-odiel-300x134.jpg 300w, https:\/\/www.vacalia.com\/blog\/wp-content\/uploads\/2025\/03\/aves-marismas-de-odiel-370x166.jpg 370w\" sizes=\"(max-width: 767px) 100vw, 670px\" \/><figcaption class=\"wp-element-caption\">Observaci\u00f3n de aves en las Marismas del Odiel, Huelva<\/figcaption><\/figure><\/div>\n\n\n<h2 class=\"wp-block-heading has-medium-font-size\"><strong>Actividades en la naturaleza<\/strong><\/h2>\n\n\n\n<p>M\u00e1s all\u00e1 de los senderos y la observaci\u00f3n de aves:<\/p>\n\n\n\n<ul class=\"wp-block-list\">\n<li><strong>Paseos en kayak<\/strong>: Explorar los ca\u00f1os y esteros desde el agua es una experiencia \u00fanica que os permitir\u00e1 acercaros a rincones inaccesibles a pie.<\/li>\n\n\n\n<li><strong>Rutas en bicicleta<\/strong>: El Paraje Natural cuenta con varios caminos habilitados para bicicletas, siendo el m\u00e1s popular el que recorre el Dique Juan Carlos I.<\/li>\n\n\n\n<li><strong>Excursiones guiadas<\/strong>: El Centro de Visitantes Anastasio Senra organiza regularmente visitas guiadas para aprovechar al m\u00e1ximo vuestra experiencia.<\/li>\n<\/ul>\n\n\n\n<p><\/p>\n\n\n\n<h2 class=\"wp-block-heading has-medium-font-size\"><strong>Otras visitas cercanas<\/strong><\/h2>\n\n\n\n<p>Las Marismas del Odiel pueden ser el punto de partida para explorar otros tesoros de Huelva:<\/p>\n\n\n\n<ul class=\"wp-block-list\">\n<li><strong>Playa de Punta Umbr\u00eda<\/strong>: A menos de 10 minutos en coche, esta extensa playa de fina arena dorada es perfecta para relajaros despu\u00e9s de una jornada de naturaleza.<\/li>\n\n\n\n<li><strong>El Paraje Natural de Do\u00f1ana<\/strong>: A unos 40 kil\u00f3metros, este espacio natural protegido complementa perfectamente vuestra visita mostr\u00e1ndoos marismas de agua dulce, bosques de pinos y el famoso matorral mediterr\u00e1neo.<\/li>\n\n\n\n<li><strong>Moguer y el legado de Juan Ram\u00f3n Jim\u00e9nez<\/strong>: A unos 25 kil\u00f3metros, la localidad de Moguer os ofrece una parada cultural visitando la Casa Museo del Premio Nobel de Literatura, autor de \u00abPlatero y yo\u00bb.<\/li>\n\n\n\n<li><strong>La R\u00e1bida y los Lugares Colombinos<\/strong>: A solo 15 kil\u00f3metros, este conjunto hist\u00f3rico os trasladar\u00e1 a los tiempos del Descubrimiento de Am\u00e9rica con el Monasterio de La R\u00e1bida y el Muelle de las Carabelas.<\/li>\n<\/ul>\n\n\n\n<p><\/p>\n\n\n\n<p>Cuando los \u00faltimos rayos del sol se reflejan en las aguas de las Marismas del Odiel, comprend\u00e9is por qu\u00e9 este rinc\u00f3n de Huelva es considerado uno de los grandes tesoros naturales de Espa\u00f1a.<\/p>\n\n\n\n<p>Este ecosistema es fundamental para la supervivencia de cientos de especies y un recordatorio de la importancia de preservar estos espacios \u00fanicos.<\/p>\n\n\n\n<p>Os invitamos a descubrir este para\u00edso natural con respeto y admiraci\u00f3n. Las Marismas del Odiel os esperan en primavera con toda su magia desplegada, listas para ofreceros una experiencia inolvidable.<\/p>\n","protected":false},"excerpt":{"rendered":"<p>Al despedirse el invierno y alargarse los d\u00edas, las Marismas del Odiel se transforman en un espect\u00e1culo natural que os dejar\u00e1 sin aliento. Este magn\u00edfico paraje natural, situado en la&hellip;<\/p>\n","protected":false},"author":1,"featured_media":7010,"comment_status":"closed","ping_status":"open","sticky":false,"template":"","format":"standard","meta":{"_monsterinsights_skip_tracking":false,"_monsterinsights_sitenote_active":false,"_monsterinsights_sitenote_note":"","_monsterinsights_sitenote_category":0,"footnotes":""},"categories":[1076,1082,1088,1,1094],"tags":[],"class_list":["post-7006","post","type-post","status-publish","format-standard","has-post-thumbnail","hentry","category-otros-lugares-de-interes","category-que-hacer","category-que-ver","category-general-es","category-guias-es"],"_links":{"self":[{"href":"https:\/\/www.vacalia.com\/blog\/wp-json\/wp\/v2\/posts\/7006"}],"collection":[{"href":"https:\/\/www.vacalia.com\/blog\/wp-json\/wp\/v2\/posts"}],"about":[{"href":"https:\/\/www.vacalia.com\/blog\/wp-json\/wp\/v2\/types\/post"}],"author":[{"embeddable":true,"href":"https:\/\/www.vacalia.com\/blog\/wp-json\/wp\/v2\/users\/1"}],"replies":[{"embeddable":true,"href":"https:\/\/www.vacalia.com\/blog\/wp-json\/wp\/v2\/comments?post=7006"}],"version-history":[{"count":4,"href":"https:\/\/www.vacalia.com\/blog\/wp-json\/wp\/v2\/posts\/7006\/revisions"}],"predecessor-version":[{"id":7574,"href":"https:\/\/www.vacalia.com\/blog\/wp-json\/wp\/v2\/posts\/7006\/revisions\/7574"}],"wp:featuredmedia":[{"embeddable":true,"href":"https:\/\/www.vacalia.com\/blog\/wp-json\/wp\/v2\/media\/7010"}],"wp:attachment":[{"href":"https:\/\/www.vacalia.com\/blog\/wp-json\/wp\/v2\/media?parent=7006"}],"wp:term":[{"taxonomy":"category","embeddable":true,"href":"https:\/\/www.vacalia.com\/blog\/wp-json\/wp\/v2\/categories?post=7006"},{"taxonomy":"post_tag","embeddable":true,"href":"https:\/\/www.vacalia.com\/blog\/wp-json\/wp\/v2\/tags?post=7006"}],"curies":[{"name":"wp","href":"https:\/\/api.w.org\/{rel}","templated":true}]}}