{"id":7021,"date":"2025-03-14T10:37:47","date_gmt":"2025-03-14T09:37:47","guid":{"rendered":"https:\/\/www.vacalia.com\/blog\/?p=7021"},"modified":"2025-03-14T10:37:50","modified_gmt":"2025-03-14T09:37:50","slug":"trofeo-princesa-sofia-mallorca","status":"publish","type":"post","link":"https:\/\/www.vacalia.com\/blog\/es\/trofeo-princesa-sofia-mallorca\/","title":{"rendered":"Trofeo Princesa Sof\u00eda Mallorca: vela y tradici\u00f3n en la Bah\u00eda de Palma"},"content":{"rendered":"\n<p>El Trofeo Princesa Sof\u00eda se ha convertido en una cita ineludible para regatistas profesionales y aficionados de todo el mundo, que acuden fielmente cada primavera a este rinc\u00f3n privilegiado del Mediterr\u00e1neo. No es casualidad que muchos consideren esta competici\u00f3n como una de las pruebas m\u00e1s importantes en el calendario internacional de la vela ol\u00edmpica. Su combinaci\u00f3n \u00fanica de condiciones de navegaci\u00f3n, organizaci\u00f3n de primer nivel y el encanto innegable de <strong><a href=\"https:\/\/www.vacalia.com\/es\/alojamiento-vacacional-mallorca\" target=\"_blank\" rel=\"noreferrer noopener\">Mallorca<\/a><\/strong> lo convierten en un evento que trasciende lo meramente deportivo.<\/p>\n\n\n\n<p>Para Mallorca, el trofeo representa un magn\u00edfico escaparate de sus bondades como destino tur\u00edstico. El evento marca el inicio de la temporada tur\u00edstica en la isla llenando sus calles con el ambiente internacional que caracteriza a esta cita deportiva.<\/p>\n\n\n<div class=\"wp-block-image\">\n<figure class=\"aligncenter size-full\"><img fetchpriority=\"high\" decoding=\"async\" width=\"670\" height=\"300\" src=\"https:\/\/www.vacalia.com\/blog\/wp-content\/uploads\/2025\/03\/trofeo-Princesa-Sofia-Mallorca.jpg\" alt=\"Trofeo Princesa Sof\u00eda Mallorca\" class=\"wp-image-7022\" srcset=\"https:\/\/www.vacalia.com\/blog\/wp-content\/uploads\/2025\/03\/trofeo-Princesa-Sofia-Mallorca.jpg 670w, https:\/\/www.vacalia.com\/blog\/wp-content\/uploads\/2025\/03\/trofeo-Princesa-Sofia-Mallorca-300x134.jpg 300w, https:\/\/www.vacalia.com\/blog\/wp-content\/uploads\/2025\/03\/trofeo-Princesa-Sofia-Mallorca-370x166.jpg 370w\" sizes=\"(max-width: 767px) 100vw, 670px\" \/><figcaption class=\"wp-element-caption\">Trofeo Princesa Sof\u00eda Mallorca<\/figcaption><\/figure><\/div>\n\n\n<h6 class=\"wp-block-heading\"><strong>Historia y evoluci\u00f3n del trofeo<\/strong><\/h6>\n\n\n\n<p>Para comprender la magnitud actual del Trofeo Princesa Sof\u00eda, deb\u00e9is remontaros a sus modestos or\u00edgenes en 1968. Lo que comenz\u00f3 como una peque\u00f1a regata local pronto capt\u00f3 la atenci\u00f3n de la entonces Princesa Sof\u00eda, quien mostr\u00f3 su apoyo a este evento mar\u00edtimo desde sus primeras ediciones.&nbsp;<\/p>\n\n\n\n<p>Con el paso de las d\u00e9cadas, el trofeo ha experimentado una evoluci\u00f3n constante que lo ha llevado a convertirse en una de las regatas de vela ol\u00edmpica m\u00e1s prestigiosas del mundo. Desde aquellas primeras ediciones con unas pocas embarcaciones, principalmente locales, hasta la actualidad, donde participan m\u00e1s de 800 embarcaciones y 1.000 regatistas representando a m\u00e1s de 60 pa\u00edses, el crecimiento ha sido espectacular. Este desarrollo no solo se refleja en n\u00fameros, sino tambi\u00e9n en su inclusi\u00f3n en el circuito mundial de World Sailing, lo que garantiza la presencia de los mejores regatistas del planeta.<\/p>\n\n\n\n<p>A lo largo de su historia, el Trofeo Princesa Sof\u00eda ha visto pasar por sus aguas a verdaderas leyendas de la vela. Medallistas ol\u00edmpicos, campeones mundiales y figuras m\u00edticas del deporte como Paul Elvstr\u00f8m, Ben Ainslie o la espa\u00f1ola Theresa Zabell han dejado su huella en la Bah\u00eda de Palma. Cada edici\u00f3n ha contribuido a escribir p\u00e1ginas doradas en la historia de la vela, con enfrentamientos \u00e9picos, condiciones meteorol\u00f3gicas desafiantes y momentos de deportividad que perduran en la memoria colectiva de este deporte.<\/p>\n\n\n\n<p>La evoluci\u00f3n del trofeo ha corrido paralela a los cambios en la propia vela ol\u00edmpica, adapt\u00e1ndose a las nuevas clases de embarcaciones, tecnolog\u00edas y formatos de competici\u00f3n. En la actualidad, el evento acoge todas las clases ol\u00edmpicas vigentes, convirti\u00e9ndose as\u00ed en un campo de pruebas ideal para los equipos nacionales que preparan su participaci\u00f3n en los Juegos Ol\u00edmpicos.<\/p>\n\n\n\n<h6 class=\"wp-block-heading\"><strong>La Bah\u00eda de Palma: un para\u00edso para la vela<\/strong><\/h6>\n\n\n\n<p>El microclima de la bah\u00eda representa uno de sus mayores atractivos para la navegaci\u00f3n deportiva. Durante la primavera, \u00e9poca en que se celebra el trofeo, pod\u00e9is disfrutar de temperaturas suaves que rondan los 18-22 grados cent\u00edgrados, un sol radiante que garantiza buena visibilidad y, lo m\u00e1s importante para los regatistas, vientos estables y predecibles. El r\u00e9gimen de brisas es particularmente favorable, con vientos t\u00e9rmicos que suelen establecerse a media ma\u00f1ana y aumentan su intensidad a lo largo del d\u00eda, ofreciendo condiciones ideales para la competici\u00f3n.<\/p>\n\n\n\n<p>La claridad del agua permite observar las formaciones del fondo marino, ayudando a predecir las corrientes locales que pueden influir decisivamente en el resultado de una regata. Adem\u00e1s, el oleaje moderado que suele presentar la bah\u00eda proporciona un equilibrio perfecto entre desaf\u00edo y navegabilidad.<\/p>\n\n\n<div class=\"wp-block-image\">\n<figure class=\"aligncenter size-full\"><img decoding=\"async\" width=\"670\" height=\"300\" src=\"https:\/\/www.vacalia.com\/blog\/wp-content\/uploads\/2025\/03\/competicion-trofeo-Princesa-Sofia-Mallorca.jpg\" alt=\"Competici\u00f3n Trofeo Princesa Sof\u00eda Mallorca\" class=\"wp-image-7023\" srcset=\"https:\/\/www.vacalia.com\/blog\/wp-content\/uploads\/2025\/03\/competicion-trofeo-Princesa-Sofia-Mallorca.jpg 670w, https:\/\/www.vacalia.com\/blog\/wp-content\/uploads\/2025\/03\/competicion-trofeo-Princesa-Sofia-Mallorca-300x134.jpg 300w, https:\/\/www.vacalia.com\/blog\/wp-content\/uploads\/2025\/03\/competicion-trofeo-Princesa-Sofia-Mallorca-370x166.jpg 370w\" sizes=\"(max-width: 767px) 100vw, 670px\" \/><figcaption class=\"wp-element-caption\">Competici\u00f3n Trofeo Princesa Sof\u00eda Mallorca<\/figcaption><\/figure><\/div>\n\n\n<p>El impacto del Trofeo Princesa Sof\u00eda en la comunidad n\u00e1utica local ha sido extraordinario a lo largo de sus m\u00e1s de cinco d\u00e9cadas de historia. El evento ha contribuido a consolidar la tradici\u00f3n marinera de Mallorca, impulsando la formaci\u00f3n de nuevas generaciones de navegantes y el desarrollo de infraestructuras n\u00e1uticas de primer nivel. Los clubes n\u00e1uticos que organizan el evento (Club Club N\u00e1utico El Arenal, Real Club N\u00e1utico de Palma y Club Mar\u00edtimo San Antonio de la Playa)&nbsp; han visto crecer su prestigio internacional y su capacidad organizativa gracias a este trofeo.<\/p>\n\n\n\n<p>Para muchos mallorquines, el evento representa mucho m\u00e1s que una competici\u00f3n deportiva; es una celebraci\u00f3n de su v\u00ednculo ancestral con el mar, una oportunidad para mostrar al mundo la rica cultura marinera mediterr\u00e1nea que forma parte esencial de la identidad isle\u00f1a. La implicaci\u00f3n de voluntarios locales, la participaci\u00f3n de j\u00f3venes navegantes de la isla y el apoyo de empresas y administraciones del archipi\u00e9lago demuestran hasta qu\u00e9 punto el Trofeo Princesa Sof\u00eda est\u00e1 enraizado en el coraz\u00f3n de la sociedad balear.<\/p>\n\n\n\n<h6 class=\"wp-block-heading\"><strong>Qu\u00e9 hacer en Palma durante el evento<\/strong><\/h6>\n\n\n\n<p>Durante los d\u00edas del trofeo, la vida cultural de Palma y de los municipios costeros cercanos se intensifica notablemente. Pod\u00e9is disfrutar de exposiciones fotogr\u00e1ficas sobre tem\u00e1tica mar\u00edtima, conciertos al aire libre, mercados artesanales y eventos gastron\u00f3micos que ponen en valor los productos locales. Las veladas sociales organizadas por los clubes n\u00e1uticos constituyen tambi\u00e9n una magn\u00edfica oportunidad para conocer de cerca a regatistas y aficionados de todo el mundo, compartiendo experiencias en un ambiente distendido y cosmopolita.<\/p>\n\n\n\n<p>La gastronom\u00eda merece un cap\u00edtulo aparte en vuestra visita. Aprovechad para degustar los sabores aut\u00e9nticos de la cocina mallorquina en los restaurantes tradicionales del casco antiguo de Palma o en los chiringuitos junto al mar. Platos como la caldereta de langosta, el tumbet, las sopas mallorquinas o el famoso pa amb oli os conectar\u00e1n con siglos de tradici\u00f3n culinaria mediterr\u00e1nea. No olvid\u00e9is maridar estas delicias con los excelentes vinos producidos en la isla, cada vez m\u00e1s reconocidos internacionalmente.<\/p>\n\n\n\n<p>Si sois aficionados al mar, Mallorca os brinda infinitas posibilidades para disfrutar del entorno marino. Pod\u00e9is alquilar embarcaciones para navegar por vuestros propios medios, contratar excursiones guiadas para observar delfines y la rica fauna marina, o practicar snorkel y buceo en sus numerosas calas. Las escuelas de vela locales ofrecen tambi\u00e9n cursos intensivos de iniciaci\u00f3n para quienes deseen aprender los fundamentos de este deporte inspirados por el ambiente del trofeo.<\/p>\n\n\n<div class=\"wp-block-image\">\n<figure class=\"aligncenter size-full\"><img decoding=\"async\" width=\"670\" height=\"300\" src=\"https:\/\/www.vacalia.com\/blog\/wp-content\/uploads\/2025\/03\/navegar-en-barco-Palma-Mallorca.jpg\" alt=\"Navegar en barco por Palma de Mallorca\" class=\"wp-image-7024\" srcset=\"https:\/\/www.vacalia.com\/blog\/wp-content\/uploads\/2025\/03\/navegar-en-barco-Palma-Mallorca.jpg 670w, https:\/\/www.vacalia.com\/blog\/wp-content\/uploads\/2025\/03\/navegar-en-barco-Palma-Mallorca-300x134.jpg 300w, https:\/\/www.vacalia.com\/blog\/wp-content\/uploads\/2025\/03\/navegar-en-barco-Palma-Mallorca-370x166.jpg 370w\" sizes=\"(max-width: 767px) 100vw, 670px\" \/><figcaption class=\"wp-element-caption\">Navegar en barco por Palma de Mallorca<\/figcaption><\/figure><\/div>\n\n\n<h6 class=\"wp-block-heading\"><strong>Consejos para disfrutar del evento y la isla<\/strong><\/h6>\n\n\n\n<ul class=\"wp-block-list\">\n<li><strong><a href=\"https:\/\/www.vacalia.com\/es\" target=\"_blank\" rel=\"noreferrer noopener\">Alojamiento<\/a>:<\/strong> encontrar\u00e9is opciones para todos los gustos y presupuestos. Si dese\u00e1is estar cerca del epicentro del evento, os recomendamos buscar alojamiento en Palma ciudad o en la zona de El Arenal, donde se concentran la mayor\u00eda de las actividades. Reservad con suficiente antelaci\u00f3n, pues la demanda aumenta considerablemente durante los d\u00edas de competici\u00f3n. Para una experiencia m\u00e1s tranquila, los alquileres en el interior ofrecen una alternativa interesante.<\/li>\n\n\n\n<li><strong>C\u00f3mo ver la competici\u00f3n:<\/strong> ten\u00e9is varias opciones. Los miradores naturales del Paseo Mar\u00edtimo de Palma, especialmente en la zona de la Catedral y el Parc de la Mar, os brindar\u00e1n espectaculares panor\u00e1micas de la bah\u00eda y la flota navegando. Los clubes n\u00e1uticos organizadores suelen habilitar zonas para espectadores, donde podr\u00e9is observar de cerca la preparaci\u00f3n de las embarcaciones y la salida de los regatistas. Para una experiencia premium, considerad la posibilidad de contratar una excursi\u00f3n en barco que os llevar\u00e1 directamente al campo de regatas, permiti\u00e9ndoos vivir la emoci\u00f3n de la competici\u00f3n desde primera l\u00ednea. Para informaci\u00f3n concreta de cada edici\u00f3n visitad la web: trofeoprincesasofia.org<\/li>\n\n\n\n<li><strong>Log\u00edstica:<\/strong> Mallorca cuenta con excelentes infraestructuras que facilitan vuestra visita. El aeropuerto internacional de Palma conecta la isla con las principales ciudades europeas mediante numerosos vuelos diarios. Una vez en la isla, pod\u00e9is moveros c\u00f3modamente utilizando el transporte p\u00fablico, no obstante, para mayor libertad de movimientos, os recomendamos alquilar un coche en nuestra web, lo que os permitir\u00e1 descubrir rincones menos accesibles y gestionar vuestro tiempo con m\u00e1s flexibilidad.<\/li>\n\n\n\n<li><strong>Vestimenta<\/strong>: aunque la primavera mallorquina suele ser agradable, conviene que est\u00e9is preparados para los cambios meteorol\u00f3gicos propios de la estaci\u00f3n. Llevad ropa ligera para los d\u00edas soleados, pero no olvid\u00e9is incluir alguna prenda de abrigo para las noches y una chaqueta impermeable por si os sorprende alg\u00fan chubasco ocasional. El calzado c\u00f3modo resulta imprescindible para recorrer las empedradas calles del casco antiguo de Palma o los senderos costeros que ofrecen las mejores vistas de la bah\u00eda.<\/li>\n<\/ul>\n\n\n\n<p><\/p>\n\n\n<div class=\"wp-block-image\">\n<figure class=\"aligncenter size-full\"><img loading=\"lazy\" decoding=\"async\" width=\"670\" height=\"300\" src=\"https:\/\/www.vacalia.com\/blog\/wp-content\/uploads\/2025\/03\/participantes-trofeo-Princesa-Sofia-Mallorca.jpg\" alt=\"Participantes en el Trofeo Princesa Sof\u00eda Mallorca\" class=\"wp-image-7025\" srcset=\"https:\/\/www.vacalia.com\/blog\/wp-content\/uploads\/2025\/03\/participantes-trofeo-Princesa-Sofia-Mallorca.jpg 670w, https:\/\/www.vacalia.com\/blog\/wp-content\/uploads\/2025\/03\/participantes-trofeo-Princesa-Sofia-Mallorca-300x134.jpg 300w, https:\/\/www.vacalia.com\/blog\/wp-content\/uploads\/2025\/03\/participantes-trofeo-Princesa-Sofia-Mallorca-370x166.jpg 370w\" sizes=\"(max-width: 767px) 100vw, 670px\" \/><figcaption class=\"wp-element-caption\">Participantes en el Trofeo Princesa Sof\u00eda Mallorca<\/figcaption><\/figure><\/div>\n\n\n<p>Pocos eventos deportivos logran integrar de manera tan natural la competici\u00f3n al m\u00e1s alto nivel con la participaci\u00f3n del p\u00fablico general. Esta caracter\u00edstica hace que la experiencia de asistir al Trofeo Princesa Sof\u00eda resulte emocionante tanto para los aficionados m\u00e1s entendidos en vela como para quienes se acercan a este deporte por primera vez.<\/p>\n\n\n<div class=\"bannerBlog\"><div class=\"new-card-houses\">\n    <div class=\"likeOut likeDivOut\" style=\"display:none\">\n        <a data-id=\"1123\" class=\"likeOut_button_red likeBtnFav\"\n            aria-label=\"Megusta Vacalia\"><\/a>\n    <\/div>\n    <figure>\n        <img loading=\"lazy\" decoding=\"async\" \n            loading=\"lazy\" width=\"301\" height=\"200\"\n            src=\"\/\/media.vacalia.com\/photo\/reformatwebpfolder\/350\/200\/1123\/thumb-middle\/1123_87b98875929199a52a0a9d9a08cb8c9e.webp?v=21092023\"\n            alt=\"Sa serra - Alquiler vacacional en Lloret de Vistalegre\"\/>\n                                                                        <div class=\"circleDiscount\">-4%<\/div>\n                        <\/figure>\n    <p itemprop=\"address\"><i class=\"ico-marker\"><\/i>Lloret de Vistalegre, Mallorca<\/p>\n    <h3 itemprop=\"name\">Sa serra<\/h3>\n    <ul class=\"icon_list inline_list\">\n                              <li class=\"ico-pool\" title=\"Piscina\">\n              <span itemprop=\"amenityFeature\">Piscina<\/span>\n            <\/li>\n                      <li class=\"ico-airConditioning\" title=\"Aire Acondicionado\">\n              <span itemprop=\"amenityFeature\">Aire Acondicionado<\/span>\n            <\/li>\n                      <li class=\"ico-wifi\" title=\"Wifi\">\n              <span itemprop=\"amenityFeature\">Wifi<\/span>\n            <\/li>\n                          <li class=\"ico-guests\" title=\"Para 6 hu\u00e9spedes en Lloret De Vistalegre.\">\n          <span itemprop=\"occupancy\">6<\/span>\n        <\/li>\n    <\/ul>\n            <span class=\"price\">Desde 179\u20ac \/ noche<\/span>\n                <a itemprop=\"url\" class=\"anchor\" href=\"https:\/\/www.vacalia.com\/es\/villa-sa-serra-lloret-de-vistalegre-h15815\" aria-label=\"Sa serra\"><\/a>\n<\/div><div class=\"new-card-houses\">\n    <div class=\"likeOut likeDivOut\" style=\"display:none\">\n        <a data-id=\"2168\" class=\"likeOut_button_red likeBtnFav\"\n            aria-label=\"Megusta Vacalia\"><\/a>\n    <\/div>\n    <figure>\n        <img loading=\"lazy\" decoding=\"async\" \n            loading=\"lazy\" width=\"301\" height=\"200\"\n            src=\"\/\/media.vacalia.com\/photo\/reformatwebpfolder\/350\/200\/2168\/thumb-middle\/2168_ca675379a5eb47ed0e78c410570f49b0.webp?v=21092023\"\n            alt=\"Quinze germans - Alquiler vacacional en Port d&#039;Andratx\"\/>\n                                                                        <div class=\"circleDiscount\">-10%<\/div>\n                        <\/figure>\n    <p itemprop=\"address\"><i class=\"ico-marker\"><\/i>Port d&#039;Andratx, Mallorca<\/p>\n    <h3 itemprop=\"name\">Quinze germans<\/h3>\n    <ul class=\"icon_list inline_list\">\n                              <li class=\"ico-airConditioning\" title=\"Aire Acondicionado\">\n              <span itemprop=\"amenityFeature\">Aire Acondicionado<\/span>\n            <\/li>\n                      <li class=\"ico-wifi\" title=\"Wifi\">\n              <span itemprop=\"amenityFeature\">Wifi<\/span>\n            <\/li>\n                          <li class=\"ico-guests\" title=\"Para 4 hu\u00e9spedes en Port D&#039;andratx.\">\n          <span itemprop=\"occupancy\">4<\/span>\n        <\/li>\n    <\/ul>\n            <span class=\"price\">Desde 150\u20ac \/ noche<\/span>\n                <a itemprop=\"url\" class=\"anchor\" href=\"https:\/\/www.vacalia.com\/es\/casa-vacacional-quinze-germans-andratx-h17633\" aria-label=\"Quinze germans\"><\/a>\n<\/div><\/div>\n","protected":false},"excerpt":{"rendered":"<p>El Trofeo Princesa Sof\u00eda se ha convertido en una cita ineludible para regatistas profesionales y aficionados de todo el mundo, que acuden fielmente cada primavera a este rinc\u00f3n privilegiado del&hellip;<\/p>\n","protected":false},"author":1,"featured_media":7023,"comment_status":"closed","ping_status":"open","sticky":false,"template":"","format":"standard","meta":{"_monsterinsights_skip_tracking":false,"_monsterinsights_sitenote_active":false,"_monsterinsights_sitenote_note":"","_monsterinsights_sitenote_category":0,"footnotes":""},"categories":[373,436,442,406,1],"tags":[],"class_list":["post-7021","post","type-post","status-publish","format-standard","has-post-thumbnail","hentry","category-mallorca-es","category-que-hacer-en-mallorca","category-que-ver-en-mallorca","category-fiestas-y-tradiciones-de-mallorca","category-general-es"],"_links":{"self":[{"href":"https:\/\/www.vacalia.com\/blog\/wp-json\/wp\/v2\/posts\/7021"}],"collection":[{"href":"https:\/\/www.vacalia.com\/blog\/wp-json\/wp\/v2\/posts"}],"about":[{"href":"https:\/\/www.vacalia.com\/blog\/wp-json\/wp\/v2\/types\/post"}],"author":[{"embeddable":true,"href":"https:\/\/www.vacalia.com\/blog\/wp-json\/wp\/v2\/users\/1"}],"replies":[{"embeddable":true,"href":"https:\/\/www.vacalia.com\/blog\/wp-json\/wp\/v2\/comments?post=7021"}],"version-history":[{"count":2,"href":"https:\/\/www.vacalia.com\/blog\/wp-json\/wp\/v2\/posts\/7021\/revisions"}],"predecessor-version":[{"id":7031,"href":"https:\/\/www.vacalia.com\/blog\/wp-json\/wp\/v2\/posts\/7021\/revisions\/7031"}],"wp:featuredmedia":[{"embeddable":true,"href":"https:\/\/www.vacalia.com\/blog\/wp-json\/wp\/v2\/media\/7023"}],"wp:attachment":[{"href":"https:\/\/www.vacalia.com\/blog\/wp-json\/wp\/v2\/media?parent=7021"}],"wp:term":[{"taxonomy":"category","embeddable":true,"href":"https:\/\/www.vacalia.com\/blog\/wp-json\/wp\/v2\/categories?post=7021"},{"taxonomy":"post_tag","embeddable":true,"href":"https:\/\/www.vacalia.com\/blog\/wp-json\/wp\/v2\/tags?post=7021"}],"curies":[{"name":"wp","href":"https:\/\/api.w.org\/{rel}","templated":true}]}}