{"id":7049,"date":"2025-03-21T09:46:44","date_gmt":"2025-03-21T08:46:44","guid":{"rendered":"https:\/\/www.vacalia.com\/blog\/?p=7049"},"modified":"2025-03-21T09:46:46","modified_gmt":"2025-03-21T08:46:46","slug":"senderismo-en-el-penon-de-ifach","status":"publish","type":"post","link":"https:\/\/www.vacalia.com\/blog\/es\/senderismo-en-el-penon-de-ifach\/","title":{"rendered":"Senderismo en El Pe\u00f1\u00f3n de Ifach"},"content":{"rendered":"\n<p>El majestuoso Pe\u00f1\u00f3n de Ifach se alza como el icono m\u00e1s reconocible de la Costa Blanca, una imponente roca caliza que emerge del Mediterr\u00e1neo en la localidad de <strong><a href=\"https:\/\/www.vacalia.com\/es\/calp-alicante-p1269\" target=\"_blank\" rel=\"noreferrer noopener\">Calpe<\/a><\/strong>. Este coloso natural, declarado Parque Natural en 1987, ofrece una de las mejores experiencias de senderismo de todo el litoral alicantino y representa un aut\u00e9ntico s\u00edmbolo para la provincia de <strong><a href=\"https:\/\/www.vacalia.com\/es\/alojamiento-vacacional-alicante\" target=\"_blank\" rel=\"noreferrer noopener\">Alicante<\/a><\/strong>.<\/p>\n\n\n\n<p>Con sus 332 metros de altura y una extensi\u00f3n de apenas 45 hect\u00e1reas, el Pe\u00f1\u00f3n de Ifach constituye uno de los parques naturales m\u00e1s peque\u00f1os de Espa\u00f1a, pero tambi\u00e9n uno de los m\u00e1s visitados y fotografiados. Su silueta inconfundible, visible desde kil\u00f3metros a la redonda, ha servido durante siglos como referencia para navegantes y ha inspirado a numerosos artistas y escritores que han quedado cautivados por su gran belleza.<\/p>\n\n\n<div class=\"wp-block-image\">\n<figure class=\"aligncenter size-full\"><img fetchpriority=\"high\" decoding=\"async\" width=\"670\" height=\"300\" src=\"https:\/\/www.vacalia.com\/blog\/wp-content\/uploads\/2025\/03\/senderismo-costa-blanca.jpg\" alt=\"Senderismo en la Costa Blanca\" class=\"wp-image-7057\" srcset=\"https:\/\/www.vacalia.com\/blog\/wp-content\/uploads\/2025\/03\/senderismo-costa-blanca.jpg 670w, https:\/\/www.vacalia.com\/blog\/wp-content\/uploads\/2025\/03\/senderismo-costa-blanca-300x134.jpg 300w, https:\/\/www.vacalia.com\/blog\/wp-content\/uploads\/2025\/03\/senderismo-costa-blanca-370x166.jpg 370w\" sizes=\"(max-width: 767px) 100vw, 670px\" \/><figcaption class=\"wp-element-caption\">Senderismo en la Costa Blanca<\/figcaption><\/figure><\/div>\n\n\n<h6 class=\"wp-block-heading\"><strong>Una ascensi\u00f3n inolvidable<\/strong><\/h6>\n\n\n\n<p>La aventura comienza en el Centro de Interpretaci\u00f3n del Parque Natural, punto de partida ideal para familiarizarse con la excepcional importancia ecol\u00f3gica de este enclave. Las exposiciones y paneles informativos ofrecen una valiosa introducci\u00f3n a la geolog\u00eda, flora y fauna del pe\u00f1\u00f3n, permitiendo al visitante comprender mejor el tesoro natural que est\u00e1 a punto de explorar. Los gu\u00edas del centro suelen proporcionar consejos \u00fatiles sobre el estado del sendero y las condiciones climatol\u00f3gicas del d\u00eda.<\/p>\n\n\n\n<p>Desde all\u00ed, un sendero bien acondicionado gu\u00eda a los visitantes por la ladera norte del pe\u00f1\u00f3n, entre pinos y arom\u00e1tica vegetaci\u00f3n mediterr\u00e1nea que perfuma cada paso del recorrido. Los primeros metros transcurren por una zona relativamente llana, permitiendo calentar los m\u00fasculos mientras se disfruta de las primeras vistas hacia la bah\u00eda norte de Calpe, con su caracter\u00edstico puerto pesquero y sus salinas, que en determinadas \u00e9pocas del a\u00f1o adquieren un tono ros\u00e1ceo debido a las algas microsc\u00f3picas que las habitan.<\/p>\n\n\n<div class=\"wp-block-image\">\n<figure class=\"aligncenter size-full\"><img decoding=\"async\" width=\"670\" height=\"300\" src=\"https:\/\/www.vacalia.com\/blog\/wp-content\/uploads\/2025\/03\/parque-natual-acantilado-ifach.jpg\" alt=\"Centro de Interpretaci\u00f3n del Parque Natural en Calpe, Alicante\" class=\"wp-image-7052\" srcset=\"https:\/\/www.vacalia.com\/blog\/wp-content\/uploads\/2025\/03\/parque-natual-acantilado-ifach.jpg 670w, https:\/\/www.vacalia.com\/blog\/wp-content\/uploads\/2025\/03\/parque-natual-acantilado-ifach-300x134.jpg 300w, https:\/\/www.vacalia.com\/blog\/wp-content\/uploads\/2025\/03\/parque-natual-acantilado-ifach-370x166.jpg 370w\" sizes=\"(max-width: 767px) 100vw, 670px\" \/><figcaption class=\"wp-element-caption\">Centro de Interpretaci\u00f3n del Parque Natural en Calpe, Alicante<\/figcaption><\/figure><\/div>\n\n\n<p>A medida que el sendero comienza a ganar altura, las vistas se ampl\u00edan y el paisaje rocoso empieza a dominar el entorno. Los estratos de la roca caliza, formados hace millones de a\u00f1os cuando esta zona estaba sumergida bajo el mar, revelan fascinantes patrones y texturas que cuentan la historia geol\u00f3gica de esta formaci\u00f3n singular.<\/p>\n\n\n\n<p>Tras aproximadamente un kil\u00f3metro de ascenso moderado, se llega a uno de los puntos m\u00e1s caracter\u00edsticos de la ruta: un t\u00fanel excavado en la roca que atraviesa la monta\u00f1a. Este pasaje, de unos 30 metros de longitud, fue excavado en la d\u00e9cada de 1920 como parte de las obras para facilitar el acceso a la cima y supone un breve pero emocionante interludio en la ascensi\u00f3n. La penumbra y el frescor del t\u00fanel contrastan con la luminosidad y el calor que habitualmente acompa\u00f1an el resto del recorrido, creando una experiencia sensorial \u00fanica.<\/p>\n\n\n\n<p>Este pasaje, que parece transportar al caminante a otra dimensi\u00f3n, marca el inicio del tramo m\u00e1s exigente del recorrido. Una cadena instalada a lo largo de varios metros ayuda a superar un paso algo expuesto, proporcionando seguridad adicional, especialmente en d\u00edas de viento o cuando el suelo est\u00e1 h\u00famedo.<\/p>\n\n\n\n<p>Una vez superado el t\u00fanel, la pendiente se vuelve m\u00e1s pronunciada y el terreno m\u00e1s irregular, requiriendo mayor atenci\u00f3n para evitar resbalones. Las rocas sueltas y los escalones naturales formados por la erosi\u00f3n exigen pisar con firmeza y utilizar ocasionalmente las manos para mantener el equilibrio. Este tramo ofrece tambi\u00e9n las primeras vistas hacia la vertiente sur, con la <strong><a href=\"https:\/\/www.vacalia.com\/es\/playa-de-la-fossa-alicante-p1041\" target=\"_blank\" rel=\"noreferrer noopener\">playa de la Fossa<\/a><\/strong> extendi\u00e9ndose a los pies del pe\u00f1\u00f3n como una franja dorada entre el azul del mar y el verde de los jardines costeros.<\/p>\n\n\n<div class=\"wp-block-image\">\n<figure class=\"aligncenter size-full\"><img decoding=\"async\" width=\"670\" height=\"300\" src=\"https:\/\/www.vacalia.com\/blog\/wp-content\/uploads\/2025\/03\/subida-penon-de-ifach.jpg\" alt=\"Subida al Pe\u00f1\u00f3n de Ifach en Calpe, Alicante\" class=\"wp-image-7054\" srcset=\"https:\/\/www.vacalia.com\/blog\/wp-content\/uploads\/2025\/03\/subida-penon-de-ifach.jpg 670w, https:\/\/www.vacalia.com\/blog\/wp-content\/uploads\/2025\/03\/subida-penon-de-ifach-300x134.jpg 300w, https:\/\/www.vacalia.com\/blog\/wp-content\/uploads\/2025\/03\/subida-penon-de-ifach-370x166.jpg 370w\" sizes=\"(max-width: 767px) 100vw, 670px\" \/><figcaption class=\"wp-element-caption\">Subida al Pe\u00f1\u00f3n de Ifach en Calpe, Alicante<\/figcaption><\/figure><\/div>\n\n\n<p>El tramo final hasta la cumbre representa el mayor desaf\u00edo, con algunas zonas que pueden resultar expuestas para personas con v\u00e9rtigo. Sin embargo, el sendero est\u00e1 equipado con cables en los puntos m\u00e1s comprometidos, permitiendo avanzar con seguridad. Peque\u00f1os miradores naturales ofrecen perfectas excusas para hacer breves paradas y recuperar el aliento mientras se admira el paisaje cada vez m\u00e1s impresionante.<\/p>\n\n\n\n<p>La ruta completa tiene una longitud aproximada de 3,1 kil\u00f3metros (ida y vuelta) y puede completarse en unas 2-3 horas incluyendo paradas. Su dificultad puede considerarse moderada, siendo apta para personas con una condici\u00f3n f\u00edsica normal, aunque no es recomendable para ni\u00f1os muy peque\u00f1os o personas con problemas de movilidad, especialmente en el tramo final.<\/p>\n\n\n<div class=\"bannerBlog\"><div class=\"new-card-houses\">\n    <div class=\"likeOut likeDivOut\" style=\"display:none\">\n        <a data-id=\"2837\" class=\"likeOut_button_red likeBtnFav\"\n            aria-label=\"Megusta Vacalia\"><\/a>\n    <\/div>\n    <figure>\n        <img loading=\"lazy\" decoding=\"async\" \n            loading=\"lazy\" width=\"301\" height=\"200\"\n            src=\"\/\/media.vacalia.com\/photo\/reformatwebpfolder\/350\/200\/2837\/thumb-middle\/2837_a5029b586275288353e119c208bf09d4.webp?v=21092023\"\n            alt=\"Gladiolo - Alquiler vacacional en X\u00e0bia\/J\u00e1vea\"\/>\n                                                                        <div class=\"circleDiscount\">-11%<\/div>\n                        <\/figure>\n    <p itemprop=\"address\"><i class=\"ico-marker\"><\/i>X\u00e0bia\/J\u00e1vea, Alicante<\/p>\n    <h3 itemprop=\"name\">Gladiolo<\/h3>\n    <ul class=\"icon_list inline_list\">\n                              <li class=\"ico-pool\" title=\"Piscina\">\n              <span itemprop=\"amenityFeature\">Piscina<\/span>\n            <\/li>\n                      <li class=\"ico-airConditioning\" title=\"Aire Acondicionado\">\n              <span itemprop=\"amenityFeature\">Aire Acondicionado<\/span>\n            <\/li>\n                      <li class=\"ico-wifi\" title=\"Wifi\">\n              <span itemprop=\"amenityFeature\">Wifi<\/span>\n            <\/li>\n                          <li class=\"ico-guests\" title=\"Para 6 hu\u00e9spedes en X\u00e0bia\/j\u00e1vea.\">\n          <span itemprop=\"occupancy\">6<\/span>\n        <\/li>\n    <\/ul>\n            <span class=\"price\">Desde 101\u20ac \/ noche<\/span>\n                <a itemprop=\"url\" class=\"anchor\" href=\"https:\/\/www.vacalia.com\/es\/villa-gladiolo-xabia-javea-h19643\" aria-label=\"Gladiolo\"><\/a>\n<\/div><div class=\"new-card-houses\">\n    <div class=\"likeOut likeDivOut\" style=\"display:none\">\n        <a data-id=\"3259\" class=\"likeOut_button_red likeBtnFav\"\n            aria-label=\"Megusta Vacalia\"><\/a>\n    <\/div>\n    <figure>\n        <img loading=\"lazy\" decoding=\"async\" \n            loading=\"lazy\" width=\"301\" height=\"200\"\n            src=\"\/\/media.vacalia.com\/photo\/reformatwebpfolder\/350\/200\/3259\/thumb-middle\/3259_c04f4bc50d7feb05cd12832d2286b9b6.webp?v=21092023\"\n            alt=\"Casa lea - Alquiler vacacional en Alcalal\u00ed\"\/>\n                                                                        <div class=\"circleDiscount\">-2%<\/div>\n                        <\/figure>\n    <p itemprop=\"address\"><i class=\"ico-marker\"><\/i>Alcalal\u00ed, Alicante<\/p>\n    <h3 itemprop=\"name\">Casa lea<\/h3>\n    <ul class=\"icon_list inline_list\">\n                              <li class=\"ico-pool\" title=\"Piscina\">\n              <span itemprop=\"amenityFeature\">Piscina<\/span>\n            <\/li>\n                      <li class=\"ico-airConditioning\" title=\"Aire Acondicionado\">\n              <span itemprop=\"amenityFeature\">Aire Acondicionado<\/span>\n            <\/li>\n                      <li class=\"ico-wifi\" title=\"Wifi\">\n              <span itemprop=\"amenityFeature\">Wifi<\/span>\n            <\/li>\n                      <li class=\"ico-pets\" title=\"Mascotas\">\n              <span itemprop=\"amenityFeature\">Mascotas<\/span>\n            <\/li>\n                          <li class=\"ico-guests\" title=\"Para 5 hu\u00e9spedes en Alcalal\u00ed.\">\n          <span itemprop=\"occupancy\">5<\/span>\n        <\/li>\n    <\/ul>\n            <span class=\"price\">Desde 209\u20ac \/ noche<\/span>\n                <a itemprop=\"url\" class=\"anchor\" href=\"https:\/\/www.vacalia.com\/es\/villa-casa-lea-alcalali-h23050\" aria-label=\"Casa lea\"><\/a>\n<\/div><\/div>\n\n\n\n<h6 class=\"wp-block-heading\"><strong>Vistas que quitan el aliento<\/strong><\/h6>\n\n\n\n<p>Lo que hace verdaderamente especial la subida al Pe\u00f1\u00f3n de Ifach son sus incomparables vistas panor\u00e1micas. Desde la cumbre, el horizonte se abre en 360 grados ofreciendo una perspectiva privilegiada de la Costa Blanca que recompensa con creces el esfuerzo realizado.<\/p>\n\n\n\n<p>Al norte, la bah\u00eda de Calpe se extiende con su caracter\u00edstica forma de media luna, flanqueada por edificios que parecen miniaturas desde esta altura. El puerto deportivo, con sus embarcaciones meticulosamente alineadas, crea un interesante contraste con las antiguas salinas, ahora convertidas en un humedal de gran importancia ecol\u00f3gica donde suelen avistarse flamencos y otras aves acu\u00e1ticas.<\/p>\n\n\n\n<p>Hacia el oeste, la silueta de la Sierra de Bernia dibuja un tel\u00f3n de fondo monta\u00f1oso, mientras que hacia el interior se divisan otras elevaciones como el Puig Campana o el Montg\u00f3, creando un paisaje de gran belleza donde mar y monta\u00f1a conviven en perfecta armon\u00eda.<\/p>\n\n\n\n<p>Hacia el sur, en d\u00edas claros, es posible distinguir Benidorm con sus caracter\u00edsticos rascacielos e incluso, en ocasiones excepcionales, la silueta de la isla de Ibiza en el horizonte.&nbsp;<\/p>\n\n\n\n<p>En la cima tambi\u00e9n se pueden observar numerosas especies de aves marinas que anidan en los escarpados acantilados, a\u00f1adiendo un componente de observaci\u00f3n de fauna silvestre a la experiencia. Gaviotas patiamarillas, cormoranes y, con suerte, el esquivo halc\u00f3n peregrino puede ser avistados durante la excursi\u00f3n.<\/p>\n\n\n<div class=\"wp-block-image\">\n<figure class=\"aligncenter size-full\"><img loading=\"lazy\" decoding=\"async\" width=\"670\" height=\"300\" src=\"https:\/\/www.vacalia.com\/blog\/wp-content\/uploads\/2025\/03\/senderismo-calpe.jpg\" alt=\"Senderismo en Calpe, Alicante\" class=\"wp-image-7055\" srcset=\"https:\/\/www.vacalia.com\/blog\/wp-content\/uploads\/2025\/03\/senderismo-calpe.jpg 670w, https:\/\/www.vacalia.com\/blog\/wp-content\/uploads\/2025\/03\/senderismo-calpe-300x134.jpg 300w, https:\/\/www.vacalia.com\/blog\/wp-content\/uploads\/2025\/03\/senderismo-calpe-370x166.jpg 370w\" sizes=\"(max-width: 767px) 100vw, 670px\" \/><figcaption class=\"wp-element-caption\">Senderismo en Calpe, Alicante<\/figcaption><\/figure><\/div>\n\n\n<h6 class=\"wp-block-heading\"><strong>Un ecosistema \u00fanico<\/strong><\/h6>\n\n\n\n<p>El Pe\u00f1\u00f3n de Ifach no solo impresiona por su geolog\u00eda y sus vistas, sino tambi\u00e9n por albergar un ecosistema de extraordinario valor. En este reducido espacio se han catalogado m\u00e1s de 300 especies vegetales, algunas de ellas end\u00e9micas y extremadamente raras, como la Silene de Ifach (Silene hifacensis), una delicada planta con flores blancas que crece exclusivamente en algunos acantilados del Mediterr\u00e1neo espa\u00f1ol.<\/p>\n\n\n\n<p>La combinaci\u00f3n de factores como la proximidad al mar, la orientaci\u00f3n de sus laderas y la naturaleza caliza del terreno ha propiciado la creaci\u00f3n de diversos microh\u00e1bitats donde prosperan comunidades vegetales muy especializadas.<\/p>\n\n\n\n<p>Esta riqueza bot\u00e1nica atrae a su vez a una variada fauna, especialmente aves e invertebrados. Los escarpes rocosos proporcionan lugares de nidificaci\u00f3n ideales para aves rapaces y marinas, mientras que los insectos encuentran en las flores del pe\u00f1\u00f3n una abundante fuente de alimento.<\/p>\n\n\n\n<h6 class=\"wp-block-heading\"><strong>Consejos pr\u00e1cticos para la visita<\/strong><\/h6>\n\n\n\n<ul class=\"wp-block-list\">\n<li><strong>\u00c9poca recomendada<\/strong>: Aunque la ruta puede realizarse durante todo el a\u00f1o, los meses de primavera y oto\u00f1o ofrecen las condiciones m\u00e1s agradables, evitando el intenso calor estival y los ocasionales d\u00edas ventosos del invierno.<\/li>\n\n\n\n<li><strong>Horario ideal<\/strong>: Para evitar aglomeraciones y disfrutar de una luz m\u00e1s favorable para la fotograf\u00eda, se recomienda iniciar la ascensi\u00f3n temprano por la ma\u00f1ana o a media tarde, evitando las horas centrales del d\u00eda, especialmente en temporada alta.<\/li>\n\n\n\n<li><strong>Equipamiento<\/strong>: Calzado de monta\u00f1a con buena adherencia, protecci\u00f3n solar (el tramo superior carece completamente de sombra), gorra o sombrero, agua suficiente (no hay puntos de aprovisionamiento en el recorrido) y, si se dispone de ellos, prism\u00e1ticos para disfrutar de la observaci\u00f3n de aves y los detalles del paisaje lejano.<\/li>\n\n\n\n<li><strong>Regulaciones<\/strong>: Es importante tener en cuenta que el acceso puede estar limitado en determinados momentos del a\u00f1o por motivos de conservaci\u00f3n o seguridad, por lo que se recomienda consultar previamente en el Centro de Interpretaci\u00f3n o en la oficina de turismo local. La entrada al parque natural es gratuita, pero existe un aforo m\u00e1ximo para garantizar tanto la seguridad de los visitantes como la conservaci\u00f3n del entorno.<\/li>\n\n\n\n<li><strong>Precauciones<\/strong>: Aunque no se trata de una ruta t\u00e9cnicamente dif\u00edcil, algunos tramos pueden resultar expuestos para personas con miedo a las alturas. Es fundamental mantener la atenci\u00f3n en el camino, especialmente en el descenso, cuando el cansancio puede aumentar el riesgo de resbalones.<\/li>\n<\/ul>\n\n\n\n<p><\/p>\n\n\n<div class=\"wp-block-image\">\n<figure class=\"aligncenter size-full\"><img loading=\"lazy\" decoding=\"async\" width=\"670\" height=\"300\" src=\"https:\/\/www.vacalia.com\/blog\/wp-content\/uploads\/2025\/03\/senderismo-penon-de-ifach.jpg\" alt=\"Senderismo en el Pe\u00f1\u00f3n de Ifach en Calpe, Alicante\" class=\"wp-image-7056\" srcset=\"https:\/\/www.vacalia.com\/blog\/wp-content\/uploads\/2025\/03\/senderismo-penon-de-ifach.jpg 670w, https:\/\/www.vacalia.com\/blog\/wp-content\/uploads\/2025\/03\/senderismo-penon-de-ifach-300x134.jpg 300w, https:\/\/www.vacalia.com\/blog\/wp-content\/uploads\/2025\/03\/senderismo-penon-de-ifach-370x166.jpg 370w\" sizes=\"(max-width: 767px) 100vw, 670px\" \/><figcaption class=\"wp-element-caption\">Senderismo en el Pe\u00f1\u00f3n de Ifach en Calpe, Alicante<\/figcaption><\/figure><\/div>\n\n\n<h6 class=\"wp-block-heading\"><strong>M\u00e1s all\u00e1 del senderismo<\/strong><\/h6>\n\n\n\n<p>Una visita al Pe\u00f1\u00f3n de Ifach puede complementarse con otras actividades en su entorno inmediato. Los aficionados al buceo o snorkel encontrar\u00e1n en las aguas que rodean el pe\u00f1\u00f3n un para\u00edso submarino, con abundante vida marina.&nbsp;<\/p>\n\n\n\n<p>Tras la excursi\u00f3n, nada mejor que reponer fuerzas en alguno de los restaurantes de Calpe, donde los pescados y mariscos frescos constituyen la base de una gastronom\u00eda local que conserva el sabor aut\u00e9ntico del Mediterr\u00e1neo<\/p>\n\n\n\n<p>El Pe\u00f1\u00f3n de Ifach representa la perfecta combinaci\u00f3n entre un recorrido accesible y unas vistas espectaculares, convirti\u00e9ndolo en una experiencia imprescindible para cualquier amante del senderismo que visite la Costa Blanca.<\/p>\n","protected":false},"excerpt":{"rendered":"<p>El majestuoso Pe\u00f1\u00f3n de Ifach se alza como el icono m\u00e1s reconocible de la Costa Blanca, una imponente roca caliza que emerge del Mediterr\u00e1neo en la localidad de Calpe. Este&hellip;<\/p>\n","protected":false},"author":1,"featured_media":7054,"comment_status":"closed","ping_status":"open","sticky":false,"template":"","format":"standard","meta":{"_monsterinsights_skip_tracking":false,"_monsterinsights_sitenote_active":false,"_monsterinsights_sitenote_note":"","_monsterinsights_sitenote_category":0,"footnotes":""},"categories":[613,667,673,1,639],"tags":[],"class_list":["post-7049","post","type-post","status-publish","format-standard","has-post-thumbnail","hentry","category-alicante-es","category-que-hacer-en-alicante","category-que-ver-en-alicante","category-general-es","category-guias-de-alicante"],"_links":{"self":[{"href":"https:\/\/www.vacalia.com\/blog\/wp-json\/wp\/v2\/posts\/7049"}],"collection":[{"href":"https:\/\/www.vacalia.com\/blog\/wp-json\/wp\/v2\/posts"}],"about":[{"href":"https:\/\/www.vacalia.com\/blog\/wp-json\/wp\/v2\/types\/post"}],"author":[{"embeddable":true,"href":"https:\/\/www.vacalia.com\/blog\/wp-json\/wp\/v2\/users\/1"}],"replies":[{"embeddable":true,"href":"https:\/\/www.vacalia.com\/blog\/wp-json\/wp\/v2\/comments?post=7049"}],"version-history":[{"count":5,"href":"https:\/\/www.vacalia.com\/blog\/wp-json\/wp\/v2\/posts\/7049\/revisions"}],"predecessor-version":[{"id":7065,"href":"https:\/\/www.vacalia.com\/blog\/wp-json\/wp\/v2\/posts\/7049\/revisions\/7065"}],"wp:featuredmedia":[{"embeddable":true,"href":"https:\/\/www.vacalia.com\/blog\/wp-json\/wp\/v2\/media\/7054"}],"wp:attachment":[{"href":"https:\/\/www.vacalia.com\/blog\/wp-json\/wp\/v2\/media?parent=7049"}],"wp:term":[{"taxonomy":"category","embeddable":true,"href":"https:\/\/www.vacalia.com\/blog\/wp-json\/wp\/v2\/categories?post=7049"},{"taxonomy":"post_tag","embeddable":true,"href":"https:\/\/www.vacalia.com\/blog\/wp-json\/wp\/v2\/tags?post=7049"}],"curies":[{"name":"wp","href":"https:\/\/api.w.org\/{rel}","templated":true}]}}