{"id":7061,"date":"2025-03-21T09:49:41","date_gmt":"2025-03-21T08:49:41","guid":{"rendered":"https:\/\/www.vacalia.com\/blog\/?p=7061"},"modified":"2025-07-08T10:59:48","modified_gmt":"2025-07-08T08:59:48","slug":"wandern-in-el-penon-de-ifach","status":"publish","type":"post","link":"https:\/\/www.vacalia.com\/blog\/wandern-in-el-penon-de-ifach\/","title":{"rendered":"Wandern in El Pe\u00f1\u00f3n de Ifach"},"content":{"rendered":"\n<p>Der majest\u00e4tische Pe\u00f1\u00f3n de Ifach ist das bekannteste Symbol der Costa Blanca, ein imposanter Kalksteinfelsen, der in der Stadt <strong><a href=\"https:\/\/www.vacalia.com\/de\/calp-alicante-p1269\" target=\"_blank\" rel=\"noreferrer noopener\">Calpe<\/a><\/strong> aus dem Mittelmeer auftaucht. Dieser Naturkoloss, der 1987 zum Naturpark erkl\u00e4rt wurde, bietet eines der besten Wandererlebnisse an der gesamten K\u00fcste von Alicante und ist ein wahres Symbol f\u00fcr die Provinz <strong><a href=\"https:\/\/www.vacalia.com\/de\/alicante-urlaub\" target=\"_blank\" rel=\"noreferrer noopener\">Alicante<\/a><\/strong>.<\/p>\n\n\n\n<p>Mit einer H\u00f6he von 332 Metern und einer Fl\u00e4che von nur 45 Hektar ist der Pe\u00f1\u00f3n de Ifach einer der kleinsten Naturparks Spaniens, aber auch einer der meistbesuchten und meistfotografierten. Seine unverwechselbare, weithin sichtbare Silhouette diente jahrhundertelang als Orientierungspunkt f\u00fcr Seefahrer und hat zahlreiche K\u00fcnstler und Schriftsteller inspiriert, die von seiner Sch\u00f6nheit fasziniert waren.<\/p>\n\n\n<div class=\"wp-block-image\">\n<figure class=\"aligncenter size-full\"><img fetchpriority=\"high\" decoding=\"async\" width=\"670\" height=\"300\" src=\"https:\/\/www.vacalia.com\/blog\/wp-content\/uploads\/2025\/03\/senderismo-costa-blanca.jpg\" alt=\"Wandern an der Costa Blanca\" class=\"wp-image-7057\" srcset=\"https:\/\/www.vacalia.com\/blog\/wp-content\/uploads\/2025\/03\/senderismo-costa-blanca.jpg 670w, https:\/\/www.vacalia.com\/blog\/wp-content\/uploads\/2025\/03\/senderismo-costa-blanca-300x134.jpg 300w, https:\/\/www.vacalia.com\/blog\/wp-content\/uploads\/2025\/03\/senderismo-costa-blanca-370x166.jpg 370w\" sizes=\"(max-width: 767px) 100vw, 670px\" \/><figcaption class=\"wp-element-caption\">Wandern an der Costa Blanca<\/figcaption><\/figure><\/div>\n\n\n<h2 class=\"wp-block-heading has-medium-font-size\"><strong>Eine unvergessliche Besteigung<\/strong><\/h2>\n\n\n\n<p>Das Abenteuer beginnt im Interpretationszentrum des Naturparks, dem idealen Ausgangspunkt, um sich mit der au\u00dfergew\u00f6hnlichen \u00f6kologischen Bedeutung dieser Enklave vertraut zu machen. Exponate und Informationstafeln bieten eine wertvolle Einf\u00fchrung in die Geologie, Flora und Fauna des Felsens und erm\u00f6glichen es dem Besucher, den Naturschatz, den er erkunden m\u00f6chte, besser zu verstehen. Die F\u00fchrer des Zentrums geben oft n\u00fctzliche Ratschl\u00e4ge \u00fcber den Zustand des Weges und die Wetterbedingungen des Tages.<\/p>\n\n\n\n<p>Von dort aus f\u00fchrt ein gut ausgebauter Weg am Nordhang des Felsens entlang, zwischen Pinien und aromatischer mediterraner Vegetation, die auf Schritt und Tritt duftet. Die ersten Meter verlaufen auf einem relativ flachen Gel\u00e4nde, auf dem Sie Ihre Muskeln aufw\u00e4rmen k\u00f6nnen, w\u00e4hrend Sie die ersten Ausblicke auf die n\u00f6rdliche Bucht von Calpe mit ihrem charakteristischen Fischerhafen und ihren Salzwiesen genie\u00dfen, die zu bestimmten Zeiten des Jahres aufgrund der mikroskopisch kleinen Algen, die sie bewohnen, einen rosafarbenen Farbton annehmen.<\/p>\n\n\n<div class=\"wp-block-image\">\n<figure class=\"aligncenter size-full\"><img decoding=\"async\" width=\"670\" height=\"300\" src=\"https:\/\/www.vacalia.com\/blog\/wp-content\/uploads\/2025\/03\/parque-natual-acantilado-ifach.jpg\" alt=\"Interpretationszentrum des Naturparks in Calpe, Alicante\" class=\"wp-image-7052\" srcset=\"https:\/\/www.vacalia.com\/blog\/wp-content\/uploads\/2025\/03\/parque-natual-acantilado-ifach.jpg 670w, https:\/\/www.vacalia.com\/blog\/wp-content\/uploads\/2025\/03\/parque-natual-acantilado-ifach-300x134.jpg 300w, https:\/\/www.vacalia.com\/blog\/wp-content\/uploads\/2025\/03\/parque-natual-acantilado-ifach-370x166.jpg 370w\" sizes=\"(max-width: 767px) 100vw, 670px\" \/><figcaption class=\"wp-element-caption\">Interpretationszentrum des Naturparks in Calpe, Alicante<\/figcaption><\/figure><\/div>\n\n\n<p>Wenn der Weg an H\u00f6he gewinnt, weitet sich der Blick und die felsige Landschaft beginnt die Umgebung zu dominieren. Die Kalksteinschichten, die vor Millionen von Jahren entstanden, als dieses Gebiet unter dem Meer lag, zeigen faszinierende Muster und Strukturen, die die geologische Geschichte dieser einzigartigen Formation erz\u00e4hlen.<\/p>\n\n\n\n<p>Nach etwa einem Kilometer m\u00e4\u00dfiger Steigung erreicht man einen der charakteristischsten Punkte der Route: einen in den Felsen gegrabenen Tunnel, der den Berg durchquert. Dieser etwa 30 Meter lange Durchgang wurde in den 1920er Jahren im Rahmen der Arbeiten zur Erleichterung des Zugangs zum Gipfel gegraben und ist ein kurzes, aber spannendes Intermezzo im Aufstieg. Die D\u00fcsternis und K\u00fchle des Tunnels kontrastiert mit der Helligkeit und W\u00e4rme, die den Rest des Weges begleiten, und schafft ein einzigartiges sensorisches Erlebnis.<\/p>\n\n\n\n<p>Diese Passage, die den Wanderer in eine andere Dimension zu versetzen scheint, markiert den Beginn des anspruchsvollsten Abschnitts der Route. Eine \u00fcber mehrere Meter installierte Kette hilft, eine etwas ausgesetzte Passage zu \u00fcberwinden und bietet zus\u00e4tzliche Sicherheit, besonders an windigen Tagen oder bei nassem Boden.<\/p>\n\n\n\n<p>Nach der Durchquerung des Tunnels wird der Hang steiler und das Gel\u00e4nde unebener, so dass mehr Aufmerksamkeit erforderlich ist, um nicht auszurutschen. Die losen Felsen und die durch Erosion entstandenen nat\u00fcrlichen Stufen erfordern Trittsicherheit und gelegentlich den Einsatz der H\u00e4nde, um das Gleichgewicht zu halten. In diesem Abschnitt bietet sich auch der erste Blick auf den S\u00fcdhang mit dem <strong><a href=\"https:\/\/www.vacalia.com\/de\/playa-de-la-fossa-alicante-p1041\" target=\"_blank\" rel=\"noreferrer noopener\">Strand von La Fossa<\/a><\/strong>, der sich am Fu\u00df des Felsens wie ein goldener Streifen zwischen dem Blau des Meeres und dem Gr\u00fcn der K\u00fcsteng\u00e4rten erstreckt.<\/p>\n\n\n<div class=\"wp-block-image\">\n<figure class=\"aligncenter size-full\"><img decoding=\"async\" width=\"670\" height=\"300\" src=\"https:\/\/www.vacalia.com\/blog\/wp-content\/uploads\/2025\/03\/subida-penon-de-ifach.jpg\" alt=\"Besteigung des Pe\u00f1\u00f3n de Ifach in Calpe, Alicante\" class=\"wp-image-7054\" srcset=\"https:\/\/www.vacalia.com\/blog\/wp-content\/uploads\/2025\/03\/subida-penon-de-ifach.jpg 670w, https:\/\/www.vacalia.com\/blog\/wp-content\/uploads\/2025\/03\/subida-penon-de-ifach-300x134.jpg 300w, https:\/\/www.vacalia.com\/blog\/wp-content\/uploads\/2025\/03\/subida-penon-de-ifach-370x166.jpg 370w\" sizes=\"(max-width: 767px) 100vw, 670px\" \/><figcaption class=\"wp-element-caption\">Besteigung des Pe\u00f1\u00f3n de Ifach in Calpe, Alicante<\/figcaption><\/figure><\/div>\n\n\n<p>Das letzte St\u00fcck bis zum Gipfel stellt die gr\u00f6\u00dfte Herausforderung dar, mit einigen Stellen, die f\u00fcr Menschen mit H\u00f6henangst gef\u00e4hrlich sein k\u00f6nnen. Der Weg ist jedoch an den anspruchsvollsten Stellen mit Seilen ausgestattet, so dass Sie sicher vorankommen k\u00f6nnen. Kleine nat\u00fcrliche Aussichtspunkte laden zu kurzen Pausen ein, um die immer eindrucksvolleren Landschaften zu bewundern.<\/p>\n\n\n\n<p>Die gesamte Strecke ist ca. 3,1 km lang (Hin- und R\u00fcckweg) und kann in ca. 2-3 Stunden bew\u00e4ltigt werden, einschlie\u00dflich Pausen. Der Schwierigkeitsgrad kann als moderat bezeichnet werden und ist f\u00fcr Personen mit normaler Kondition geeignet, obwohl er f\u00fcr sehr kleine Kinder oder Personen mit Mobilit\u00e4tsproblemen nicht zu empfehlen ist, insbesondere im letzten Abschnitt.<\/p>\n\n\n<div class=\"bannerBlog\"><div class=\"new-card-houses\">\n    <div class=\"likeOut likeDivOut\" style=\"display:none\">\n        <a data-id=\"2837\" class=\"likeOut_button_red likeBtnFav\"\n            aria-label=\"Megusta Vacalia\"><\/a>\n    <\/div>\n    <figure>\n        <img loading=\"lazy\" decoding=\"async\" \n            loading=\"lazy\" width=\"301\" height=\"200\"\n            src=\"\/\/media.vacalia.com\/photo\/reformatwebpfolder\/350\/200\/2837\/thumb-middle\/2837_a5029b586275288353e119c208bf09d4.webp?v=21092023\"\n            alt=\"Gladiolo - Ferienhaus auf X\u00e0bia\/J\u00e1vea\"\/>\n                                                                        <div class=\"circleDiscount\">-11%<\/div>\n                        <\/figure>\n    <p itemprop=\"address\"><i class=\"ico-marker\"><\/i>X\u00e0bia\/J\u00e1vea, Alicante<\/p>\n    <h3 itemprop=\"name\">Gladiolo<\/h3>\n    <ul class=\"icon_list inline_list\">\n                              <li class=\"ico-pool\" title=\"Pool\">\n              <span itemprop=\"amenityFeature\">Pool<\/span>\n            <\/li>\n                      <li class=\"ico-airConditioning\" title=\"Klimaanlage\">\n              <span itemprop=\"amenityFeature\">Klimaanlage<\/span>\n            <\/li>\n                      <li class=\"ico-wifi\" title=\"Wifi\">\n              <span itemprop=\"amenityFeature\">Wifi<\/span>\n            <\/li>\n                          <li class=\"ico-guests\" title=\"F\u00fcr 6 G\u00e4ste in X\u00e0bia\/j\u00e1vea.\">\n          <span itemprop=\"occupancy\">6<\/span>\n        <\/li>\n    <\/ul>\n            <span class=\"price\">Ab 101\u20ac \/ Nacht<\/span>\n                <a itemprop=\"url\" class=\"anchor\" href=\"https:\/\/www.vacalia.com\/de\/villa-gladiolo-xabia-javea-h19641\" aria-label=\"Gladiolo\"><\/a>\n<\/div><div class=\"new-card-houses\">\n    <div class=\"likeOut likeDivOut\" style=\"display:none\">\n        <a data-id=\"3259\" class=\"likeOut_button_red likeBtnFav\"\n            aria-label=\"Megusta Vacalia\"><\/a>\n    <\/div>\n    <figure>\n        <img loading=\"lazy\" decoding=\"async\" \n            loading=\"lazy\" width=\"301\" height=\"200\"\n            src=\"\/\/media.vacalia.com\/photo\/reformatwebpfolder\/350\/200\/3259\/thumb-middle\/3259_c04f4bc50d7feb05cd12832d2286b9b6.webp?v=21092023\"\n            alt=\"Casa lea - Ferienhaus auf Alcalal\u00ed\"\/>\n                                                                        <div class=\"circleDiscount\">-2%<\/div>\n                        <\/figure>\n    <p itemprop=\"address\"><i class=\"ico-marker\"><\/i>Alcalal\u00ed, Alicante<\/p>\n    <h3 itemprop=\"name\">Casa lea<\/h3>\n    <ul class=\"icon_list inline_list\">\n                              <li class=\"ico-pool\" title=\"Pool\">\n              <span itemprop=\"amenityFeature\">Pool<\/span>\n            <\/li>\n                      <li class=\"ico-airConditioning\" title=\"Klimaanlage\">\n              <span itemprop=\"amenityFeature\">Klimaanlage<\/span>\n            <\/li>\n                      <li class=\"ico-wifi\" title=\"Wifi\">\n              <span itemprop=\"amenityFeature\">Wifi<\/span>\n            <\/li>\n                      <li class=\"ico-pets\" title=\"Haustiere\">\n              <span itemprop=\"amenityFeature\">Haustiere<\/span>\n            <\/li>\n                          <li class=\"ico-guests\" title=\"F\u00fcr 5 G\u00e4ste in Alcalal\u00ed.\">\n          <span itemprop=\"occupancy\">5<\/span>\n        <\/li>\n    <\/ul>\n            <span class=\"price\">Ab 209\u20ac \/ Nacht<\/span>\n                <a itemprop=\"url\" class=\"anchor\" href=\"https:\/\/www.vacalia.com\/de\/villa-casa-lea-alcalali-h23047\" aria-label=\"Casa lea\"><\/a>\n<\/div><\/div>\n\n\n\n<h2 class=\"wp-block-heading has-medium-font-size\"><strong>Atemberaubende Aussichten<\/strong><\/h2>\n\n\n\n<p>Was den Aufstieg zum Pe\u00f1\u00f3n de Ifach so besonders macht, ist der unvergleichliche Panoramablick. Vom Gipfel aus \u00f6ffnet sich der Horizont um 360 Grad und bietet einen privilegierten Blick auf die Costa Blanca, der die M\u00fche mehr als belohnt.<\/p>\n\n\n\n<p>Im Norden erstreckt sich die Bucht von Calpe in ihrer charakteristischen Halbmondform, flankiert von Geb\u00e4uden, die aus dieser H\u00f6he wie Miniaturen wirken. Der Jachthafen mit seinen akkurat aufgereihten Booten bildet einen interessanten Kontrast zu den ehemaligen Salzwiesen, die heute zu einem Feuchtgebiet von gro\u00dfer \u00f6kologischer Bedeutung geworden sind, in dem h\u00e4ufig Flamingos und andere Wasserv\u00f6gel gesichtet werden k\u00f6nnen.<\/p>\n\n\n\n<p>Im Westen bildet die Silhouette der Sierra de Bernia eine bergige Kulisse, w\u00e4hrend im Landesinneren weitere Gipfel wie der Puig Campana und der Montg\u00f3 zu sehen sind, die eine Landschaft von gro\u00dfer Sch\u00f6nheit schaffen, in der Meer und Berge in perfekter Harmonie nebeneinander existieren.<\/p>\n\n\n\n<p>Im S\u00fcden kann man an klaren Tagen Benidorm mit seinen markanten Wolkenkratzern erkennen, und in seltenen F\u00e4llen sogar die Silhouette der Insel Ibiza am Horizont.&nbsp;<\/p>\n\n\n\n<p>Auf dem Gipfel k\u00f6nnen Sie auch zahlreiche Seevogelarten beobachten, die auf den steilen Klippen nisten, was das Erlebnis um die Beobachtung von Wildtieren bereichert. Gelbschenkelm\u00f6wen, Kormorane und mit etwas Gl\u00fcck auch der schwer zu fassende Wanderfalke k\u00f6nnen w\u00e4hrend des Ausflugs gesichtet werden.<\/p>\n\n\n<div class=\"wp-block-image\">\n<figure class=\"aligncenter size-full\"><img loading=\"lazy\" decoding=\"async\" width=\"670\" height=\"300\" src=\"https:\/\/www.vacalia.com\/blog\/wp-content\/uploads\/2025\/03\/senderismo-calpe.jpg\" alt=\"Wandern in Calpe, Alicante\" class=\"wp-image-7055\" srcset=\"https:\/\/www.vacalia.com\/blog\/wp-content\/uploads\/2025\/03\/senderismo-calpe.jpg 670w, https:\/\/www.vacalia.com\/blog\/wp-content\/uploads\/2025\/03\/senderismo-calpe-300x134.jpg 300w, https:\/\/www.vacalia.com\/blog\/wp-content\/uploads\/2025\/03\/senderismo-calpe-370x166.jpg 370w\" sizes=\"(max-width: 767px) 100vw, 670px\" \/><figcaption class=\"wp-element-caption\">Wandern in Calpe, Alicante<\/figcaption><\/figure><\/div>\n\n\n<h2 class=\"wp-block-heading has-small-font-size\"><strong>Ein einzigartiges \u00d6kosystem<\/strong><\/h2>\n\n\n\n<p>Der Pe\u00f1\u00f3n de Ifach beeindruckt nicht nur durch seine Geologie und seine Ausblicke, sondern auch durch sein au\u00dferordentlich wertvolles \u00d6kosystem. Mehr als 300 Pflanzenarten wurden in diesem kleinen Gebiet katalogisiert, von denen einige endemisch und extrem selten sind, wie die Silene de Ifach (Silene hifacensis), eine zarte Pflanze mit wei\u00dfen Bl\u00fcten, die ausschlie\u00dflich auf einigen Klippen des spanischen Mittelmeers w\u00e4chst.<\/p>\n\n\n\n<p>Die Kombination von Faktoren wie die N\u00e4he zum Meer, die Ausrichtung der H\u00e4nge und die Kalksteinbeschaffenheit des Gel\u00e4ndes hat zur Entstehung verschiedener Mikrohabitate gef\u00fchrt, in denen hochspezialisierte Pflanzengemeinschaften gedeihen.<\/p>\n\n\n\n<p>Dieser botanische Reichtum zieht wiederum eine vielf\u00e4ltige Fauna an, insbesondere V\u00f6gel und Wirbellose. Die felsigen Steilh\u00e4nge sind ideale Nistpl\u00e4tze f\u00fcr Raub- und Seev\u00f6gel, w\u00e4hrend Insekten in den Blumen der Felsen eine reichhaltige Nahrungsquelle finden.<\/p>\n\n\n\n<p><strong>Praktische Tipps f\u00fcr den Besuch<\/strong><\/p>\n\n\n\n<ul class=\"wp-block-list\">\n<li><strong>Empfohlene Jahreszeit<\/strong>: Obwohl die Route das ganze Jahr \u00fcber begangen werden kann, bieten die Fr\u00fchlings- und Herbstmonate die angenehmsten Bedingungen, da die intensive Sommerhitze und die gelegentlichen windigen Wintertage vermieden werden.<\/li>\n\n\n\n<li><strong>Ideale Zeit<\/strong>: Um Menschenmassen zu vermeiden und das beste Licht zum Fotografieren zu erhalten, empfiehlt es sich, den Aufstieg fr\u00fch am Morgen oder am Nachmittag zu beginnen und die Mittagsstunden zu meiden, insbesondere in der Hochsaison.<\/li>\n\n\n\n<li><strong>Ausr\u00fcstung<\/strong>: Wanderschuhe mit gutem Halt, Sonnenschutz (der obere Teil ist v\u00f6llig schattenlos), M\u00fctze oder Hut, ausreichend Wasser (es gibt keine Wasserstellen entlang der Strecke) und, falls vorhanden, ein Fernglas, um V\u00f6gel und Details der fernen Landschaft zu beobachten.<\/li>\n\n\n\n<li><strong>Vorschriften<\/strong>: Es ist zu beachten, dass der Zugang zu bestimmten Zeiten des Jahres aus Gr\u00fcnden des Naturschutzes oder der Sicherheit eingeschr\u00e4nkt sein kann. Es wird daher empfohlen, sich vorher im Informationszentrum oder im \u00f6rtlichen Fremdenverkehrsb\u00fcro zu informieren. Der Eintritt in den Naturpark ist frei, aber es gibt eine maximale Kapazit\u00e4t, um sowohl die Sicherheit der Besucher als auch den Schutz der Umwelt zu gew\u00e4hrleisten.<\/li>\n\n\n\n<li><strong>Vorsichtsma\u00dfnahmen<\/strong>: Obwohl es sich nicht um eine technisch schwierige Route handelt, k\u00f6nnen einige Abschnitte f\u00fcr Personen mit H\u00f6henangst ausgesetzt sein. Es ist wichtig, sich auf den Weg zu konzentrieren, vor allem beim Abstieg, wenn die M\u00fcdigkeit die Gefahr des Ausrutschens erh\u00f6ht.<\/li>\n<\/ul>\n\n\n<div class=\"wp-block-image\">\n<figure class=\"aligncenter size-full\"><img loading=\"lazy\" decoding=\"async\" width=\"670\" height=\"300\" src=\"https:\/\/www.vacalia.com\/blog\/wp-content\/uploads\/2025\/03\/senderismo-penon-de-ifach.jpg\" alt=\"Wandern auf dem Pe\u00f1\u00f3n de Ifach in Calpe, Alicante\" class=\"wp-image-7056\" srcset=\"https:\/\/www.vacalia.com\/blog\/wp-content\/uploads\/2025\/03\/senderismo-penon-de-ifach.jpg 670w, https:\/\/www.vacalia.com\/blog\/wp-content\/uploads\/2025\/03\/senderismo-penon-de-ifach-300x134.jpg 300w, https:\/\/www.vacalia.com\/blog\/wp-content\/uploads\/2025\/03\/senderismo-penon-de-ifach-370x166.jpg 370w\" sizes=\"(max-width: 767px) 100vw, 670px\" \/><figcaption class=\"wp-element-caption\">Wandern auf dem Pe\u00f1\u00f3n de Ifach in Calpe, Alicante<\/figcaption><\/figure><\/div>\n\n\n<h2 class=\"wp-block-heading has-medium-font-size\"><strong>Jenseits des Wanderns<\/strong><\/h2>\n\n\n\n<p>Ein Besuch des Pe\u00f1\u00f3n de Ifach kann mit anderen Aktivit\u00e4ten in seiner unmittelbaren Umgebung erg\u00e4nzt werden. Schnorchel- und Tauchbegeisterte finden in den Gew\u00e4ssern rund um den Felsen ein Unterwasserparadies mit reichhaltigem Meeresleben.&nbsp;<\/p>\n\n\n\n<p>Nach dem Ausflug gibt es nichts Besseres, als sich in einem der Restaurants von Calpe zu st\u00e4rken, wo frischer Fisch und Meeresfr\u00fcchte die Grundlage f\u00fcr eine lokale Gastronomie bilden, die den authentischen Geschmack des Mittelmeers bewahrt.<\/p>\n\n\n\n<p>Der Pe\u00f1\u00f3n de Ifach ist die perfekte Kombination aus einem begehbaren Weg und einer spektakul\u00e4ren Aussicht, was ihn zu einem unverzichtbaren Erlebnis f\u00fcr jeden Wanderer macht, der die Costa Blanca besucht.<\/p>\n","protected":false},"excerpt":{"rendered":"<p>Der majest\u00e4tische Pe\u00f1\u00f3n de Ifach ist das bekannteste Symbol der Costa Blanca, ein imposanter Kalksteinfelsen, der in der Stadt Calpe aus dem Mittelmeer auftaucht. Dieser Naturkoloss, der 1987 zum Naturpark&hellip;<\/p>\n","protected":false},"author":1,"featured_media":7054,"comment_status":"closed","ping_status":"open","sticky":false,"template":"","format":"standard","meta":{"_monsterinsights_skip_tracking":false,"_monsterinsights_sitenote_active":false,"_monsterinsights_sitenote_note":"","_monsterinsights_sitenote_category":0,"footnotes":""},"categories":[1011,643,40,671,677],"tags":[],"class_list":["post-7061","post","type-post","status-publish","format-standard","has-post-thumbnail","hentry","category-alicante-de","category-alicante-fuhrer","category-allgemein","category-was-kann-man-in-alicante-machen","category-was-man-in-alicante-sehen-kann"],"_links":{"self":[{"href":"https:\/\/www.vacalia.com\/blog\/wp-json\/wp\/v2\/posts\/7061"}],"collection":[{"href":"https:\/\/www.vacalia.com\/blog\/wp-json\/wp\/v2\/posts"}],"about":[{"href":"https:\/\/www.vacalia.com\/blog\/wp-json\/wp\/v2\/types\/post"}],"author":[{"embeddable":true,"href":"https:\/\/www.vacalia.com\/blog\/wp-json\/wp\/v2\/users\/1"}],"replies":[{"embeddable":true,"href":"https:\/\/www.vacalia.com\/blog\/wp-json\/wp\/v2\/comments?post=7061"}],"version-history":[{"count":3,"href":"https:\/\/www.vacalia.com\/blog\/wp-json\/wp\/v2\/posts\/7061\/revisions"}],"predecessor-version":[{"id":7596,"href":"https:\/\/www.vacalia.com\/blog\/wp-json\/wp\/v2\/posts\/7061\/revisions\/7596"}],"wp:featuredmedia":[{"embeddable":true,"href":"https:\/\/www.vacalia.com\/blog\/wp-json\/wp\/v2\/media\/7054"}],"wp:attachment":[{"href":"https:\/\/www.vacalia.com\/blog\/wp-json\/wp\/v2\/media?parent=7061"}],"wp:term":[{"taxonomy":"category","embeddable":true,"href":"https:\/\/www.vacalia.com\/blog\/wp-json\/wp\/v2\/categories?post=7061"},{"taxonomy":"post_tag","embeddable":true,"href":"https:\/\/www.vacalia.com\/blog\/wp-json\/wp\/v2\/tags?post=7061"}],"curies":[{"name":"wp","href":"https:\/\/api.w.org\/{rel}","templated":true}]}}