{"id":7091,"date":"2025-04-04T09:55:26","date_gmt":"2025-04-04T07:55:26","guid":{"rendered":"https:\/\/www.vacalia.com\/blog\/?p=7091"},"modified":"2025-07-08T09:24:22","modified_gmt":"2025-07-08T07:24:22","slug":"descubre-los-patios-andaluces-de-malaga","status":"publish","type":"post","link":"https:\/\/www.vacalia.com\/blog\/es\/descubre-los-patios-andaluces-de-malaga\/","title":{"rendered":"Descubre los patios andaluces de M\u00e1laga"},"content":{"rendered":"\n<p>En <strong><a href=\"https:\/\/www.vacalia.com\/es\/alojamiento-vacacional-malaga\" target=\"_blank\" rel=\"noreferrer noopener\">M\u00e1laga<\/a><\/strong>, la joya de la Costa del Sol, no todo es playa, sol y espetos de sardinas. Esta ciudad, rica en historia y cultura, esconde un patrimonio arquitect\u00f3nico que rivaliza con el de las grandes urbes europeas. Entre sus mayores atractivos se encuentran los patios andaluces, espacios que fusionan el legado \u00e1rabe con la tradici\u00f3n m\u00e1s aut\u00e9ntica de Andaluc\u00eda.&nbsp;<\/p>\n\n\n\n<p>La primavera transforma estos recintos en espacios llenos de vida y color, donde los geranios, las buganvillas y los jazmines crean un ambiente con una combinaci\u00f3n de fragancias muy especial. Adem\u00e1s, el clima suave de esta \u00e9poca del a\u00f1o os permitir\u00e1 recorrer la ciudad sin las altas temperaturas del verano, mientras disfrut\u00e1is de los numerosos eventos culturales que se celebran en torno a estos espacios \u00fanicos.<\/p>\n\n\n<div class=\"wp-block-image\">\n<figure class=\"aligncenter size-full\"><img fetchpriority=\"high\" decoding=\"async\" width=\"670\" height=\"300\" src=\"https:\/\/www.vacalia.com\/blog\/wp-content\/uploads\/2025\/04\/patios-de-malaga.jpg\" alt=\"Patios de M\u00e1laga\" class=\"wp-image-7095\" srcset=\"https:\/\/www.vacalia.com\/blog\/wp-content\/uploads\/2025\/04\/patios-de-malaga.jpg 670w, https:\/\/www.vacalia.com\/blog\/wp-content\/uploads\/2025\/04\/patios-de-malaga-300x134.jpg 300w, https:\/\/www.vacalia.com\/blog\/wp-content\/uploads\/2025\/04\/patios-de-malaga-370x166.jpg 370w\" sizes=\"(max-width: 767px) 100vw, 670px\" \/><figcaption class=\"wp-element-caption\">Patios de M\u00e1laga<\/figcaption><\/figure><\/div>\n\n\n<h2 class=\"wp-block-heading has-medium-font-size\"><strong>Historia y tradici\u00f3n de los patios malague\u00f1os<\/strong><\/h2>\n\n\n\n<p>Los patios malague\u00f1os tienen una fuerte influencia \u00e1rabe, herencia de los ocho siglos de presencia musulmana en la Pen\u00ednsula Ib\u00e9rica. Durante este periodo, los patios se convirtieron en elementos fundamentales de las viviendas, funcionando como espacios de convivencia familiar y social, adem\u00e1s de proporcionar luz y ventilaci\u00f3n natural a las casas.<\/p>\n\n\n\n<p>A diferencia de los famosos patios de C\u00f3rdoba, los de M\u00e1laga suelen ser m\u00e1s sobrios arquitect\u00f3nicamente, pero igualmente encantadores. Mientras que los cordobeses destacan por su exuberancia floral y su disposici\u00f3n en torno a un estanque central, los patios malague\u00f1os se caracterizan por su elegancia m\u00e1s austera, con elementos como las columnas de m\u00e1rmol, los suelos de baldosas hidr\u00e1ulicas y los z\u00f3calos de azulejos.<\/p>\n\n\n\n<p>A lo largo de los siglos, estos espacios han ido evolucionando, adapt\u00e1ndose a los cambios sociales y arquitect\u00f3nicos de cada \u00e9poca, pero manteniendo siempre su esencia. Hoy pod\u00e9is encontrarlos tanto en el casco hist\u00f3rico de la capital como en los pintorescos pueblos blancos de la provincia, conservando su car\u00e1cter tradicional mientras se integran en la vida moderna<\/p>\n\n\n\n<h2 class=\"wp-block-heading has-medium-font-size\"><strong>La Alcazaba de M\u00e1laga<\/strong><\/h2>\n\n\n\n<p>Si quer\u00e9is entender el origen de los patios andaluces, no hay mejor punto de partida que la Alcazaba de M\u00e1laga. Esta imponente fortaleza del siglo XI, construida durante la \u00e9poca musulmana, es uno de los monumentos m\u00e1s representativos de la ciudad. Adem\u00e1s de sus murallas y torres, la Alcazaba alberga jardines y patios que son un aut\u00e9ntico espect\u00e1culo para los sentidos.<\/p>\n\n\n\n<p>Pasear por sus patios es como retroceder en el tiempo. Entre almendros, higueras, buganvillas y madreselvas, descubrir\u00e9is c\u00f3mo la vegetaci\u00f3n se entrelaza con la arquitectura \u00e1rabe, creando un ambiente de calma y serenidad. Y lo mejor de todo: la entrada es gratuita los domingos por la tarde.<\/p>\n\n\n\n<h2 class=\"wp-block-heading has-medium-font-size\"><strong>La Sociedad Econ\u00f3mica de Amigos del Pa\u00eds<\/strong><\/h2>\n\n\n\n<p>En pleno centro de M\u00e1laga, en la Plaza de la Constituci\u00f3n, se encuentra uno de los patios m\u00e1s coquetos y menos conocidos de la ciudad. La Sociedad Econ\u00f3mica de Amigos del Pa\u00eds, fundada en el siglo XVIII, es una instituci\u00f3n cultural que alberga un peque\u00f1o patio andaluz lleno de encanto.<\/p>\n\n\n\n<p>Con su fuente central y sus plantas arom\u00e1ticas, este patio os recordar\u00e1 a un claustro religioso, pero con un toque m\u00e1s \u00edntimo y acogedor. Adem\u00e1s, el edificio acoge exposiciones y charlas, por lo que es un lugar perfecto para combinar cultura y relax. Si pas\u00e1is por all\u00ed, no dej\u00e9is de asomaros a este rinc\u00f3n escondido.<\/p>\n\n\n\n<h2 class=\"wp-block-heading has-medium-font-size\"><strong>Patio del Museo Picasso<\/strong><\/h2>\n\n\n\n<p>El patio del Palacio de Buenavista, sede del Museo Picasso, es uno de los ejemplos m\u00e1s representativos de la arquitectura tradicional malague\u00f1a. Este espacio renacentista del siglo XVI, con sus columnas de m\u00e1rmol y su galer\u00eda superior, os transportar\u00e1 a otra \u00e9poca.<\/p>\n\n\n\n<p>Adem\u00e1s de disfrutar del patio como parte del recorrido arquitect\u00f3nico del museo, podr\u00e9is sumergiros en la obra del artista malague\u00f1o m\u00e1s universal: Pablo Picasso. La combinaci\u00f3n entre arte contempor\u00e1neo y tradici\u00f3n hist\u00f3rica hace que esta visita sea inolvidable.<\/p>\n\n\n<div class=\"wp-block-image\">\n<figure class=\"aligncenter size-full\"><img decoding=\"async\" width=\"670\" height=\"300\" src=\"https:\/\/www.vacalia.com\/blog\/wp-content\/uploads\/2025\/04\/patios-museo-picasso-malaga.jpg\" alt=\"Patio del Museo Picasso en M\u00e1laga\" class=\"wp-image-7096\" srcset=\"https:\/\/www.vacalia.com\/blog\/wp-content\/uploads\/2025\/04\/patios-museo-picasso-malaga.jpg 670w, https:\/\/www.vacalia.com\/blog\/wp-content\/uploads\/2025\/04\/patios-museo-picasso-malaga-300x134.jpg 300w, https:\/\/www.vacalia.com\/blog\/wp-content\/uploads\/2025\/04\/patios-museo-picasso-malaga-370x166.jpg 370w\" sizes=\"(max-width: 767px) 100vw, 670px\" \/><figcaption class=\"wp-element-caption\">Patio del Museo Picasso en M\u00e1laga<\/figcaption><\/figure><\/div>\n\n\n<h2 class=\"wp-block-heading has-medium-font-size\"><strong>Bodega Bar El Pimpi<\/strong><\/h2>\n\n\n\n<p>Hablar de M\u00e1laga sin mencionar El Pimpi es casi imposible. Este emblem\u00e1tico bar, ubicado en la Calle Granada, es mucho m\u00e1s que un lugar para tapear: es un aut\u00e9ntico patio andaluz viviente. Desde la fuente que recibe a los clientes hasta sus rincones llenos de historia, El Pimpi os transportar\u00e1 a mediados del siglo XIX, cuando los patios eran el centro de la vida social.<\/p>\n\n\n\n<p>Adem\u00e1s de su ambiente \u00fanico, El Pimpi es famoso por su gastronom\u00eda y su amplia selecci\u00f3n de vinos. Un lugar imprescindible para sentir el pulso de la ciudad.<\/p>\n\n\n<div class=\"wp-block-image\">\n<figure class=\"aligncenter size-full\"><img decoding=\"async\" width=\"670\" height=\"300\" src=\"https:\/\/www.vacalia.com\/blog\/wp-content\/uploads\/2025\/04\/patio-bar-el-pimpi-malaga.jpg\" alt=\"Patio del Bar El Pimpi en M\u00e1laga\" class=\"wp-image-7093\" srcset=\"https:\/\/www.vacalia.com\/blog\/wp-content\/uploads\/2025\/04\/patio-bar-el-pimpi-malaga.jpg 670w, https:\/\/www.vacalia.com\/blog\/wp-content\/uploads\/2025\/04\/patio-bar-el-pimpi-malaga-300x134.jpg 300w, https:\/\/www.vacalia.com\/blog\/wp-content\/uploads\/2025\/04\/patio-bar-el-pimpi-malaga-370x166.jpg 370w\" sizes=\"(max-width: 767px) 100vw, 670px\" \/><figcaption class=\"wp-element-caption\">Patio del Bar El Pimpi en M\u00e1laga<\/figcaption><\/figure><\/div>\n\n\n<h2 class=\"wp-block-heading has-medium-font-size\"><strong>El Palacio Episcopal<\/strong><\/h2>\n\n\n\n<p>Terminamos nuestro recorrido en el Palacio Episcopal, un imponente edificio barroco del siglo XVIII situado frente a la Catedral de la Encarnaci\u00f3n. Este palacio, declarado Bien de Inter\u00e9s Cultural, alberga en su planta baja un patio espectacular con una fuente central.<\/p>\n\n\n\n<p>Rehabilitado en los a\u00f1os 40, este patio es un ejemplo perfecto de c\u00f3mo la arquitectura andaluza combina elegancia y funcionalidad. Adem\u00e1s, el palacio acoge el Museo Diocesano de Arte Sacro, por lo que es una visita ideal para los amantes del arte y la historia.<\/p>\n\n\n<div class=\"wp-block-image\">\n<figure class=\"aligncenter size-full\"><img loading=\"lazy\" decoding=\"async\" width=\"670\" height=\"300\" src=\"https:\/\/www.vacalia.com\/blog\/wp-content\/uploads\/2025\/04\/patio-palacio-episcopal-malaga.jpg\" alt=\"Patio del Palacio Episcopal en M\u00e1laga\" class=\"wp-image-7094\" srcset=\"https:\/\/www.vacalia.com\/blog\/wp-content\/uploads\/2025\/04\/patio-palacio-episcopal-malaga.jpg 670w, https:\/\/www.vacalia.com\/blog\/wp-content\/uploads\/2025\/04\/patio-palacio-episcopal-malaga-300x134.jpg 300w, https:\/\/www.vacalia.com\/blog\/wp-content\/uploads\/2025\/04\/patio-palacio-episcopal-malaga-370x166.jpg 370w\" sizes=\"(max-width: 767px) 100vw, 670px\" \/><figcaption class=\"wp-element-caption\">Patio del Palacio Episcopal en M\u00e1laga<\/figcaption><\/figure><\/div>\n\n\n<h2 class=\"wp-block-heading has-medium-font-size\"><strong>Los Corralones de La Trinidad y El Perchel<\/strong><\/h2>\n\n\n\n<p>Si visit\u00e1is M\u00e1laga en junio, no pod\u00e9is perderos la Semana Popular de los Corralones de La Trinidad y El Perchel. Este festival, similar al famoso concurso de los Patios de C\u00f3rdoba, es una celebraci\u00f3n de la cultura popular andaluza. Durante estos d\u00edas, los vecinos de estos barrios abren las puertas de sus casas para mostrar sus patios, decorados con macetas repletas de flores y elementos tradicionales.<\/p>\n\n\n\n<p>La&nbsp;Semana Popular de los Corralones de La Trinidad y El Perchel&nbsp;es un evento emblem\u00e1tico que celebra la esencia y la tradici\u00f3n de estos hist\u00f3ricos barrios malague\u00f1os. Bajo el lema&nbsp;\u2018#Somos Barrio, en el Coraz\u00f3n de M\u00e1laga\u2019, esta festividad ofrece una programaci\u00f3n repleta de actividades para todos los p\u00fablicos, como rutas hist\u00f3ricas guiadas, visitas libres a los corralones, exposiciones, muestras gastron\u00f3micas, talleres y actuaciones.<\/p>\n\n\n<div class=\"wp-block-image\">\n<figure class=\"aligncenter size-full\"><img loading=\"lazy\" decoding=\"async\" width=\"670\" height=\"300\" src=\"https:\/\/www.vacalia.com\/blog\/wp-content\/uploads\/2025\/04\/patios-perchel-trinidad-malaga.jpg\" alt=\"Patio de La Trinidad y El Perchel en M\u00e1laga\" class=\"wp-image-7097\" srcset=\"https:\/\/www.vacalia.com\/blog\/wp-content\/uploads\/2025\/04\/patios-perchel-trinidad-malaga.jpg 670w, https:\/\/www.vacalia.com\/blog\/wp-content\/uploads\/2025\/04\/patios-perchel-trinidad-malaga-300x134.jpg 300w, https:\/\/www.vacalia.com\/blog\/wp-content\/uploads\/2025\/04\/patios-perchel-trinidad-malaga-370x166.jpg 370w\" sizes=\"(max-width: 767px) 100vw, 670px\" \/><figcaption class=\"wp-element-caption\">Patio de La Trinidad y El Perchel en M\u00e1laga<\/figcaption><\/figure><\/div>\n\n\n<p>El coraz\u00f3n del evento es el&nbsp;concurso de engalanamiento floral y tradicional de patios, donde los vecinos muestran la vida y costumbres que han perdurado en estos espacios comunitarios. Esta celebraci\u00f3n no solo busca preservar la cultura popular malague\u00f1a, sino tambi\u00e9n promover y revitalizar los barrios de La Trinidad y El Perchel como parte de un&nbsp;proyecto social de intervenci\u00f3n comunitaria&nbsp;que se desarrolla durante todo el a\u00f1o.<\/p>\n\n\n\n<p>La Semana Popular de los Corralones es una oportunidad \u00fanica para sumergirse en la autenticidad de M\u00e1laga, descubrir su patrimonio cultural y disfrutar de la calidez de sus vecinos. Toda la informaci\u00f3n sobre las actividades est\u00e1 disponible en la web:&nbsp;<a href=\"http:\/\/www.somosbarrio.eu\/\" target=\"_blank\" rel=\"noopener\">www.somosbarrio.eu<\/a>.<\/p>\n\n\n\n<h2 class=\"wp-block-heading has-medium-font-size\"><strong>Un aut\u00e9ntico tesoro en la ciudad<\/strong><\/h2>\n\n\n\n<p>Los patios malague\u00f1os son mucho m\u00e1s que un atractivo tur\u00edstico: representan un modo de vida, una forma de entender la arquitectura y la convivencia que ha perdurado durante siglos. Al visitarlos, no solo estar\u00e9is contemplando espacios de gran belleza, sino sumergi\u00e9ndoos en la esencia misma de la cultura mediterr\u00e1nea.<\/p>\n\n\n\n<p>Os invitamos a descubrir M\u00e1laga desde esta perspectiva diferente, m\u00e1s all\u00e1 de la playa y el turismo convencional. Perdeos por sus callejuelas, llamad a las puertas de los patios y dejaos sorprender por estos tesoros escondidos que os mostrar\u00e1n el alma verdadera de la ciudad.<\/p>\n\n\n<div class=\"bannerBlog\"><div class=\"new-card-houses\">\n    <div class=\"likeOut likeDivOut\" style=\"display:none\">\n        <a data-id=\"3763\" class=\"likeOut_button_red likeBtnFav\"\n            aria-label=\"Megusta Vacalia\"><\/a>\n    <\/div>\n    <figure>\n        <img loading=\"lazy\" decoding=\"async\" \n            loading=\"lazy\" width=\"301\" height=\"200\"\n            src=\"\/\/media.vacalia.com\/photo\/reformatwebpfolder\/350\/200\/3763\/thumb-middle\/3763_af04cefafa60ef9d8449b74d5ff76cb9.webp?v=21092023\"\n            alt=\"Villa la tuna - Alquiler vacacional en Benalm\u00e1dena\"\/>\n                                                                        <div class=\"circleDiscount\">-24%<\/div>\n                        <\/figure>\n    <p itemprop=\"address\"><i class=\"ico-marker\"><\/i>Benalm\u00e1dena, M\u00e1laga<\/p>\n    <h3 itemprop=\"name\">Villa la tuna<\/h3>\n    <ul class=\"icon_list inline_list\">\n                              <li class=\"ico-pool\" title=\"Piscina\">\n              <span itemprop=\"amenityFeature\">Piscina<\/span>\n            <\/li>\n                      <li class=\"ico-airConditioning\" title=\"Aire Acondicionado\">\n              <span itemprop=\"amenityFeature\">Aire Acondicionado<\/span>\n            <\/li>\n                      <li class=\"ico-wifi\" title=\"Wifi\">\n              <span itemprop=\"amenityFeature\">Wifi<\/span>\n            <\/li>\n                      <li class=\"ico-views\" title=\"Vistas\">\n              <span itemprop=\"amenityFeature\">Vistas<\/span>\n            <\/li>\n                          <li class=\"ico-guests\" title=\"Para 8 hu\u00e9spedes en Benalm\u00e1dena.\">\n          <span itemprop=\"occupancy\">8<\/span>\n        <\/li>\n    <\/ul>\n            <span class=\"price\">Desde 209\u20ac \/ noche<\/span>\n                <a itemprop=\"url\" class=\"anchor\" href=\"https:\/\/www.vacalia.com\/es\/villa-villa-la-tuna-benalmadena-h24947\" aria-label=\"Villa la tuna\"><\/a>\n<\/div><div class=\"new-card-houses\">\n    <div class=\"likeOut likeDivOut\" style=\"display:none\">\n        <a data-id=\"3946\" class=\"likeOut_button_red likeBtnFav\"\n            aria-label=\"Megusta Vacalia\"><\/a>\n    <\/div>\n    <figure>\n        <img loading=\"lazy\" decoding=\"async\" \n            loading=\"lazy\" width=\"301\" height=\"200\"\n            src=\"\/\/media.vacalia.com\/photo\/reformatwebpfolder\/350\/200\/3946\/thumb-middle\/3946_bd1ae11f7436ac766a175fc26cb6c02d.webp?v=21092023\"\n            alt=\"El morche - Alquiler vacacional en El Morche\"\/>\n                                                                        <div class=\"circleDiscount\">-6%<\/div>\n                        <\/figure>\n    <p itemprop=\"address\"><i class=\"ico-marker\"><\/i>El Morche, M\u00e1laga<\/p>\n    <h3 itemprop=\"name\">El morche<\/h3>\n    <ul class=\"icon_list inline_list\">\n                              <li class=\"ico-pool\" title=\"Piscina\">\n              <span itemprop=\"amenityFeature\">Piscina<\/span>\n            <\/li>\n                      <li class=\"ico-airConditioning\" title=\"Aire Acondicionado\">\n              <span itemprop=\"amenityFeature\">Aire Acondicionado<\/span>\n            <\/li>\n                      <li class=\"ico-wifi\" title=\"Wifi\">\n              <span itemprop=\"amenityFeature\">Wifi<\/span>\n            <\/li>\n                      <li class=\"ico-views\" title=\"Vistas\">\n              <span itemprop=\"amenityFeature\">Vistas<\/span>\n            <\/li>\n                          <li class=\"ico-guests\" title=\"Para 2+2   hu\u00e9spedes en El Morche.\">\n          <span itemprop=\"occupancy\">2+2  <\/span>\n        <\/li>\n    <\/ul>\n            <span class=\"price\">Desde 77\u20ac \/ noche<\/span>\n                <a itemprop=\"url\" class=\"anchor\" href=\"https:\/\/www.vacalia.com\/es\/apartamento-el-morche-torrox-h25339\" aria-label=\"El morche\"><\/a>\n<\/div><\/div>\n","protected":false},"excerpt":{"rendered":"<p>En M\u00e1laga, la joya de la Costa del Sol, no todo es playa, sol y espetos de sardinas. Esta ciudad, rica en historia y cultura, esconde un patrimonio arquitect\u00f3nico que&hellip;<\/p>\n","protected":false},"author":1,"featured_media":7097,"comment_status":"closed","ping_status":"open","sticky":false,"template":"","format":"standard","meta":{"_monsterinsights_skip_tracking":false,"_monsterinsights_sitenote_active":false,"_monsterinsights_sitenote_note":"","_monsterinsights_sitenote_category":0,"footnotes":""},"categories":[537,601,1],"tags":[],"class_list":["post-7091","post","type-post","status-publish","format-standard","has-post-thumbnail","hentry","category-malaga-es","category-que-ver-en-malaga","category-general-es"],"_links":{"self":[{"href":"https:\/\/www.vacalia.com\/blog\/wp-json\/wp\/v2\/posts\/7091"}],"collection":[{"href":"https:\/\/www.vacalia.com\/blog\/wp-json\/wp\/v2\/posts"}],"about":[{"href":"https:\/\/www.vacalia.com\/blog\/wp-json\/wp\/v2\/types\/post"}],"author":[{"embeddable":true,"href":"https:\/\/www.vacalia.com\/blog\/wp-json\/wp\/v2\/users\/1"}],"replies":[{"embeddable":true,"href":"https:\/\/www.vacalia.com\/blog\/wp-json\/wp\/v2\/comments?post=7091"}],"version-history":[{"count":3,"href":"https:\/\/www.vacalia.com\/blog\/wp-json\/wp\/v2\/posts\/7091\/revisions"}],"predecessor-version":[{"id":7517,"href":"https:\/\/www.vacalia.com\/blog\/wp-json\/wp\/v2\/posts\/7091\/revisions\/7517"}],"wp:featuredmedia":[{"embeddable":true,"href":"https:\/\/www.vacalia.com\/blog\/wp-json\/wp\/v2\/media\/7097"}],"wp:attachment":[{"href":"https:\/\/www.vacalia.com\/blog\/wp-json\/wp\/v2\/media?parent=7091"}],"wp:term":[{"taxonomy":"category","embeddable":true,"href":"https:\/\/www.vacalia.com\/blog\/wp-json\/wp\/v2\/categories?post=7091"},{"taxonomy":"post_tag","embeddable":true,"href":"https:\/\/www.vacalia.com\/blog\/wp-json\/wp\/v2\/tags?post=7091"}],"curies":[{"name":"wp","href":"https:\/\/api.w.org\/{rel}","templated":true}]}}