{"id":7106,"date":"2025-04-11T09:36:56","date_gmt":"2025-04-11T07:36:56","guid":{"rendered":"https:\/\/www.vacalia.com\/blog\/?p=7106"},"modified":"2025-04-11T09:36:59","modified_gmt":"2025-04-11T07:36:59","slug":"descubre-la-semana-santa-en-cadiz","status":"publish","type":"post","link":"https:\/\/www.vacalia.com\/blog\/es\/descubre-la-semana-santa-en-cadiz\/","title":{"rendered":"Descubre la Semana Santa en C\u00e1diz"},"content":{"rendered":"\n<p>\u00bfBusc\u00e1is una experiencia diferente para Semana Santa? En <strong><a href=\"https:\/\/www.vacalia.com\/es\/alojamiento-vacacional-cadiz\" target=\"_blank\" rel=\"noreferrer noopener\">C\u00e1diz<\/a><\/strong> encontrar\u00e9is una celebraci\u00f3n \u00fanica donde tradici\u00f3n y mar se abrazan en perfecta armon\u00eda.<\/p>\n\n\n\n<p>Esta antigua ciudad peninsular se transforma cada a\u00f1o en un escenario incomparable donde las procesiones adquieren un singular car\u00e1cter marinero. El aroma salado del Atl\u00e1ntico, las estrechas calles del casco antiguo y el fervor de sus habitantes crean una atm\u00f3sfera que no podr\u00e9is vivir en ning\u00fan otro lugar de Espa\u00f1a.<\/p>\n\n\n\n<p>Las cofrad\u00edas gaditanas, con or\u00edgenes que se remontan al siglo XVI, reflejan la historia y esplendor de esta ciudad portuaria. Un total de 52 pasos procesionales y m\u00e1s de 10.000 personas recorren las calles gaditanas durante los diez d\u00edas que van desde el Viernes de Dolores hasta el Domingo de Resurrecci\u00f3n.&nbsp;<\/p>\n\n\n\n<p>A lo largo de sus itinerarios, numerosas hermandades pasan frente a la majestuosa Catedral, bordeando el mar, donde os regalar\u00e1n una estampa \u00fanica e inolvidable, especialmente cuando coinciden con la puesta de sol sobre el Atl\u00e1ntico, creando juegos de luz dorada sobre las im\u00e1genes y un espect\u00e1culo visual que quedar\u00e1 grabado en vuestra memoria.<\/p>\n\n\n<div class=\"wp-block-image\">\n<figure class=\"aligncenter size-full\"><img fetchpriority=\"high\" decoding=\"async\" width=\"670\" height=\"300\" src=\"https:\/\/www.vacalia.com\/blog\/wp-content\/uploads\/2025\/04\/semana-santa-en-cadiz.jpeg\" alt=\"Semana Santa en C\u00e1diz\" class=\"wp-image-7108\" srcset=\"https:\/\/www.vacalia.com\/blog\/wp-content\/uploads\/2025\/04\/semana-santa-en-cadiz.jpeg 670w, https:\/\/www.vacalia.com\/blog\/wp-content\/uploads\/2025\/04\/semana-santa-en-cadiz-300x134.jpeg 300w, https:\/\/www.vacalia.com\/blog\/wp-content\/uploads\/2025\/04\/semana-santa-en-cadiz-370x166.jpeg 370w\" sizes=\"(max-width: 767px) 100vw, 670px\" \/><figcaption class=\"wp-element-caption\">Semana Santa en C\u00e1diz<\/figcaption><\/figure><\/div>\n\n\n<h6 class=\"wp-block-heading\"><strong>Los d\u00edas clave de la Semana Santa Gaditana<\/strong><\/h6>\n\n\n\n<p><strong>Domingo de Ramos<\/strong><\/p>\n\n\n\n<p>La Semana Santa arranca con el Domingo de Ramos, llenando las calles del casco hist\u00f3rico de familias y visitantes portando palmas y ramos de olivo. Una de las procesiones m\u00e1s populares es la de <em>La Borriquita<\/em>, que parte de la Iglesia de Nuestra Se\u00f1ora del Carmen Coronada. Esta imagen de Jes\u00fas montado en un asno fue realizada por el escultor Jos\u00e9 de Arce en 1948 y es especialmente querida por las familias gaditanas.<\/p>\n\n\n\n<p>Tambi\u00e9n destaca la Hermandad del Amor, cuya procesi\u00f3n recorre las calles del centro con una puesta en escena muy cuidada y la imponente imagen de Nuestro Padre Jes\u00fas del Amor.<\/p>\n\n\n\n<p>Recomendamos situarse en la Plaza de San Juan de Dios alrededor de las 17:00h para ver pasar estas hermandades con el impresionante edificio del Ayuntamiento como tel\u00f3n de fondo.<\/p>\n\n\n\n<p><strong>Lunes Santo<\/strong><\/p>\n\n\n\n<p>El Lunes Santo, diversos barrios toman protagonismo. En La Vi\u00f1a, tradicional barrio marinero, destaca la Hermandad de La Palma, con su Cristo de la Misericordia, muy venerado por los pescadores. En Santa Mar\u00eda y El P\u00f3pulo, cofrad\u00edas como <em>Las Cigarreras<\/em> o <em>El Despojado<\/em> ofrecen tambi\u00e9n procesiones emotivas y con un fuerte arraigo local.<\/p>\n\n\n\n<p>Es muy recomendable recorrer distintos barrios ese d\u00eda para sentir c\u00f3mo cada zona aporta su propia personalidad a las celebraciones. Las bandas de m\u00fasica, como la de Pedro \u00c1lvarez Hidalgo, crean una atm\u00f3sfera sonora inolvidable.<\/p>\n\n\n\n<p><strong>Martes Santo<\/strong><\/p>\n\n\n\n<p>El Martes Santo podr\u00e1s ver la procesi\u00f3n de <em>El Ca\u00eddo<\/em>, hermandad fundada en 1944. Sus im\u00e1genes representan el momento en que Cristo cae bajo el peso de la cruz, y pertenecen a la escuela gaditana de imaginer\u00eda. Tambi\u00e9n salen en procesi\u00f3n otras cofrad\u00edas como <em>Humildad y Paciencia<\/em>, enriqueciendo el d\u00eda.<\/p>\n\n\n\n<p>A diferencia de la escuela sevillana, la gaditana se caracteriza por un mayor realismo, menos dramatismo y una fuerte conexi\u00f3n con la identidad marinera.<\/p>\n\n\n<div class=\"wp-block-image\">\n<figure class=\"aligncenter size-full\"><img decoding=\"async\" width=\"670\" height=\"300\" src=\"https:\/\/www.vacalia.com\/blog\/wp-content\/uploads\/2025\/04\/procesiones-semana-santa-cadiz.jpeg\" alt=\"Procesiones de Semana Santa en C\u00e1diz\" class=\"wp-image-7109\" srcset=\"https:\/\/www.vacalia.com\/blog\/wp-content\/uploads\/2025\/04\/procesiones-semana-santa-cadiz.jpeg 670w, https:\/\/www.vacalia.com\/blog\/wp-content\/uploads\/2025\/04\/procesiones-semana-santa-cadiz-300x134.jpeg 300w, https:\/\/www.vacalia.com\/blog\/wp-content\/uploads\/2025\/04\/procesiones-semana-santa-cadiz-370x166.jpeg 370w\" sizes=\"(max-width: 767px) 100vw, 670px\" \/><figcaption class=\"wp-element-caption\">Procesiones de Semana Santa en C\u00e1diz<\/figcaption><\/figure><\/div>\n\n\n<p><strong>Mi\u00e9rcoles Santo<\/strong><\/p>\n\n\n\n<p>Uno de los momentos m\u00e1s esperados es la salida de la Hermandad de <em>La Sentencia<\/em>, fundada en 1943, con una imagen de la Virgen tallada en el siglo XX. Tambi\u00e9n sale la procesi\u00f3n de la Hermandad de <em>Las Aguas<\/em>, que aporta su estilo propio.<\/p>\n\n\n\n<p>A las 21:00, el paso de las cofrad\u00edas frente a la Catedral iluminada enmarca uno de los instantes m\u00e1s memorables de la Semana Santa gaditana.<\/p>\n\n\n\n<p><strong>Jueves Santo<\/strong><\/p>\n\n\n\n<p>El Jueves Santo se vive con recogimiento. <em>El Nazareno<\/em>, <em>El Perd\u00f3n<\/em>, <em>Afligidos<\/em> y <em>Sanidad<\/em> protagonizan una jornada intensa. El silencio, roto solo por los tambores y las saetas, es parte fundamental de la experiencia.<\/p>\n\n\n\n<p>Algunas de las im\u00e1genes de estas procesiones datan del siglo XVII y son de autor an\u00f3nimo. Se enmarcan en la escuela gaditana, m\u00e1s naturalista y menos teatral que la sevillana.<\/p>\n\n\n\n<p><strong>Viernes Santo, la \u201cMadrug\u00e1\u201d de C\u00e1diz<\/strong><\/p>\n\n\n\n<p>La madrugada y el d\u00eda del Viernes Santo acogen algunas de las procesiones m\u00e1s solemnes: <em>El Descendimiento<\/em>, <em>El Cristo de la Expiraci\u00f3n<\/em> (conocido como <em>El Cachorro de C\u00e1diz<\/em>) y la <em>Virgen de la Soledad<\/em>. Al amanecer, los reflejos del sol sobre el mar y los pasos dorados crean una atm\u00f3sfera \u00fanica.<\/p>\n\n\n\n<p><strong>S\u00e1bado Santo<\/strong><\/p>\n\n\n\n<p>El S\u00e1bado Santo destaca por la procesi\u00f3n del <em>Santo Entierro<\/em>, documentada desde el siglo XVI. Junto a ella, <em>La Piedad<\/em> y <em>El Traslado al Sepulcro<\/em> completan el d\u00eda con una sobriedad que conmueve.<\/p>\n\n\n\n<p>Al atardecer, el contraste entre los mantos oscuros y las fachadas blancas ofrece im\u00e1genes de gran belleza.<\/p>\n\n\n\n<p><strong>Domingo de Resurrecci\u00f3n<\/strong><\/p>\n\n\n\n<p>La Semana Santa culmina con la procesi\u00f3n del <em>Resucitado<\/em>, en un ambiente m\u00e1s alegre y luminoso. Las flores y la m\u00fasica festiva anuncian el fin de la Pasi\u00f3n y el comienzo de la esperanza.<\/p>\n\n\n<div class=\"wp-block-image\">\n<figure class=\"aligncenter size-full\"><img decoding=\"async\" width=\"670\" height=\"300\" src=\"https:\/\/www.vacalia.com\/blog\/wp-content\/uploads\/2025\/04\/visitar-cadiz-semana-santa.jpeg\" alt=\"Visita C\u00e1diz en Semana Santa\" class=\"wp-image-7110\" srcset=\"https:\/\/www.vacalia.com\/blog\/wp-content\/uploads\/2025\/04\/visitar-cadiz-semana-santa.jpeg 670w, https:\/\/www.vacalia.com\/blog\/wp-content\/uploads\/2025\/04\/visitar-cadiz-semana-santa-300x134.jpeg 300w, https:\/\/www.vacalia.com\/blog\/wp-content\/uploads\/2025\/04\/visitar-cadiz-semana-santa-370x166.jpeg 370w\" sizes=\"(max-width: 767px) 100vw, 670px\" \/><figcaption class=\"wp-element-caption\">Visita C\u00e1diz en Semana Santa<\/figcaption><\/figure><\/div>\n\n\n<h6 class=\"wp-block-heading\"><strong>Consejos para vivir la Semana Santa en C\u00e1diz<\/strong><\/h6>\n\n\n\n<ul class=\"wp-block-list\">\n<li><strong>Llegar con antelaci\u00f3n a C\u00e1diz:<\/strong> Es recomendable al menos un d\u00eda antes del inicio de las procesiones para familiarizaros con la distribuci\u00f3n de la ciudad. C\u00e1diz es peque\u00f1a y se puede recorrer a pie, pero conocer las rutas os permitir\u00e1 optimizar vuestros desplazamientos.<\/li>\n\n\n\n<li><strong>Planifica tu visita: <\/strong>Llega al menos un d\u00eda antes para conocer la ciudad y consultar el programa oficial del Consejo de Hermandades y Cofrad\u00edas. C\u00e1diz se recorre f\u00e1cilmente a pie, pero es \u00fatil conocer los recorridos.<\/li>\n\n\n\n<li><strong>Gastronom\u00eda de Cuaresma:<\/strong> Prueba especialidades como el pesti\u00f1o, las torrijas o el caz\u00f3n en adobo. El Mercado Central es ideal para disfrutar de la cocina local.<\/li>\n\n\n\n<li><strong>D\u00f3nde alojarte:<\/strong> Reserva tu alojamiento con antelaci\u00f3n en <a href=\"https:\/\/www.vacalia.com\/es\" target=\"_blank\" rel=\"noreferrer noopener\">nuestra web<\/a>. El casco antiguo es lo m\u00e1s c\u00f3modo para vivir las procesiones, pero tambi\u00e9n puedes considerar C\u00e1diz Nuevo o <a href=\"https:\/\/www.vacalia.com\/es\/alquiler-vacacional-el-puerto-de-santa-maria\" target=\"_blank\" rel=\"noreferrer noopener\">El Puerto de Santa Mar\u00eda<\/a>, que se encuentran bien conectados.<\/li>\n\n\n\n<li><strong>M\u00e1s all\u00e1 de las procesiones:<\/strong> Visita lugares como la Torre Tavira, el Museo de las Cortes o los yacimientos fenicios. C\u00e1diz es una joya hist\u00f3rica m\u00e1s all\u00e1 de su Semana Santa.<\/li>\n\n\n\n<li><strong>Vestimenta:<\/strong> No es obligatorio, pero se recomienda vestir de manera discreta y respetuosa. Las noches pueden ser frescas, as\u00ed que lleva algo de abrigo.<\/li>\n<\/ul>\n\n\n<div class=\"wp-block-image\">\n<figure class=\"aligncenter size-full\"><img loading=\"lazy\" decoding=\"async\" width=\"670\" height=\"300\" src=\"https:\/\/www.vacalia.com\/blog\/wp-content\/uploads\/2025\/04\/Convento-de-San-Francisco.jpeg\" alt=\"Convento de San Francisco en C\u00e1diz\" class=\"wp-image-7111\" srcset=\"https:\/\/www.vacalia.com\/blog\/wp-content\/uploads\/2025\/04\/Convento-de-San-Francisco.jpeg 670w, https:\/\/www.vacalia.com\/blog\/wp-content\/uploads\/2025\/04\/Convento-de-San-Francisco-300x134.jpeg 300w, https:\/\/www.vacalia.com\/blog\/wp-content\/uploads\/2025\/04\/Convento-de-San-Francisco-370x166.jpeg 370w\" sizes=\"(max-width: 767px) 100vw, 670px\" \/><figcaption class=\"wp-element-caption\">Convento de San Francisco en C\u00e1diz<\/figcaption><\/figure><\/div>\n\n\n<h6 class=\"wp-block-heading\"><strong>Una Semana Santa con sabor propio<\/strong><\/h6>\n\n\n\n<p>La Semana Santa en C\u00e1diz es una de las celebraciones m\u00e1s aut\u00e9nticas de Espa\u00f1a. No es tan tur\u00edstica como otras, pero precisamente por eso conserva un encanto \u00fanico: hay equilibrio entre la solemnidad de las procesiones y el car\u00e1cter cercano de los gaditanos.\u00a0<\/p>\n\n\n\n<p>Una peculiaridad que distingue la Semana Santa gaditana de otras celebraciones andaluzas es su forma \u00fanica de portar los pasos: en C\u00e1diz los cargadores llevan las im\u00e1genes directamente sobre sus hombros, sin almohadilla protectora, mediante trabajaderas (palos largos) que atraviesan el paso de adelante hacia atr\u00e1s. Su caracter\u00edstica manera de andar, con movimientos m\u00e1s amplios y cadenciosos, hace que las im\u00e1genes avancen con un suave balanceo que parece mecerlas por las calles.<\/p>\n\n\n\n<p>Otro elemento distintivo son las horquillas que acompa\u00f1an cada procesi\u00f3n. Estos instrumentos met\u00e1licos, que antiguamente serv\u00edan para sostener el paso durante las paradas, hoy cumplen una funci\u00f3n r\u00edtmica fundamental: marcan el comp\u00e1s de la marcha mediante su caracter\u00edstico sonido met\u00e1lico al golpear contra el suelo, creando una atm\u00f3sfera sonora \u00fanica que reconocer\u00e9is inmediatamente al visitar la Semana Santa gaditana.<\/p>\n\n\n<div class=\"bannerBlog\"><div class=\"new-card-houses\">\n    <div class=\"likeOut likeDivOut\" style=\"display:none\">\n        <a data-id=\"4502\" class=\"likeOut_button_red likeBtnFav\"\n            aria-label=\"Megusta Vacalia\"><\/a>\n    <\/div>\n    <figure>\n        <img loading=\"lazy\" decoding=\"async\" \n            loading=\"lazy\" width=\"301\" height=\"200\"\n            src=\"\/\/media.vacalia.com\/photo\/reformatwebpfolder\/350\/200\/4502\/thumb-middle\/4502_ecc3d5d69c231f08ab93a4d17460cdd6.webp?v=21092023\"\n            alt=\"Casa sarco - Alquiler vacacional en San Fernando\"\/>\n                                                                        <div class=\"circleDiscount\">-7%<\/div>\n                        <\/figure>\n    <p itemprop=\"address\"><i class=\"ico-marker\"><\/i>San Fernando, C\u00e1diz<\/p>\n    <h3 itemprop=\"name\">Casa sarco<\/h3>\n    <ul class=\"icon_list inline_list\">\n                              <li class=\"ico-airConditioning\" title=\"Aire Acondicionado\">\n              <span itemprop=\"amenityFeature\">Aire Acondicionado<\/span>\n            <\/li>\n                      <li class=\"ico-wifi\" title=\"Wifi\">\n              <span itemprop=\"amenityFeature\">Wifi<\/span>\n            <\/li>\n                          <li class=\"ico-guests\" title=\"Para 4+2   hu\u00e9spedes en San Fernando.\">\n          <span itemprop=\"occupancy\">4+2  <\/span>\n        <\/li>\n    <\/ul>\n            <span class=\"price\">Desde 96\u20ac \/ noche<\/span>\n                <a itemprop=\"url\" class=\"anchor\" href=\"https:\/\/www.vacalia.com\/es\/apartamento-casa-sarco-san-fernando-h26275\" aria-label=\"Casa sarco\"><\/a>\n<\/div><div class=\"new-card-houses\">\n    <div class=\"likeOut likeDivOut\" style=\"display:none\">\n        <a data-id=\"4530\" class=\"likeOut_button_red likeBtnFav\"\n            aria-label=\"Megusta Vacalia\"><\/a>\n    <\/div>\n    <figure>\n        <img loading=\"lazy\" decoding=\"async\" \n            loading=\"lazy\" width=\"301\" height=\"200\"\n            src=\"\/\/media.vacalia.com\/photo\/reformatwebpfolder\/350\/200\/4530\/thumb-middle\/4530_3fca1f8c2b044c14e936e968587a27f1.webp?v=21092023\"\n            alt=\"Casa ocon - Alquiler vacacional en Conil de la Frontera\"\/>\n                                                                        <div class=\"circleDiscount\">-5%<\/div>\n                        <\/figure>\n    <p itemprop=\"address\"><i class=\"ico-marker\"><\/i>Conil de la Frontera, C\u00e1diz<\/p>\n    <h3 itemprop=\"name\">Casa ocon<\/h3>\n    <ul class=\"icon_list inline_list\">\n                              <li class=\"ico-airConditioning\" title=\"Aire Acondicionado\">\n              <span itemprop=\"amenityFeature\">Aire Acondicionado<\/span>\n            <\/li>\n                      <li class=\"ico-wifi\" title=\"Wifi\">\n              <span itemprop=\"amenityFeature\">Wifi<\/span>\n            <\/li>\n                          <li class=\"ico-guests\" title=\"Para 3+2   hu\u00e9spedes en Conil De La Frontera.\">\n          <span itemprop=\"occupancy\">3+2  <\/span>\n        <\/li>\n    <\/ul>\n            <span class=\"price\">Desde 87\u20ac \/ noche<\/span>\n                <a itemprop=\"url\" class=\"anchor\" href=\"https:\/\/www.vacalia.com\/es\/casa-vacacional-casa-ocon-conil-de-la-frontera-h26651\" aria-label=\"Casa ocon\"><\/a>\n<\/div><\/div>\n","protected":false},"excerpt":{"rendered":"<p>\u00bfBusc\u00e1is una experiencia diferente para Semana Santa? En C\u00e1diz encontrar\u00e9is una celebraci\u00f3n \u00fanica donde tradici\u00f3n y mar se abrazan en perfecta armon\u00eda. Esta antigua ciudad peninsular se transforma cada a\u00f1o&hellip;<\/p>\n","protected":false},"author":1,"featured_media":7109,"comment_status":"closed","ping_status":"open","sticky":false,"template":"","format":"standard","meta":{"_monsterinsights_skip_tracking":false,"_monsterinsights_sitenote_active":false,"_monsterinsights_sitenote_note":"","_monsterinsights_sitenote_category":0,"footnotes":""},"categories":[685,735,741,711,1],"tags":[],"class_list":["post-7106","post","type-post","status-publish","format-standard","has-post-thumbnail","hentry","category-cadiz-es","category-que-hacer-en-cadiz","category-que-ver-en-cadiz","category-fiestas-y-tradiciones-de-cadiz","category-general-es"],"_links":{"self":[{"href":"https:\/\/www.vacalia.com\/blog\/wp-json\/wp\/v2\/posts\/7106"}],"collection":[{"href":"https:\/\/www.vacalia.com\/blog\/wp-json\/wp\/v2\/posts"}],"about":[{"href":"https:\/\/www.vacalia.com\/blog\/wp-json\/wp\/v2\/types\/post"}],"author":[{"embeddable":true,"href":"https:\/\/www.vacalia.com\/blog\/wp-json\/wp\/v2\/users\/1"}],"replies":[{"embeddable":true,"href":"https:\/\/www.vacalia.com\/blog\/wp-json\/wp\/v2\/comments?post=7106"}],"version-history":[{"count":3,"href":"https:\/\/www.vacalia.com\/blog\/wp-json\/wp\/v2\/posts\/7106\/revisions"}],"predecessor-version":[{"id":7120,"href":"https:\/\/www.vacalia.com\/blog\/wp-json\/wp\/v2\/posts\/7106\/revisions\/7120"}],"wp:featuredmedia":[{"embeddable":true,"href":"https:\/\/www.vacalia.com\/blog\/wp-json\/wp\/v2\/media\/7109"}],"wp:attachment":[{"href":"https:\/\/www.vacalia.com\/blog\/wp-json\/wp\/v2\/media?parent=7106"}],"wp:term":[{"taxonomy":"category","embeddable":true,"href":"https:\/\/www.vacalia.com\/blog\/wp-json\/wp\/v2\/categories?post=7106"},{"taxonomy":"post_tag","embeddable":true,"href":"https:\/\/www.vacalia.com\/blog\/wp-json\/wp\/v2\/tags?post=7106"}],"curies":[{"name":"wp","href":"https:\/\/api.w.org\/{rel}","templated":true}]}}