{"id":7116,"date":"2025-04-11T09:39:43","date_gmt":"2025-04-11T07:39:43","guid":{"rendered":"https:\/\/www.vacalia.com\/blog\/?p=7116"},"modified":"2025-07-08T12:07:45","modified_gmt":"2025-07-08T10:07:45","slug":"entdecken-sie-die-osterwoche-in-cadiz","status":"publish","type":"post","link":"https:\/\/www.vacalia.com\/blog\/entdecken-sie-die-osterwoche-in-cadiz\/","title":{"rendered":"Entdecken Sie die Osterwoche in C\u00e1diz"},"content":{"rendered":"\n<p>Sind Sie auf der Suche nach einem besonderen Ostererlebnis? In <strong><a href=\"https:\/\/www.vacalia.com\/de\/cadiz-urlaub\" target=\"_blank\" rel=\"noreferrer noopener\">C\u00e1diz<\/a><\/strong> finden Sie ein einzigartiges Fest, bei dem sich Tradition und Meer in perfekter Harmonie umarmen.<\/p>\n\n\n\n<p>Jedes Jahr verwandelt sich diese alte Stadt auf der Halbinsel in eine unvergleichliche Kulisse, in der die Prozessionen einen einzigartigen maritimen Charakter annehmen. Der salzige Geruch des Atlantiks, die engen Gassen der Altstadt und die Begeisterung der Einwohner schaffen eine Atmosph\u00e4re, die man nirgendwo sonst in Spanien erleben kann.<\/p>\n\n\n\n<p>Die Bruderschaften von C\u00e1diz, deren Urspr\u00fcnge bis ins 16. Jahrhundert zur\u00fcckreichen, spiegeln die Geschichte und den Glanz dieser Hafenstadt wider. Insgesamt 52 Prozessionswagen und mehr als 10.000 Menschen ziehen w\u00e4hrend der zehn Tage vom Freitag der Schmerzen bis zum Ostersonntag durch die Stra\u00dfen von C\u00e1diz.&nbsp;<\/p>\n\n\n\n<p>Auf ihrem Weg kommen zahlreiche Bruderschaften vor der majest\u00e4tischen Kathedrale am Meer vorbei, wo sie Ihnen einen einzigartigen und unvergesslichen Anblick bieten, vor allem, wenn sie mit dem Sonnenuntergang \u00fcber dem Atlantik zusammenfallen, der ein goldenes Lichtspiel auf die Bilder zaubert und ein visuelles Spektakel bietet, das in Ihrer Erinnerung haften bleiben wird.<\/p>\n\n\n<div class=\"wp-block-image\">\n<figure class=\"aligncenter size-full\"><img fetchpriority=\"high\" decoding=\"async\" width=\"670\" height=\"300\" src=\"https:\/\/www.vacalia.com\/blog\/wp-content\/uploads\/2025\/04\/semana-santa-en-cadiz.jpeg\" alt=\"Karwoche in C\u00e1diz\" class=\"wp-image-7108\" srcset=\"https:\/\/www.vacalia.com\/blog\/wp-content\/uploads\/2025\/04\/semana-santa-en-cadiz.jpeg 670w, https:\/\/www.vacalia.com\/blog\/wp-content\/uploads\/2025\/04\/semana-santa-en-cadiz-300x134.jpeg 300w, https:\/\/www.vacalia.com\/blog\/wp-content\/uploads\/2025\/04\/semana-santa-en-cadiz-370x166.jpeg 370w\" sizes=\"(max-width: 767px) 100vw, 670px\" \/><figcaption class=\"wp-element-caption\">Karwoche in C\u00e1diz<\/figcaption><\/figure><\/div>\n\n\n<h2 class=\"wp-block-heading has-medium-font-size\"><strong>Die wichtigsten Tage der Osterwoche in C\u00e1diz<\/strong><\/h2>\n\n\n\n<p><strong>Palmsonntag<\/strong><\/p>\n\n\n\n<p>Die Karwoche beginnt mit dem Palmsonntag, der die Stra\u00dfen der Altstadt mit Familien und Besuchern f\u00fcllt, die Palmen und Olivenzweige tragen. Eine der beliebtesten Prozessionen ist die von <em>La Borriquita<\/em>, die von der Kirche Nuestra Se\u00f1ora del Carmen Coronada ausgeht. Diese Darstellung von Jesus auf einem Esel wurde 1948 von dem Bildhauer Jos\u00e9 de Arce geschaffen und ist bei den Familien von C\u00e1diz besonders beliebt.<\/p>\n\n\n\n<p>Hervorzuheben ist auch die Hermandad del Amor (Bruderschaft der Liebe), deren Prozession durch die Stra\u00dfen des Zentrums mit einer sehr sorgf\u00e4ltigen Inszenierung und dem imposanten Bild von Nuestro Padre Jes\u00fas del Amor (Unser Vater Jesus der Liebe) f\u00fchrt.<\/p>\n\n\n\n<p>Es empfiehlt sich, gegen 17:00 Uhr auf der Plaza de San Juan de Dios zu stehen, um die vorbeiziehenden Bruderschaften mit dem beeindruckenden Rathausgeb\u00e4ude im Hintergrund zu beobachten.<\/p>\n\n\n\n<p><strong>Ostermontag<\/strong><\/p>\n\n\n\n<p>Am Ostermontag stehen die verschiedenen Stadtviertel im Mittelpunkt. In La Vi\u00f1a, einem traditionellen Seefahrerviertel, sticht die Bruderschaft von La Palma mit ihrem Cristo de la Misericordia (Christus der Barmherzigkeit) hervor, der von den Fischern sehr verehrt wird. In Santa Mar\u00eda und El P\u00f3pulo bieten Bruderschaften wie <em>Las Cigarreras <\/em>und <em>El Despojado <\/em>ebenfalls emotionale Prozessionen mit starker lokaler Verankerung.<\/p>\n\n\n\n<p>Es ist sehr empfehlenswert, an diesem Tag durch die verschiedenen Stadtteile zu spazieren, um zu sp\u00fcren, wie jedes Viertel seine eigene Pers\u00f6nlichkeit in die Feierlichkeiten einbringt. Die Musikkapellen, wie die von Pedro \u00c1lvarez Hidalgo, sorgen f\u00fcr eine unvergessliche Atmosph\u00e4re.<\/p>\n\n\n\n<p><strong>Fetter Dienstag<\/strong><\/p>\n\n\n\n<p>Am Karfreitag k\u00f6nnen Sie die Prozession von <em>El Ca\u00eddo<\/em>, einer 1944 gegr\u00fcndeten Bruderschaft, sehen. Ihre Bilder stellen den Moment dar, in dem Christus unter der Last des Kreuzes f\u00e4llt, und geh\u00f6ren zur C\u00e1dizer Schule der Bildsprache. Andere Bruderschaften wie die <em>Demut und die Geduld <\/em>nehmen ebenfalls an der Prozession teil und bereichern den Tag.<\/p>\n\n\n\n<p>Im Gegensatz zur sevillanischen Schule zeichnet sich die Schule von C\u00e1diz durch mehr Realismus, weniger Dramatik und eine starke Verbindung zur Seefahrt aus.<\/p>\n\n\n<div class=\"wp-block-image\">\n<figure class=\"aligncenter size-full is-resized\"><img decoding=\"async\" width=\"670\" height=\"300\" src=\"https:\/\/www.vacalia.com\/blog\/wp-content\/uploads\/2025\/04\/procesiones-semana-santa-cadiz.jpeg\" alt=\"Prozessionen in der Karwoche in C\u00e1diz\" class=\"wp-image-7109\" style=\"width:670px;height:auto\" srcset=\"https:\/\/www.vacalia.com\/blog\/wp-content\/uploads\/2025\/04\/procesiones-semana-santa-cadiz.jpeg 670w, https:\/\/www.vacalia.com\/blog\/wp-content\/uploads\/2025\/04\/procesiones-semana-santa-cadiz-300x134.jpeg 300w, https:\/\/www.vacalia.com\/blog\/wp-content\/uploads\/2025\/04\/procesiones-semana-santa-cadiz-370x166.jpeg 370w\" sizes=\"(max-width: 767px) 100vw, 670px\" \/><figcaption class=\"wp-element-caption\">Prozessionen in der Karwoche in C\u00e1diz<\/figcaption><\/figure><\/div>\n\n\n<p><strong>Karmittwoch<\/strong><\/p>\n\n\n\n<p>Einer der am sehnlichsten erwarteten Momente ist der Aufbruch der 1943 gegr\u00fcndeten Hermandad de <em>La Sentencia <\/em>mit einem Bild der Jungfrau, das im 20. Jahrhundert geschnitzt wurde. Die Prozession der Bruderschaft Hermandad de <em>Las Aguas<\/em>, die ihren ganz eigenen Stil mitbringt, findet ebenfalls statt.<\/p>\n\n\n\n<p>Um 21:00 Uhr umrahmt der Einzug der Bruderschaften vor der beleuchteten Kathedrale einen der denkw\u00fcrdigsten Momente der Karwoche in C\u00e1diz.<\/p>\n\n\n\n<p><strong>Gr\u00fcndonnerstag<\/strong><\/p>\n\n\n\n<p>Der Gr\u00fcndonnerstag ist ein Tag der Besinnung. <em>El Nazareno<\/em>, <em>El Perd\u00f3n<\/em>, <em>Afligidos <\/em>und <em>Sanidad <\/em>sind die Protagonisten eines intensiven Tages. Die Stille, die nur von Trommeln und S\u00e4tas unterbrochen wird, ist ein wesentlicher Bestandteil der Erfahrung.<\/p>\n\n\n\n<p>Einige der Bilder dieser Prozessionen stammen aus dem 17. Jahrhundert und sind von anonymen Autoren. Sie geh\u00f6ren der Schule von C\u00e1diz an, die naturalistischer und weniger theatralisch ist als die Schule von Sevilla.<\/p>\n\n\n\n<p><strong>Karfreitag, die \u00abMadrug\u00e1\u00bb von C\u00e1diz<\/strong><\/p>\n\n\n\n<p>Die Morgend\u00e4mmerung und der Tag des Karfreitags sind die Zeit einiger der feierlichsten Prozessionen: <em>El Descendimiento<\/em>, <em>El Cristo de la Expiraci\u00f3n <\/em>(bekannt als <em>El Cachorro de C\u00e1diz<\/em>) und die <em>Virgen de la Soledad<\/em>. In der Morgend\u00e4mmerung schaffen die Spiegelungen der Sonne auf dem Meer und die goldenen Schritte eine einzigartige Atmosph\u00e4re.<\/p>\n\n\n\n<p><strong>Karsamstag<\/strong><\/p>\n\n\n\n<p>Am Karsamstag findet die Prozession des <em>Heiligen Grabes <\/em>statt, die seit dem 16. Jahrhundert dokumentiert ist. Jahrhundert dokumentiert ist. Daneben vervollst\u00e4ndigen <em>La Piedad <\/em>und <em>El Traslado al Sepulcro <\/em>den Tag mit einer bewegenden N\u00fcchternheit.<\/p>\n\n\n\n<p>Bei Sonnenuntergang bietet der Kontrast zwischen den dunklen M\u00e4nteln und den wei\u00dfen Fassaden Bilder von gro\u00dfer Sch\u00f6nheit.<\/p>\n\n\n\n<p><strong>Ostersonntag<\/strong><\/p>\n\n\n\n<p>Die Karwoche gipfelt in der Prozession des <em>auferstandenen Christus<\/em>, die in einer freudigen und leuchtenden Atmosph\u00e4re stattfindet. Blumen und festliche Musik verk\u00fcnden das Ende der Passionszeit und den Beginn der Hoffnung.<\/p>\n\n\n<div class=\"wp-block-image\">\n<figure class=\"aligncenter size-full\"><img decoding=\"async\" width=\"670\" height=\"300\" src=\"https:\/\/www.vacalia.com\/blog\/wp-content\/uploads\/2025\/04\/visitar-cadiz-semana-santa.jpeg\" alt=\"Besuchen Sie Cadiz w\u00e4hrend der Karwoche\" class=\"wp-image-7110\" srcset=\"https:\/\/www.vacalia.com\/blog\/wp-content\/uploads\/2025\/04\/visitar-cadiz-semana-santa.jpeg 670w, https:\/\/www.vacalia.com\/blog\/wp-content\/uploads\/2025\/04\/visitar-cadiz-semana-santa-300x134.jpeg 300w, https:\/\/www.vacalia.com\/blog\/wp-content\/uploads\/2025\/04\/visitar-cadiz-semana-santa-370x166.jpeg 370w\" sizes=\"(max-width: 767px) 100vw, 670px\" \/><figcaption class=\"wp-element-caption\">Besuchen Sie Cadiz w\u00e4hrend der Karwoche<\/figcaption><\/figure><\/div>\n\n\n<h2 class=\"wp-block-heading has-medium-font-size\"><strong>Tipps zum Erleben der Osterwoche in C\u00e1diz<\/strong><\/h2>\n\n\n\n<ul class=\"wp-block-list\">\n<li><strong>Reisen Sie im Voraus nach C\u00e1diz: <\/strong>Es ist ratsam, mindestens einen Tag vor Beginn der Prozessionen anzureisen, um sich mit der Stadt vertraut zu machen. C\u00e1diz ist klein und kann zu Fu\u00df erkundet werden, aber wenn Sie die Routen kennen, k\u00f6nnen Sie Ihre Fahrten optimieren.<\/li>\n\n\n\n<li><strong>Planen Sie Ihren Besuch: <\/strong>Reisen Sie mindestens einen Tag im Voraus an, um die Stadt kennenzulernen und das offizielle Programm des Rates der Bruderschaften und Z\u00fcnfte zu konsultieren. C\u00e1diz ist leicht zu Fu\u00df zu erkunden, aber es ist hilfreich, die Routen zu kennen.<\/li>\n\n\n\n<li><strong>Fastenzeit-Gastronomie: <\/strong>Probieren Sie Spezialit\u00e4ten wie Pesti\u00f1o, Torrijas oder Caz\u00f3n en Adobo (marinierter Dornhai). Der Zentralmarkt ist ideal, um die lokale K\u00fcche zu genie\u00dfen.<\/li>\n\n\n\n<li><strong>Wo Sie \u00fcbernachten k\u00f6nnen: <\/strong>Buchen Sie Ihre Unterkunft im Voraus auf <strong><a href=\"https:\/\/www.vacalia.com\/de\" target=\"_blank\" rel=\"noreferrer noopener\">unserer Website<\/a><\/strong>. Die Altstadt ist der beste Ort, um die Prozessionen zu erleben, aber Sie k\u00f6nnen auch C\u00e1diz Nuevo oder <strong><a href=\"https:\/\/www.vacalia.com\/de\/ferienhaus-el-puerto-de-santa-maria\" target=\"_blank\" rel=\"noreferrer noopener\">El Puerto de Santa Mar\u00eda<\/a><\/strong> in Betracht ziehen, die gut angebunden sind.<\/li>\n\n\n\n<li><strong>Jenseits der Prozessionen: <\/strong>Besuchen Sie Orte wie den Turm von Tavira, das Museum der Cortes oder die ph\u00f6nizischen Ausgrabungsst\u00e4tten. C\u00e1diz ist nicht nur in der Osterwoche ein historisches Juwel.<\/li>\n\n\n\n<li><strong>Kleidung: <\/strong>Es ist keine Pflicht, aber es wird empfohlen, sich dezent und respektvoll zu kleiden. Die Abende k\u00f6nnen k\u00fchl sein, also bringen Sie etwas Warmes mit.<\/li>\n<\/ul>\n\n\n<div class=\"wp-block-image\">\n<figure class=\"aligncenter size-full is-resized\"><img loading=\"lazy\" decoding=\"async\" width=\"670\" height=\"300\" src=\"https:\/\/www.vacalia.com\/blog\/wp-content\/uploads\/2025\/04\/Convento-de-San-Francisco.jpeg\" alt=\"Kloster San Francisco in C\u00e1diz\" class=\"wp-image-7111\" style=\"width:670px;height:auto\" srcset=\"https:\/\/www.vacalia.com\/blog\/wp-content\/uploads\/2025\/04\/Convento-de-San-Francisco.jpeg 670w, https:\/\/www.vacalia.com\/blog\/wp-content\/uploads\/2025\/04\/Convento-de-San-Francisco-300x134.jpeg 300w, https:\/\/www.vacalia.com\/blog\/wp-content\/uploads\/2025\/04\/Convento-de-San-Francisco-370x166.jpeg 370w\" sizes=\"(max-width: 767px) 100vw, 670px\" \/><figcaption class=\"wp-element-caption\">Convento de San Francisco en C\u00e1diz<\/figcaption><\/figure><\/div>\n\n\n<h2 class=\"wp-block-heading has-medium-font-size\"><strong>Eine Osterwoche mit ganz eigenem Geschmack<\/strong><\/h2>\n\n\n\n<p>Die Osterwoche in C\u00e1diz ist eines der authentischsten Feste in Spanien. Sie ist nicht so touristisch wie andere, aber gerade deshalb hat sie einen einzigartigen Charme: Es besteht ein Gleichgewicht zwischen der Feierlichkeit der Prozessionen und dem freundlichen Charakter der Menschen in C\u00e1diz.&nbsp;<\/p>\n\n\n\n<p>Eine Besonderheit, die die Karwoche in C\u00e1diz von anderen andalusischen Festen unterscheidet, ist die einzigartige Art und Weise, in der die Pasos getragen werden: In C\u00e1diz tragen die Tr\u00e4ger die Bilder direkt auf den Schultern, ohne Schutzpolster, mit Hilfe von trabajaderas (langen Stangen), die den Paso von vorne nach hinten kreuzen. Durch ihren charakteristischen Gang mit breiteren und rhythmischeren Bewegungen bewegen sich die Bilder in einem sanften Schwanken, das sie durch die Stra\u00dfen zu schaukeln scheint.<\/p>\n\n\n\n<p>Ein weiteres charakteristisches Element sind die Gabeln, die jede Prozession begleiten. Diese Metallinstrumente, die in der Vergangenheit dazu dienten, den Paso w\u00e4hrend der Haltepunkte zu st\u00fctzen, erf\u00fcllen heute eine grundlegende rhythmische Funktion: Sie markieren den Rhythmus des Marsches mit ihrem charakteristischen metallischen Klang, wenn sie auf den Boden aufschlagen, und schaffen so eine einzigartige klangliche Atmosph\u00e4re, die Sie sofort erkennen werden, wenn Sie die Karwoche in C\u00e1diz besuchen.<\/p>\n\n\n<div class=\"bannerBlog\"><div class=\"new-card-houses\">\n    <div class=\"likeOut likeDivOut\" style=\"display:none\">\n        <a data-id=\"4689\" class=\"likeOut_button_red likeBtnFav\"\n            aria-label=\"Megusta Vacalia\"><\/a>\n    <\/div>\n    <figure>\n        <img loading=\"lazy\" decoding=\"async\" \n            loading=\"lazy\" width=\"301\" height=\"200\"\n            src=\"\/\/media.vacalia.com\/photo\/reformatwebpfolder\/350\/200\/4689\/thumb-middle\/4689_899469951b85022753c5a8b36cf3eb03.webp?v=21092023\"\n            alt=\"Casa roja - Ferienhaus auf Vejer de la Frontera\"\/>\n                                                                        <div class=\"circleDiscount\">-5%<\/div>\n                        <\/figure>\n    <p itemprop=\"address\"><i class=\"ico-marker\"><\/i>Vejer de la Frontera, C\u00e1diz<\/p>\n    <h3 itemprop=\"name\">Casa roja<\/h3>\n    <ul class=\"icon_list inline_list\">\n                              <li class=\"ico-pool\" title=\"Pool\">\n              <span itemprop=\"amenityFeature\">Pool<\/span>\n            <\/li>\n                      <li class=\"ico-airConditioning\" title=\"Klimaanlage\">\n              <span itemprop=\"amenityFeature\">Klimaanlage<\/span>\n            <\/li>\n                      <li class=\"ico-wifi\" title=\"Wifi\">\n              <span itemprop=\"amenityFeature\">Wifi<\/span>\n            <\/li>\n                          <li class=\"ico-guests\" title=\"F\u00fcr 4 G\u00e4ste in Vejer De La Frontera.\">\n          <span itemprop=\"occupancy\">4<\/span>\n        <\/li>\n    <\/ul>\n            <span class=\"price\">Ab 83\u20ac \/ Nacht<\/span>\n                <a itemprop=\"url\" class=\"anchor\" href=\"https:\/\/www.vacalia.com\/de\/villa-casa-roja-vejer-de-la-frontera-h27274\" aria-label=\"Casa roja\"><\/a>\n<\/div><div class=\"new-card-houses\">\n    <div class=\"likeOut likeDivOut\" style=\"display:none\">\n        <a data-id=\"3771\" class=\"likeOut_button_red likeBtnFav\"\n            aria-label=\"Megusta Vacalia\"><\/a>\n    <\/div>\n    <figure>\n        <img loading=\"lazy\" decoding=\"async\" \n            loading=\"lazy\" width=\"301\" height=\"200\"\n            src=\"\/\/media.vacalia.com\/photo\/reformatwebpfolder\/350\/200\/3771\/thumb-middle\/3771_0a3a65fbcd8a2eeec5cb1cc72e7a061e.webp?v=21092023\"\n            alt=\"Duplex near the beach  - Ferienhaus auf Sancti Petri-La Barrosa\"\/>\n                                                                        <div class=\"circleDiscount\">-11%<\/div>\n                        <\/figure>\n    <p itemprop=\"address\"><i class=\"ico-marker\"><\/i>Sancti Petri-La Barrosa, C\u00e1diz<\/p>\n    <h3 itemprop=\"name\">Duplex near the beach <\/h3>\n    <ul class=\"icon_list inline_list\">\n                              <li class=\"ico-pool\" title=\"Pool\">\n              <span itemprop=\"amenityFeature\">Pool<\/span>\n            <\/li>\n                      <li class=\"ico-airConditioning\" title=\"Klimaanlage\">\n              <span itemprop=\"amenityFeature\">Klimaanlage<\/span>\n            <\/li>\n                      <li class=\"ico-wifi\" title=\"Wifi\">\n              <span itemprop=\"amenityFeature\">Wifi<\/span>\n            <\/li>\n                      <li class=\"ico-pets\" title=\"Haustiere\">\n              <span itemprop=\"amenityFeature\">Haustiere<\/span>\n            <\/li>\n                          <li class=\"ico-guests\" title=\"F\u00fcr 6 G\u00e4ste in Sancti Petri-la Barrosa.\">\n          <span itemprop=\"occupancy\">6<\/span>\n        <\/li>\n    <\/ul>\n            <span class=\"price\">Ab 67\u20ac \/ Nacht<\/span>\n                <a itemprop=\"url\" class=\"anchor\" href=\"https:\/\/www.vacalia.com\/de\/ferienhaus-duplex-near-the-beach-chiclana-de-la-frontera-h24966\" aria-label=\"Duplex near the beach \"><\/a>\n<\/div><\/div>\n","protected":false},"excerpt":{"rendered":"<p>Sind Sie auf der Suche nach einem besonderen Ostererlebnis? In C\u00e1diz finden Sie ein einzigartiges Fest, bei dem sich Tradition und Meer in perfekter Harmonie umarmen. Jedes Jahr verwandelt sich&hellip;<\/p>\n","protected":false},"author":1,"featured_media":7109,"comment_status":"closed","ping_status":"open","sticky":false,"template":"","format":"standard","meta":{"_monsterinsights_skip_tracking":false,"_monsterinsights_sitenote_active":false,"_monsterinsights_sitenote_note":"","_monsterinsights_sitenote_category":0,"footnotes":""},"categories":[689,40,715,739,745],"tags":[],"class_list":["post-7116","post","type-post","status-publish","format-standard","has-post-thumbnail","hentry","category-cadiz-de","category-allgemein","category-feste-und-traditionen-in-cadiz","category-was-kann-man-in-cadiz-machen","category-was-kann-man-in-cadiz-sehen"],"_links":{"self":[{"href":"https:\/\/www.vacalia.com\/blog\/wp-json\/wp\/v2\/posts\/7116"}],"collection":[{"href":"https:\/\/www.vacalia.com\/blog\/wp-json\/wp\/v2\/posts"}],"about":[{"href":"https:\/\/www.vacalia.com\/blog\/wp-json\/wp\/v2\/types\/post"}],"author":[{"embeddable":true,"href":"https:\/\/www.vacalia.com\/blog\/wp-json\/wp\/v2\/users\/1"}],"replies":[{"embeddable":true,"href":"https:\/\/www.vacalia.com\/blog\/wp-json\/wp\/v2\/comments?post=7116"}],"version-history":[{"count":4,"href":"https:\/\/www.vacalia.com\/blog\/wp-json\/wp\/v2\/posts\/7116\/revisions"}],"predecessor-version":[{"id":7672,"href":"https:\/\/www.vacalia.com\/blog\/wp-json\/wp\/v2\/posts\/7116\/revisions\/7672"}],"wp:featuredmedia":[{"embeddable":true,"href":"https:\/\/www.vacalia.com\/blog\/wp-json\/wp\/v2\/media\/7109"}],"wp:attachment":[{"href":"https:\/\/www.vacalia.com\/blog\/wp-json\/wp\/v2\/media?parent=7116"}],"wp:term":[{"taxonomy":"category","embeddable":true,"href":"https:\/\/www.vacalia.com\/blog\/wp-json\/wp\/v2\/categories?post=7116"},{"taxonomy":"post_tag","embeddable":true,"href":"https:\/\/www.vacalia.com\/blog\/wp-json\/wp\/v2\/tags?post=7116"}],"curies":[{"name":"wp","href":"https:\/\/api.w.org\/{rel}","templated":true}]}}