{"id":7123,"date":"2025-04-16T11:42:24","date_gmt":"2025-04-16T09:42:24","guid":{"rendered":"https:\/\/www.vacalia.com\/blog\/?p=7123"},"modified":"2025-04-16T11:45:34","modified_gmt":"2025-04-16T09:45:34","slug":"las-fiestas-de-moros-y-cristianos-de-alcoy","status":"publish","type":"post","link":"https:\/\/www.vacalia.com\/blog\/es\/las-fiestas-de-moros-y-cristianos-de-alcoy\/","title":{"rendered":"Las Fiestas de Moros y Cristianos de Alcoy"},"content":{"rendered":"\n<p>Declaradas de Inter\u00e9s Tur\u00edstico Internacional, estas celebraciones se realizan en honor a San Jorge, patr\u00f3n de la ciudad, cuya intervenci\u00f3n, seg\u00fan cuenta la leyenda, fue decisiva para la victoria cristiana en 1276.<\/p>\n\n\n\n<p>La histor\u00eda se remonta al siglo XIII, cuando Al-Azraq, caudillo musulm\u00e1n, intent\u00f3 reconquistar la ciudad de Alcoy. Seg\u00fan los relatos, durante la batalla apareci\u00f3 San Jorge sobre un caballo blanco, lo que dio \u00e1nimos a los cristianos para vencer a las tropas musulmanas.<\/p>\n\n\n\n<p>Los primeros registros documentados de celebraciones en honor a San Jorge datan del siglo XVI, pero fue en el siglo XVIII cuando adquirieron una estructura m\u00e1s definida. Durante el siglo XIX, con el auge econ\u00f3mico de Alcoy, las fiestas experimentaron un notable crecimiento, consolid\u00e1ndose las \u00abfilaes\u00bb o comparsas que representan a los bandos moro y cristiano.<\/p>\n\n\n\n<p>Las fiestas se celebran generalmente los d\u00edas 22, 23 y 24 de abril, pero, seg\u00fan como se celebre la Semana Santa, pueden retrasarlas unos d\u00edas m\u00e1s.<\/p>\n\n\n\n<p>Los eventos comienzan algunos d\u00edas antes con el \u00abPreg\u00f3n\u00bb y la presentaci\u00f3n de los \u00abCapitanes\u00bb y otros actos preliminares.<\/p>\n\n\n\n<p>El calendario festero comienza realmente meses antes, con ensayos musicales, presentaciones de trajes nuevos y el tradicional \u00abGloriero\u00bb, un desayuno que re\u00fane a todos los festeros en enero para comenzar oficialmente los preparativos.<\/p>\n\n\n<div class=\"wp-block-image\">\n<figure class=\"aligncenter size-large\"><img fetchpriority=\"high\" decoding=\"async\" width=\"1024\" height=\"458\" src=\"https:\/\/www.vacalia.com\/blog\/wp-content\/uploads\/2025\/04\/alcoy-moros-y-cristianos-1024x458.jpeg\" alt=\"Fiesta de Moros y Cristianos en Alcoy, Alicante\" class=\"wp-image-7125\" srcset=\"https:\/\/www.vacalia.com\/blog\/wp-content\/uploads\/2025\/04\/alcoy-moros-y-cristianos-1024x458.jpeg 1024w, https:\/\/www.vacalia.com\/blog\/wp-content\/uploads\/2025\/04\/alcoy-moros-y-cristianos-300x134.jpeg 300w, https:\/\/www.vacalia.com\/blog\/wp-content\/uploads\/2025\/04\/alcoy-moros-y-cristianos-768x344.jpeg 768w, https:\/\/www.vacalia.com\/blog\/wp-content\/uploads\/2025\/04\/alcoy-moros-y-cristianos-370x166.jpeg 370w, https:\/\/www.vacalia.com\/blog\/wp-content\/uploads\/2025\/04\/alcoy-moros-y-cristianos-770x345.jpeg 770w, https:\/\/www.vacalia.com\/blog\/wp-content\/uploads\/2025\/04\/alcoy-moros-y-cristianos.jpeg 1126w\" sizes=\"(max-width: 1024px) 100vw, 1024px\" \/><figcaption class=\"wp-element-caption\">Fiesta de Moros y Cristianos en Alcoy, Alicante<\/figcaption><\/figure><\/div>\n\n\n<h6 class=\"wp-block-heading\"><strong>La estructura de las fiestas: filaes y bandos<\/strong><\/h6>\n\n\n\n<p>Las fiestas se organizan en torno a asociaciones llamadas \u00abfilaes\u00bb (en valenciano) o \u00abcomparsas\u00bb, agrupadas en dos bandos: moros y cristianos. Cada fil\u00e0 tiene su propia identidad, trajes caracter\u00edsticos, m\u00fasica espec\u00edfica y tradiciones particulares. Actualmente, existen 28 filaes: 14 moras y 14 cristianas.<\/p>\n\n\n\n<p>Entre las filaes moras m\u00e1s conocidas encontrar\u00e9is los Abencerrajes, Marrakesch, Berberiscos o Mud\u00e9jares. En el bando cristiano destacan los Andaluces, Aragoneses, Navarros y Almog\u00e1vares. Cada a\u00f1o, una fil\u00e0 diferente tiene el honor de presentar al Capit\u00e1n y al Alf\u00e9rez, los cargos m\u00e1s importantes de cada bando.<\/p>\n\n\n<div class=\"bannerBlog\"><div class=\"new-card-houses\">\n    <div class=\"likeOut likeDivOut\" style=\"display:none\">\n        <a data-id=\"2838\" class=\"likeOut_button_red likeBtnFav\"\n            aria-label=\"Megusta Vacalia\"><\/a>\n    <\/div>\n    <figure>\n        <img loading=\"lazy\" decoding=\"async\" \n            loading=\"lazy\" width=\"301\" height=\"200\"\n            src=\"\/\/media.vacalia.com\/photo\/reformatwebpfolder\/350\/200\/2838\/thumb-middle\/2838_06c902e5155c905c9c7ca2e45a53fefd.webp?v=21092023\"\n            alt=\"Frederic - Alquiler vacacional en X\u00e0bia\/J\u00e1vea\"\/>\n                                                                        <div class=\"circleDiscount\">-8%<\/div>\n                        <\/figure>\n    <p itemprop=\"address\"><i class=\"ico-marker\"><\/i>X\u00e0bia\/J\u00e1vea, Alicante<\/p>\n    <h3 itemprop=\"name\">Frederic<\/h3>\n    <ul class=\"icon_list inline_list\">\n                              <li class=\"ico-pool\" title=\"Piscina\">\n              <span itemprop=\"amenityFeature\">Piscina<\/span>\n            <\/li>\n                      <li class=\"ico-wifi\" title=\"Wifi\">\n              <span itemprop=\"amenityFeature\">Wifi<\/span>\n            <\/li>\n                          <li class=\"ico-guests\" title=\"Para 6 hu\u00e9spedes en X\u00e0bia\/j\u00e1vea.\">\n          <span itemprop=\"occupancy\">6<\/span>\n        <\/li>\n    <\/ul>\n            <span class=\"price\">Desde 100\u20ac \/ noche<\/span>\n                <a itemprop=\"url\" class=\"anchor\" href=\"https:\/\/www.vacalia.com\/es\/villa-frederic-xabia-javea-h19853\" aria-label=\"Frederic\"><\/a>\n<\/div><div class=\"new-card-houses\">\n    <div class=\"likeOut likeDivOut\" style=\"display:none\">\n        <a data-id=\"2837\" class=\"likeOut_button_red likeBtnFav\"\n            aria-label=\"Megusta Vacalia\"><\/a>\n    <\/div>\n    <figure>\n        <img loading=\"lazy\" decoding=\"async\" \n            loading=\"lazy\" width=\"301\" height=\"200\"\n            src=\"\/\/media.vacalia.com\/photo\/reformatwebpfolder\/350\/200\/2837\/thumb-middle\/2837_a5029b586275288353e119c208bf09d4.webp?v=21092023\"\n            alt=\"Gladiolo - Alquiler vacacional en X\u00e0bia\/J\u00e1vea\"\/>\n                                                                        <div class=\"circleDiscount\">-11%<\/div>\n                        <\/figure>\n    <p itemprop=\"address\"><i class=\"ico-marker\"><\/i>X\u00e0bia\/J\u00e1vea, Alicante<\/p>\n    <h3 itemprop=\"name\">Gladiolo<\/h3>\n    <ul class=\"icon_list inline_list\">\n                              <li class=\"ico-pool\" title=\"Piscina\">\n              <span itemprop=\"amenityFeature\">Piscina<\/span>\n            <\/li>\n                      <li class=\"ico-airConditioning\" title=\"Aire Acondicionado\">\n              <span itemprop=\"amenityFeature\">Aire Acondicionado<\/span>\n            <\/li>\n                      <li class=\"ico-wifi\" title=\"Wifi\">\n              <span itemprop=\"amenityFeature\">Wifi<\/span>\n            <\/li>\n                          <li class=\"ico-guests\" title=\"Para 6 hu\u00e9spedes en X\u00e0bia\/j\u00e1vea.\">\n          <span itemprop=\"occupancy\">6<\/span>\n        <\/li>\n    <\/ul>\n            <span class=\"price\">Desde 101\u20ac \/ noche<\/span>\n                <a itemprop=\"url\" class=\"anchor\" href=\"https:\/\/www.vacalia.com\/es\/villa-gladiolo-xabia-javea-h19643\" aria-label=\"Gladiolo\"><\/a>\n<\/div><\/div>\n\n\n\n<h6 class=\"wp-block-heading\"><strong>Los tres d\u00edas grandes<\/strong><\/h6>\n\n\n\n<p><strong>D\u00eda de las Entradas<\/strong><\/p>\n\n\n\n<p>Vuestro primer d\u00eda de fiesta ser\u00e1 espectacular. Temprano por la ma\u00f1ana, las calles ya vibran con la anticipaci\u00f3n. A las 10:00 horas comienza la \u00abEntrada Mora\u00bb, donde los bandos musulmanes desfilan por las calles de Alcoy con trajes elaborados, m\u00fasica envolvente y diversas coreograf\u00edas. Este desfile puede durar hasta cinco horas, con cada fil\u00e0 mostrando sus mejores galas.<\/p>\n\n\n\n<p>La combinaci\u00f3n de sedas coloridas, turbantes elegantes y m\u00fasica oriental crea una atm\u00f3sfera m\u00e1gica que os transportar\u00e1 a otro tiempo. Los caballos engalanados, los carros tem\u00e1ticos y las coreograf\u00edas ensayadas durante meses conforman un espect\u00e1culo visual impresionante. En algunos a\u00f1os se han llegado a ver camellos, elefantes mec\u00e1nicos o incluso espect\u00e1culos de fuego integrados en el desfile.<\/p>\n\n\n\n<p>Por la tarde, despu\u00e9s de un breve descanso para reponer fuerzas en alguno de los numerosos bares y restaurantes que permanecen abiertos durante las fiestas, disfrutar\u00e9is de la \u00abEntrada Cristiana\u00bb, igualmente impresionante pero con est\u00e9tica medieval europea: armaduras brillantes, capas con escudos her\u00e1ldicos y m\u00fasica marcial. No olvid\u00e9is vuestras c\u00e1maras, porque cada fil\u00e0 presenta trajes \u00fanicos que son verdaderas obras de arte.<\/p>\n\n\n\n<p>Entre los momentos m\u00e1s emocionantes est\u00e1 la aparici\u00f3n del Capit\u00e1n y el Alf\u00e9rez de cada bando, que reciben el aplauso entusiasta del p\u00fablico. Los boatos (s\u00e9quitos) que los acompa\u00f1an suelen ser los m\u00e1s espectaculares del desfile.<\/p>\n\n\n\n<p><strong>D\u00eda de San Jorge<\/strong><\/p>\n\n\n\n<p>En el segundo d\u00eda, podr\u00e9is participar en las celebraciones religiosas en honor al santo patr\u00f3n. Por la ma\u00f1ana, se celebra la Diana, donde los festeros, vestidos con trajes menos formales, recorren las calles al son de pasodobles festeros.<\/p>\n\n\n\n<p>A media ma\u00f1ana, la Misa Mayor en honor a San Jorge re\u00fane a autoridades y festeros en la Iglesia de Santa Mar\u00eda. La procesi\u00f3n de la reliquia de San Jorge os permitir\u00e1 ver c\u00f3mo la devoci\u00f3n se mezcla con la tradici\u00f3n festiva. El templo, decorado especialmente para la ocasi\u00f3n, ofrece un espect\u00e1culo visual impresionante con sus adornos florales y estandartes hist\u00f3ricos.<\/p>\n\n\n\n<p>Por la tarde, no os perd\u00e1is la procesi\u00f3n general, donde todas las filaes participan conjuntamente. Las calles se llenan de nuevo con los trajes de gala, pero esta vez con un ambiente m\u00e1s solemne y ceremonial. La imagen de San Jorge recorre las principales calles de Alcoy, acompa\u00f1ada por miles de festeros y seguida por multitud de fieles y visitantes.<\/p>\n\n\n<div class=\"wp-block-image\">\n<figure class=\"aligncenter size-large\"><img decoding=\"async\" width=\"1024\" height=\"459\" src=\"https:\/\/www.vacalia.com\/blog\/wp-content\/uploads\/2025\/04\/visita-moros-cristianos-alcoy-1024x459.jpeg\" alt=\"Fiesta de Moros y Cristianos en Alcoy, Alicante\" class=\"wp-image-7126\" srcset=\"https:\/\/www.vacalia.com\/blog\/wp-content\/uploads\/2025\/04\/visita-moros-cristianos-alcoy-1024x459.jpeg 1024w, https:\/\/www.vacalia.com\/blog\/wp-content\/uploads\/2025\/04\/visita-moros-cristianos-alcoy-300x134.jpeg 300w, https:\/\/www.vacalia.com\/blog\/wp-content\/uploads\/2025\/04\/visita-moros-cristianos-alcoy-768x344.jpeg 768w, https:\/\/www.vacalia.com\/blog\/wp-content\/uploads\/2025\/04\/visita-moros-cristianos-alcoy-370x166.jpeg 370w, https:\/\/www.vacalia.com\/blog\/wp-content\/uploads\/2025\/04\/visita-moros-cristianos-alcoy-770x345.jpeg 770w, https:\/\/www.vacalia.com\/blog\/wp-content\/uploads\/2025\/04\/visita-moros-cristianos-alcoy.jpeg 1400w\" sizes=\"(max-width: 1024px) 100vw, 1024px\" \/><figcaption class=\"wp-element-caption\">Fiesta de Moros y Cristianos en Alcoy, Alicante<\/figcaption><\/figure><\/div>\n\n\n<p><strong>D\u00eda del Alardo<\/strong><\/p>\n\n\n\n<p>El \u00faltimo d\u00eda vivir\u00e9is la recreaci\u00f3n de la batalla. Las tropas moras \u00abconquistan\u00bb el castillo por la ma\u00f1ana, en una representaci\u00f3n llena de dramatismo y espectacularidad. Los arcabuceros moros disparan sus armas en se\u00f1al de victoria, mientras la ciudad entera parece retumbar con cada salva, saludo hecho mediante disparo con armas de fuego.<\/p>\n\n\n\n<p>Por la tarde, llega el momento m\u00e1s esperado: las tropas cristianas \u00abreconquistan\u00bb el castillo en el Alardo Cristiano. El estruendo de los arcabuces, el olor a p\u00f3lvora y los gritos de batalla crear\u00e1n una experiencia sensorial completa que os transportar\u00e1 a las verdaderas batallas medievales.<\/p>\n\n\n\n<p>El momento culminante llegar\u00e1 cuando aparezca San Jorge sobre las murallas del castillo, descendiendo por una cuerda en un efecto esc\u00e9nico conocido como \u00abla Aparici\u00f3n\u00bb, simbolizando la ayuda divina y la victoria cristiana. Este momento, acompa\u00f1ado por la m\u00fasica del himno de la fiesta, \u00abSig\u00bb, provoca la emoci\u00f3n colectiva y muchas l\u00e1grimas entre los alcoyanos, que ven en este acto la esencia misma de sus fiestas.<\/p>\n\n\n\n<h6 class=\"wp-block-heading\"><strong>La m\u00fasica: alma de la fiesta<\/strong><\/h6>\n\n\n\n<p>No pod\u00e9is hablar de las Fiestas de Moros y Cristianos de Alcoy sin mencionar su m\u00fasica caracter\u00edstica. Las marchas moras, con su ritmo peculiar, y las marchas cristianas, m\u00e1s marciales y \u00e9picas, son parte fundamental de la celebraci\u00f3n.<\/p>\n\n\n\n<p>Compositores locales como Amando Blanquer, Rafael Mullor o Julio Laporta han creado piezas emblem\u00e1ticas que suenan a\u00f1o tras a\u00f1o en los desfiles. \u00abMahomet\u00bb, \u00abL&#8217;Entr\u00e0 dels Moros\u00bb o \u00abTarde de Abril\u00bb son algunas de las composiciones que escuchar\u00e9is repetidamente durante vuestra visita.<\/p>\n\n\n\n<p>Las bandas de m\u00fasica, m\u00e1s de cincuenta durante los d\u00edas de fiesta, acompa\u00f1an a cada fil\u00e0 creando el ambiente sonoro que da vida a los desfiles. Muchas de estas bandas provienen de los pueblos cercanos y mantienen una relaci\u00f3n hist\u00f3rica con determinadas filaes.<\/p>\n\n\n<div class=\"wp-block-image\">\n<figure class=\"aligncenter size-large\"><img decoding=\"async\" width=\"1024\" height=\"459\" src=\"https:\/\/www.vacalia.com\/blog\/wp-content\/uploads\/2025\/04\/fiesta-moros-y-cristianos-alcoy-1024x459.jpeg\" alt=\"Fiesta de Moros y Cristianos en Alcoy, Alicante\" class=\"wp-image-7127\" srcset=\"https:\/\/www.vacalia.com\/blog\/wp-content\/uploads\/2025\/04\/fiesta-moros-y-cristianos-alcoy-1024x459.jpeg 1024w, https:\/\/www.vacalia.com\/blog\/wp-content\/uploads\/2025\/04\/fiesta-moros-y-cristianos-alcoy-300x134.jpeg 300w, https:\/\/www.vacalia.com\/blog\/wp-content\/uploads\/2025\/04\/fiesta-moros-y-cristianos-alcoy-768x344.jpeg 768w, https:\/\/www.vacalia.com\/blog\/wp-content\/uploads\/2025\/04\/fiesta-moros-y-cristianos-alcoy-370x166.jpeg 370w, https:\/\/www.vacalia.com\/blog\/wp-content\/uploads\/2025\/04\/fiesta-moros-y-cristianos-alcoy-770x345.jpeg 770w, https:\/\/www.vacalia.com\/blog\/wp-content\/uploads\/2025\/04\/fiesta-moros-y-cristianos-alcoy.jpeg 1400w\" sizes=\"(max-width: 1024px) 100vw, 1024px\" \/><figcaption class=\"wp-element-caption\">Fiesta de Moros y Cristianos en Alcoy, Alicante<\/figcaption><\/figure><\/div>\n\n\n<h6 class=\"wp-block-heading\"><strong>Gastronom\u00eda festera<\/strong><\/h6>\n\n\n\n<p>Vuestra unmersi\u00f3n en las fiestas no estar\u00eda completa sin degustar la gastronom\u00eda t\u00edpica festera. Durante estos d\u00edas, Alcoy ofrece platos especiales que solo se preparan en esta \u00e9poca:<\/p>\n\n\n\n<ul class=\"wp-block-list\">\n<li><strong>Baledres<\/strong>: Un guiso de carne con patatas y verduras, ideal para reponer fuerzas entre desfiles.<\/li>\n\n\n\n<li><strong>Pericana<\/strong>: Una deliciosa combinaci\u00f3n de pimientos secos, bacalao y aceite de oliva que se sirve como entrante.<\/li>\n\n\n\n<li><strong>Olleta alcoyana<\/strong>: Contundente plato a base de legumbres, verduras y carne que os ayudar\u00e1 a soportar las largas jornadas festivas.<\/li>\n\n\n\n<li><strong>Coca amb tonyina<\/strong>: Una especie de empanada abierta con at\u00fan, pimiento y huevo duro.<\/li>\n\n\n\n<li><strong>Herbero<\/strong>: Licor tradicional elaborado con hierbas arom\u00e1ticas de la Sierra de Mariola, perfecto como digestivo.<\/li>\n<\/ul>\n\n\n\n<p><\/p>\n\n\n\n<p>Estos platos los encontrar\u00e9is en los restaurantes locales, pero tambi\u00e9n en las \u00abfilaes\u00bb, que suelen organizar comidas para sus miembros y que, en ocasiones, abren sus puertas a visitantes.<\/p>\n\n\n\n<h6 class=\"wp-block-heading\"><strong>M\u00e1s all\u00e1 de las fiestas<\/strong><\/h6>\n\n\n\n<p>Aprovechad vuestra estancia para descubrir otros atractivos de Alcoy. Visitad el Museo de la Fiesta donde conocer\u00e9is la historia y evoluci\u00f3n de esta celebraci\u00f3n centenaria, con exposiciones de trajes hist\u00f3ricos, fotograf\u00edas antiguas y documentos originales.<\/p>\n\n\n\n<p>No os perd\u00e1is tampoco el casco antiguo de la ciudad, con su arquitectura modernista influida por la temprana industrializaci\u00f3n de la ciudad. El C\u00edrculo Industrial, la Casa del Pavo o el antiguo Monte de Piedad son ejemplos destacados de este estilo arquitect\u00f3nico.<\/p>\n\n\n\n<p>Si dispon\u00e9is de tiempo adicional, explorad los alrededores naturales de Alcoy, especialmente el Parque Natural de la Sierra de Mariola, con sus rutas de senderismo y rica flora medicinal, o el Carrascal de la Font Roja, un espacio natural protegido de gran belleza paisaj\u00edstica.<\/p>\n\n\n\n<p>Las Fiestas de Moros y Cristianos de Alcoy os ofrecer\u00e1n una inmersi\u00f3n completa en la cultura valenciana y en la historia de Espa\u00f1a. Os aseguramos que regresar\u00e9is a casa con recuerdos inolvidables, fotograf\u00edas espectaculares y, muy probablemente, con ganas de volver el a\u00f1o siguiente para revivir esta fascinante experiencia que combina historia, teatro y m\u00fasica.<\/p>\n\n\n<div class=\"wp-block-image\">\n<figure class=\"aligncenter size-large\"><img loading=\"lazy\" decoding=\"async\" width=\"1024\" height=\"458\" src=\"https:\/\/www.vacalia.com\/blog\/wp-content\/uploads\/2025\/04\/moros-y-cristianos-alcoy-1024x458.jpeg\" alt=\"Fiesta de Moros y Cristianos en Alcoy, Alicante\" class=\"wp-image-7128\" srcset=\"https:\/\/www.vacalia.com\/blog\/wp-content\/uploads\/2025\/04\/moros-y-cristianos-alcoy-1024x458.jpeg 1024w, https:\/\/www.vacalia.com\/blog\/wp-content\/uploads\/2025\/04\/moros-y-cristianos-alcoy-300x134.jpeg 300w, https:\/\/www.vacalia.com\/blog\/wp-content\/uploads\/2025\/04\/moros-y-cristianos-alcoy-768x344.jpeg 768w, https:\/\/www.vacalia.com\/blog\/wp-content\/uploads\/2025\/04\/moros-y-cristianos-alcoy-370x166.jpeg 370w, https:\/\/www.vacalia.com\/blog\/wp-content\/uploads\/2025\/04\/moros-y-cristianos-alcoy-770x345.jpeg 770w, https:\/\/www.vacalia.com\/blog\/wp-content\/uploads\/2025\/04\/moros-y-cristianos-alcoy.jpeg 1347w\" sizes=\"(max-width: 1024px) 100vw, 1024px\" \/><figcaption class=\"wp-element-caption\">Fiesta de Moros y Cristianos en Alcoy, Alicante<\/figcaption><\/figure><\/div>","protected":false},"excerpt":{"rendered":"<p>Declaradas de Inter\u00e9s Tur\u00edstico Internacional, estas celebraciones se realizan en honor a San Jorge, patr\u00f3n de la ciudad, cuya intervenci\u00f3n, seg\u00fan cuenta la leyenda, fue decisiva para la victoria cristiana&hellip;<\/p>\n","protected":false},"author":1,"featured_media":7127,"comment_status":"closed","ping_status":"open","sticky":false,"template":"","format":"standard","meta":{"_monsterinsights_skip_tracking":false,"_monsterinsights_sitenote_active":false,"_monsterinsights_sitenote_note":"","_monsterinsights_sitenote_category":0,"footnotes":""},"categories":[613,673,633,1],"tags":[],"class_list":["post-7123","post","type-post","status-publish","format-standard","has-post-thumbnail","hentry","category-alicante-es","category-que-ver-en-alicante","category-fiestas-y-tradiciones-de-alicante","category-general-es"],"_links":{"self":[{"href":"https:\/\/www.vacalia.com\/blog\/wp-json\/wp\/v2\/posts\/7123"}],"collection":[{"href":"https:\/\/www.vacalia.com\/blog\/wp-json\/wp\/v2\/posts"}],"about":[{"href":"https:\/\/www.vacalia.com\/blog\/wp-json\/wp\/v2\/types\/post"}],"author":[{"embeddable":true,"href":"https:\/\/www.vacalia.com\/blog\/wp-json\/wp\/v2\/users\/1"}],"replies":[{"embeddable":true,"href":"https:\/\/www.vacalia.com\/blog\/wp-json\/wp\/v2\/comments?post=7123"}],"version-history":[{"count":6,"href":"https:\/\/www.vacalia.com\/blog\/wp-json\/wp\/v2\/posts\/7123\/revisions"}],"predecessor-version":[{"id":7140,"href":"https:\/\/www.vacalia.com\/blog\/wp-json\/wp\/v2\/posts\/7123\/revisions\/7140"}],"wp:featuredmedia":[{"embeddable":true,"href":"https:\/\/www.vacalia.com\/blog\/wp-json\/wp\/v2\/media\/7127"}],"wp:attachment":[{"href":"https:\/\/www.vacalia.com\/blog\/wp-json\/wp\/v2\/media?parent=7123"}],"wp:term":[{"taxonomy":"category","embeddable":true,"href":"https:\/\/www.vacalia.com\/blog\/wp-json\/wp\/v2\/categories?post=7123"},{"taxonomy":"post_tag","embeddable":true,"href":"https:\/\/www.vacalia.com\/blog\/wp-json\/wp\/v2\/tags?post=7123"}],"curies":[{"name":"wp","href":"https:\/\/api.w.org\/{rel}","templated":true}]}}