{"id":7143,"date":"2025-04-25T11:47:18","date_gmt":"2025-04-25T09:47:18","guid":{"rendered":"https:\/\/www.vacalia.com\/blog\/?p=7143"},"modified":"2025-07-08T10:41:35","modified_gmt":"2025-07-08T08:41:35","slug":"barranco-del-infierno-catedral-senderismo","status":"publish","type":"post","link":"https:\/\/www.vacalia.com\/blog\/es\/barranco-del-infierno-catedral-senderismo\/","title":{"rendered":"Hoy recorreremos el Barranco del Infierno: la Catedral del Senderismo"},"content":{"rendered":"\n<p>Cuando busqu\u00e9is aventuras inolvidables en tierras alicantinas, no podr\u00e9is dejar de visitar lo que muchos consideran la joya del senderismo valenciano. La Catedral del Senderismo, como se la conoce popularmente, se encuentra enclavada en el coraz\u00f3n de la provincia de <strong><a href=\"https:\/\/www.vacalia.com\/es\/alojamiento-vacacional-alicante\" target=\"_blank\" rel=\"noreferrer noopener\">Alicante<\/a><\/strong>, en el m\u00e1gico entorno de la Vall de Laguar, muy pr\u00f3xima a la pintoresca poblaci\u00f3n de Fleix.<\/p>\n\n\n\n<p>Por este tortuoso desfiladero del Barranco del Infierno discurre una de las rutas de senderismo m\u00e1s singulares y espectaculares de toda la regi\u00f3n alicantina: el sendero PR-V 147. Un recorrido que no ha obtenido su sobrenombre de \u00abCatedral del Senderismo\u00bb por casualidad, sino por la majestuosidad de sus paredes que se elevan como contrafuertes naturales y, sobre todo, por los m\u00e1s de 6.800 escalones meticulosamente excavados en sus laderas por los antiguos moz\u00e1rabes, salvando con ingenio las pronunciadas subidas y bajadas que caracterizan esta ruta \u00fanica.<\/p>\n\n\n<div class=\"wp-block-image\">\n<figure class=\"aligncenter size-full\"><img fetchpriority=\"high\" decoding=\"async\" width=\"670\" height=\"300\" src=\"https:\/\/www.vacalia.com\/blog\/wp-content\/uploads\/2025\/04\/senderismo-barranco-del-infierno.jpg\" alt=\"Senderismo por el Barranco del Infierno en Alicante\" class=\"wp-image-7146\" srcset=\"https:\/\/www.vacalia.com\/blog\/wp-content\/uploads\/2025\/04\/senderismo-barranco-del-infierno.jpg 670w, https:\/\/www.vacalia.com\/blog\/wp-content\/uploads\/2025\/04\/senderismo-barranco-del-infierno-300x134.jpg 300w, https:\/\/www.vacalia.com\/blog\/wp-content\/uploads\/2025\/04\/senderismo-barranco-del-infierno-370x166.jpg 370w\" sizes=\"(max-width: 767px) 100vw, 670px\" \/><figcaption class=\"wp-element-caption\">Senderismo por el Barranco del Infierno en Alicante<\/figcaption><\/figure><\/div>\n\n\n<h2 class=\"wp-block-heading has-medium-font-size\"><strong>Un valle entre cuatro pueblos y miles de cerezos<\/strong><\/h2>\n\n\n\n<p>En la hermosa comarca de la Marina Alta, abrazada por imponentes monta\u00f1as y embellecida por floridos cerezos que transforman el paisaje cada primavera, descubrir\u00e9is cuatro poblaciones que parecen suspendidas en el tiempo: Fleix, Campell, Fontilles y Benimaurell. Juntas conforman La Vall de Laguar, un para\u00edso rural donde el Barranco del Infierno y el r\u00edo Girona act\u00faan como testigos silenciosos de lo que muchos monta\u00f1eros experimentados consideran, sin lugar a dudas, una de las mejores rutas senderista de la provincia de Alicante.<\/p>\n\n\n\n<p>Cuando recorr\u00e1is estos senderos, cada paso os conectar\u00e1 con siglos de historia. Los escalones que pisar\u00e9is fueron tallados en la roca por manos moz\u00e1rabes, cuyos conocimientos y t\u00e9cnicas permitieron conquistar estas abruptas laderas para convertirlas en terrenos cultivables. Esta impresionante obra de ingenier\u00eda ancestral es un testimonio vivo de la simbiosis entre el ser humano y un entorno natural aparentemente indomable.<\/p>\n\n\n\n<h2 class=\"wp-block-heading has-medium-font-size\"><strong>14,5 kil\u00f3metros de pura emoci\u00f3n<\/strong><\/h2>\n\n\n\n<p>La espectacular ruta monta\u00f1era que os proponemos se inicia en la encantadora poblaci\u00f3n de Fleix. Con una longitud aproximada de 14,5 kil\u00f3metros, lo realmente destacable, adem\u00e1s de su extraordinaria belleza paisaj\u00edstica, son sus 816 metros de desnivel acumulado. Este desnivel es el resultado de un constante ascenso y descenso al Barranco del Infierno, una aut\u00e9ntica monta\u00f1a rusa natural que pondr\u00e1 a prueba vuestras piernas pero que recompensar\u00e1 cada gota de sudor con vistas que quedar\u00e1n grabadas en vuestra memoria para siempre.<\/p>\n\n\n\n<p>El recorrido os ofrecer\u00e1 una experiencia sensorial completa: os maravillar\u00e9is con los vibrantes colores de sus campos, especialmente durante la primavera, cuando la floraci\u00f3n de los cerezos transforma el valle en un espect\u00e1culo de tonos rosados y blancos que contrastan con el verde intenso de la vegetaci\u00f3n y el azul del cielo mediterr\u00e1neo. Es una ruta preciosa por sus paisajes cambiantes, donde cada recodo del camino revela una nueva panor\u00e1mica que os dejar\u00e1 sin aliento.<\/p>\n\n\n\n<p>Pero este sendero no solo es un deleite visual; tambi\u00e9n es fascinante por la rica historia que atesora. Cada uno de sus miles de escalones cuenta una historia de supervivencia, ingenio y adaptaci\u00f3n de las comunidades que habitaron estas tierras durante siglos. Cuando descend\u00e1is por ellos, estar\u00e9is recorriendo los mismos pasos que transitaron generaciones de agricultores moz\u00e1rabes, comerciantes y pastores que convirtieron este aparente obst\u00e1culo natural en una v\u00eda de comunicaci\u00f3n vital para la comarca.<\/p>\n\n\n<div class=\"wp-block-image\">\n<figure class=\"aligncenter size-full\"><img decoding=\"async\" width=\"670\" height=\"300\" src=\"https:\/\/www.vacalia.com\/blog\/wp-content\/uploads\/2025\/04\/senderismo-barranco-infierno.jpg\" alt=\"Senderismo por el Barranco del Infierno en Alicante\" class=\"wp-image-7144\" srcset=\"https:\/\/www.vacalia.com\/blog\/wp-content\/uploads\/2025\/04\/senderismo-barranco-infierno.jpg 670w, https:\/\/www.vacalia.com\/blog\/wp-content\/uploads\/2025\/04\/senderismo-barranco-infierno-300x134.jpg 300w, https:\/\/www.vacalia.com\/blog\/wp-content\/uploads\/2025\/04\/senderismo-barranco-infierno-370x166.jpg 370w\" sizes=\"(max-width: 767px) 100vw, 670px\" \/><figcaption class=\"wp-element-caption\">Senderismo por el Barranco del Infierno en Alicante<\/figcaption><\/figure><\/div>\n\n\n<h2 class=\"wp-block-heading has-medium-font-size\"><strong>Un sendero bien se\u00f1alizado para una aventura segura<\/strong><\/h2>\n\n\n\n<p>Una de las grandes ventajas que encontrar\u00e9is en esta ruta es su excelente se\u00f1alizaci\u00f3n. El sendero est\u00e1 perfectamente marcado con las caracter\u00edsticas se\u00f1ales de PR (una franja blanca sobre fondo amarillo), lo que os garantizar\u00e1 que no tendr\u00e9is problemas para seguirlo incluso si es vuestra primera visita a la zona. Adem\u00e1s, en los cruces encontrar\u00e9is postes informativos de direcci\u00f3n que os indicar\u00e1n claramente el camino a seguir, permiti\u00e9ndoos concentraros en disfrutar del paisaje sin preocupaciones de orientaci\u00f3n.<\/p>\n\n\n\n<p>Esta cuidada se\u00f1alizaci\u00f3n os permitir\u00e1 apreciar con tranquilidad cada detalle del paisaje: los bancales tradicionales que trepan por las laderas, las formaciones rocosas esculpidas por la erosi\u00f3n durante millones de a\u00f1os, la variada flora mediterr\u00e1nea que florece entre las grietas de las rocas y, con suerte, la fauna aut\u00f3ctona que habita en este ecosistema privilegiado.<\/p>\n\n\n\n<h2 class=\"wp-block-heading has-medium-font-size\"><strong>Un reto accesible pero exigente<\/strong><\/h2>\n\n\n\n<p>En cuanto al esfuerzo f\u00edsico requerido, deb\u00e9is saber que esta ruta demanda estar un poco en forma. No es un paseo sencillo, sino una aut\u00e9ntica aventura monta\u00f1era donde tendr\u00e9is que superar cambios de desnivel bastante acusados. El sendero desciende en varias ocasiones hasta el mismo lecho de los barrancos, para luego volver a ascender hasta una considerable altura de la monta\u00f1a mediante esos caracter\u00edsticos escalones que dan fama a la ruta.<\/p>\n\n\n\n<p>Estos continuos ascensos y descensos, aunque exigentes, est\u00e1n perfectamente integrados en el paisaje y han sido dise\u00f1ados para facilitar el tr\u00e1nsito por un terreno que, de otra forma, ser\u00eda pr\u00e1cticamente intransitable. La satisfacci\u00f3n que sentir\u00e9is cuando, tras un esforzado ascenso por los escalones moz\u00e1rabes, alcanc\u00e9is un mirador natural desde el que contemplar la inmensidad del valle, compensar\u00e1 con creces el cansancio acumulado.<\/p>\n\n\n<div class=\"wp-block-image\">\n<figure class=\"aligncenter size-full\"><img decoding=\"async\" width=\"670\" height=\"300\" src=\"https:\/\/www.vacalia.com\/blog\/wp-content\/uploads\/2025\/04\/escalones-barranco-del-infierno.jpg\" alt=\"Escalones del Barranco del Infierno en Alicante\" class=\"wp-image-7145\" srcset=\"https:\/\/www.vacalia.com\/blog\/wp-content\/uploads\/2025\/04\/escalones-barranco-del-infierno.jpg 670w, https:\/\/www.vacalia.com\/blog\/wp-content\/uploads\/2025\/04\/escalones-barranco-del-infierno-300x134.jpg 300w, https:\/\/www.vacalia.com\/blog\/wp-content\/uploads\/2025\/04\/escalones-barranco-del-infierno-370x166.jpg 370w\" sizes=\"(max-width: 767px) 100vw, 670px\" \/><figcaption class=\"wp-element-caption\">Escalones del Barranco del Infierno en Alicante<\/figcaption><\/figure><\/div>\n\n\n<h2 class=\"wp-block-heading has-medium-font-size\"><strong>Un viaje por la historia pisando escalones ancestrales<\/strong><\/h2>\n\n\n\n<p>Cada uno de los pelda\u00f1os que recorrer\u00e9is durante esta ruta es un testigo silencioso del paso del tiempo. Mientras los descend\u00e9is y ascend\u00e9is, podr\u00e9is imaginar a los moz\u00e1rabes tallando pacientemente la piedra caliza para crear esta obra de ingenier\u00eda que ha resistido el paso de los siglos. Pensad en las generaciones de agricultores que utilizaron estos mismos pelda\u00f1os para acceder a sus cultivos en terrazas, en los comerciantes que transportaban mercanc\u00edas entre los pueblos del valle, en las familias que se mov\u00edan por estos caminos para visitar a sus seres queridos en las poblaciones cercanas.<\/p>\n\n\n\n<p>La Catedral del Senderismo no es solo un nombre po\u00e9tico para una ruta de monta\u00f1a; es una acertada met\u00e1fora que captura la solemnidad y el recogimiento que sentir\u00e9is al transitar por este espacio donde la obra humana y la naturaleza han encontrado un perfecto equilibrio. Las paredes del barranco se elevan como muros de una catedral natural, el murmullo del agua del r\u00edo Girona resuena como c\u00e1nticos ancestrales, y la luz que se filtra entre las rocas crea efectos similares a los que producen los vitrales en los grandes templos g\u00f3ticos.<\/p>\n\n\n<div class=\"wp-block-image\">\n<figure class=\"aligncenter size-full\"><img loading=\"lazy\" decoding=\"async\" width=\"670\" height=\"300\" src=\"https:\/\/www.vacalia.com\/blog\/wp-content\/uploads\/2025\/04\/barranco-del-infierno.jpg\" alt=\"Barranco del Infierno en Alicante\" class=\"wp-image-7147\" srcset=\"https:\/\/www.vacalia.com\/blog\/wp-content\/uploads\/2025\/04\/barranco-del-infierno.jpg 670w, https:\/\/www.vacalia.com\/blog\/wp-content\/uploads\/2025\/04\/barranco-del-infierno-300x134.jpg 300w, https:\/\/www.vacalia.com\/blog\/wp-content\/uploads\/2025\/04\/barranco-del-infierno-370x166.jpg 370w\" sizes=\"(max-width: 767px) 100vw, 670px\" \/><figcaption class=\"wp-element-caption\">Barranco del Infierno en Alicante<\/figcaption><\/figure><\/div>\n\n\n<h2 class=\"wp-block-heading has-medium-font-size\"><strong>Una experiencia que transformar\u00e1 vuestra visi\u00f3n del senderismo<\/strong><\/h2>\n\n\n\n<p>Cuando complet\u00e9is los 14,5 kil\u00f3metros de esta ruta circular y regres\u00e9is a vuestro punto de partida en Fleix, comprender\u00e9is por qu\u00e9 el Barranco del Infierno ha merecido el t\u00edtulo de \u00abCatedral del Senderismo\u00bb. Habr\u00e9is vivido una experiencia que trasciende el simple ejercicio f\u00edsico para convertirse en un viaje a trav\u00e9s del tiempo, la cultura y los sentidos.<\/p>\n\n\n\n<p>Los m\u00e1s de 6.800 escalones habr\u00e1n dejado huella no solo en vuestras piernas cansadas, sino tambi\u00e9n en vuestra percepci\u00f3n de lo que significa realmente el senderismo como forma de conexi\u00f3n con el entorno natural y con la historia de un territorio. Os llevar\u00e9is de vuelta a casa no solo fotograf\u00edas de paisajes espectaculares, sino tambi\u00e9n la satisfacci\u00f3n de haber conquistado uno de los recorridos m\u00e1s emblem\u00e1ticos de la monta\u00f1a alicantina, una ruta exigente que os habr\u00e1 recompensado con creces a trav\u00e9s de sus innumerables tesoros naturales y culturales.<\/p>\n\n\n<div class=\"bannerBlog\"><div class=\"new-card-houses\">\n    <div class=\"likeOut likeDivOut\" style=\"display:none\">\n        <a data-id=\"3259\" class=\"likeOut_button_red likeBtnFav\"\n            aria-label=\"Megusta Vacalia\"><\/a>\n    <\/div>\n    <figure>\n        <img loading=\"lazy\" decoding=\"async\" \n            loading=\"lazy\" width=\"301\" height=\"200\"\n            src=\"\/\/media.vacalia.com\/photo\/reformatwebpfolder\/350\/200\/3259\/thumb-middle\/3259_c04f4bc50d7feb05cd12832d2286b9b6.webp?v=21092023\"\n            alt=\"Casa lea - Alquiler vacacional en Alcalal\u00ed\"\/>\n                                                                        <div class=\"circleDiscount\">-2%<\/div>\n                        <\/figure>\n    <p itemprop=\"address\"><i class=\"ico-marker\"><\/i>Alcalal\u00ed, Alicante<\/p>\n    <h3 itemprop=\"name\">Casa lea<\/h3>\n    <ul class=\"icon_list inline_list\">\n                              <li class=\"ico-pool\" title=\"Piscina\">\n              <span itemprop=\"amenityFeature\">Piscina<\/span>\n            <\/li>\n                      <li class=\"ico-airConditioning\" title=\"Aire Acondicionado\">\n              <span itemprop=\"amenityFeature\">Aire Acondicionado<\/span>\n            <\/li>\n                      <li class=\"ico-wifi\" title=\"Wifi\">\n              <span itemprop=\"amenityFeature\">Wifi<\/span>\n            <\/li>\n                      <li class=\"ico-pets\" title=\"Mascotas\">\n              <span itemprop=\"amenityFeature\">Mascotas<\/span>\n            <\/li>\n                          <li class=\"ico-guests\" title=\"Para 5 hu\u00e9spedes en Alcalal\u00ed.\">\n          <span itemprop=\"occupancy\">5<\/span>\n        <\/li>\n    <\/ul>\n            <span class=\"price\">Desde 209\u20ac \/ noche<\/span>\n                <a itemprop=\"url\" class=\"anchor\" href=\"https:\/\/www.vacalia.com\/es\/villa-casa-lea-alcalali-h23050\" aria-label=\"Casa lea\"><\/a>\n<\/div><div class=\"new-card-houses\">\n    <div class=\"likeOut likeDivOut\" style=\"display:none\">\n        <a data-id=\"2837\" class=\"likeOut_button_red likeBtnFav\"\n            aria-label=\"Megusta Vacalia\"><\/a>\n    <\/div>\n    <figure>\n        <img loading=\"lazy\" decoding=\"async\" \n            loading=\"lazy\" width=\"301\" height=\"200\"\n            src=\"\/\/media.vacalia.com\/photo\/reformatwebpfolder\/350\/200\/2837\/thumb-middle\/2837_a5029b586275288353e119c208bf09d4.webp?v=21092023\"\n            alt=\"Gladiolo - Alquiler vacacional en X\u00e0bia\/J\u00e1vea\"\/>\n                                                                        <div class=\"circleDiscount\">-11%<\/div>\n                        <\/figure>\n    <p itemprop=\"address\"><i class=\"ico-marker\"><\/i>X\u00e0bia\/J\u00e1vea, Alicante<\/p>\n    <h3 itemprop=\"name\">Gladiolo<\/h3>\n    <ul class=\"icon_list inline_list\">\n                              <li class=\"ico-pool\" title=\"Piscina\">\n              <span itemprop=\"amenityFeature\">Piscina<\/span>\n            <\/li>\n                      <li class=\"ico-airConditioning\" title=\"Aire Acondicionado\">\n              <span itemprop=\"amenityFeature\">Aire Acondicionado<\/span>\n            <\/li>\n                      <li class=\"ico-wifi\" title=\"Wifi\">\n              <span itemprop=\"amenityFeature\">Wifi<\/span>\n            <\/li>\n                          <li class=\"ico-guests\" title=\"Para 6 hu\u00e9spedes en X\u00e0bia\/j\u00e1vea.\">\n          <span itemprop=\"occupancy\">6<\/span>\n        <\/li>\n    <\/ul>\n            <span class=\"price\">Desde 101\u20ac \/ noche<\/span>\n                <a itemprop=\"url\" class=\"anchor\" href=\"https:\/\/www.vacalia.com\/es\/villa-gladiolo-xabia-javea-h19643\" aria-label=\"Gladiolo\"><\/a>\n<\/div><\/div>\n","protected":false},"excerpt":{"rendered":"<p>Cuando busqu\u00e9is aventuras inolvidables en tierras alicantinas, no podr\u00e9is dejar de visitar lo que muchos consideran la joya del senderismo valenciano. La Catedral del Senderismo, como se la conoce popularmente,&hellip;<\/p>\n","protected":false},"author":1,"featured_media":7147,"comment_status":"closed","ping_status":"open","sticky":false,"template":"","format":"standard","meta":{"_monsterinsights_skip_tracking":false,"_monsterinsights_sitenote_active":false,"_monsterinsights_sitenote_note":"","_monsterinsights_sitenote_category":0,"footnotes":""},"categories":[613,667,673,1,639],"tags":[],"class_list":["post-7143","post","type-post","status-publish","format-standard","has-post-thumbnail","hentry","category-alicante-es","category-que-hacer-en-alicante","category-que-ver-en-alicante","category-general-es","category-guias-de-alicante"],"_links":{"self":[{"href":"https:\/\/www.vacalia.com\/blog\/wp-json\/wp\/v2\/posts\/7143"}],"collection":[{"href":"https:\/\/www.vacalia.com\/blog\/wp-json\/wp\/v2\/posts"}],"about":[{"href":"https:\/\/www.vacalia.com\/blog\/wp-json\/wp\/v2\/types\/post"}],"author":[{"embeddable":true,"href":"https:\/\/www.vacalia.com\/blog\/wp-json\/wp\/v2\/users\/1"}],"replies":[{"embeddable":true,"href":"https:\/\/www.vacalia.com\/blog\/wp-json\/wp\/v2\/comments?post=7143"}],"version-history":[{"count":2,"href":"https:\/\/www.vacalia.com\/blog\/wp-json\/wp\/v2\/posts\/7143\/revisions"}],"predecessor-version":[{"id":7568,"href":"https:\/\/www.vacalia.com\/blog\/wp-json\/wp\/v2\/posts\/7143\/revisions\/7568"}],"wp:featuredmedia":[{"embeddable":true,"href":"https:\/\/www.vacalia.com\/blog\/wp-json\/wp\/v2\/media\/7147"}],"wp:attachment":[{"href":"https:\/\/www.vacalia.com\/blog\/wp-json\/wp\/v2\/media?parent=7143"}],"wp:term":[{"taxonomy":"category","embeddable":true,"href":"https:\/\/www.vacalia.com\/blog\/wp-json\/wp\/v2\/categories?post=7143"},{"taxonomy":"post_tag","embeddable":true,"href":"https:\/\/www.vacalia.com\/blog\/wp-json\/wp\/v2\/tags?post=7143"}],"curies":[{"name":"wp","href":"https:\/\/api.w.org\/{rel}","templated":true}]}}